{"id":265502,"date":"2025-06-25T10:13:10","date_gmt":"2025-06-25T08:13:10","guid":{"rendered":"https:\/\/welovecinema.be\/?p=265502"},"modified":"2025-06-25T10:13:10","modified_gmt":"2025-06-25T08:13:10","slug":"il-y-aura-un-fockers-4","status":"publish","type":"post","link":"https:\/\/welovecinema.be\/fr\/il-y-aura-un-fockers-4\/","title":{"rendered":"Il y aura un \u00ab\u00a0Fockers 4\u00a0\u00bb\u00a0!"},"content":{"rendered":"<p><strong>Cette suite marquera la <\/strong><strong>septi\u00e8me collaboration entre Owen Wislon et Ben Stiller, qui n\u2019avaient plus crois\u00e9 le fer depuis <em>Zoolander 2<\/em> en 2016. On retrouvera aussi <\/strong><strong>Robert De Niro<\/strong><strong> sous les traits de Jack Byrnes, tandis que la chanteuse Ariana Grande fera son arriv\u00e9e dans la saga et incarnera la fianc\u00e9e du fils de Greg et Pam. Sortie fin 2026\u2026<\/strong><\/p>\n<p>Leur alchimie \u00e0 l&rsquo;\u00e9cran est ind\u00e9niable. Leur collaboration la plus iconique reste sans doute la franchise <em>Zoolander<\/em>. Au-del\u00e0 de ce film, leur partenariat a prosp\u00e9r\u00e9 dans d&rsquo;autres films \u00e0 succ\u00e8s, comme, justement, <em>Mon beau-p\u00e8re et moi<\/em> (<em>Meet the Parents<\/em>, 2000) et ses suites <em>Mon beau-p\u00e8re, mes parents et moi <\/em>(<em>Meet the Fockers<\/em>, 2004) et <em>Mon beau-p\u00e8re et nous<\/em> (<em>Little Fockers,<\/em> 2010): Owen Wilson y incarne Kevin Rawley, l&rsquo;ex-petit ami parfait de Pam (Teri Polo), le grand rival de Greg Focker (Ben Stiller).<\/p>\n<p>Et on les a aussi crois\u00e9s dans <em>Une nuit au mus\u00e9e<\/em> (<em>Night at the Museum<\/em>, 2006) et ses suites. Bien qu&rsquo;ils n&rsquo;aient pas de nombreuses sc\u00e8nes en face \u00e0 face, Stiller, en tant que gardien de mus\u00e9e Larry Daley, et Wilson, en tant que minuscule cowboy Jedediah (souvent aux c\u00f4t\u00e9s de Steve Coogan dans le r\u00f4le d&rsquo;Octavius), contribuent chacun \u00e0 cette trilogie familiale. Et on les avait aussi vus dans <em>Starsky et Hutch<\/em> (2004).<\/p>\n<p>On ne connait pas encore les d\u00e9tails de l\u2019intrigue de ce <em>Fockers 4<\/em>, si ce n\u2019est qu\u2019il sortira en hiver 2026. Mais on vous tient au courant pour la suite\u2026<\/p>\n<p>&nbsp;<\/p>\n","protected":false},"excerpt":{"rendered":"<p>Cette suite marquera la septi\u00e8me collaboration entre Owen Wislon et Ben Stiller, qui n\u2019avaient plus crois\u00e9 le fer depuis Zoolander 2 en 2016. On retrouvera aussi Robert De Niro sous les traits de Jack Byrnes, tandis que la chanteuse Ariana Grande fera son arriv\u00e9e dans la saga et incarnera la fianc\u00e9e du fils de Greg &hellip;<\/p>\n","protected":false},"author":358,"featured_media":265470,"comment_status":"closed","ping_status":"closed","sticky":false,"template":"","format":"standard","meta":{"ngg_post_thumbnail":0,"footnotes":""},"categories":[7135,7],"tags":[],"class_list":["post-265502","post","type-post","status-publish","format-standard","has-post-thumbnail","","category-we-love-worldwide","category-actualites"],"yoast_head":"<!-- This site is optimized with the Yoast SEO plugin v20.4 - https:\/\/yoast.com\/wordpress\/plugins\/seo\/ -->\n<title>Il y aura un \u00ab\u00a0Fockers 4\u00a0\u00bb\u00a0! - We Love Cinema<\/title>\n<meta name=\"robots\" content=\"index, follow, max-snippet:-1, max-image-preview:large, max-video-preview:-1\" \/>\n<link rel=\"canonical\" href=\"https:\/\/welovecinema.be\/fr\/il-y-aura-un-fockers-4\/\" \/>\n<meta property=\"og:locale\" content=\"fr_FR\" \/>\n<meta property=\"og:type\" content=\"article\" \/>\n<meta property=\"og:title\" content=\"Il y aura un \u00ab\u00a0Fockers 4\u00a0\u00bb\u00a0! - We Love Cinema\" \/>\n<meta property=\"og:description\" content=\"Cette suite marquera la septi\u00e8me collaboration entre Owen Wislon et Ben Stiller, qui n\u2019avaient plus crois\u00e9 le fer depuis Zoolander 2 en 2016. On retrouvera aussi Robert De Niro sous les traits de Jack Byrnes, tandis que la chanteuse Ariana Grande fera son arriv\u00e9e dans la saga et incarnera la fianc\u00e9e du fils de Greg &hellip;\" \/>\n<meta property=\"og:url\" content=\"https:\/\/welovecinema.be\/fr\/il-y-aura-un-fockers-4\/\" \/>\n<meta property=\"og:site_name\" content=\"We Love Cinema\" \/>\n<meta property=\"article:publisher\" content=\"https:\/\/www.facebook.com\/welovecinema.be\" \/>\n<meta property=\"article:published_time\" content=\"2025-06-25T08:13:10+00:00\" \/>\n<meta property=\"og:image\" content=\"https:\/\/welovecinema.be\/wp-content\/uploads\/sites\/2\/2025\/06\/fockers-4.jpg\" \/>\n\t<meta property=\"og:image:width\" content=\"854\" \/>\n\t<meta property=\"og:image:height\" content=\"480\" \/>\n\t<meta property=\"og:image:type\" content=\"image\/jpeg\" \/>\n<meta name=\"author\" content=\"fred\" \/>\n<meta name=\"twitter:card\" content=\"summary_large_image\" \/>\n<meta name=\"twitter:label1\" content=\"\u00c9crit par\" \/>\n\t<meta name=\"twitter:data1\" content=\"fred\" \/>\n\t<meta name=\"twitter:label2\" content=\"Dur\u00e9e de lecture estim\u00e9e\" \/>\n\t<meta name=\"twitter:data2\" content=\"2 minutes\" \/>\n<script type=\"application\/ld+json\" class=\"yoast-schema-graph\">{\"@context\":\"https:\/\/schema.org\",\"@graph\":[{\"@type\":\"Article\",\"@id\":\"https:\/\/welovecinema.be\/fr\/il-y-aura-un-fockers-4\/#article\",\"isPartOf\":{\"@id\":\"https:\/\/welovecinema.be\/fr\/il-y-aura-un-fockers-4\/\"},\"author\":{\"name\":\"fred\",\"@id\":\"https:\/\/welovecinema.be\/nl\/#\/schema\/person\/7620619142b6dd3c9aa19e9210ad5bd5\"},\"headline\":\"Il y aura un \u00ab\u00a0Fockers 4\u00a0\u00bb\u00a0!\",\"datePublished\":\"2025-06-25T08:13:10+00:00\",\"dateModified\":\"2025-06-25T08:13:10+00:00\",\"mainEntityOfPage\":{\"@id\":\"https:\/\/welovecinema.be\/fr\/il-y-aura-un-fockers-4\/\"},\"wordCount\":265,\"publisher\":{\"@id\":\"https:\/\/welovecinema.be\/nl\/#organization\"},\"articleSection\":[\"\u00a0We Love Worldwide Cinema\",\"News\"],\"inLanguage\":\"fr-FR\"},{\"@type\":\"WebPage\",\"@id\":\"https:\/\/welovecinema.be\/fr\/il-y-aura-un-fockers-4\/\",\"url\":\"https:\/\/welovecinema.be\/fr\/il-y-aura-un-fockers-4\/\",\"name\":\"Il y aura un \u00ab\u00a0Fockers 4\u00a0\u00bb\u00a0! - We Love Cinema\",\"isPartOf\":{\"@id\":\"https:\/\/welovecinema.be\/nl\/#website\"},\"datePublished\":\"2025-06-25T08:13:10+00:00\",\"dateModified\":\"2025-06-25T08:13:10+00:00\",\"breadcrumb\":{\"@id\":\"https:\/\/welovecinema.be\/fr\/il-y-aura-un-fockers-4\/#breadcrumb\"},\"inLanguage\":\"fr-FR\",\"potentialAction\":[{\"@type\":\"ReadAction\",\"target\":[\"https:\/\/welovecinema.be\/fr\/il-y-aura-un-fockers-4\/\"]}]},{\"@type\":\"BreadcrumbList\",\"@id\":\"https:\/\/welovecinema.be\/fr\/il-y-aura-un-fockers-4\/#breadcrumb\",\"itemListElement\":[{\"@type\":\"ListItem\",\"position\":1,\"name\":\"Accueil\",\"item\":\"https:\/\/welovecinema.be\/fr\/\"},{\"@type\":\"ListItem\",\"position\":2,\"name\":\"Il y aura un \u00ab\u00a0Fockers 4\u00a0\u00bb\u00a0!\"}]},{\"@type\":\"WebSite\",\"@id\":\"https:\/\/welovecinema.be\/nl\/#website\",\"url\":\"https:\/\/welovecinema.be\/nl\/\",\"name\":\"We Love Cinema\",\"description\":\"Toute l\u2019information du cin\u00e9ma en Belgique\",\"publisher\":{\"@id\":\"https:\/\/welovecinema.be\/nl\/#organization\"},\"potentialAction\":[{\"@type\":\"SearchAction\",\"target\":{\"@type\":\"EntryPoint\",\"urlTemplate\":\"https:\/\/welovecinema.be\/nl\/?s={search_term_string}\"},\"query-input\":\"required name=search_term_string\"}],\"inLanguage\":\"fr-FR\"},{\"@type\":\"Organization\",\"@id\":\"https:\/\/welovecinema.be\/nl\/#organization\",\"name\":\"We Love Cinema\",\"url\":\"https:\/\/welovecinema.be\/nl\/\",\"logo\":{\"@type\":\"ImageObject\",\"inLanguage\":\"fr-FR\",\"@id\":\"https:\/\/welovecinema.be\/nl\/#\/schema\/logo\/image\/\",\"url\":\"https:\/\/welovecinema.be\/wp-content\/uploads\/sites\/2\/2023\/03\/Logo-We-Love-Cinema305x128.jpg\",\"contentUrl\":\"https:\/\/welovecinema.be\/wp-content\/uploads\/sites\/2\/2023\/03\/Logo-We-Love-Cinema305x128.jpg\",\"width\":305,\"height\":128,\"caption\":\"We Love Cinema\"},\"image\":{\"@id\":\"https:\/\/welovecinema.be\/nl\/#\/schema\/logo\/image\/\"},\"sameAs\":[\"https:\/\/www.facebook.com\/welovecinema.be\",\"https:\/\/www.youtube.com\/channel\/UCX5LYGVhnKvYauW4Nta4HJA\",\"https:\/\/www.instagram.com\/welovecinema.be\/\"]},{\"@type\":\"Person\",\"@id\":\"https:\/\/welovecinema.be\/nl\/#\/schema\/person\/7620619142b6dd3c9aa19e9210ad5bd5\",\"name\":\"fred\",\"url\":\"https:\/\/welovecinema.be\/fr\/author\/fred\/\"}]}<\/script>\n<!-- \/ Yoast SEO plugin. -->","yoast_head_json":{"title":"Il y aura un \u00ab\u00a0Fockers 4\u00a0\u00bb\u00a0! - We Love Cinema","robots":{"index":"index","follow":"follow","max-snippet":"max-snippet:-1","max-image-preview":"max-image-preview:large","max-video-preview":"max-video-preview:-1"},"canonical":"https:\/\/welovecinema.be\/fr\/il-y-aura-un-fockers-4\/","og_locale":"fr_FR","og_type":"article","og_title":"Il y aura un \u00ab\u00a0Fockers 4\u00a0\u00bb\u00a0! - We Love Cinema","og_description":"Cette suite marquera la septi\u00e8me collaboration entre Owen Wislon et Ben Stiller, qui n\u2019avaient plus crois\u00e9 le fer depuis Zoolander 2 en 2016. On retrouvera aussi Robert De Niro sous les traits de Jack Byrnes, tandis que la chanteuse Ariana Grande fera son arriv\u00e9e dans la saga et incarnera la fianc\u00e9e du fils de Greg &hellip;","og_url":"https:\/\/welovecinema.be\/fr\/il-y-aura-un-fockers-4\/","og_site_name":"We Love Cinema","article_publisher":"https:\/\/www.facebook.com\/welovecinema.be","article_published_time":"2025-06-25T08:13:10+00:00","og_image":[{"width":854,"height":480,"url":"https:\/\/welovecinema.be\/wp-content\/uploads\/sites\/2\/2025\/06\/fockers-4.jpg","type":"image\/jpeg"}],"author":"fred","twitter_card":"summary_large_image","twitter_misc":{"\u00c9crit par":"fred","Dur\u00e9e de lecture estim\u00e9e":"2 minutes"},"schema":{"@context":"https:\/\/schema.org","@graph":[{"@type":"Article","@id":"https:\/\/welovecinema.be\/fr\/il-y-aura-un-fockers-4\/#article","isPartOf":{"@id":"https:\/\/welovecinema.be\/fr\/il-y-aura-un-fockers-4\/"},"author":{"name":"fred","@id":"https:\/\/welovecinema.be\/nl\/#\/schema\/person\/7620619142b6dd3c9aa19e9210ad5bd5"},"headline":"Il y aura un \u00ab\u00a0Fockers 4\u00a0\u00bb\u00a0!","datePublished":"2025-06-25T08:13:10+00:00","dateModified":"2025-06-25T08:13:10+00:00","mainEntityOfPage":{"@id":"https:\/\/welovecinema.be\/fr\/il-y-aura-un-fockers-4\/"},"wordCount":265,"publisher":{"@id":"https:\/\/welovecinema.be\/nl\/#organization"},"articleSection":["\u00a0We Love Worldwide Cinema","News"],"inLanguage":"fr-FR"},{"@type":"WebPage","@id":"https:\/\/welovecinema.be\/fr\/il-y-aura-un-fockers-4\/","url":"https:\/\/welovecinema.be\/fr\/il-y-aura-un-fockers-4\/","name":"Il y aura un \u00ab\u00a0Fockers 4\u00a0\u00bb\u00a0! - We Love Cinema","isPartOf":{"@id":"https:\/\/welovecinema.be\/nl\/#website"},"datePublished":"2025-06-25T08:13:10+00:00","dateModified":"2025-06-25T08:13:10+00:00","breadcrumb":{"@id":"https:\/\/welovecinema.be\/fr\/il-y-aura-un-fockers-4\/#breadcrumb"},"inLanguage":"fr-FR","potentialAction":[{"@type":"ReadAction","target":["https:\/\/welovecinema.be\/fr\/il-y-aura-un-fockers-4\/"]}]},{"@type":"BreadcrumbList","@id":"https:\/\/welovecinema.be\/fr\/il-y-aura-un-fockers-4\/#breadcrumb","itemListElement":[{"@type":"ListItem","position":1,"name":"Accueil","item":"https:\/\/welovecinema.be\/fr\/"},{"@type":"ListItem","position":2,"name":"Il y aura un \u00ab\u00a0Fockers 4\u00a0\u00bb\u00a0!"}]},{"@type":"WebSite","@id":"https:\/\/welovecinema.be\/nl\/#website","url":"https:\/\/welovecinema.be\/nl\/","name":"We Love Cinema","description":"Toute l\u2019information du cin\u00e9ma en Belgique","publisher":{"@id":"https:\/\/welovecinema.be\/nl\/#organization"},"potentialAction":[{"@type":"SearchAction","target":{"@type":"EntryPoint","urlTemplate":"https:\/\/welovecinema.be\/nl\/?s={search_term_string}"},"query-input":"required name=search_term_string"}],"inLanguage":"fr-FR"},{"@type":"Organization","@id":"https:\/\/welovecinema.be\/nl\/#organization","name":"We Love Cinema","url":"https:\/\/welovecinema.be\/nl\/","logo":{"@type":"ImageObject","inLanguage":"fr-FR","@id":"https:\/\/welovecinema.be\/nl\/#\/schema\/logo\/image\/","url":"https:\/\/welovecinema.be\/wp-content\/uploads\/sites\/2\/2023\/03\/Logo-We-Love-Cinema305x128.jpg","contentUrl":"https:\/\/welovecinema.be\/wp-content\/uploads\/sites\/2\/2023\/03\/Logo-We-Love-Cinema305x128.jpg","width":305,"height":128,"caption":"We Love Cinema"},"image":{"@id":"https:\/\/welovecinema.be\/nl\/#\/schema\/logo\/image\/"},"sameAs":["https:\/\/www.facebook.com\/welovecinema.be","https:\/\/www.youtube.com\/channel\/UCX5LYGVhnKvYauW4Nta4HJA","https:\/\/www.instagram.com\/welovecinema.be\/"]},{"@type":"Person","@id":"https:\/\/welovecinema.be\/nl\/#\/schema\/person\/7620619142b6dd3c9aa19e9210ad5bd5","name":"fred","url":"https:\/\/welovecinema.be\/fr\/author\/fred\/"}]}},"_links":{"self":[{"href":"https:\/\/welovecinema.be\/fr\/wp-json\/wp\/v2\/posts\/265502","targetHints":{"allow":["GET"]}}],"collection":[{"href":"https:\/\/welovecinema.be\/fr\/wp-json\/wp\/v2\/posts"}],"about":[{"href":"https:\/\/welovecinema.be\/fr\/wp-json\/wp\/v2\/types\/post"}],"author":[{"embeddable":true,"href":"https:\/\/welovecinema.be\/fr\/wp-json\/wp\/v2\/users\/358"}],"replies":[{"embeddable":true,"href":"https:\/\/welovecinema.be\/fr\/wp-json\/wp\/v2\/comments?post=265502"}],"version-history":[{"count":1,"href":"https:\/\/welovecinema.be\/fr\/wp-json\/wp\/v2\/posts\/265502\/revisions"}],"predecessor-version":[{"id":265503,"href":"https:\/\/welovecinema.be\/fr\/wp-json\/wp\/v2\/posts\/265502\/revisions\/265503"}],"wp:featuredmedia":[{"embeddable":true,"href":"https:\/\/welovecinema.be\/fr\/wp-json\/wp\/v2\/media\/265470"}],"wp:attachment":[{"href":"https:\/\/welovecinema.be\/fr\/wp-json\/wp\/v2\/media?parent=265502"}],"wp:term":[{"taxonomy":"category","embeddable":true,"href":"https:\/\/welovecinema.be\/fr\/wp-json\/wp\/v2\/categories?post=265502"},{"taxonomy":"post_tag","embeddable":true,"href":"https:\/\/welovecinema.be\/fr\/wp-json\/wp\/v2\/tags?post=265502"}],"curies":[{"name":"wp","href":"https:\/\/api.w.org\/{rel}","templated":true}]}}