{"id":265415,"date":"2025-06-21T13:45:17","date_gmt":"2025-06-21T11:45:17","guid":{"rendered":"https:\/\/welovecinema.be\/?p=265415"},"modified":"2025-06-23T11:17:01","modified_gmt":"2025-06-23T09:17:01","slug":"rano-au-fil-de-leau","status":"publish","type":"post","link":"https:\/\/welovecinema.be\/fr\/rano-au-fil-de-leau\/","title":{"rendered":"\u00ab\u00a0Rano\u00a0\u00bb, au fil de l&rsquo;eau"},"content":{"rendered":"<p class=\"p1\"><b>Ce dimanche soir sera pr\u00e9sent\u00e9 en avant-premi\u00e8re mondiale au BRIFF le nouveau film de Val\u00e9ry Rosier, <\/b><b><i>Rano<\/i><\/b><b>, co-r\u00e9alis\u00e9 avec Farellia Tahina Venance.<\/b><\/p>\n<p class=\"p1\">Val\u00e9ry Rosier s&rsquo;est fait conna\u00eetre avec ses courts et longs m\u00e9trages qui exploraient aussi bien la fiction que le documentaire, ancr\u00e9s dans un r\u00e9el faisant fonction de matrice cr\u00e9ative. Avec Rano, il renoue avec cette d\u00e9marche, qu&rsquo;il enrichit d&rsquo;une approche sensorielle. A Madagascar, on croit aux sir\u00e8nes, et aux esprits de l\u2019eau. Macha approche de la trentaine, elle charrie avec elle un chagrin persistant, qu&rsquo;elle a emmen\u00e9 dans ses valises pour Madagascar, o\u00f9 elle a rejoint sa m\u00e8re, donnant de loin en loin des nouvelles \u00e0 son compagnon rest\u00e9 en Belgique. On la sent dans l\u2019attente, sans vraiment savoir quel est son horizon. Le jour, elle accompagne des touristes en qu\u00eate de requins baleines. Le soir, elle s\u2019oublie dans la nuit malgache. Macha porte un deuil, celui d\u2019un enfant mort-n\u00e9, absence b\u00e9ante dans sa vie. De l\u2019autre c\u00f4t\u00e9 de l\u2019\u00eele, Franco quitte son foyer, \u00e0 la recherche de son p\u00e8re qu\u2019il n\u2019a jamais connu, alors que sa m\u00e8re a disparu. Tous deux convergent sans le savoir, leurs trajectoires concentriques finissant par se croiser, l\u2019eau cr\u00e9ant un espace de rencontre privil\u00e9gi\u00e9. C\u2019est une v\u00e9ritable qu\u00eate spirituelle qui s\u2019ouvre \u00e0 eux, plonger dans les profondeurs de l\u2019oc\u00e9an figure une autre exploration, plus int\u00e9rieure, aux tr\u00e9fonds de leur histoire et de leur traumas.<\/p>\n<p><img loading=\"lazy\" decoding=\"async\" class=\"alignnone size-large wp-image-265418\" src=\"https:\/\/welovecinema.be\/wp-content\/uploads\/sites\/2\/2025\/06\/Rano_Franco_\u00a9Boonjing-800x336.jpg\" alt=\"\" width=\"618\" height=\"260\" srcset=\"https:\/\/welovecinema.be\/wp-content\/uploads\/sites\/2\/2025\/06\/Rano_Franco_\u00a9Boonjing-800x336.jpg 800w, https:\/\/welovecinema.be\/wp-content\/uploads\/sites\/2\/2025\/06\/Rano_Franco_\u00a9Boonjing-480x202.jpg 480w, https:\/\/welovecinema.be\/wp-content\/uploads\/sites\/2\/2025\/06\/Rano_Franco_\u00a9Boonjing-768x323.jpg 768w, https:\/\/welovecinema.be\/wp-content\/uploads\/sites\/2\/2025\/06\/Rano_Franco_\u00a9Boonjing-1536x646.jpg 1536w, https:\/\/welovecinema.be\/wp-content\/uploads\/sites\/2\/2025\/06\/Rano_Franco_\u00a9Boonjing-2048x861.jpg 2048w\" sizes=\"auto, (max-width: 618px) 100vw, 618px\" \/><\/p>\n<p class=\"p1\">\u00ab Rano \u00bb signifie eau en malgache. C&rsquo;est \u00e0 son contact que Macha et Franco s&rsquo;ouvrent au monde des esprits. Pour l\u2019une comme pour l\u2019autre, le deuil est une \u00e9preuve, parcourue d\u2019\u00e9tapes, mais qui surtout, n\u00e9cessite de reconna\u00eetre la souffrance, de nommer l\u2019absent. C\u2019est un double voyage spirituel et personnel qui prend la forme d\u2019une aventure, il en a l\u2019ampleur et le souffle. Immerg\u00e9, et m\u00eame submerg\u00e9 par l&rsquo;exp\u00e9rience sensorielle, berc\u00e9 ou secou\u00e9 par le bruit de l\u2019eau, omnipr\u00e9sente dans le plan, on accompagne les protagonistes dans leur parcours qui se r\u00e9v\u00e8lera initiatique. Macha est interpr\u00e9t\u00e9e par la jeune com\u00e9dienne belge Mara Taquin, vue r\u00e9cemment dans <i>La Petite <\/i>de Guillaume Nicloux, <i>Rien \u00e0 foutre<\/i> d\u2019Emmanuel et Julie Lecoustre, ou <i>La Ruche<\/i> de Christophe Hermans, et qui est par ailleurs l\u2019h\u00e9ro\u00efne de A<i>u bord du monde<\/i> de Gu\u00e9rin Van de Vorst et Sophie Muselle, \u00e9galement s\u00e9lectionn\u00e9 en Comp\u00e9tition Nationale au BRIFF. Face \u00e0 elle, un casting compos\u00e9 de com\u00e9diens non-professionnels, dont le tr\u00e8s convaincant Francodris Mananjara dans le r\u00f4le de Franco.<\/p>\n<p>A ne pas rater ce dimanche au BRIFF.<\/p>\n<p class=\"p1\">&nbsp;<\/p>\n","protected":false},"excerpt":{"rendered":"<p>Ce dimanche soir sera pr\u00e9sent\u00e9 en avant-premi\u00e8re mondiale au BRIFF le nouveau film de Val\u00e9ry Rosier, Rano, co-r\u00e9alis\u00e9 avec Farellia Tahina Venance. Val\u00e9ry Rosier s&rsquo;est fait conna\u00eetre avec ses courts et longs m\u00e9trages qui exploraient aussi bien la fiction que le documentaire, ancr\u00e9s dans un r\u00e9el faisant fonction de matrice cr\u00e9ative. Avec Rano, il renoue &hellip;<\/p>\n","protected":false},"author":343,"featured_media":265434,"comment_status":"closed","ping_status":"closed","sticky":false,"template":"","format":"standard","meta":{"ngg_post_thumbnail":0,"footnotes":""},"categories":[7134,10,53,12],"tags":[],"class_list":["post-265415","post","type-post","status-publish","format-standard","has-post-thumbnail","","category-we-love-belgian-cinema","category-a-l-affiche","category-coming-soon","category-awards"],"yoast_head":"<!-- This site is optimized with the Yoast SEO plugin v20.4 - https:\/\/yoast.com\/wordpress\/plugins\/seo\/ -->\n<title>&quot;Rano&quot;, au fil de l&#039;eau - We Love Cinema<\/title>\n<meta name=\"robots\" content=\"index, follow, max-snippet:-1, max-image-preview:large, max-video-preview:-1\" \/>\n<link rel=\"canonical\" href=\"https:\/\/welovecinema.be\/fr\/rano-au-fil-de-leau\/\" \/>\n<meta property=\"og:locale\" content=\"fr_FR\" \/>\n<meta property=\"og:type\" content=\"article\" \/>\n<meta property=\"og:title\" content=\"&quot;Rano&quot;, au fil de l&#039;eau - We Love Cinema\" \/>\n<meta property=\"og:description\" content=\"Ce dimanche soir sera pr\u00e9sent\u00e9 en avant-premi\u00e8re mondiale au BRIFF le nouveau film de Val\u00e9ry Rosier, Rano, co-r\u00e9alis\u00e9 avec Farellia Tahina Venance. Val\u00e9ry Rosier s&rsquo;est fait conna\u00eetre avec ses courts et longs m\u00e9trages qui exploraient aussi bien la fiction que le documentaire, ancr\u00e9s dans un r\u00e9el faisant fonction de matrice cr\u00e9ative. Avec Rano, il renoue &hellip;\" \/>\n<meta property=\"og:url\" content=\"https:\/\/welovecinema.be\/fr\/rano-au-fil-de-leau\/\" \/>\n<meta property=\"og:site_name\" content=\"We Love Cinema\" \/>\n<meta property=\"article:publisher\" content=\"https:\/\/www.facebook.com\/welovecinema.be\" \/>\n<meta property=\"article:published_time\" content=\"2025-06-21T11:45:17+00:00\" \/>\n<meta property=\"article:modified_time\" content=\"2025-06-23T09:17:01+00:00\" \/>\n<meta property=\"og:image\" content=\"https:\/\/welovecinema.be\/wp-content\/uploads\/sites\/2\/2025\/06\/aoazoeaoz.png\" \/>\n\t<meta property=\"og:image:width\" content=\"1230\" \/>\n\t<meta property=\"og:image:height\" content=\"520\" \/>\n\t<meta property=\"og:image:type\" content=\"image\/png\" \/>\n<meta name=\"author\" content=\"Aurore Engelen\" \/>\n<meta name=\"twitter:card\" content=\"summary_large_image\" \/>\n<meta name=\"twitter:label1\" content=\"\u00c9crit par\" \/>\n\t<meta name=\"twitter:data1\" content=\"Aurore Engelen\" \/>\n\t<meta name=\"twitter:label2\" content=\"Dur\u00e9e de lecture estim\u00e9e\" \/>\n\t<meta name=\"twitter:data2\" content=\"3 minutes\" \/>\n<script type=\"application\/ld+json\" class=\"yoast-schema-graph\">{\"@context\":\"https:\/\/schema.org\",\"@graph\":[{\"@type\":\"Article\",\"@id\":\"https:\/\/welovecinema.be\/fr\/rano-au-fil-de-leau\/#article\",\"isPartOf\":{\"@id\":\"https:\/\/welovecinema.be\/fr\/rano-au-fil-de-leau\/\"},\"author\":{\"name\":\"Aurore Engelen\",\"@id\":\"https:\/\/welovecinema.be\/nl\/#\/schema\/person\/8084b68c6b176142d073695c654dc7cf\"},\"headline\":\"\u00ab\u00a0Rano\u00a0\u00bb, au fil de l&rsquo;eau\",\"datePublished\":\"2025-06-21T11:45:17+00:00\",\"dateModified\":\"2025-06-23T09:17:01+00:00\",\"mainEntityOfPage\":{\"@id\":\"https:\/\/welovecinema.be\/fr\/rano-au-fil-de-leau\/\"},\"wordCount\":482,\"publisher\":{\"@id\":\"https:\/\/welovecinema.be\/nl\/#organization\"},\"articleSection\":[\"\u00a0We Love Belgian Cinema\",\"A l'affiche\",\"Coming soon\",\"Evenements\"],\"inLanguage\":\"fr-FR\"},{\"@type\":\"WebPage\",\"@id\":\"https:\/\/welovecinema.be\/fr\/rano-au-fil-de-leau\/\",\"url\":\"https:\/\/welovecinema.be\/fr\/rano-au-fil-de-leau\/\",\"name\":\"\\\"Rano\\\", au fil de l'eau - We Love Cinema\",\"isPartOf\":{\"@id\":\"https:\/\/welovecinema.be\/nl\/#website\"},\"datePublished\":\"2025-06-21T11:45:17+00:00\",\"dateModified\":\"2025-06-23T09:17:01+00:00\",\"breadcrumb\":{\"@id\":\"https:\/\/welovecinema.be\/fr\/rano-au-fil-de-leau\/#breadcrumb\"},\"inLanguage\":\"fr-FR\",\"potentialAction\":[{\"@type\":\"ReadAction\",\"target\":[\"https:\/\/welovecinema.be\/fr\/rano-au-fil-de-leau\/\"]}]},{\"@type\":\"BreadcrumbList\",\"@id\":\"https:\/\/welovecinema.be\/fr\/rano-au-fil-de-leau\/#breadcrumb\",\"itemListElement\":[{\"@type\":\"ListItem\",\"position\":1,\"name\":\"Accueil\",\"item\":\"https:\/\/welovecinema.be\/fr\/\"},{\"@type\":\"ListItem\",\"position\":2,\"name\":\"\u00ab\u00a0Rano\u00a0\u00bb, au fil de l&rsquo;eau\"}]},{\"@type\":\"WebSite\",\"@id\":\"https:\/\/welovecinema.be\/nl\/#website\",\"url\":\"https:\/\/welovecinema.be\/nl\/\",\"name\":\"We Love Cinema\",\"description\":\"Toute l\u2019information du cin\u00e9ma en Belgique\",\"publisher\":{\"@id\":\"https:\/\/welovecinema.be\/nl\/#organization\"},\"potentialAction\":[{\"@type\":\"SearchAction\",\"target\":{\"@type\":\"EntryPoint\",\"urlTemplate\":\"https:\/\/welovecinema.be\/nl\/?s={search_term_string}\"},\"query-input\":\"required name=search_term_string\"}],\"inLanguage\":\"fr-FR\"},{\"@type\":\"Organization\",\"@id\":\"https:\/\/welovecinema.be\/nl\/#organization\",\"name\":\"We Love Cinema\",\"url\":\"https:\/\/welovecinema.be\/nl\/\",\"logo\":{\"@type\":\"ImageObject\",\"inLanguage\":\"fr-FR\",\"@id\":\"https:\/\/welovecinema.be\/nl\/#\/schema\/logo\/image\/\",\"url\":\"https:\/\/welovecinema.be\/wp-content\/uploads\/sites\/2\/2023\/03\/Logo-We-Love-Cinema305x128.jpg\",\"contentUrl\":\"https:\/\/welovecinema.be\/wp-content\/uploads\/sites\/2\/2023\/03\/Logo-We-Love-Cinema305x128.jpg\",\"width\":305,\"height\":128,\"caption\":\"We Love Cinema\"},\"image\":{\"@id\":\"https:\/\/welovecinema.be\/nl\/#\/schema\/logo\/image\/\"},\"sameAs\":[\"https:\/\/www.facebook.com\/welovecinema.be\",\"https:\/\/www.youtube.com\/channel\/UCX5LYGVhnKvYauW4Nta4HJA\",\"https:\/\/www.instagram.com\/welovecinema.be\/\"]},{\"@type\":\"Person\",\"@id\":\"https:\/\/welovecinema.be\/nl\/#\/schema\/person\/8084b68c6b176142d073695c654dc7cf\",\"name\":\"Aurore Engelen\",\"url\":\"https:\/\/welovecinema.be\/fr\/author\/aurore-engelen\/\"}]}<\/script>\n<!-- \/ Yoast SEO plugin. -->","yoast_head_json":{"title":"\"Rano\", au fil de l'eau - We Love Cinema","robots":{"index":"index","follow":"follow","max-snippet":"max-snippet:-1","max-image-preview":"max-image-preview:large","max-video-preview":"max-video-preview:-1"},"canonical":"https:\/\/welovecinema.be\/fr\/rano-au-fil-de-leau\/","og_locale":"fr_FR","og_type":"article","og_title":"\"Rano\", au fil de l'eau - We Love Cinema","og_description":"Ce dimanche soir sera pr\u00e9sent\u00e9 en avant-premi\u00e8re mondiale au BRIFF le nouveau film de Val\u00e9ry Rosier, Rano, co-r\u00e9alis\u00e9 avec Farellia Tahina Venance. Val\u00e9ry Rosier s&rsquo;est fait conna\u00eetre avec ses courts et longs m\u00e9trages qui exploraient aussi bien la fiction que le documentaire, ancr\u00e9s dans un r\u00e9el faisant fonction de matrice cr\u00e9ative. Avec Rano, il renoue &hellip;","og_url":"https:\/\/welovecinema.be\/fr\/rano-au-fil-de-leau\/","og_site_name":"We Love Cinema","article_publisher":"https:\/\/www.facebook.com\/welovecinema.be","article_published_time":"2025-06-21T11:45:17+00:00","article_modified_time":"2025-06-23T09:17:01+00:00","og_image":[{"width":1230,"height":520,"url":"https:\/\/welovecinema.be\/wp-content\/uploads\/sites\/2\/2025\/06\/aoazoeaoz.png","type":"image\/png"}],"author":"Aurore Engelen","twitter_card":"summary_large_image","twitter_misc":{"\u00c9crit par":"Aurore Engelen","Dur\u00e9e de lecture estim\u00e9e":"3 minutes"},"schema":{"@context":"https:\/\/schema.org","@graph":[{"@type":"Article","@id":"https:\/\/welovecinema.be\/fr\/rano-au-fil-de-leau\/#article","isPartOf":{"@id":"https:\/\/welovecinema.be\/fr\/rano-au-fil-de-leau\/"},"author":{"name":"Aurore Engelen","@id":"https:\/\/welovecinema.be\/nl\/#\/schema\/person\/8084b68c6b176142d073695c654dc7cf"},"headline":"\u00ab\u00a0Rano\u00a0\u00bb, au fil de l&rsquo;eau","datePublished":"2025-06-21T11:45:17+00:00","dateModified":"2025-06-23T09:17:01+00:00","mainEntityOfPage":{"@id":"https:\/\/welovecinema.be\/fr\/rano-au-fil-de-leau\/"},"wordCount":482,"publisher":{"@id":"https:\/\/welovecinema.be\/nl\/#organization"},"articleSection":["\u00a0We Love Belgian Cinema","A l'affiche","Coming soon","Evenements"],"inLanguage":"fr-FR"},{"@type":"WebPage","@id":"https:\/\/welovecinema.be\/fr\/rano-au-fil-de-leau\/","url":"https:\/\/welovecinema.be\/fr\/rano-au-fil-de-leau\/","name":"\"Rano\", au fil de l'eau - We Love Cinema","isPartOf":{"@id":"https:\/\/welovecinema.be\/nl\/#website"},"datePublished":"2025-06-21T11:45:17+00:00","dateModified":"2025-06-23T09:17:01+00:00","breadcrumb":{"@id":"https:\/\/welovecinema.be\/fr\/rano-au-fil-de-leau\/#breadcrumb"},"inLanguage":"fr-FR","potentialAction":[{"@type":"ReadAction","target":["https:\/\/welovecinema.be\/fr\/rano-au-fil-de-leau\/"]}]},{"@type":"BreadcrumbList","@id":"https:\/\/welovecinema.be\/fr\/rano-au-fil-de-leau\/#breadcrumb","itemListElement":[{"@type":"ListItem","position":1,"name":"Accueil","item":"https:\/\/welovecinema.be\/fr\/"},{"@type":"ListItem","position":2,"name":"\u00ab\u00a0Rano\u00a0\u00bb, au fil de l&rsquo;eau"}]},{"@type":"WebSite","@id":"https:\/\/welovecinema.be\/nl\/#website","url":"https:\/\/welovecinema.be\/nl\/","name":"We Love Cinema","description":"Toute l\u2019information du cin\u00e9ma en Belgique","publisher":{"@id":"https:\/\/welovecinema.be\/nl\/#organization"},"potentialAction":[{"@type":"SearchAction","target":{"@type":"EntryPoint","urlTemplate":"https:\/\/welovecinema.be\/nl\/?s={search_term_string}"},"query-input":"required name=search_term_string"}],"inLanguage":"fr-FR"},{"@type":"Organization","@id":"https:\/\/welovecinema.be\/nl\/#organization","name":"We Love Cinema","url":"https:\/\/welovecinema.be\/nl\/","logo":{"@type":"ImageObject","inLanguage":"fr-FR","@id":"https:\/\/welovecinema.be\/nl\/#\/schema\/logo\/image\/","url":"https:\/\/welovecinema.be\/wp-content\/uploads\/sites\/2\/2023\/03\/Logo-We-Love-Cinema305x128.jpg","contentUrl":"https:\/\/welovecinema.be\/wp-content\/uploads\/sites\/2\/2023\/03\/Logo-We-Love-Cinema305x128.jpg","width":305,"height":128,"caption":"We Love Cinema"},"image":{"@id":"https:\/\/welovecinema.be\/nl\/#\/schema\/logo\/image\/"},"sameAs":["https:\/\/www.facebook.com\/welovecinema.be","https:\/\/www.youtube.com\/channel\/UCX5LYGVhnKvYauW4Nta4HJA","https:\/\/www.instagram.com\/welovecinema.be\/"]},{"@type":"Person","@id":"https:\/\/welovecinema.be\/nl\/#\/schema\/person\/8084b68c6b176142d073695c654dc7cf","name":"Aurore Engelen","url":"https:\/\/welovecinema.be\/fr\/author\/aurore-engelen\/"}]}},"_links":{"self":[{"href":"https:\/\/welovecinema.be\/fr\/wp-json\/wp\/v2\/posts\/265415","targetHints":{"allow":["GET"]}}],"collection":[{"href":"https:\/\/welovecinema.be\/fr\/wp-json\/wp\/v2\/posts"}],"about":[{"href":"https:\/\/welovecinema.be\/fr\/wp-json\/wp\/v2\/types\/post"}],"author":[{"embeddable":true,"href":"https:\/\/welovecinema.be\/fr\/wp-json\/wp\/v2\/users\/343"}],"replies":[{"embeddable":true,"href":"https:\/\/welovecinema.be\/fr\/wp-json\/wp\/v2\/comments?post=265415"}],"version-history":[{"count":2,"href":"https:\/\/welovecinema.be\/fr\/wp-json\/wp\/v2\/posts\/265415\/revisions"}],"predecessor-version":[{"id":265436,"href":"https:\/\/welovecinema.be\/fr\/wp-json\/wp\/v2\/posts\/265415\/revisions\/265436"}],"wp:featuredmedia":[{"embeddable":true,"href":"https:\/\/welovecinema.be\/fr\/wp-json\/wp\/v2\/media\/265434"}],"wp:attachment":[{"href":"https:\/\/welovecinema.be\/fr\/wp-json\/wp\/v2\/media?parent=265415"}],"wp:term":[{"taxonomy":"category","embeddable":true,"href":"https:\/\/welovecinema.be\/fr\/wp-json\/wp\/v2\/categories?post=265415"},{"taxonomy":"post_tag","embeddable":true,"href":"https:\/\/welovecinema.be\/fr\/wp-json\/wp\/v2\/tags?post=265415"}],"curies":[{"name":"wp","href":"https:\/\/api.w.org\/{rel}","templated":true}]}}