{"id":265371,"date":"2025-06-19T15:51:07","date_gmt":"2025-06-19T13:51:07","guid":{"rendered":"https:\/\/welovecinema.be\/?p=265371"},"modified":"2025-06-21T13:46:15","modified_gmt":"2025-06-21T11:46:15","slug":"les-tourmentes-ou-le-cout-de-la-vie","status":"publish","type":"post","link":"https:\/\/welovecinema.be\/fr\/les-tourmentes-ou-le-cout-de-la-vie\/","title":{"rendered":"\u00ab\u00a0Les Tourment\u00e9s\u00a0\u00bb, ou le co\u00fbt de la vie"},"content":{"rendered":"<p><strong>Lucas Belvaux cin\u00e9aste adapte Lucas Belvaux romancier. Avec Les <em>Tourment\u00e9s<\/em>, il livre un film noir qui \u00e9chappe \u00e0 sa condition, et suit trois \u00e2mes ab\u00eem\u00e9es qui mesurent presque malgr\u00e9 elles le co\u00fbt d&rsquo;une vie.<\/strong><\/p>\n<p>Lucas Belvaux n&rsquo;est pas \u00e9tranger aux adaptations litt\u00e9raires, puisqu&rsquo;il a par le pass\u00e9 d\u00e9j\u00e0 adapt\u00e9 Didier Decoin pour <i>38 t\u00e9moins<\/i>, et Laurent Mauvignier pour<i> Des hommes.<\/i> Cette fois-ci cependant, il se pr\u00eate \u00e0 un exercice d&rsquo;adaptation bien particulier, puisque c&rsquo;est son propre roman, sorti en 2022, qu&rsquo;il transpose pour le grand \u00e9cran. Le film suit un trio inattendu: la chasseuse, le chass\u00e9, et l&rsquo;entremetteur. Un r\u00e9cit choral donc, qui d\u00e9marre dans l&rsquo;action d&rsquo;une partie de chasse annonc\u00e9e, pour bifurquer vers des questionnements int\u00e9rieurs presque m\u00e9taphysique sur le co\u00fbt &#8211; et le go\u00fbt &#8211; de la vie.<\/p>\n<p><img loading=\"lazy\" decoding=\"async\" class=\"alignnone size-large wp-image-265378\" src=\"https:\/\/welovecinema.be\/wp-content\/uploads\/sites\/2\/2025\/06\/15288-1-les-tourment-david-koskas-bizibi-800x533.jpeg\" alt=\"\" width=\"618\" height=\"412\" srcset=\"https:\/\/welovecinema.be\/wp-content\/uploads\/sites\/2\/2025\/06\/15288-1-les-tourment-david-koskas-bizibi-800x533.jpeg 800w, https:\/\/welovecinema.be\/wp-content\/uploads\/sites\/2\/2025\/06\/15288-1-les-tourment-david-koskas-bizibi-405x270.jpeg 405w, https:\/\/welovecinema.be\/wp-content\/uploads\/sites\/2\/2025\/06\/15288-1-les-tourment-david-koskas-bizibi-768x512.jpeg 768w, https:\/\/welovecinema.be\/wp-content\/uploads\/sites\/2\/2025\/06\/15288-1-les-tourment-david-koskas-bizibi-1536x1024.jpeg 1536w, https:\/\/welovecinema.be\/wp-content\/uploads\/sites\/2\/2025\/06\/15288-1-les-tourment-david-koskas-bizibi-2048x1365.jpeg 2048w\" sizes=\"auto, (max-width: 618px) 100vw, 618px\" \/><\/p>\n<p>Skender est un ancien l\u00e9gionnaire, ab\u00eem\u00e9 par des ann\u00e9es de mission o\u00f9 il a laiss\u00e9 un peu de son corps et beaucoup de son \u00e2me. Hant\u00e9 par les exactions pass\u00e9es, les morts sem\u00e9es sur sa trajectoire, il a coup\u00e9 les ponts avec la possibilit\u00e9 du bonheur. S\u00e9par\u00e9 de sa femme et de ses deux fils, il vit dans la rue, r\u00e9duit \u00e0 peu de choses. Quand sa route croise celle de Max, son ancien sergent, il est au plus bas. Max lui semble avoir fait table rase du pass\u00e9. Il travaille d\u00e9sormais au service de Madame, homme \u00e0 tout faire en g\u00e9n\u00e9ral, homme de main si n\u00e9cessaire, il prend soin du confort de Madame, et joue volontiers les interm\u00e9diaires. Madame est riche, Madame est blas\u00e9e, Madame aime la chasse, et Madame d&rsquo;ennuie: elle a d\u00e9j\u00e0 tout chasser. Ou presque. Par l&rsquo;entremise de Max, elle va passer un dr\u00f4le de pacte avec Skender: contre la promesse d&rsquo;une r\u00e9mun\u00e9ration cons\u00e9quente qui le mettra lui et sa prog\u00e9niture \u00e0 l&rsquo;abri pour toute la vie. Toute la vie, ou ce qui lui en restera, puisque ce que Madame propose \u00e0 Skender, c&rsquo;est de devenir le gibier de la seule chasse qu&rsquo;elle n&rsquo;a jamais pratiqu\u00e9e: la chasse \u00e0 l&rsquo;homme. Une partie de chasse potentiellement mortelle, dont Max sera charg\u00e9 de faire appliquer le r\u00e8glement d\u00e9cid\u00e9 d&rsquo;un commun accord \u00e0 la lettre. Mais la mission prend vite une autre tournure. Au gr\u00e9 du temps qui reste avant l&rsquo;ouverture de la chasse, les trois protagonistes sont amen\u00e9s \u00e0 r\u00e9fl\u00e9chir non seulement aux cons\u00e9quences, mais aussi aux raisons profondes de leurs actions. Finalement, est-ce que la peur garde en vie, ou emp\u00eache de vivre? Et d&rsquo;ailleurs, le vrai courage consiste-t-il \u00e0 braver la mort ou \u00e0 oser la vie?<\/p>\n<p><img loading=\"lazy\" decoding=\"async\" class=\"alignnone size-large wp-image-265372\" src=\"https:\/\/welovecinema.be\/wp-content\/uploads\/sites\/2\/2025\/06\/15298-12-les-tourment-bizibi-800x533.jpg\" alt=\"\" width=\"618\" height=\"412\" srcset=\"https:\/\/welovecinema.be\/wp-content\/uploads\/sites\/2\/2025\/06\/15298-12-les-tourment-bizibi-800x533.jpg 800w, https:\/\/welovecinema.be\/wp-content\/uploads\/sites\/2\/2025\/06\/15298-12-les-tourment-bizibi-405x270.jpg 405w, https:\/\/welovecinema.be\/wp-content\/uploads\/sites\/2\/2025\/06\/15298-12-les-tourment-bizibi-768x512.jpg 768w, https:\/\/welovecinema.be\/wp-content\/uploads\/sites\/2\/2025\/06\/15298-12-les-tourment-bizibi-1536x1024.jpg 1536w, https:\/\/welovecinema.be\/wp-content\/uploads\/sites\/2\/2025\/06\/15298-12-les-tourment-bizibi-2048x1365.jpg 2048w\" sizes=\"auto, (max-width: 618px) 100vw, 618px\" \/><\/p>\n<p>Par petites touches, le film revient sur le pass\u00e9 des trois protagonistes principaux, laissant entrevoir les traumas originels qui les ont men\u00e9s \u00e0 ce d\u00e9senchantement qui semble leur avoir fait perdre le go\u00fbt de la vie. L&rsquo;enjeu n&rsquo;est vite plus de conna\u00eetre l&rsquo;issue de la chasse, mais de se demander ce qui pourrait les dissuader d&rsquo;y prendre part. Alors que Max est pris dans un conflit de loyaut\u00e9, entre son ami et ancien camarade, et sa patronne qui est son dernier lien au monde, Skender renoue avec sa famille souhaitant la mettre \u00e0 l&rsquo;abri, comprenant ce qu&rsquo;il risque de leur faire perdre en voulant tout leur donner. Quant \u00e0 Madame, qui est \u00e0 l&rsquo;origine de toute cette histoire, le voile lev\u00e9 peu \u00e0 peu sur l&rsquo;\u00e9nigme sur ses origines va permettre d&rsquo;explorer partiellement les raisons de son mal-\u00eatre. Si le film poss\u00e8de tous les \u00e9l\u00e9ments d&rsquo;un thriller (une traque, une mission, un danger de mort, du suspense, et m\u00eame une bande-originale qui joue des discordances), c&rsquo;est en fait \u00e0 une triple qu\u00eate int\u00e9rieure qu&rsquo;il nous invite. Comme dans Des hommes, Lucas Belvaux sonde ce que la guerre fait aux soldats, les traces qu&rsquo;elle laisse dans leurs corps mais surtout dans leur psych\u00e9, convoquant sans les nommer les notions de stress post-traumatique et de masculinit\u00e9 toxique que Madame elle aussi a pu croiser dans sa vie, sous d&rsquo;autres modalit\u00e9s. Face au trio, Manon, source de lumi\u00e8re dans la vie de Skender, constitue un ancrage dans la vie avant la mort. Ce r\u00e9cit posant des questions finalement existentielles est port\u00e9 par un quatuor de com\u00e9diens qui en explorent la complexit\u00e9 avec talent: Niels Schneider, Ramzy Bedia, Linh-Dan Pham et D\u00e9borah Fran\u00e7ois.<\/p>\n<p>Projet\u00e9 en ouverture du 8e Brussels International Film Festival et en avant-premi\u00e8re mondiale ce vendredi 20 juin, il sortira dans les salles belges le 24 septembre prochain.<\/p>\n<p>&nbsp;<\/p>\n<p>&nbsp;<\/p>\n<p>&nbsp;<\/p>\n","protected":false},"excerpt":{"rendered":"<p>Lucas Belvaux cin\u00e9aste adapte Lucas Belvaux romancier. Avec Les Tourment\u00e9s, il livre un film noir qui \u00e9chappe \u00e0 sa condition, et suit trois \u00e2mes ab\u00eem\u00e9es qui mesurent presque malgr\u00e9 elles le co\u00fbt d&rsquo;une vie. Lucas Belvaux n&rsquo;est pas \u00e9tranger aux adaptations litt\u00e9raires, puisqu&rsquo;il a par le pass\u00e9 d\u00e9j\u00e0 adapt\u00e9 Didier Decoin pour 38 t\u00e9moins, et &hellip;<\/p>\n","protected":false},"author":343,"featured_media":265374,"comment_status":"closed","ping_status":"closed","sticky":false,"template":"","format":"standard","meta":{"ngg_post_thumbnail":0,"footnotes":""},"categories":[7134,53,12],"tags":[],"class_list":["post-265371","post","type-post","status-publish","format-standard","has-post-thumbnail","","category-we-love-belgian-cinema","category-coming-soon","category-awards"],"yoast_head":"<!-- This site is optimized with the Yoast SEO plugin v20.4 - https:\/\/yoast.com\/wordpress\/plugins\/seo\/ -->\n<title>&quot;Les Tourment\u00e9s&quot;, ou le co\u00fbt de la vie - We Love Cinema<\/title>\n<meta name=\"robots\" content=\"index, follow, max-snippet:-1, max-image-preview:large, max-video-preview:-1\" \/>\n<link rel=\"canonical\" href=\"https:\/\/welovecinema.be\/fr\/les-tourmentes-ou-le-cout-de-la-vie\/\" \/>\n<meta property=\"og:locale\" content=\"fr_FR\" \/>\n<meta property=\"og:type\" content=\"article\" \/>\n<meta property=\"og:title\" content=\"&quot;Les Tourment\u00e9s&quot;, ou le co\u00fbt de la vie - We Love Cinema\" \/>\n<meta property=\"og:description\" content=\"Lucas Belvaux cin\u00e9aste adapte Lucas Belvaux romancier. Avec Les Tourment\u00e9s, il livre un film noir qui \u00e9chappe \u00e0 sa condition, et suit trois \u00e2mes ab\u00eem\u00e9es qui mesurent presque malgr\u00e9 elles le co\u00fbt d&rsquo;une vie. Lucas Belvaux n&rsquo;est pas \u00e9tranger aux adaptations litt\u00e9raires, puisqu&rsquo;il a par le pass\u00e9 d\u00e9j\u00e0 adapt\u00e9 Didier Decoin pour 38 t\u00e9moins, et &hellip;\" \/>\n<meta property=\"og:url\" content=\"https:\/\/welovecinema.be\/fr\/les-tourmentes-ou-le-cout-de-la-vie\/\" \/>\n<meta property=\"og:site_name\" content=\"We Love Cinema\" \/>\n<meta property=\"article:publisher\" content=\"https:\/\/www.facebook.com\/welovecinema.be\" \/>\n<meta property=\"article:published_time\" content=\"2025-06-19T13:51:07+00:00\" \/>\n<meta property=\"article:modified_time\" content=\"2025-06-21T11:46:15+00:00\" \/>\n<meta property=\"og:image\" content=\"https:\/\/welovecinema.be\/wp-content\/uploads\/sites\/2\/2025\/06\/15293-7-les-tourment-bizibi-scaled.jpg\" \/>\n\t<meta property=\"og:image:width\" content=\"2560\" \/>\n\t<meta property=\"og:image:height\" content=\"1707\" \/>\n\t<meta property=\"og:image:type\" content=\"image\/jpeg\" \/>\n<meta name=\"author\" content=\"Aurore Engelen\" \/>\n<meta name=\"twitter:card\" content=\"summary_large_image\" \/>\n<meta name=\"twitter:label1\" content=\"\u00c9crit par\" \/>\n\t<meta name=\"twitter:data1\" content=\"Aurore Engelen\" \/>\n\t<meta name=\"twitter:label2\" content=\"Dur\u00e9e de lecture estim\u00e9e\" \/>\n\t<meta name=\"twitter:data2\" content=\"5 minutes\" \/>\n<script type=\"application\/ld+json\" class=\"yoast-schema-graph\">{\"@context\":\"https:\/\/schema.org\",\"@graph\":[{\"@type\":\"Article\",\"@id\":\"https:\/\/welovecinema.be\/fr\/les-tourmentes-ou-le-cout-de-la-vie\/#article\",\"isPartOf\":{\"@id\":\"https:\/\/welovecinema.be\/fr\/les-tourmentes-ou-le-cout-de-la-vie\/\"},\"author\":{\"name\":\"Aurore Engelen\",\"@id\":\"https:\/\/welovecinema.be\/nl\/#\/schema\/person\/8084b68c6b176142d073695c654dc7cf\"},\"headline\":\"\u00ab\u00a0Les Tourment\u00e9s\u00a0\u00bb, ou le co\u00fbt de la vie\",\"datePublished\":\"2025-06-19T13:51:07+00:00\",\"dateModified\":\"2025-06-21T11:46:15+00:00\",\"mainEntityOfPage\":{\"@id\":\"https:\/\/welovecinema.be\/fr\/les-tourmentes-ou-le-cout-de-la-vie\/\"},\"wordCount\":813,\"publisher\":{\"@id\":\"https:\/\/welovecinema.be\/nl\/#organization\"},\"articleSection\":[\"\u00a0We Love Belgian Cinema\",\"Coming soon\",\"Evenements\"],\"inLanguage\":\"fr-FR\"},{\"@type\":\"WebPage\",\"@id\":\"https:\/\/welovecinema.be\/fr\/les-tourmentes-ou-le-cout-de-la-vie\/\",\"url\":\"https:\/\/welovecinema.be\/fr\/les-tourmentes-ou-le-cout-de-la-vie\/\",\"name\":\"\\\"Les Tourment\u00e9s\\\", ou le co\u00fbt de la vie - We Love Cinema\",\"isPartOf\":{\"@id\":\"https:\/\/welovecinema.be\/nl\/#website\"},\"datePublished\":\"2025-06-19T13:51:07+00:00\",\"dateModified\":\"2025-06-21T11:46:15+00:00\",\"breadcrumb\":{\"@id\":\"https:\/\/welovecinema.be\/fr\/les-tourmentes-ou-le-cout-de-la-vie\/#breadcrumb\"},\"inLanguage\":\"fr-FR\",\"potentialAction\":[{\"@type\":\"ReadAction\",\"target\":[\"https:\/\/welovecinema.be\/fr\/les-tourmentes-ou-le-cout-de-la-vie\/\"]}]},{\"@type\":\"BreadcrumbList\",\"@id\":\"https:\/\/welovecinema.be\/fr\/les-tourmentes-ou-le-cout-de-la-vie\/#breadcrumb\",\"itemListElement\":[{\"@type\":\"ListItem\",\"position\":1,\"name\":\"Accueil\",\"item\":\"https:\/\/welovecinema.be\/fr\/\"},{\"@type\":\"ListItem\",\"position\":2,\"name\":\"\u00ab\u00a0Les Tourment\u00e9s\u00a0\u00bb, ou le co\u00fbt de la vie\"}]},{\"@type\":\"WebSite\",\"@id\":\"https:\/\/welovecinema.be\/nl\/#website\",\"url\":\"https:\/\/welovecinema.be\/nl\/\",\"name\":\"We Love Cinema\",\"description\":\"Toute l\u2019information du cin\u00e9ma en Belgique\",\"publisher\":{\"@id\":\"https:\/\/welovecinema.be\/nl\/#organization\"},\"potentialAction\":[{\"@type\":\"SearchAction\",\"target\":{\"@type\":\"EntryPoint\",\"urlTemplate\":\"https:\/\/welovecinema.be\/nl\/?s={search_term_string}\"},\"query-input\":\"required name=search_term_string\"}],\"inLanguage\":\"fr-FR\"},{\"@type\":\"Organization\",\"@id\":\"https:\/\/welovecinema.be\/nl\/#organization\",\"name\":\"We Love Cinema\",\"url\":\"https:\/\/welovecinema.be\/nl\/\",\"logo\":{\"@type\":\"ImageObject\",\"inLanguage\":\"fr-FR\",\"@id\":\"https:\/\/welovecinema.be\/nl\/#\/schema\/logo\/image\/\",\"url\":\"https:\/\/welovecinema.be\/wp-content\/uploads\/sites\/2\/2023\/03\/Logo-We-Love-Cinema305x128.jpg\",\"contentUrl\":\"https:\/\/welovecinema.be\/wp-content\/uploads\/sites\/2\/2023\/03\/Logo-We-Love-Cinema305x128.jpg\",\"width\":305,\"height\":128,\"caption\":\"We Love Cinema\"},\"image\":{\"@id\":\"https:\/\/welovecinema.be\/nl\/#\/schema\/logo\/image\/\"},\"sameAs\":[\"https:\/\/www.facebook.com\/welovecinema.be\",\"https:\/\/www.youtube.com\/channel\/UCX5LYGVhnKvYauW4Nta4HJA\",\"https:\/\/www.instagram.com\/welovecinema.be\/\"]},{\"@type\":\"Person\",\"@id\":\"https:\/\/welovecinema.be\/nl\/#\/schema\/person\/8084b68c6b176142d073695c654dc7cf\",\"name\":\"Aurore Engelen\",\"url\":\"https:\/\/welovecinema.be\/fr\/author\/aurore-engelen\/\"}]}<\/script>\n<!-- \/ Yoast SEO plugin. -->","yoast_head_json":{"title":"\"Les Tourment\u00e9s\", ou le co\u00fbt de la vie - We Love Cinema","robots":{"index":"index","follow":"follow","max-snippet":"max-snippet:-1","max-image-preview":"max-image-preview:large","max-video-preview":"max-video-preview:-1"},"canonical":"https:\/\/welovecinema.be\/fr\/les-tourmentes-ou-le-cout-de-la-vie\/","og_locale":"fr_FR","og_type":"article","og_title":"\"Les Tourment\u00e9s\", ou le co\u00fbt de la vie - We Love Cinema","og_description":"Lucas Belvaux cin\u00e9aste adapte Lucas Belvaux romancier. Avec Les Tourment\u00e9s, il livre un film noir qui \u00e9chappe \u00e0 sa condition, et suit trois \u00e2mes ab\u00eem\u00e9es qui mesurent presque malgr\u00e9 elles le co\u00fbt d&rsquo;une vie. Lucas Belvaux n&rsquo;est pas \u00e9tranger aux adaptations litt\u00e9raires, puisqu&rsquo;il a par le pass\u00e9 d\u00e9j\u00e0 adapt\u00e9 Didier Decoin pour 38 t\u00e9moins, et &hellip;","og_url":"https:\/\/welovecinema.be\/fr\/les-tourmentes-ou-le-cout-de-la-vie\/","og_site_name":"We Love Cinema","article_publisher":"https:\/\/www.facebook.com\/welovecinema.be","article_published_time":"2025-06-19T13:51:07+00:00","article_modified_time":"2025-06-21T11:46:15+00:00","og_image":[{"width":2560,"height":1707,"url":"https:\/\/welovecinema.be\/wp-content\/uploads\/sites\/2\/2025\/06\/15293-7-les-tourment-bizibi-scaled.jpg","type":"image\/jpeg"}],"author":"Aurore Engelen","twitter_card":"summary_large_image","twitter_misc":{"\u00c9crit par":"Aurore Engelen","Dur\u00e9e de lecture estim\u00e9e":"5 minutes"},"schema":{"@context":"https:\/\/schema.org","@graph":[{"@type":"Article","@id":"https:\/\/welovecinema.be\/fr\/les-tourmentes-ou-le-cout-de-la-vie\/#article","isPartOf":{"@id":"https:\/\/welovecinema.be\/fr\/les-tourmentes-ou-le-cout-de-la-vie\/"},"author":{"name":"Aurore Engelen","@id":"https:\/\/welovecinema.be\/nl\/#\/schema\/person\/8084b68c6b176142d073695c654dc7cf"},"headline":"\u00ab\u00a0Les Tourment\u00e9s\u00a0\u00bb, ou le co\u00fbt de la vie","datePublished":"2025-06-19T13:51:07+00:00","dateModified":"2025-06-21T11:46:15+00:00","mainEntityOfPage":{"@id":"https:\/\/welovecinema.be\/fr\/les-tourmentes-ou-le-cout-de-la-vie\/"},"wordCount":813,"publisher":{"@id":"https:\/\/welovecinema.be\/nl\/#organization"},"articleSection":["\u00a0We Love Belgian Cinema","Coming soon","Evenements"],"inLanguage":"fr-FR"},{"@type":"WebPage","@id":"https:\/\/welovecinema.be\/fr\/les-tourmentes-ou-le-cout-de-la-vie\/","url":"https:\/\/welovecinema.be\/fr\/les-tourmentes-ou-le-cout-de-la-vie\/","name":"\"Les Tourment\u00e9s\", ou le co\u00fbt de la vie - We Love Cinema","isPartOf":{"@id":"https:\/\/welovecinema.be\/nl\/#website"},"datePublished":"2025-06-19T13:51:07+00:00","dateModified":"2025-06-21T11:46:15+00:00","breadcrumb":{"@id":"https:\/\/welovecinema.be\/fr\/les-tourmentes-ou-le-cout-de-la-vie\/#breadcrumb"},"inLanguage":"fr-FR","potentialAction":[{"@type":"ReadAction","target":["https:\/\/welovecinema.be\/fr\/les-tourmentes-ou-le-cout-de-la-vie\/"]}]},{"@type":"BreadcrumbList","@id":"https:\/\/welovecinema.be\/fr\/les-tourmentes-ou-le-cout-de-la-vie\/#breadcrumb","itemListElement":[{"@type":"ListItem","position":1,"name":"Accueil","item":"https:\/\/welovecinema.be\/fr\/"},{"@type":"ListItem","position":2,"name":"\u00ab\u00a0Les Tourment\u00e9s\u00a0\u00bb, ou le co\u00fbt de la vie"}]},{"@type":"WebSite","@id":"https:\/\/welovecinema.be\/nl\/#website","url":"https:\/\/welovecinema.be\/nl\/","name":"We Love Cinema","description":"Toute l\u2019information du cin\u00e9ma en Belgique","publisher":{"@id":"https:\/\/welovecinema.be\/nl\/#organization"},"potentialAction":[{"@type":"SearchAction","target":{"@type":"EntryPoint","urlTemplate":"https:\/\/welovecinema.be\/nl\/?s={search_term_string}"},"query-input":"required name=search_term_string"}],"inLanguage":"fr-FR"},{"@type":"Organization","@id":"https:\/\/welovecinema.be\/nl\/#organization","name":"We Love Cinema","url":"https:\/\/welovecinema.be\/nl\/","logo":{"@type":"ImageObject","inLanguage":"fr-FR","@id":"https:\/\/welovecinema.be\/nl\/#\/schema\/logo\/image\/","url":"https:\/\/welovecinema.be\/wp-content\/uploads\/sites\/2\/2023\/03\/Logo-We-Love-Cinema305x128.jpg","contentUrl":"https:\/\/welovecinema.be\/wp-content\/uploads\/sites\/2\/2023\/03\/Logo-We-Love-Cinema305x128.jpg","width":305,"height":128,"caption":"We Love Cinema"},"image":{"@id":"https:\/\/welovecinema.be\/nl\/#\/schema\/logo\/image\/"},"sameAs":["https:\/\/www.facebook.com\/welovecinema.be","https:\/\/www.youtube.com\/channel\/UCX5LYGVhnKvYauW4Nta4HJA","https:\/\/www.instagram.com\/welovecinema.be\/"]},{"@type":"Person","@id":"https:\/\/welovecinema.be\/nl\/#\/schema\/person\/8084b68c6b176142d073695c654dc7cf","name":"Aurore Engelen","url":"https:\/\/welovecinema.be\/fr\/author\/aurore-engelen\/"}]}},"_links":{"self":[{"href":"https:\/\/welovecinema.be\/fr\/wp-json\/wp\/v2\/posts\/265371","targetHints":{"allow":["GET"]}}],"collection":[{"href":"https:\/\/welovecinema.be\/fr\/wp-json\/wp\/v2\/posts"}],"about":[{"href":"https:\/\/welovecinema.be\/fr\/wp-json\/wp\/v2\/types\/post"}],"author":[{"embeddable":true,"href":"https:\/\/welovecinema.be\/fr\/wp-json\/wp\/v2\/users\/343"}],"replies":[{"embeddable":true,"href":"https:\/\/welovecinema.be\/fr\/wp-json\/wp\/v2\/comments?post=265371"}],"version-history":[{"count":6,"href":"https:\/\/welovecinema.be\/fr\/wp-json\/wp\/v2\/posts\/265371\/revisions"}],"predecessor-version":[{"id":265383,"href":"https:\/\/welovecinema.be\/fr\/wp-json\/wp\/v2\/posts\/265371\/revisions\/265383"}],"wp:featuredmedia":[{"embeddable":true,"href":"https:\/\/welovecinema.be\/fr\/wp-json\/wp\/v2\/media\/265374"}],"wp:attachment":[{"href":"https:\/\/welovecinema.be\/fr\/wp-json\/wp\/v2\/media?parent=265371"}],"wp:term":[{"taxonomy":"category","embeddable":true,"href":"https:\/\/welovecinema.be\/fr\/wp-json\/wp\/v2\/categories?post=265371"},{"taxonomy":"post_tag","embeddable":true,"href":"https:\/\/welovecinema.be\/fr\/wp-json\/wp\/v2\/tags?post=265371"}],"curies":[{"name":"wp","href":"https:\/\/api.w.org\/{rel}","templated":true}]}}