{"id":265305,"date":"2025-06-16T16:46:09","date_gmt":"2025-06-16T14:46:09","guid":{"rendered":"https:\/\/welovecinema.be\/?p=265305"},"modified":"2025-06-16T16:46:09","modified_gmt":"2025-06-16T14:46:09","slug":"une-derniere-bande-annonce-avant-la-sortie-de-superman-ce-9-juillet","status":"publish","type":"post","link":"https:\/\/welovecinema.be\/fr\/une-derniere-bande-annonce-avant-la-sortie-de-superman-ce-9-juillet\/","title":{"rendered":"Une derni\u00e8re bande-annonce avant la sortie de \u00ab\u00a0Superman\u00a0\u00bb ce 9 juillet\u00a0!"},"content":{"rendered":"<p><strong>L&rsquo;univers DC s&rsquo;appr\u00eate donc \u00e0 conna\u00eetre un souffle nouveau avec l&rsquo;arriv\u00e9e tr\u00e8s attendue de ce nouveau <em>Superman<\/em>, \u00e9crit et r\u00e9alis\u00e9 par James Gunn. Ce long-m\u00e9trage promet de red\u00e9finir la figure embl\u00e9matique de l&rsquo; \u00ab\u00a0Homme d&rsquo;Acier\u00a0\u00bb pour une nouvelle g\u00e9n\u00e9ration. On tr\u00e9pigne en attendant ce 9 juillet.<\/strong><\/p>\n<p>Alors qu\u2019il \u00e9tait initialement intitul\u00e9 <em>Superman: Legacy<\/em>, James Gunn, co-PDG de DC Studios, a finalement annonc\u00e9 que le film porterait simplement le titre \u00e9ponyme de <em>Superman<\/em>, un clin d&rsquo;\u0153il au classique de 1978. Ce choix symbolisant une volont\u00e9 de revenir \u00e0 l&rsquo;essence m\u00eame du personnage tout en l&rsquo;ancrant fermement dans un univers partag\u00e9 revisit\u00e9, le DC Universe (DCU), dont ce film sera le tout premier chapitre.<\/p>\n<p>L&rsquo;intrigue de ce <em>Superman<\/em> se concentrera sur la qu\u00eate de r\u00e9conciliation de Clark Kent entre son h\u00e9ritage kryptonien et son \u00e9ducation humaine. Le film ne sera pas une \u00e9ni\u00e8me histoire d&rsquo;origines, mais explorera la dualit\u00e9 du h\u00e9ros, incarnation de la v\u00e9rit\u00e9, de la justice et de la \u00ab\u00a0voie am\u00e9ricaine\u00a0\u00bb dans un monde qui, selon Gunn, \u00ab\u00a0<em>pourrait consid\u00e9rer la gentillesse comme d\u00e9mod\u00e9e.\u00a0<\/em>\u00bb Cette approche promet un <em>Superman<\/em> \u00e0 la fois puissant et profond\u00e9ment humain.<\/p>\n<p><iframe loading=\"lazy\" title=\"Superman | New Trailer\" width=\"618\" height=\"348\" src=\"https:\/\/www.youtube.com\/embed\/brI3gt9girI?feature=oembed\" frameborder=\"0\" allow=\"accelerometer; autoplay; clipboard-write; encrypted-media; gyroscope; picture-in-picture; web-share\" referrerpolicy=\"strict-origin-when-cross-origin\" allowfullscreen><\/iframe><\/p>\n<p>Dans le r\u00f4le-titre de Clark Kent\/Superman, nous retrouverons David Corenswet, un choix qui a rapidement s\u00e9duit les fans pour sa ressemblance frappante avec l&rsquo;ic\u00f4ne. \u00c0 ses c\u00f4t\u00e9s, Rachel Brosnahan incarnera Lois Lane, la journaliste intr\u00e9pide et amour de toujours de Clark. Et l&rsquo;antagoniste principal, Lex Luthor, sera camp\u00e9 par Nicholas Hoult. On notera \u00e9galement la pr\u00e9sence de Wendell Pierce en Perry White et de Sean Gunn (le fr\u00e8re de James) en Maxwell Lord, ainsi que d&rsquo;autres talents comme Frank Grillo en Rick Flag Sr.<\/p>\n<p>Apr\u00e8s avoir revitalis\u00e9 <em>Les Gardiens de la Galaxie<\/em> pour Marvel et offert une vision d\u00e9jant\u00e9e de <em>The Suicide Squad<\/em> pour DC, James Gunn est l&rsquo;homme de la situation pour insuffler une nouvelle dynamique \u00e0 <em>Superman<\/em>. Son style m\u00e9langeant action spectaculaire, humour d\u00e9cal\u00e9 et un c\u0153ur sinc\u00e8re, promet un film qui honorera l&rsquo;h\u00e9ritage du h\u00e9ros. <em>Superman<\/em> n&rsquo;est pas seulement un film, il est le premier pas d&rsquo;une ambitieuse refonte de l&rsquo;univers DC au cin\u00e9ma, et les yeux du monde entier seront riv\u00e9s sur son envol ce 9 juillet.<\/p>\n","protected":false},"excerpt":{"rendered":"<p>L&rsquo;univers DC s&rsquo;appr\u00eate donc \u00e0 conna\u00eetre un souffle nouveau avec l&rsquo;arriv\u00e9e tr\u00e8s attendue de ce nouveau Superman, \u00e9crit et r\u00e9alis\u00e9 par James Gunn. Ce long-m\u00e9trage promet de red\u00e9finir la figure embl\u00e9matique de l&rsquo; \u00ab\u00a0Homme d&rsquo;Acier\u00a0\u00bb pour une nouvelle g\u00e9n\u00e9ration. On tr\u00e9pigne en attendant ce 9 juillet. Alors qu\u2019il \u00e9tait initialement intitul\u00e9 Superman: Legacy, James Gunn, &hellip;<\/p>\n","protected":false},"author":358,"featured_media":265303,"comment_status":"closed","ping_status":"closed","sticky":false,"template":"","format":"standard","meta":{"ngg_post_thumbnail":0,"footnotes":""},"categories":[7135,7],"tags":[],"class_list":["post-265305","post","type-post","status-publish","format-standard","has-post-thumbnail","","category-we-love-worldwide","category-actualites"],"yoast_head":"<!-- This site is optimized with the Yoast SEO plugin v20.4 - https:\/\/yoast.com\/wordpress\/plugins\/seo\/ -->\n<title>Une derni\u00e8re bande-annonce avant la sortie de \u00ab\u00a0Superman\u00a0\u00bb ce 9 juillet\u00a0! - We Love Cinema<\/title>\n<meta name=\"robots\" content=\"index, follow, max-snippet:-1, max-image-preview:large, max-video-preview:-1\" \/>\n<link rel=\"canonical\" href=\"https:\/\/welovecinema.be\/fr\/une-derniere-bande-annonce-avant-la-sortie-de-superman-ce-9-juillet\/\" \/>\n<meta property=\"og:locale\" content=\"fr_FR\" \/>\n<meta property=\"og:type\" content=\"article\" \/>\n<meta property=\"og:title\" content=\"Une derni\u00e8re bande-annonce avant la sortie de \u00ab\u00a0Superman\u00a0\u00bb ce 9 juillet\u00a0! - We Love Cinema\" \/>\n<meta property=\"og:description\" content=\"L&rsquo;univers DC s&rsquo;appr\u00eate donc \u00e0 conna\u00eetre un souffle nouveau avec l&rsquo;arriv\u00e9e tr\u00e8s attendue de ce nouveau Superman, \u00e9crit et r\u00e9alis\u00e9 par James Gunn. Ce long-m\u00e9trage promet de red\u00e9finir la figure embl\u00e9matique de l&rsquo; \u00ab\u00a0Homme d&rsquo;Acier\u00a0\u00bb pour une nouvelle g\u00e9n\u00e9ration. On tr\u00e9pigne en attendant ce 9 juillet. Alors qu\u2019il \u00e9tait initialement intitul\u00e9 Superman: Legacy, James Gunn, &hellip;\" \/>\n<meta property=\"og:url\" content=\"https:\/\/welovecinema.be\/fr\/une-derniere-bande-annonce-avant-la-sortie-de-superman-ce-9-juillet\/\" \/>\n<meta property=\"og:site_name\" content=\"We Love Cinema\" \/>\n<meta property=\"article:publisher\" content=\"https:\/\/www.facebook.com\/welovecinema.be\" \/>\n<meta property=\"article:published_time\" content=\"2025-06-16T14:46:09+00:00\" \/>\n<meta property=\"og:image\" content=\"https:\/\/welovecinema.be\/wp-content\/uploads\/sites\/2\/2025\/06\/superman.jpeg\" \/>\n\t<meta property=\"og:image:width\" content=\"768\" \/>\n\t<meta property=\"og:image:height\" content=\"432\" \/>\n\t<meta property=\"og:image:type\" content=\"image\/jpeg\" \/>\n<meta name=\"author\" content=\"fred\" \/>\n<meta name=\"twitter:card\" content=\"summary_large_image\" \/>\n<meta name=\"twitter:label1\" content=\"\u00c9crit par\" \/>\n\t<meta name=\"twitter:data1\" content=\"fred\" \/>\n\t<meta name=\"twitter:label2\" content=\"Dur\u00e9e de lecture estim\u00e9e\" \/>\n\t<meta name=\"twitter:data2\" content=\"2 minutes\" \/>\n<script type=\"application\/ld+json\" class=\"yoast-schema-graph\">{\"@context\":\"https:\/\/schema.org\",\"@graph\":[{\"@type\":\"Article\",\"@id\":\"https:\/\/welovecinema.be\/fr\/une-derniere-bande-annonce-avant-la-sortie-de-superman-ce-9-juillet\/#article\",\"isPartOf\":{\"@id\":\"https:\/\/welovecinema.be\/fr\/une-derniere-bande-annonce-avant-la-sortie-de-superman-ce-9-juillet\/\"},\"author\":{\"name\":\"fred\",\"@id\":\"https:\/\/welovecinema.be\/nl\/#\/schema\/person\/7620619142b6dd3c9aa19e9210ad5bd5\"},\"headline\":\"Une derni\u00e8re bande-annonce avant la sortie de \u00ab\u00a0Superman\u00a0\u00bb ce 9 juillet\u00a0!\",\"datePublished\":\"2025-06-16T14:46:09+00:00\",\"dateModified\":\"2025-06-16T14:46:09+00:00\",\"mainEntityOfPage\":{\"@id\":\"https:\/\/welovecinema.be\/fr\/une-derniere-bande-annonce-avant-la-sortie-de-superman-ce-9-juillet\/\"},\"wordCount\":429,\"publisher\":{\"@id\":\"https:\/\/welovecinema.be\/nl\/#organization\"},\"articleSection\":[\"\u00a0We Love Worldwide Cinema\",\"News\"],\"inLanguage\":\"fr-FR\"},{\"@type\":\"WebPage\",\"@id\":\"https:\/\/welovecinema.be\/fr\/une-derniere-bande-annonce-avant-la-sortie-de-superman-ce-9-juillet\/\",\"url\":\"https:\/\/welovecinema.be\/fr\/une-derniere-bande-annonce-avant-la-sortie-de-superman-ce-9-juillet\/\",\"name\":\"Une derni\u00e8re bande-annonce avant la sortie de \u00ab\u00a0Superman\u00a0\u00bb ce 9 juillet\u00a0! - We Love Cinema\",\"isPartOf\":{\"@id\":\"https:\/\/welovecinema.be\/nl\/#website\"},\"datePublished\":\"2025-06-16T14:46:09+00:00\",\"dateModified\":\"2025-06-16T14:46:09+00:00\",\"breadcrumb\":{\"@id\":\"https:\/\/welovecinema.be\/fr\/une-derniere-bande-annonce-avant-la-sortie-de-superman-ce-9-juillet\/#breadcrumb\"},\"inLanguage\":\"fr-FR\",\"potentialAction\":[{\"@type\":\"ReadAction\",\"target\":[\"https:\/\/welovecinema.be\/fr\/une-derniere-bande-annonce-avant-la-sortie-de-superman-ce-9-juillet\/\"]}]},{\"@type\":\"BreadcrumbList\",\"@id\":\"https:\/\/welovecinema.be\/fr\/une-derniere-bande-annonce-avant-la-sortie-de-superman-ce-9-juillet\/#breadcrumb\",\"itemListElement\":[{\"@type\":\"ListItem\",\"position\":1,\"name\":\"Accueil\",\"item\":\"https:\/\/welovecinema.be\/fr\/\"},{\"@type\":\"ListItem\",\"position\":2,\"name\":\"Une derni\u00e8re bande-annonce avant la sortie de \u00ab\u00a0Superman\u00a0\u00bb ce 9 juillet\u00a0!\"}]},{\"@type\":\"WebSite\",\"@id\":\"https:\/\/welovecinema.be\/nl\/#website\",\"url\":\"https:\/\/welovecinema.be\/nl\/\",\"name\":\"We Love Cinema\",\"description\":\"Toute l\u2019information du cin\u00e9ma en Belgique\",\"publisher\":{\"@id\":\"https:\/\/welovecinema.be\/nl\/#organization\"},\"potentialAction\":[{\"@type\":\"SearchAction\",\"target\":{\"@type\":\"EntryPoint\",\"urlTemplate\":\"https:\/\/welovecinema.be\/nl\/?s={search_term_string}\"},\"query-input\":\"required name=search_term_string\"}],\"inLanguage\":\"fr-FR\"},{\"@type\":\"Organization\",\"@id\":\"https:\/\/welovecinema.be\/nl\/#organization\",\"name\":\"We Love Cinema\",\"url\":\"https:\/\/welovecinema.be\/nl\/\",\"logo\":{\"@type\":\"ImageObject\",\"inLanguage\":\"fr-FR\",\"@id\":\"https:\/\/welovecinema.be\/nl\/#\/schema\/logo\/image\/\",\"url\":\"https:\/\/welovecinema.be\/wp-content\/uploads\/sites\/2\/2023\/03\/Logo-We-Love-Cinema305x128.jpg\",\"contentUrl\":\"https:\/\/welovecinema.be\/wp-content\/uploads\/sites\/2\/2023\/03\/Logo-We-Love-Cinema305x128.jpg\",\"width\":305,\"height\":128,\"caption\":\"We Love Cinema\"},\"image\":{\"@id\":\"https:\/\/welovecinema.be\/nl\/#\/schema\/logo\/image\/\"},\"sameAs\":[\"https:\/\/www.facebook.com\/welovecinema.be\",\"https:\/\/www.youtube.com\/channel\/UCX5LYGVhnKvYauW4Nta4HJA\",\"https:\/\/www.instagram.com\/welovecinema.be\/\"]},{\"@type\":\"Person\",\"@id\":\"https:\/\/welovecinema.be\/nl\/#\/schema\/person\/7620619142b6dd3c9aa19e9210ad5bd5\",\"name\":\"fred\",\"url\":\"https:\/\/welovecinema.be\/fr\/author\/fred\/\"}]}<\/script>\n<!-- \/ Yoast SEO plugin. -->","yoast_head_json":{"title":"Une derni\u00e8re bande-annonce avant la sortie de \u00ab\u00a0Superman\u00a0\u00bb ce 9 juillet\u00a0! - We Love Cinema","robots":{"index":"index","follow":"follow","max-snippet":"max-snippet:-1","max-image-preview":"max-image-preview:large","max-video-preview":"max-video-preview:-1"},"canonical":"https:\/\/welovecinema.be\/fr\/une-derniere-bande-annonce-avant-la-sortie-de-superman-ce-9-juillet\/","og_locale":"fr_FR","og_type":"article","og_title":"Une derni\u00e8re bande-annonce avant la sortie de \u00ab\u00a0Superman\u00a0\u00bb ce 9 juillet\u00a0! - We Love Cinema","og_description":"L&rsquo;univers DC s&rsquo;appr\u00eate donc \u00e0 conna\u00eetre un souffle nouveau avec l&rsquo;arriv\u00e9e tr\u00e8s attendue de ce nouveau Superman, \u00e9crit et r\u00e9alis\u00e9 par James Gunn. Ce long-m\u00e9trage promet de red\u00e9finir la figure embl\u00e9matique de l&rsquo; \u00ab\u00a0Homme d&rsquo;Acier\u00a0\u00bb pour une nouvelle g\u00e9n\u00e9ration. On tr\u00e9pigne en attendant ce 9 juillet. Alors qu\u2019il \u00e9tait initialement intitul\u00e9 Superman: Legacy, James Gunn, &hellip;","og_url":"https:\/\/welovecinema.be\/fr\/une-derniere-bande-annonce-avant-la-sortie-de-superman-ce-9-juillet\/","og_site_name":"We Love Cinema","article_publisher":"https:\/\/www.facebook.com\/welovecinema.be","article_published_time":"2025-06-16T14:46:09+00:00","og_image":[{"width":768,"height":432,"url":"https:\/\/welovecinema.be\/wp-content\/uploads\/sites\/2\/2025\/06\/superman.jpeg","type":"image\/jpeg"}],"author":"fred","twitter_card":"summary_large_image","twitter_misc":{"\u00c9crit par":"fred","Dur\u00e9e de lecture estim\u00e9e":"2 minutes"},"schema":{"@context":"https:\/\/schema.org","@graph":[{"@type":"Article","@id":"https:\/\/welovecinema.be\/fr\/une-derniere-bande-annonce-avant-la-sortie-de-superman-ce-9-juillet\/#article","isPartOf":{"@id":"https:\/\/welovecinema.be\/fr\/une-derniere-bande-annonce-avant-la-sortie-de-superman-ce-9-juillet\/"},"author":{"name":"fred","@id":"https:\/\/welovecinema.be\/nl\/#\/schema\/person\/7620619142b6dd3c9aa19e9210ad5bd5"},"headline":"Une derni\u00e8re bande-annonce avant la sortie de \u00ab\u00a0Superman\u00a0\u00bb ce 9 juillet\u00a0!","datePublished":"2025-06-16T14:46:09+00:00","dateModified":"2025-06-16T14:46:09+00:00","mainEntityOfPage":{"@id":"https:\/\/welovecinema.be\/fr\/une-derniere-bande-annonce-avant-la-sortie-de-superman-ce-9-juillet\/"},"wordCount":429,"publisher":{"@id":"https:\/\/welovecinema.be\/nl\/#organization"},"articleSection":["\u00a0We Love Worldwide Cinema","News"],"inLanguage":"fr-FR"},{"@type":"WebPage","@id":"https:\/\/welovecinema.be\/fr\/une-derniere-bande-annonce-avant-la-sortie-de-superman-ce-9-juillet\/","url":"https:\/\/welovecinema.be\/fr\/une-derniere-bande-annonce-avant-la-sortie-de-superman-ce-9-juillet\/","name":"Une derni\u00e8re bande-annonce avant la sortie de \u00ab\u00a0Superman\u00a0\u00bb ce 9 juillet\u00a0! - We Love Cinema","isPartOf":{"@id":"https:\/\/welovecinema.be\/nl\/#website"},"datePublished":"2025-06-16T14:46:09+00:00","dateModified":"2025-06-16T14:46:09+00:00","breadcrumb":{"@id":"https:\/\/welovecinema.be\/fr\/une-derniere-bande-annonce-avant-la-sortie-de-superman-ce-9-juillet\/#breadcrumb"},"inLanguage":"fr-FR","potentialAction":[{"@type":"ReadAction","target":["https:\/\/welovecinema.be\/fr\/une-derniere-bande-annonce-avant-la-sortie-de-superman-ce-9-juillet\/"]}]},{"@type":"BreadcrumbList","@id":"https:\/\/welovecinema.be\/fr\/une-derniere-bande-annonce-avant-la-sortie-de-superman-ce-9-juillet\/#breadcrumb","itemListElement":[{"@type":"ListItem","position":1,"name":"Accueil","item":"https:\/\/welovecinema.be\/fr\/"},{"@type":"ListItem","position":2,"name":"Une derni\u00e8re bande-annonce avant la sortie de \u00ab\u00a0Superman\u00a0\u00bb ce 9 juillet\u00a0!"}]},{"@type":"WebSite","@id":"https:\/\/welovecinema.be\/nl\/#website","url":"https:\/\/welovecinema.be\/nl\/","name":"We Love Cinema","description":"Toute l\u2019information du cin\u00e9ma en Belgique","publisher":{"@id":"https:\/\/welovecinema.be\/nl\/#organization"},"potentialAction":[{"@type":"SearchAction","target":{"@type":"EntryPoint","urlTemplate":"https:\/\/welovecinema.be\/nl\/?s={search_term_string}"},"query-input":"required name=search_term_string"}],"inLanguage":"fr-FR"},{"@type":"Organization","@id":"https:\/\/welovecinema.be\/nl\/#organization","name":"We Love Cinema","url":"https:\/\/welovecinema.be\/nl\/","logo":{"@type":"ImageObject","inLanguage":"fr-FR","@id":"https:\/\/welovecinema.be\/nl\/#\/schema\/logo\/image\/","url":"https:\/\/welovecinema.be\/wp-content\/uploads\/sites\/2\/2023\/03\/Logo-We-Love-Cinema305x128.jpg","contentUrl":"https:\/\/welovecinema.be\/wp-content\/uploads\/sites\/2\/2023\/03\/Logo-We-Love-Cinema305x128.jpg","width":305,"height":128,"caption":"We Love Cinema"},"image":{"@id":"https:\/\/welovecinema.be\/nl\/#\/schema\/logo\/image\/"},"sameAs":["https:\/\/www.facebook.com\/welovecinema.be","https:\/\/www.youtube.com\/channel\/UCX5LYGVhnKvYauW4Nta4HJA","https:\/\/www.instagram.com\/welovecinema.be\/"]},{"@type":"Person","@id":"https:\/\/welovecinema.be\/nl\/#\/schema\/person\/7620619142b6dd3c9aa19e9210ad5bd5","name":"fred","url":"https:\/\/welovecinema.be\/fr\/author\/fred\/"}]}},"_links":{"self":[{"href":"https:\/\/welovecinema.be\/fr\/wp-json\/wp\/v2\/posts\/265305","targetHints":{"allow":["GET"]}}],"collection":[{"href":"https:\/\/welovecinema.be\/fr\/wp-json\/wp\/v2\/posts"}],"about":[{"href":"https:\/\/welovecinema.be\/fr\/wp-json\/wp\/v2\/types\/post"}],"author":[{"embeddable":true,"href":"https:\/\/welovecinema.be\/fr\/wp-json\/wp\/v2\/users\/358"}],"replies":[{"embeddable":true,"href":"https:\/\/welovecinema.be\/fr\/wp-json\/wp\/v2\/comments?post=265305"}],"version-history":[{"count":1,"href":"https:\/\/welovecinema.be\/fr\/wp-json\/wp\/v2\/posts\/265305\/revisions"}],"predecessor-version":[{"id":265306,"href":"https:\/\/welovecinema.be\/fr\/wp-json\/wp\/v2\/posts\/265305\/revisions\/265306"}],"wp:featuredmedia":[{"embeddable":true,"href":"https:\/\/welovecinema.be\/fr\/wp-json\/wp\/v2\/media\/265303"}],"wp:attachment":[{"href":"https:\/\/welovecinema.be\/fr\/wp-json\/wp\/v2\/media?parent=265305"}],"wp:term":[{"taxonomy":"category","embeddable":true,"href":"https:\/\/welovecinema.be\/fr\/wp-json\/wp\/v2\/categories?post=265305"},{"taxonomy":"post_tag","embeddable":true,"href":"https:\/\/welovecinema.be\/fr\/wp-json\/wp\/v2\/tags?post=265305"}],"curies":[{"name":"wp","href":"https:\/\/api.w.org\/{rel}","templated":true}]}}