{"id":265048,"date":"2025-05-27T15:06:23","date_gmt":"2025-05-27T13:06:23","guid":{"rendered":"https:\/\/welovecinema.be\/?p=265048"},"modified":"2025-05-30T08:51:26","modified_gmt":"2025-05-30T06:51:26","slug":"podcast-les-rituels-de-michiel-blanchart","status":"publish","type":"post","link":"https:\/\/welovecinema.be\/fr\/podcast-les-rituels-de-michiel-blanchart\/","title":{"rendered":"#PODCAST Les Rituels de Michiel Blanchart"},"content":{"rendered":"<p><strong>\u00ab\u00a0J\u2019essaie en permanence d\u2019\u00eatre spectateur de mon film avant m\u00eame qu&rsquo;il n\u2019existe.\u00a0\u00bb Les Rituels de Michiel Blanchart<\/strong><\/p>\n<p>Alors qu\u2019il a encore l\u2019\u00e2ge de jouer aux Playmobil, Michiel Blanchart r\u00e9alise d\u00e9j\u00e0 ses premiers films, dans sa t\u00eate et dans son jardin. A 7 ans, il emprunte la cam\u00e9ra de son voisin, qui devient son premier cameraman, pour raconter des histoires d\u2019aventure et d\u2019espionnage imagin\u00e9es avec ses copains. Au lyc\u00e9e, il r\u00eave de longs m\u00e9trages, et entraine ses camarades. Etre r\u00e9alisateur, c\u2019est presque une \u00e9vidence, alors il s\u2019inscrit \u00e0 l\u2019IAD, o\u00f9 il apprendra beaucoup, sur le cin\u00e9ma comme sur lui-m\u00eame. Apr\u00e8s un premier court auto-produit, l\u2019intrigant <em>Cul<\/em>, l\u2019histoire qui finit mal du plus beau cul du monde, il met en application son go\u00fbt pour le m\u00e9lange des genres avec <em>T\u2019es morte H\u00e9l\u00e8ne<\/em>, com\u00e9die horrifique qui vire au m\u00e9lodrame, shorlist\u00e9e pour les Oscars, et dont les droits ont \u00e9t\u00e9 achet\u00e9s par Sam Raimi.<\/p>\n<p>Son premier long m\u00e9trage, <em><a href=\"https:\/\/welovecinema.be\/fr\/la-nuit-se-traine-fievre-a-bruxelles\/\">La nuit se traine<\/a>,<\/em> polar nocturne et urbain travers\u00e9 par de grandes questions soci\u00e9tales, s\u00e9duit le public belge mais aussi les professionnels, puisque le film remporte pas moins de 10 Magritte du Cin\u00e9ma, dont celui du Meilleur film.<\/p>\n<p>Alors qu\u2019il planche actuellement sur son deuxi\u00e8me long m\u00e9trage, il s\u2019est pr\u00eat\u00e9 au jeu des Rituels. Avec Michiel Blanchart, on a parl\u00e9 de son rapport amour\/ haine avec l\u2019\u00e9criture, qui n\u2019est pas forc\u00e9ment l\u2019endroit o\u00f9 il se sent le plus l\u00e9gitime, de son rapport ambivalent \u00e0 l\u2019\u00e9cole de cin\u00e9ma, qui l\u2019a nourri et form\u00e9, mais qui l\u2019a aussi amen\u00e9 \u00e0 douter de ses capacit\u00e9s, de sa recherche encore en cours de m\u00e9thode et de structure, de son besoin d\u2019ennui pour mieux cr\u00e9er, de son fantasme du carnet, mais aussi, et peut-\u00eatre surtout, de son plaisir et de son bonheur \u00e0 faire des films.<\/p>\n<div style=\"font-size: 10px;color: #cccccc;overflow: hidden;font-family: Interstate,Lucida Grande,Lucida Sans Unicode,Lucida Sans,Garuda,Verdana,Tahoma,sans-serif;font-weight: 100\"><a style=\"color: #cccccc;text-decoration: none\" title=\"Les Rituels_Podcast_Cinevox\" href=\"https:\/\/soundcloud.com\/les-rituels\" target=\"_blank\" rel=\"noopener\">Les Rituels_Podcast_Cinevox<\/a> \u00b7 <a style=\"color: #cccccc;text-decoration: none\" title=\"Les Rituels de Michiel Blanchart - 27 mai 2025\" href=\"https:\/\/soundcloud.com\/les-rituels\/les-rituels-de-michiel-blanchart-27-mai-2025\" target=\"_blank\" rel=\"noopener\">Les Rituels de Michiel Blanchart &#8211; 27 mai 2025<\/a><\/div>\n<p class=\"p1\">\ud83c\udfa7<b> Pour \u00e9couter:<\/b><\/p>\n<ul class=\"ul1\">\n<li class=\"li2\">Sur Apple Podcast: <a href=\"https:\/\/bit.ly\/3Z2XPAc\">https:\/\/bit.ly\/3Z2XPAc<\/a><\/li>\n<li class=\"li2\">Sur Spotify: <a href=\"http:\/\/bit.ly\/4kIfVQt\">http:\/\/bit.ly\/4kIfVQt<\/a><\/li>\n<li class=\"li2\">Sur Soundcloud: <a href=\"https:\/\/bit.ly\/4dADI2k\">https:\/\/bit.ly\/4dADI2k<\/a><\/li>\n<\/ul>\n","protected":false},"excerpt":{"rendered":"<p>\u00ab\u00a0J\u2019essaie en permanence d\u2019\u00eatre spectateur de mon film avant m\u00eame qu&rsquo;il n\u2019existe.\u00a0\u00bb Les Rituels de Michiel Blanchart Alors qu\u2019il a encore l\u2019\u00e2ge de jouer aux Playmobil, Michiel Blanchart r\u00e9alise d\u00e9j\u00e0 ses premiers films, dans sa t\u00eate et dans son jardin. A 7 ans, il emprunte la cam\u00e9ra de son voisin, qui devient son premier cameraman, &hellip;<\/p>\n","protected":false},"author":343,"featured_media":265049,"comment_status":"closed","ping_status":"closed","sticky":false,"template":"","format":"standard","meta":{"ngg_post_thumbnail":0,"footnotes":""},"categories":[7134,10,12,1978],"tags":[],"class_list":["post-265048","post","type-post","status-publish","format-standard","has-post-thumbnail","","category-we-love-belgian-cinema","category-a-l-affiche","category-awards","category-interviews"],"yoast_head":"<!-- This site is optimized with the Yoast SEO plugin v20.4 - https:\/\/yoast.com\/wordpress\/plugins\/seo\/ -->\n<title>#PODCAST Les Rituels de Michiel Blanchart - We Love Cinema<\/title>\n<meta name=\"robots\" content=\"index, follow, max-snippet:-1, max-image-preview:large, max-video-preview:-1\" \/>\n<link rel=\"canonical\" href=\"https:\/\/welovecinema.be\/fr\/podcast-les-rituels-de-michiel-blanchart\/\" \/>\n<meta property=\"og:locale\" content=\"fr_FR\" \/>\n<meta property=\"og:type\" content=\"article\" \/>\n<meta property=\"og:title\" content=\"#PODCAST Les Rituels de Michiel Blanchart - We Love Cinema\" \/>\n<meta property=\"og:description\" content=\"\u00ab\u00a0J\u2019essaie en permanence d\u2019\u00eatre spectateur de mon film avant m\u00eame qu&rsquo;il n\u2019existe.\u00a0\u00bb Les Rituels de Michiel Blanchart Alors qu\u2019il a encore l\u2019\u00e2ge de jouer aux Playmobil, Michiel Blanchart r\u00e9alise d\u00e9j\u00e0 ses premiers films, dans sa t\u00eate et dans son jardin. A 7 ans, il emprunte la cam\u00e9ra de son voisin, qui devient son premier cameraman, &hellip;\" \/>\n<meta property=\"og:url\" content=\"https:\/\/welovecinema.be\/fr\/podcast-les-rituels-de-michiel-blanchart\/\" \/>\n<meta property=\"og:site_name\" content=\"We Love Cinema\" \/>\n<meta property=\"article:publisher\" content=\"https:\/\/www.facebook.com\/welovecinema.be\" \/>\n<meta property=\"article:published_time\" content=\"2025-05-27T13:06:23+00:00\" \/>\n<meta property=\"article:modified_time\" content=\"2025-05-30T06:51:26+00:00\" \/>\n<meta property=\"og:image\" content=\"https:\/\/welovecinema.be\/wp-content\/uploads\/sites\/2\/2025\/05\/Les-rituels-de-Michiel-Blanchart-45-Presentation.jpg\" \/>\n\t<meta property=\"og:image:width\" content=\"1920\" \/>\n\t<meta property=\"og:image:height\" content=\"1080\" \/>\n\t<meta property=\"og:image:type\" content=\"image\/jpeg\" \/>\n<meta name=\"author\" content=\"Aurore Engelen\" \/>\n<meta name=\"twitter:card\" content=\"summary_large_image\" \/>\n<meta name=\"twitter:label1\" content=\"\u00c9crit par\" \/>\n\t<meta name=\"twitter:data1\" content=\"Aurore Engelen\" \/>\n\t<meta name=\"twitter:label2\" content=\"Dur\u00e9e de lecture estim\u00e9e\" \/>\n\t<meta name=\"twitter:data2\" content=\"2 minutes\" \/>\n<script type=\"application\/ld+json\" class=\"yoast-schema-graph\">{\"@context\":\"https:\/\/schema.org\",\"@graph\":[{\"@type\":\"Article\",\"@id\":\"https:\/\/welovecinema.be\/fr\/podcast-les-rituels-de-michiel-blanchart\/#article\",\"isPartOf\":{\"@id\":\"https:\/\/welovecinema.be\/fr\/podcast-les-rituels-de-michiel-blanchart\/\"},\"author\":{\"name\":\"Aurore Engelen\",\"@id\":\"https:\/\/welovecinema.be\/nl\/#\/schema\/person\/8084b68c6b176142d073695c654dc7cf\"},\"headline\":\"#PODCAST Les Rituels de Michiel Blanchart\",\"datePublished\":\"2025-05-27T13:06:23+00:00\",\"dateModified\":\"2025-05-30T06:51:26+00:00\",\"mainEntityOfPage\":{\"@id\":\"https:\/\/welovecinema.be\/fr\/podcast-les-rituels-de-michiel-blanchart\/\"},\"wordCount\":387,\"publisher\":{\"@id\":\"https:\/\/welovecinema.be\/nl\/#organization\"},\"articleSection\":[\"\u00a0We Love Belgian Cinema\",\"A l'affiche\",\"Evenements\",\"Rencontres\"],\"inLanguage\":\"fr-FR\"},{\"@type\":\"WebPage\",\"@id\":\"https:\/\/welovecinema.be\/fr\/podcast-les-rituels-de-michiel-blanchart\/\",\"url\":\"https:\/\/welovecinema.be\/fr\/podcast-les-rituels-de-michiel-blanchart\/\",\"name\":\"#PODCAST Les Rituels de Michiel Blanchart - We Love Cinema\",\"isPartOf\":{\"@id\":\"https:\/\/welovecinema.be\/nl\/#website\"},\"datePublished\":\"2025-05-27T13:06:23+00:00\",\"dateModified\":\"2025-05-30T06:51:26+00:00\",\"breadcrumb\":{\"@id\":\"https:\/\/welovecinema.be\/fr\/podcast-les-rituels-de-michiel-blanchart\/#breadcrumb\"},\"inLanguage\":\"fr-FR\",\"potentialAction\":[{\"@type\":\"ReadAction\",\"target\":[\"https:\/\/welovecinema.be\/fr\/podcast-les-rituels-de-michiel-blanchart\/\"]}]},{\"@type\":\"BreadcrumbList\",\"@id\":\"https:\/\/welovecinema.be\/fr\/podcast-les-rituels-de-michiel-blanchart\/#breadcrumb\",\"itemListElement\":[{\"@type\":\"ListItem\",\"position\":1,\"name\":\"Accueil\",\"item\":\"https:\/\/welovecinema.be\/fr\/\"},{\"@type\":\"ListItem\",\"position\":2,\"name\":\"#PODCAST Les Rituels de Michiel Blanchart\"}]},{\"@type\":\"WebSite\",\"@id\":\"https:\/\/welovecinema.be\/nl\/#website\",\"url\":\"https:\/\/welovecinema.be\/nl\/\",\"name\":\"We Love Cinema\",\"description\":\"Toute l\u2019information du cin\u00e9ma en Belgique\",\"publisher\":{\"@id\":\"https:\/\/welovecinema.be\/nl\/#organization\"},\"potentialAction\":[{\"@type\":\"SearchAction\",\"target\":{\"@type\":\"EntryPoint\",\"urlTemplate\":\"https:\/\/welovecinema.be\/nl\/?s={search_term_string}\"},\"query-input\":\"required name=search_term_string\"}],\"inLanguage\":\"fr-FR\"},{\"@type\":\"Organization\",\"@id\":\"https:\/\/welovecinema.be\/nl\/#organization\",\"name\":\"We Love Cinema\",\"url\":\"https:\/\/welovecinema.be\/nl\/\",\"logo\":{\"@type\":\"ImageObject\",\"inLanguage\":\"fr-FR\",\"@id\":\"https:\/\/welovecinema.be\/nl\/#\/schema\/logo\/image\/\",\"url\":\"https:\/\/welovecinema.be\/wp-content\/uploads\/sites\/2\/2023\/03\/Logo-We-Love-Cinema305x128.jpg\",\"contentUrl\":\"https:\/\/welovecinema.be\/wp-content\/uploads\/sites\/2\/2023\/03\/Logo-We-Love-Cinema305x128.jpg\",\"width\":305,\"height\":128,\"caption\":\"We Love Cinema\"},\"image\":{\"@id\":\"https:\/\/welovecinema.be\/nl\/#\/schema\/logo\/image\/\"},\"sameAs\":[\"https:\/\/www.facebook.com\/welovecinema.be\",\"https:\/\/www.youtube.com\/channel\/UCX5LYGVhnKvYauW4Nta4HJA\",\"https:\/\/www.instagram.com\/welovecinema.be\/\"]},{\"@type\":\"Person\",\"@id\":\"https:\/\/welovecinema.be\/nl\/#\/schema\/person\/8084b68c6b176142d073695c654dc7cf\",\"name\":\"Aurore Engelen\",\"url\":\"https:\/\/welovecinema.be\/fr\/author\/aurore-engelen\/\"}]}<\/script>\n<!-- \/ Yoast SEO plugin. -->","yoast_head_json":{"title":"#PODCAST Les Rituels de Michiel Blanchart - We Love Cinema","robots":{"index":"index","follow":"follow","max-snippet":"max-snippet:-1","max-image-preview":"max-image-preview:large","max-video-preview":"max-video-preview:-1"},"canonical":"https:\/\/welovecinema.be\/fr\/podcast-les-rituels-de-michiel-blanchart\/","og_locale":"fr_FR","og_type":"article","og_title":"#PODCAST Les Rituels de Michiel Blanchart - We Love Cinema","og_description":"\u00ab\u00a0J\u2019essaie en permanence d\u2019\u00eatre spectateur de mon film avant m\u00eame qu&rsquo;il n\u2019existe.\u00a0\u00bb Les Rituels de Michiel Blanchart Alors qu\u2019il a encore l\u2019\u00e2ge de jouer aux Playmobil, Michiel Blanchart r\u00e9alise d\u00e9j\u00e0 ses premiers films, dans sa t\u00eate et dans son jardin. A 7 ans, il emprunte la cam\u00e9ra de son voisin, qui devient son premier cameraman, &hellip;","og_url":"https:\/\/welovecinema.be\/fr\/podcast-les-rituels-de-michiel-blanchart\/","og_site_name":"We Love Cinema","article_publisher":"https:\/\/www.facebook.com\/welovecinema.be","article_published_time":"2025-05-27T13:06:23+00:00","article_modified_time":"2025-05-30T06:51:26+00:00","og_image":[{"width":1920,"height":1080,"url":"https:\/\/welovecinema.be\/wp-content\/uploads\/sites\/2\/2025\/05\/Les-rituels-de-Michiel-Blanchart-45-Presentation.jpg","type":"image\/jpeg"}],"author":"Aurore Engelen","twitter_card":"summary_large_image","twitter_misc":{"\u00c9crit par":"Aurore Engelen","Dur\u00e9e de lecture estim\u00e9e":"2 minutes"},"schema":{"@context":"https:\/\/schema.org","@graph":[{"@type":"Article","@id":"https:\/\/welovecinema.be\/fr\/podcast-les-rituels-de-michiel-blanchart\/#article","isPartOf":{"@id":"https:\/\/welovecinema.be\/fr\/podcast-les-rituels-de-michiel-blanchart\/"},"author":{"name":"Aurore Engelen","@id":"https:\/\/welovecinema.be\/nl\/#\/schema\/person\/8084b68c6b176142d073695c654dc7cf"},"headline":"#PODCAST Les Rituels de Michiel Blanchart","datePublished":"2025-05-27T13:06:23+00:00","dateModified":"2025-05-30T06:51:26+00:00","mainEntityOfPage":{"@id":"https:\/\/welovecinema.be\/fr\/podcast-les-rituels-de-michiel-blanchart\/"},"wordCount":387,"publisher":{"@id":"https:\/\/welovecinema.be\/nl\/#organization"},"articleSection":["\u00a0We Love Belgian Cinema","A l'affiche","Evenements","Rencontres"],"inLanguage":"fr-FR"},{"@type":"WebPage","@id":"https:\/\/welovecinema.be\/fr\/podcast-les-rituels-de-michiel-blanchart\/","url":"https:\/\/welovecinema.be\/fr\/podcast-les-rituels-de-michiel-blanchart\/","name":"#PODCAST Les Rituels de Michiel Blanchart - We Love Cinema","isPartOf":{"@id":"https:\/\/welovecinema.be\/nl\/#website"},"datePublished":"2025-05-27T13:06:23+00:00","dateModified":"2025-05-30T06:51:26+00:00","breadcrumb":{"@id":"https:\/\/welovecinema.be\/fr\/podcast-les-rituels-de-michiel-blanchart\/#breadcrumb"},"inLanguage":"fr-FR","potentialAction":[{"@type":"ReadAction","target":["https:\/\/welovecinema.be\/fr\/podcast-les-rituels-de-michiel-blanchart\/"]}]},{"@type":"BreadcrumbList","@id":"https:\/\/welovecinema.be\/fr\/podcast-les-rituels-de-michiel-blanchart\/#breadcrumb","itemListElement":[{"@type":"ListItem","position":1,"name":"Accueil","item":"https:\/\/welovecinema.be\/fr\/"},{"@type":"ListItem","position":2,"name":"#PODCAST Les Rituels de Michiel Blanchart"}]},{"@type":"WebSite","@id":"https:\/\/welovecinema.be\/nl\/#website","url":"https:\/\/welovecinema.be\/nl\/","name":"We Love Cinema","description":"Toute l\u2019information du cin\u00e9ma en Belgique","publisher":{"@id":"https:\/\/welovecinema.be\/nl\/#organization"},"potentialAction":[{"@type":"SearchAction","target":{"@type":"EntryPoint","urlTemplate":"https:\/\/welovecinema.be\/nl\/?s={search_term_string}"},"query-input":"required name=search_term_string"}],"inLanguage":"fr-FR"},{"@type":"Organization","@id":"https:\/\/welovecinema.be\/nl\/#organization","name":"We Love Cinema","url":"https:\/\/welovecinema.be\/nl\/","logo":{"@type":"ImageObject","inLanguage":"fr-FR","@id":"https:\/\/welovecinema.be\/nl\/#\/schema\/logo\/image\/","url":"https:\/\/welovecinema.be\/wp-content\/uploads\/sites\/2\/2023\/03\/Logo-We-Love-Cinema305x128.jpg","contentUrl":"https:\/\/welovecinema.be\/wp-content\/uploads\/sites\/2\/2023\/03\/Logo-We-Love-Cinema305x128.jpg","width":305,"height":128,"caption":"We Love Cinema"},"image":{"@id":"https:\/\/welovecinema.be\/nl\/#\/schema\/logo\/image\/"},"sameAs":["https:\/\/www.facebook.com\/welovecinema.be","https:\/\/www.youtube.com\/channel\/UCX5LYGVhnKvYauW4Nta4HJA","https:\/\/www.instagram.com\/welovecinema.be\/"]},{"@type":"Person","@id":"https:\/\/welovecinema.be\/nl\/#\/schema\/person\/8084b68c6b176142d073695c654dc7cf","name":"Aurore Engelen","url":"https:\/\/welovecinema.be\/fr\/author\/aurore-engelen\/"}]}},"_links":{"self":[{"href":"https:\/\/welovecinema.be\/fr\/wp-json\/wp\/v2\/posts\/265048","targetHints":{"allow":["GET"]}}],"collection":[{"href":"https:\/\/welovecinema.be\/fr\/wp-json\/wp\/v2\/posts"}],"about":[{"href":"https:\/\/welovecinema.be\/fr\/wp-json\/wp\/v2\/types\/post"}],"author":[{"embeddable":true,"href":"https:\/\/welovecinema.be\/fr\/wp-json\/wp\/v2\/users\/343"}],"replies":[{"embeddable":true,"href":"https:\/\/welovecinema.be\/fr\/wp-json\/wp\/v2\/comments?post=265048"}],"version-history":[{"count":2,"href":"https:\/\/welovecinema.be\/fr\/wp-json\/wp\/v2\/posts\/265048\/revisions"}],"predecessor-version":[{"id":265052,"href":"https:\/\/welovecinema.be\/fr\/wp-json\/wp\/v2\/posts\/265048\/revisions\/265052"}],"wp:featuredmedia":[{"embeddable":true,"href":"https:\/\/welovecinema.be\/fr\/wp-json\/wp\/v2\/media\/265049"}],"wp:attachment":[{"href":"https:\/\/welovecinema.be\/fr\/wp-json\/wp\/v2\/media?parent=265048"}],"wp:term":[{"taxonomy":"category","embeddable":true,"href":"https:\/\/welovecinema.be\/fr\/wp-json\/wp\/v2\/categories?post=265048"},{"taxonomy":"post_tag","embeddable":true,"href":"https:\/\/welovecinema.be\/fr\/wp-json\/wp\/v2\/tags?post=265048"}],"curies":[{"name":"wp","href":"https:\/\/api.w.org\/{rel}","templated":true}]}}