{"id":264916,"date":"2025-05-19T16:34:03","date_gmt":"2025-05-19T14:34:03","guid":{"rendered":"https:\/\/welovecinema.be\/?p=264916"},"modified":"2025-05-19T16:38:46","modified_gmt":"2025-05-19T14:38:46","slug":"wes-anderson-et-sa-fameuse-brochette-dinvites-a-cannes","status":"publish","type":"post","link":"https:\/\/welovecinema.be\/fr\/wes-anderson-et-sa-fameuse-brochette-dinvites-a-cannes\/","title":{"rendered":"Wes Anderson et sa fameuse brochette d\u2019invit\u00e9s \u00e0 Cannes\u00a0!"},"content":{"rendered":"<p>Wes Anderson et sa fameuse brochette d\u2019invit\u00e9s \u00e0 Cannes\u00a0!<\/p>\n<p><strong>Cette fois, Cannes a d\u00e9roul\u00e9 son tapis rouge pour accueillir un ma\u00eetre de l&rsquo;esth\u00e9tique singuli\u00e8re : Wes Anderson. Et c&rsquo;est avec son nouveau long-m\u00e9trage, <em>The Phoenician Scheme,<\/em> au casting cinq \u00e9toiles, qu&rsquo;il a \u00e9lectris\u00e9 la foule! <\/strong><\/p>\n<p>Fid\u00e8le \u00e0 son univers reconnaissable entre mille, Anderson nous plonge dans un r\u00e9cit o\u00f9 la sym\u00e9trie des cadres, les palettes de couleurs pastel et les personnages excentriques sont de rigueur. Bref, <em>The Phoenician Scheme<\/em> ne d\u00e9roge pas \u00e0 la r\u00e8gle, mais y ajoute une nouvelle couche de complexit\u00e9 et un casting constell\u00e9e de stars.<\/p>\n<p>Le film met en sc\u00e8ne Benicio Del Toro dans le r\u00f4le de Zsa-Zsa Korda, un magnat europ\u00e9en au pass\u00e9 trouble, dont la d\u00e9cision de l\u00e9guer son empire \u00e0 sa fille inexp\u00e9riment\u00e9e, interpr\u00e9t\u00e9e par Mia Threapleton, d\u00e9clenche un tourbillon d&rsquo;intrigues internationales.<\/p>\n<p>Lors de la conf\u00e9rence de presse apr\u00e8s la projection, Wes Anderson a confi\u00e9: \u00ab\u00a0<em>L&rsquo;id\u00e9e de<\/em> The Phoenician <em>Scheme a germ\u00e9 il y a quelques ann\u00e9e. J\u2019y suis toujours fascin\u00e9 par la complexit\u00e9 des dynamiques familiales au sein de structures de pouvoir importantes. Et puis, bien s\u00fbr, l&rsquo;opportunit\u00e9 de travailler \u00e0 nouveau avec Benicio Del Toro \u00e9tait irr\u00e9sistible. Son intensit\u00e9 apporte une gravit\u00e9 singuli\u00e8re \u00e0 ce monde parfois absurde.<\/em> \u00bb<\/p>\n<p>Benicio Del Toro, interrog\u00e9 sur son personnage, a, lui, expliqu\u00e9: \u00ab <em>Zsa-Zsa est un homme plein de contradictions. Il est impitoyable dans les affaires, mais il y a une tendresse inattendue dans sa relation avec sa fille. Wes a une mani\u00e8re unique de r\u00e9v\u00e9ler ces nuances, m\u00eame dans les silences.<\/em>\u00a0\u00bb<\/p>\n<p>Le casting de tr\u00e8s haut vol (Toutefois sans Racha Dati, alors qu\u2019elle est aux c\u00f4t\u00e9s du cin\u00e9aste sur la photo sign\u00e9e \u00a9 JP.Malherbe\/N.L.P.), v\u00e9ritable signature du r\u00e9alisateur, voit le retour, une fois encore, de fid\u00e8les collaborateurs comme Bill Murray, qui interpr\u00e8te\u2026 Dieu en personne. \u00ab <em>Travailler avec Wes est toujours une aventure\u00a0<\/em>\u00bb, a d\u00e9clar\u00e9 Murray avec son humour habituel. \u00ab\u00a0<em>On se sent comme faisant partie d&rsquo;une horloge suisse magnifiquement d\u00e9r\u00e9gl\u00e9e.<\/em>\u00a0\u00bb.<\/p>\n<p>De nouvelles collaborations enrichissent l&rsquo;ensemble, avec surtout Scarlett Johansson, qui a confi\u00e9: \u00ab\u00a0<em>L&rsquo;esth\u00e9tique d&rsquo;Anderson est tellement distinctive. C&rsquo;\u00e9tait un plaisir de se fondre dans ce monde si m\u00e9ticuleusement cr\u00e9\u00e9.<\/em>\u00a0\u00bb Quant \u00e0 lui, Tom Hanks appara\u00eet dans un r\u00f4le de patriarche \u00e9nigmatique.<\/p>\n<p>Mia Threapleton, pour sa part, a exprim\u00e9 son admiration pour le r\u00e9alisateur: \u00ab\u00a0<em>Wes cr\u00e9e un environnement tellement encourageant pour les acteurs. Chaque d\u00e9tail compte, et cela nous permet de nous immerger compl\u00e8tement dans nos personnages.\u00a0<\/em>\u00bb<\/p>\n<p>L&rsquo;attention maniaque aux d\u00e9tails, des costumes imagin\u00e9s par Milena Canonero aux d\u00e9cors somptueux con\u00e7us par Adam Stockhausen, est une fois de plus un point fort du film. Sans compter qu\u2019Alexandre Desplat signe une bande originale \u00e9l\u00e9gante, m\u00ealant des compositions classiques \u00e0 des morceaux originaux, avec une contribution remarqu\u00e9e de Jarvis Cocker du groupe Pulp.<\/p>\n<p>Enfin, et comme l&rsquo;a soulign\u00e9 Wes Anderson lors de son passage sur le tapis rouge: \u00ab\u00a0<em>Chaque film est une tentative de cr\u00e9er quelque chose de nouveau, tout en restant fid\u00e8le \u00e0 une certaine vision. J&rsquo;esp\u00e8re que le public trouvera son propre chemin dans ce<\/em> Sch\u00e9ma Ph\u00e9nicien.\u00a0\u00bb<\/p>\n<p>Et Charlotte Gainsbourg, \u00e9galement de la partie, conclut: \u00ab\u00a0<em>J\u2019ai pass\u00e9 deux jours extraordinaires sur ce tournage. Je devais porter un costume qui nous plongeait dans un monde qui n\u2019avait aucun sens\u00a0! Ma m\u00e8re m\u2019avait dit que j\u2019\u00e9tais faite pour jouer la com\u00e9die. Aujourd\u2019hui, j\u2019ai l\u2019impression d\u2019exaucer son v\u0153u.\u00a0<\/em>\u00bb<\/p>\n<p>Pour d\u00e9couvrir tout \u00e7a, le film sera d\u00e9j\u00e0 dans nos salles d\u00e8s ce 28 mai\u00a0!<\/p>\n","protected":false},"excerpt":{"rendered":"<p>Wes Anderson et sa fameuse brochette d\u2019invit\u00e9s \u00e0 Cannes\u00a0! Cette fois, Cannes a d\u00e9roul\u00e9 son tapis rouge pour accueillir un ma\u00eetre de l&rsquo;esth\u00e9tique singuli\u00e8re : Wes Anderson. Et c&rsquo;est avec son nouveau long-m\u00e9trage, The Phoenician Scheme, au casting cinq \u00e9toiles, qu&rsquo;il a \u00e9lectris\u00e9 la foule! Fid\u00e8le \u00e0 son univers reconnaissable entre mille, Anderson nous plonge &hellip;<\/p>\n","protected":false},"author":358,"featured_media":264914,"comment_status":"closed","ping_status":"closed","sticky":false,"template":"","format":"standard","meta":{"ngg_post_thumbnail":0,"footnotes":""},"categories":[7135,7],"tags":[],"class_list":["post-264916","post","type-post","status-publish","format-standard","has-post-thumbnail","","category-we-love-worldwide","category-actualites"],"yoast_head":"<!-- This site is optimized with the Yoast SEO plugin v20.4 - https:\/\/yoast.com\/wordpress\/plugins\/seo\/ -->\n<title>Wes Anderson et sa fameuse brochette d\u2019invit\u00e9s \u00e0 Cannes\u00a0! - We Love Cinema<\/title>\n<meta name=\"robots\" content=\"index, follow, max-snippet:-1, max-image-preview:large, max-video-preview:-1\" \/>\n<link rel=\"canonical\" href=\"https:\/\/welovecinema.be\/fr\/wes-anderson-et-sa-fameuse-brochette-dinvites-a-cannes\/\" \/>\n<meta property=\"og:locale\" content=\"fr_FR\" \/>\n<meta property=\"og:type\" content=\"article\" \/>\n<meta property=\"og:title\" content=\"Wes Anderson et sa fameuse brochette d\u2019invit\u00e9s \u00e0 Cannes\u00a0! - We Love Cinema\" \/>\n<meta property=\"og:description\" content=\"Wes Anderson et sa fameuse brochette d\u2019invit\u00e9s \u00e0 Cannes\u00a0! Cette fois, Cannes a d\u00e9roul\u00e9 son tapis rouge pour accueillir un ma\u00eetre de l&rsquo;esth\u00e9tique singuli\u00e8re : Wes Anderson. Et c&rsquo;est avec son nouveau long-m\u00e9trage, The Phoenician Scheme, au casting cinq \u00e9toiles, qu&rsquo;il a \u00e9lectris\u00e9 la foule! Fid\u00e8le \u00e0 son univers reconnaissable entre mille, Anderson nous plonge &hellip;\" \/>\n<meta property=\"og:url\" content=\"https:\/\/welovecinema.be\/fr\/wes-anderson-et-sa-fameuse-brochette-dinvites-a-cannes\/\" \/>\n<meta property=\"og:site_name\" content=\"We Love Cinema\" \/>\n<meta property=\"article:publisher\" content=\"https:\/\/www.facebook.com\/welovecinema.be\" \/>\n<meta property=\"article:published_time\" content=\"2025-05-19T14:34:03+00:00\" \/>\n<meta property=\"article:modified_time\" content=\"2025-05-19T14:38:46+00:00\" \/>\n<meta property=\"og:image\" content=\"https:\/\/welovecinema.be\/wp-content\/uploads\/sites\/2\/2025\/05\/DSC07791-scaled.jpg\" \/>\n\t<meta property=\"og:image:width\" content=\"2560\" \/>\n\t<meta property=\"og:image:height\" content=\"1707\" \/>\n\t<meta property=\"og:image:type\" content=\"image\/jpeg\" \/>\n<meta name=\"author\" content=\"fred\" \/>\n<meta name=\"twitter:card\" content=\"summary_large_image\" \/>\n<meta name=\"twitter:label1\" content=\"\u00c9crit par\" \/>\n\t<meta name=\"twitter:data1\" content=\"fred\" \/>\n\t<meta name=\"twitter:label2\" content=\"Dur\u00e9e de lecture estim\u00e9e\" \/>\n\t<meta name=\"twitter:data2\" content=\"3 minutes\" \/>\n<script type=\"application\/ld+json\" class=\"yoast-schema-graph\">{\"@context\":\"https:\/\/schema.org\",\"@graph\":[{\"@type\":\"Article\",\"@id\":\"https:\/\/welovecinema.be\/fr\/wes-anderson-et-sa-fameuse-brochette-dinvites-a-cannes\/#article\",\"isPartOf\":{\"@id\":\"https:\/\/welovecinema.be\/fr\/wes-anderson-et-sa-fameuse-brochette-dinvites-a-cannes\/\"},\"author\":{\"name\":\"fred\",\"@id\":\"https:\/\/welovecinema.be\/nl\/#\/schema\/person\/7620619142b6dd3c9aa19e9210ad5bd5\"},\"headline\":\"Wes Anderson et sa fameuse brochette d\u2019invit\u00e9s \u00e0 Cannes\u00a0!\",\"datePublished\":\"2025-05-19T14:34:03+00:00\",\"dateModified\":\"2025-05-19T14:38:46+00:00\",\"mainEntityOfPage\":{\"@id\":\"https:\/\/welovecinema.be\/fr\/wes-anderson-et-sa-fameuse-brochette-dinvites-a-cannes\/\"},\"wordCount\":664,\"publisher\":{\"@id\":\"https:\/\/welovecinema.be\/nl\/#organization\"},\"articleSection\":[\"\u00a0We Love Worldwide Cinema\",\"News\"],\"inLanguage\":\"fr-FR\"},{\"@type\":\"WebPage\",\"@id\":\"https:\/\/welovecinema.be\/fr\/wes-anderson-et-sa-fameuse-brochette-dinvites-a-cannes\/\",\"url\":\"https:\/\/welovecinema.be\/fr\/wes-anderson-et-sa-fameuse-brochette-dinvites-a-cannes\/\",\"name\":\"Wes Anderson et sa fameuse brochette d\u2019invit\u00e9s \u00e0 Cannes\u00a0! - We Love Cinema\",\"isPartOf\":{\"@id\":\"https:\/\/welovecinema.be\/nl\/#website\"},\"datePublished\":\"2025-05-19T14:34:03+00:00\",\"dateModified\":\"2025-05-19T14:38:46+00:00\",\"breadcrumb\":{\"@id\":\"https:\/\/welovecinema.be\/fr\/wes-anderson-et-sa-fameuse-brochette-dinvites-a-cannes\/#breadcrumb\"},\"inLanguage\":\"fr-FR\",\"potentialAction\":[{\"@type\":\"ReadAction\",\"target\":[\"https:\/\/welovecinema.be\/fr\/wes-anderson-et-sa-fameuse-brochette-dinvites-a-cannes\/\"]}]},{\"@type\":\"BreadcrumbList\",\"@id\":\"https:\/\/welovecinema.be\/fr\/wes-anderson-et-sa-fameuse-brochette-dinvites-a-cannes\/#breadcrumb\",\"itemListElement\":[{\"@type\":\"ListItem\",\"position\":1,\"name\":\"Accueil\",\"item\":\"https:\/\/welovecinema.be\/fr\/\"},{\"@type\":\"ListItem\",\"position\":2,\"name\":\"Wes Anderson et sa fameuse brochette d\u2019invit\u00e9s \u00e0 Cannes\u00a0!\"}]},{\"@type\":\"WebSite\",\"@id\":\"https:\/\/welovecinema.be\/nl\/#website\",\"url\":\"https:\/\/welovecinema.be\/nl\/\",\"name\":\"We Love Cinema\",\"description\":\"Toute l\u2019information du cin\u00e9ma en Belgique\",\"publisher\":{\"@id\":\"https:\/\/welovecinema.be\/nl\/#organization\"},\"potentialAction\":[{\"@type\":\"SearchAction\",\"target\":{\"@type\":\"EntryPoint\",\"urlTemplate\":\"https:\/\/welovecinema.be\/nl\/?s={search_term_string}\"},\"query-input\":\"required name=search_term_string\"}],\"inLanguage\":\"fr-FR\"},{\"@type\":\"Organization\",\"@id\":\"https:\/\/welovecinema.be\/nl\/#organization\",\"name\":\"We Love Cinema\",\"url\":\"https:\/\/welovecinema.be\/nl\/\",\"logo\":{\"@type\":\"ImageObject\",\"inLanguage\":\"fr-FR\",\"@id\":\"https:\/\/welovecinema.be\/nl\/#\/schema\/logo\/image\/\",\"url\":\"https:\/\/welovecinema.be\/wp-content\/uploads\/sites\/2\/2023\/03\/Logo-We-Love-Cinema305x128.jpg\",\"contentUrl\":\"https:\/\/welovecinema.be\/wp-content\/uploads\/sites\/2\/2023\/03\/Logo-We-Love-Cinema305x128.jpg\",\"width\":305,\"height\":128,\"caption\":\"We Love Cinema\"},\"image\":{\"@id\":\"https:\/\/welovecinema.be\/nl\/#\/schema\/logo\/image\/\"},\"sameAs\":[\"https:\/\/www.facebook.com\/welovecinema.be\",\"https:\/\/www.youtube.com\/channel\/UCX5LYGVhnKvYauW4Nta4HJA\",\"https:\/\/www.instagram.com\/welovecinema.be\/\"]},{\"@type\":\"Person\",\"@id\":\"https:\/\/welovecinema.be\/nl\/#\/schema\/person\/7620619142b6dd3c9aa19e9210ad5bd5\",\"name\":\"fred\",\"url\":\"https:\/\/welovecinema.be\/fr\/author\/fred\/\"}]}<\/script>\n<!-- \/ Yoast SEO plugin. -->","yoast_head_json":{"title":"Wes Anderson et sa fameuse brochette d\u2019invit\u00e9s \u00e0 Cannes\u00a0! - We Love Cinema","robots":{"index":"index","follow":"follow","max-snippet":"max-snippet:-1","max-image-preview":"max-image-preview:large","max-video-preview":"max-video-preview:-1"},"canonical":"https:\/\/welovecinema.be\/fr\/wes-anderson-et-sa-fameuse-brochette-dinvites-a-cannes\/","og_locale":"fr_FR","og_type":"article","og_title":"Wes Anderson et sa fameuse brochette d\u2019invit\u00e9s \u00e0 Cannes\u00a0! - We Love Cinema","og_description":"Wes Anderson et sa fameuse brochette d\u2019invit\u00e9s \u00e0 Cannes\u00a0! Cette fois, Cannes a d\u00e9roul\u00e9 son tapis rouge pour accueillir un ma\u00eetre de l&rsquo;esth\u00e9tique singuli\u00e8re : Wes Anderson. Et c&rsquo;est avec son nouveau long-m\u00e9trage, The Phoenician Scheme, au casting cinq \u00e9toiles, qu&rsquo;il a \u00e9lectris\u00e9 la foule! Fid\u00e8le \u00e0 son univers reconnaissable entre mille, Anderson nous plonge &hellip;","og_url":"https:\/\/welovecinema.be\/fr\/wes-anderson-et-sa-fameuse-brochette-dinvites-a-cannes\/","og_site_name":"We Love Cinema","article_publisher":"https:\/\/www.facebook.com\/welovecinema.be","article_published_time":"2025-05-19T14:34:03+00:00","article_modified_time":"2025-05-19T14:38:46+00:00","og_image":[{"width":2560,"height":1707,"url":"https:\/\/welovecinema.be\/wp-content\/uploads\/sites\/2\/2025\/05\/DSC07791-scaled.jpg","type":"image\/jpeg"}],"author":"fred","twitter_card":"summary_large_image","twitter_misc":{"\u00c9crit par":"fred","Dur\u00e9e de lecture estim\u00e9e":"3 minutes"},"schema":{"@context":"https:\/\/schema.org","@graph":[{"@type":"Article","@id":"https:\/\/welovecinema.be\/fr\/wes-anderson-et-sa-fameuse-brochette-dinvites-a-cannes\/#article","isPartOf":{"@id":"https:\/\/welovecinema.be\/fr\/wes-anderson-et-sa-fameuse-brochette-dinvites-a-cannes\/"},"author":{"name":"fred","@id":"https:\/\/welovecinema.be\/nl\/#\/schema\/person\/7620619142b6dd3c9aa19e9210ad5bd5"},"headline":"Wes Anderson et sa fameuse brochette d\u2019invit\u00e9s \u00e0 Cannes\u00a0!","datePublished":"2025-05-19T14:34:03+00:00","dateModified":"2025-05-19T14:38:46+00:00","mainEntityOfPage":{"@id":"https:\/\/welovecinema.be\/fr\/wes-anderson-et-sa-fameuse-brochette-dinvites-a-cannes\/"},"wordCount":664,"publisher":{"@id":"https:\/\/welovecinema.be\/nl\/#organization"},"articleSection":["\u00a0We Love Worldwide Cinema","News"],"inLanguage":"fr-FR"},{"@type":"WebPage","@id":"https:\/\/welovecinema.be\/fr\/wes-anderson-et-sa-fameuse-brochette-dinvites-a-cannes\/","url":"https:\/\/welovecinema.be\/fr\/wes-anderson-et-sa-fameuse-brochette-dinvites-a-cannes\/","name":"Wes Anderson et sa fameuse brochette d\u2019invit\u00e9s \u00e0 Cannes\u00a0! - We Love Cinema","isPartOf":{"@id":"https:\/\/welovecinema.be\/nl\/#website"},"datePublished":"2025-05-19T14:34:03+00:00","dateModified":"2025-05-19T14:38:46+00:00","breadcrumb":{"@id":"https:\/\/welovecinema.be\/fr\/wes-anderson-et-sa-fameuse-brochette-dinvites-a-cannes\/#breadcrumb"},"inLanguage":"fr-FR","potentialAction":[{"@type":"ReadAction","target":["https:\/\/welovecinema.be\/fr\/wes-anderson-et-sa-fameuse-brochette-dinvites-a-cannes\/"]}]},{"@type":"BreadcrumbList","@id":"https:\/\/welovecinema.be\/fr\/wes-anderson-et-sa-fameuse-brochette-dinvites-a-cannes\/#breadcrumb","itemListElement":[{"@type":"ListItem","position":1,"name":"Accueil","item":"https:\/\/welovecinema.be\/fr\/"},{"@type":"ListItem","position":2,"name":"Wes Anderson et sa fameuse brochette d\u2019invit\u00e9s \u00e0 Cannes\u00a0!"}]},{"@type":"WebSite","@id":"https:\/\/welovecinema.be\/nl\/#website","url":"https:\/\/welovecinema.be\/nl\/","name":"We Love Cinema","description":"Toute l\u2019information du cin\u00e9ma en Belgique","publisher":{"@id":"https:\/\/welovecinema.be\/nl\/#organization"},"potentialAction":[{"@type":"SearchAction","target":{"@type":"EntryPoint","urlTemplate":"https:\/\/welovecinema.be\/nl\/?s={search_term_string}"},"query-input":"required name=search_term_string"}],"inLanguage":"fr-FR"},{"@type":"Organization","@id":"https:\/\/welovecinema.be\/nl\/#organization","name":"We Love Cinema","url":"https:\/\/welovecinema.be\/nl\/","logo":{"@type":"ImageObject","inLanguage":"fr-FR","@id":"https:\/\/welovecinema.be\/nl\/#\/schema\/logo\/image\/","url":"https:\/\/welovecinema.be\/wp-content\/uploads\/sites\/2\/2023\/03\/Logo-We-Love-Cinema305x128.jpg","contentUrl":"https:\/\/welovecinema.be\/wp-content\/uploads\/sites\/2\/2023\/03\/Logo-We-Love-Cinema305x128.jpg","width":305,"height":128,"caption":"We Love Cinema"},"image":{"@id":"https:\/\/welovecinema.be\/nl\/#\/schema\/logo\/image\/"},"sameAs":["https:\/\/www.facebook.com\/welovecinema.be","https:\/\/www.youtube.com\/channel\/UCX5LYGVhnKvYauW4Nta4HJA","https:\/\/www.instagram.com\/welovecinema.be\/"]},{"@type":"Person","@id":"https:\/\/welovecinema.be\/nl\/#\/schema\/person\/7620619142b6dd3c9aa19e9210ad5bd5","name":"fred","url":"https:\/\/welovecinema.be\/fr\/author\/fred\/"}]}},"_links":{"self":[{"href":"https:\/\/welovecinema.be\/fr\/wp-json\/wp\/v2\/posts\/264916","targetHints":{"allow":["GET"]}}],"collection":[{"href":"https:\/\/welovecinema.be\/fr\/wp-json\/wp\/v2\/posts"}],"about":[{"href":"https:\/\/welovecinema.be\/fr\/wp-json\/wp\/v2\/types\/post"}],"author":[{"embeddable":true,"href":"https:\/\/welovecinema.be\/fr\/wp-json\/wp\/v2\/users\/358"}],"replies":[{"embeddable":true,"href":"https:\/\/welovecinema.be\/fr\/wp-json\/wp\/v2\/comments?post=264916"}],"version-history":[{"count":1,"href":"https:\/\/welovecinema.be\/fr\/wp-json\/wp\/v2\/posts\/264916\/revisions"}],"predecessor-version":[{"id":264917,"href":"https:\/\/welovecinema.be\/fr\/wp-json\/wp\/v2\/posts\/264916\/revisions\/264917"}],"wp:featuredmedia":[{"embeddable":true,"href":"https:\/\/welovecinema.be\/fr\/wp-json\/wp\/v2\/media\/264914"}],"wp:attachment":[{"href":"https:\/\/welovecinema.be\/fr\/wp-json\/wp\/v2\/media?parent=264916"}],"wp:term":[{"taxonomy":"category","embeddable":true,"href":"https:\/\/welovecinema.be\/fr\/wp-json\/wp\/v2\/categories?post=264916"},{"taxonomy":"post_tag","embeddable":true,"href":"https:\/\/welovecinema.be\/fr\/wp-json\/wp\/v2\/tags?post=264916"}],"curies":[{"name":"wp","href":"https:\/\/api.w.org\/{rel}","templated":true}]}}