{"id":264553,"date":"2025-04-24T17:40:32","date_gmt":"2025-04-24T15:40:32","guid":{"rendered":"https:\/\/welovecinema.be\/?p=264553"},"modified":"2025-04-24T17:40:32","modified_gmt":"2025-04-24T15:40:32","slug":"le-realisateur-nicolas-winding-refn-revient-enfin-au-cinema","status":"publish","type":"post","link":"https:\/\/welovecinema.be\/fr\/le-realisateur-nicolas-winding-refn-revient-enfin-au-cinema\/","title":{"rendered":"Le r\u00e9alisateur Nicolas Winding Refn revient enfin au cin\u00e9ma\u00a0!"},"content":{"rendered":"<p>Pr\u00e8s de dix ans apr\u00e8s son dernier film au cin\u00e9ma (<em>The Neon Demon<\/em> en 2016), le r\u00e9alisateur de <em>Drive<\/em> (aussi) va sortir un nouveau long-m\u00e9trage en salles. Il s\u2019agira de <em>Her Private Hell<\/em>.<\/p>\n<p>Le cin\u00e9aste danois annonce <em>Her Private Hell<\/em> sans date de sortie ni d\u00e9tail sur l\u2019histoire. Par contre, on en sait un morceau sur le casting, puisque Charles Melton (<em>Warfare<\/em>), Sophie Thatcher (<em>Companion<\/em>), Kristine Froseth et Havana Rose Liu seront de la partie.<\/p>\n<p>Winding Refn s\u2019\u00e9tait tourn\u00e9 vers la s\u00e9rie ces derni\u00e8res ann\u00e9es (<em>Too Old to Die Young<\/em> <em>Copenhagen Cowboy<\/em>, ou encore une adaptation du <em>Club des Cinq<\/em>).<\/p>\n<p>On vous tient bien entendu au courant d\u00e8s qu\u2019on en sait plus sur ce retour tr\u00e8s excitant\u2026<\/p>\n","protected":false},"excerpt":{"rendered":"<p>Pr\u00e8s de dix ans apr\u00e8s son dernier film au cin\u00e9ma (The Neon Demon en 2016), le r\u00e9alisateur de Drive (aussi) va sortir un nouveau long-m\u00e9trage en salles. Il s\u2019agira de Her Private Hell. Le cin\u00e9aste danois annonce Her Private Hell sans date de sortie ni d\u00e9tail sur l\u2019histoire. Par contre, on en sait un morceau &hellip;<\/p>\n","protected":false},"author":358,"featured_media":264539,"comment_status":"closed","ping_status":"closed","sticky":false,"template":"","format":"standard","meta":{"ngg_post_thumbnail":0,"footnotes":""},"categories":[7135,7],"tags":[],"class_list":["post-264553","post","type-post","status-publish","format-standard","has-post-thumbnail","","category-we-love-worldwide","category-actualites"],"yoast_head":"<!-- This site is optimized with the Yoast SEO plugin v20.4 - https:\/\/yoast.com\/wordpress\/plugins\/seo\/ -->\n<title>Le r\u00e9alisateur Nicolas Winding Refn revient enfin au cin\u00e9ma\u00a0! - We Love Cinema<\/title>\n<meta name=\"robots\" content=\"index, follow, max-snippet:-1, max-image-preview:large, max-video-preview:-1\" \/>\n<link rel=\"canonical\" href=\"https:\/\/welovecinema.be\/fr\/le-realisateur-nicolas-winding-refn-revient-enfin-au-cinema\/\" \/>\n<meta property=\"og:locale\" content=\"fr_FR\" \/>\n<meta property=\"og:type\" content=\"article\" \/>\n<meta property=\"og:title\" content=\"Le r\u00e9alisateur Nicolas Winding Refn revient enfin au cin\u00e9ma\u00a0! - We Love Cinema\" \/>\n<meta property=\"og:description\" content=\"Pr\u00e8s de dix ans apr\u00e8s son dernier film au cin\u00e9ma (The Neon Demon en 2016), le r\u00e9alisateur de Drive (aussi) va sortir un nouveau long-m\u00e9trage en salles. Il s\u2019agira de Her Private Hell. Le cin\u00e9aste danois annonce Her Private Hell sans date de sortie ni d\u00e9tail sur l\u2019histoire. Par contre, on en sait un morceau &hellip;\" \/>\n<meta property=\"og:url\" content=\"https:\/\/welovecinema.be\/fr\/le-realisateur-nicolas-winding-refn-revient-enfin-au-cinema\/\" \/>\n<meta property=\"og:site_name\" content=\"We Love Cinema\" \/>\n<meta property=\"article:publisher\" content=\"https:\/\/www.facebook.com\/welovecinema.be\" \/>\n<meta property=\"article:published_time\" content=\"2025-04-24T15:40:32+00:00\" \/>\n<meta property=\"og:image\" content=\"https:\/\/welovecinema.be\/wp-content\/uploads\/sites\/2\/2025\/04\/her-private-hell.png\" \/>\n\t<meta property=\"og:image:width\" content=\"1157\" \/>\n\t<meta property=\"og:image:height\" content=\"477\" \/>\n\t<meta property=\"og:image:type\" content=\"image\/png\" \/>\n<meta name=\"author\" content=\"fred\" \/>\n<meta name=\"twitter:card\" content=\"summary_large_image\" \/>\n<meta name=\"twitter:label1\" content=\"\u00c9crit par\" \/>\n\t<meta name=\"twitter:data1\" content=\"fred\" \/>\n\t<meta name=\"twitter:label2\" content=\"Dur\u00e9e de lecture estim\u00e9e\" \/>\n\t<meta name=\"twitter:data2\" content=\"1 minute\" \/>\n<script type=\"application\/ld+json\" class=\"yoast-schema-graph\">{\"@context\":\"https:\/\/schema.org\",\"@graph\":[{\"@type\":\"Article\",\"@id\":\"https:\/\/welovecinema.be\/fr\/le-realisateur-nicolas-winding-refn-revient-enfin-au-cinema\/#article\",\"isPartOf\":{\"@id\":\"https:\/\/welovecinema.be\/fr\/le-realisateur-nicolas-winding-refn-revient-enfin-au-cinema\/\"},\"author\":{\"name\":\"fred\",\"@id\":\"https:\/\/welovecinema.be\/nl\/#\/schema\/person\/7620619142b6dd3c9aa19e9210ad5bd5\"},\"headline\":\"Le r\u00e9alisateur Nicolas Winding Refn revient enfin au cin\u00e9ma\u00a0!\",\"datePublished\":\"2025-04-24T15:40:32+00:00\",\"dateModified\":\"2025-04-24T15:40:32+00:00\",\"mainEntityOfPage\":{\"@id\":\"https:\/\/welovecinema.be\/fr\/le-realisateur-nicolas-winding-refn-revient-enfin-au-cinema\/\"},\"wordCount\":143,\"publisher\":{\"@id\":\"https:\/\/welovecinema.be\/nl\/#organization\"},\"articleSection\":[\"\u00a0We Love Worldwide Cinema\",\"News\"],\"inLanguage\":\"fr-FR\"},{\"@type\":\"WebPage\",\"@id\":\"https:\/\/welovecinema.be\/fr\/le-realisateur-nicolas-winding-refn-revient-enfin-au-cinema\/\",\"url\":\"https:\/\/welovecinema.be\/fr\/le-realisateur-nicolas-winding-refn-revient-enfin-au-cinema\/\",\"name\":\"Le r\u00e9alisateur Nicolas Winding Refn revient enfin au cin\u00e9ma\u00a0! - We Love Cinema\",\"isPartOf\":{\"@id\":\"https:\/\/welovecinema.be\/nl\/#website\"},\"datePublished\":\"2025-04-24T15:40:32+00:00\",\"dateModified\":\"2025-04-24T15:40:32+00:00\",\"breadcrumb\":{\"@id\":\"https:\/\/welovecinema.be\/fr\/le-realisateur-nicolas-winding-refn-revient-enfin-au-cinema\/#breadcrumb\"},\"inLanguage\":\"fr-FR\",\"potentialAction\":[{\"@type\":\"ReadAction\",\"target\":[\"https:\/\/welovecinema.be\/fr\/le-realisateur-nicolas-winding-refn-revient-enfin-au-cinema\/\"]}]},{\"@type\":\"BreadcrumbList\",\"@id\":\"https:\/\/welovecinema.be\/fr\/le-realisateur-nicolas-winding-refn-revient-enfin-au-cinema\/#breadcrumb\",\"itemListElement\":[{\"@type\":\"ListItem\",\"position\":1,\"name\":\"Accueil\",\"item\":\"https:\/\/welovecinema.be\/fr\/\"},{\"@type\":\"ListItem\",\"position\":2,\"name\":\"Le r\u00e9alisateur Nicolas Winding Refn revient enfin au cin\u00e9ma\u00a0!\"}]},{\"@type\":\"WebSite\",\"@id\":\"https:\/\/welovecinema.be\/nl\/#website\",\"url\":\"https:\/\/welovecinema.be\/nl\/\",\"name\":\"We Love Cinema\",\"description\":\"Toute l\u2019information du cin\u00e9ma en Belgique\",\"publisher\":{\"@id\":\"https:\/\/welovecinema.be\/nl\/#organization\"},\"potentialAction\":[{\"@type\":\"SearchAction\",\"target\":{\"@type\":\"EntryPoint\",\"urlTemplate\":\"https:\/\/welovecinema.be\/nl\/?s={search_term_string}\"},\"query-input\":\"required name=search_term_string\"}],\"inLanguage\":\"fr-FR\"},{\"@type\":\"Organization\",\"@id\":\"https:\/\/welovecinema.be\/nl\/#organization\",\"name\":\"We Love Cinema\",\"url\":\"https:\/\/welovecinema.be\/nl\/\",\"logo\":{\"@type\":\"ImageObject\",\"inLanguage\":\"fr-FR\",\"@id\":\"https:\/\/welovecinema.be\/nl\/#\/schema\/logo\/image\/\",\"url\":\"https:\/\/welovecinema.be\/wp-content\/uploads\/sites\/2\/2023\/03\/Logo-We-Love-Cinema305x128.jpg\",\"contentUrl\":\"https:\/\/welovecinema.be\/wp-content\/uploads\/sites\/2\/2023\/03\/Logo-We-Love-Cinema305x128.jpg\",\"width\":305,\"height\":128,\"caption\":\"We Love Cinema\"},\"image\":{\"@id\":\"https:\/\/welovecinema.be\/nl\/#\/schema\/logo\/image\/\"},\"sameAs\":[\"https:\/\/www.facebook.com\/welovecinema.be\",\"https:\/\/www.youtube.com\/channel\/UCX5LYGVhnKvYauW4Nta4HJA\",\"https:\/\/www.instagram.com\/welovecinema.be\/\"]},{\"@type\":\"Person\",\"@id\":\"https:\/\/welovecinema.be\/nl\/#\/schema\/person\/7620619142b6dd3c9aa19e9210ad5bd5\",\"name\":\"fred\",\"url\":\"https:\/\/welovecinema.be\/fr\/author\/fred\/\"}]}<\/script>\n<!-- \/ Yoast SEO plugin. -->","yoast_head_json":{"title":"Le r\u00e9alisateur Nicolas Winding Refn revient enfin au cin\u00e9ma\u00a0! - We Love Cinema","robots":{"index":"index","follow":"follow","max-snippet":"max-snippet:-1","max-image-preview":"max-image-preview:large","max-video-preview":"max-video-preview:-1"},"canonical":"https:\/\/welovecinema.be\/fr\/le-realisateur-nicolas-winding-refn-revient-enfin-au-cinema\/","og_locale":"fr_FR","og_type":"article","og_title":"Le r\u00e9alisateur Nicolas Winding Refn revient enfin au cin\u00e9ma\u00a0! - We Love Cinema","og_description":"Pr\u00e8s de dix ans apr\u00e8s son dernier film au cin\u00e9ma (The Neon Demon en 2016), le r\u00e9alisateur de Drive (aussi) va sortir un nouveau long-m\u00e9trage en salles. Il s\u2019agira de Her Private Hell. Le cin\u00e9aste danois annonce Her Private Hell sans date de sortie ni d\u00e9tail sur l\u2019histoire. Par contre, on en sait un morceau &hellip;","og_url":"https:\/\/welovecinema.be\/fr\/le-realisateur-nicolas-winding-refn-revient-enfin-au-cinema\/","og_site_name":"We Love Cinema","article_publisher":"https:\/\/www.facebook.com\/welovecinema.be","article_published_time":"2025-04-24T15:40:32+00:00","og_image":[{"width":1157,"height":477,"url":"https:\/\/welovecinema.be\/wp-content\/uploads\/sites\/2\/2025\/04\/her-private-hell.png","type":"image\/png"}],"author":"fred","twitter_card":"summary_large_image","twitter_misc":{"\u00c9crit par":"fred","Dur\u00e9e de lecture estim\u00e9e":"1 minute"},"schema":{"@context":"https:\/\/schema.org","@graph":[{"@type":"Article","@id":"https:\/\/welovecinema.be\/fr\/le-realisateur-nicolas-winding-refn-revient-enfin-au-cinema\/#article","isPartOf":{"@id":"https:\/\/welovecinema.be\/fr\/le-realisateur-nicolas-winding-refn-revient-enfin-au-cinema\/"},"author":{"name":"fred","@id":"https:\/\/welovecinema.be\/nl\/#\/schema\/person\/7620619142b6dd3c9aa19e9210ad5bd5"},"headline":"Le r\u00e9alisateur Nicolas Winding Refn revient enfin au cin\u00e9ma\u00a0!","datePublished":"2025-04-24T15:40:32+00:00","dateModified":"2025-04-24T15:40:32+00:00","mainEntityOfPage":{"@id":"https:\/\/welovecinema.be\/fr\/le-realisateur-nicolas-winding-refn-revient-enfin-au-cinema\/"},"wordCount":143,"publisher":{"@id":"https:\/\/welovecinema.be\/nl\/#organization"},"articleSection":["\u00a0We Love Worldwide Cinema","News"],"inLanguage":"fr-FR"},{"@type":"WebPage","@id":"https:\/\/welovecinema.be\/fr\/le-realisateur-nicolas-winding-refn-revient-enfin-au-cinema\/","url":"https:\/\/welovecinema.be\/fr\/le-realisateur-nicolas-winding-refn-revient-enfin-au-cinema\/","name":"Le r\u00e9alisateur Nicolas Winding Refn revient enfin au cin\u00e9ma\u00a0! - We Love Cinema","isPartOf":{"@id":"https:\/\/welovecinema.be\/nl\/#website"},"datePublished":"2025-04-24T15:40:32+00:00","dateModified":"2025-04-24T15:40:32+00:00","breadcrumb":{"@id":"https:\/\/welovecinema.be\/fr\/le-realisateur-nicolas-winding-refn-revient-enfin-au-cinema\/#breadcrumb"},"inLanguage":"fr-FR","potentialAction":[{"@type":"ReadAction","target":["https:\/\/welovecinema.be\/fr\/le-realisateur-nicolas-winding-refn-revient-enfin-au-cinema\/"]}]},{"@type":"BreadcrumbList","@id":"https:\/\/welovecinema.be\/fr\/le-realisateur-nicolas-winding-refn-revient-enfin-au-cinema\/#breadcrumb","itemListElement":[{"@type":"ListItem","position":1,"name":"Accueil","item":"https:\/\/welovecinema.be\/fr\/"},{"@type":"ListItem","position":2,"name":"Le r\u00e9alisateur Nicolas Winding Refn revient enfin au cin\u00e9ma\u00a0!"}]},{"@type":"WebSite","@id":"https:\/\/welovecinema.be\/nl\/#website","url":"https:\/\/welovecinema.be\/nl\/","name":"We Love Cinema","description":"Toute l\u2019information du cin\u00e9ma en Belgique","publisher":{"@id":"https:\/\/welovecinema.be\/nl\/#organization"},"potentialAction":[{"@type":"SearchAction","target":{"@type":"EntryPoint","urlTemplate":"https:\/\/welovecinema.be\/nl\/?s={search_term_string}"},"query-input":"required name=search_term_string"}],"inLanguage":"fr-FR"},{"@type":"Organization","@id":"https:\/\/welovecinema.be\/nl\/#organization","name":"We Love Cinema","url":"https:\/\/welovecinema.be\/nl\/","logo":{"@type":"ImageObject","inLanguage":"fr-FR","@id":"https:\/\/welovecinema.be\/nl\/#\/schema\/logo\/image\/","url":"https:\/\/welovecinema.be\/wp-content\/uploads\/sites\/2\/2023\/03\/Logo-We-Love-Cinema305x128.jpg","contentUrl":"https:\/\/welovecinema.be\/wp-content\/uploads\/sites\/2\/2023\/03\/Logo-We-Love-Cinema305x128.jpg","width":305,"height":128,"caption":"We Love Cinema"},"image":{"@id":"https:\/\/welovecinema.be\/nl\/#\/schema\/logo\/image\/"},"sameAs":["https:\/\/www.facebook.com\/welovecinema.be","https:\/\/www.youtube.com\/channel\/UCX5LYGVhnKvYauW4Nta4HJA","https:\/\/www.instagram.com\/welovecinema.be\/"]},{"@type":"Person","@id":"https:\/\/welovecinema.be\/nl\/#\/schema\/person\/7620619142b6dd3c9aa19e9210ad5bd5","name":"fred","url":"https:\/\/welovecinema.be\/fr\/author\/fred\/"}]}},"_links":{"self":[{"href":"https:\/\/welovecinema.be\/fr\/wp-json\/wp\/v2\/posts\/264553","targetHints":{"allow":["GET"]}}],"collection":[{"href":"https:\/\/welovecinema.be\/fr\/wp-json\/wp\/v2\/posts"}],"about":[{"href":"https:\/\/welovecinema.be\/fr\/wp-json\/wp\/v2\/types\/post"}],"author":[{"embeddable":true,"href":"https:\/\/welovecinema.be\/fr\/wp-json\/wp\/v2\/users\/358"}],"replies":[{"embeddable":true,"href":"https:\/\/welovecinema.be\/fr\/wp-json\/wp\/v2\/comments?post=264553"}],"version-history":[{"count":1,"href":"https:\/\/welovecinema.be\/fr\/wp-json\/wp\/v2\/posts\/264553\/revisions"}],"predecessor-version":[{"id":264554,"href":"https:\/\/welovecinema.be\/fr\/wp-json\/wp\/v2\/posts\/264553\/revisions\/264554"}],"wp:featuredmedia":[{"embeddable":true,"href":"https:\/\/welovecinema.be\/fr\/wp-json\/wp\/v2\/media\/264539"}],"wp:attachment":[{"href":"https:\/\/welovecinema.be\/fr\/wp-json\/wp\/v2\/media?parent=264553"}],"wp:term":[{"taxonomy":"category","embeddable":true,"href":"https:\/\/welovecinema.be\/fr\/wp-json\/wp\/v2\/categories?post=264553"},{"taxonomy":"post_tag","embeddable":true,"href":"https:\/\/welovecinema.be\/fr\/wp-json\/wp\/v2\/tags?post=264553"}],"curies":[{"name":"wp","href":"https:\/\/api.w.org\/{rel}","templated":true}]}}