{"id":264544,"date":"2025-04-24T10:03:36","date_gmt":"2025-04-24T08:03:36","guid":{"rendered":"https:\/\/welovecinema.be\/?p=264544"},"modified":"2025-04-29T16:43:40","modified_gmt":"2025-04-29T14:43:40","slug":"bande-annonce-le-grand-deplacement-de-jean-pascal-zadi-avec-lous-and-the-yakuzas","status":"publish","type":"post","link":"https:\/\/welovecinema.be\/fr\/bande-annonce-le-grand-deplacement-de-jean-pascal-zadi-avec-lous-and-the-yakuzas\/","title":{"rendered":"Bande-annonce: \u00ab\u00a0Le Grand d\u00e9placement\u00a0\u00bb de Jean-Pascal Zadi, avec Lous and the Yakuzas!"},"content":{"rendered":"<p><strong>Apr\u00e8s avoir fait mourir ou presque de rire le public avec son premier long m\u00e9trage qui a pris tout le monde par surprise, <em>Tout simplement noir<\/em>, Jean-Pascal Zadi revient derri\u00e8re la cam\u00e9ra avec une ambitieuse com\u00e9die afro-spatiale, <em>Le Grand d\u00e9placement<\/em>, au g\u00e9n\u00e9rique de laquelle on le retrouve lui, mais aussi Reda Kateb, Fadily Camara, Fary Lopes B, et pour la premi\u00e8re fois dans un premier r\u00f4le, la musicienne et com\u00e9dienne belge Lous and the Yakuzas!<\/strong><\/p>\n<p><span class=\"yt-core-attributed-string yt-core-attributed-string--white-space-pre-wrap\" dir=\"auto\" role=\"text\"><span class=\"yt-core-attributed-string--link-inherit-color\" dir=\"auto\">L&rsquo;histoire? Dans le plus grand des secrets, se pr\u00e9pare \u00e0 d\u00e9coller la premi\u00e8re mission spatiale africaine ! L\u2019\u00e9quipage, issu du continent et de sa diaspora, doit explorer la plan\u00e8te \u00ab NARDAL \u00bb, afin d\u2019\u00e9valuer la possibilit\u00e9 d\u2019y ramener tous les Africains si jamais la Terre devenait inhabitable. Le probl\u00e8me c\u2019est que le voyage sera long. Tr\u00e8s long. Et que la plus grande inconnue des missions interstellaires demeure l\u2019entente entre les astronautes\u2026<\/span><\/span><\/p>\n<p>D\u00e9collage pr\u00e9vu le 25 juin prochain \ud83d\ude80<\/p>\n<div id=\"snippet\" class=\"style-scope ytd-text-inline-expander\"><\/div>\n<div class=\"style-scope ytd-watch-metadata\">\n<div id=\"video-summary\" class=\"style-scope ytd-structured-description-content-renderer\"><\/div>\n<div id=\"items\" class=\"style-scope ytd-structured-description-content-renderer\">\n<div id=\"header\" class=\"style-scope ytd-video-description-transcript-section-renderer\"><\/div>\n<\/div>\n<\/div>\n","protected":false},"excerpt":{"rendered":"<p>Apr\u00e8s avoir fait mourir ou presque de rire le public avec son premier long m\u00e9trage qui a pris tout le monde par surprise, Tout simplement noir, Jean-Pascal Zadi revient derri\u00e8re la cam\u00e9ra avec une ambitieuse com\u00e9die afro-spatiale, Le Grand d\u00e9placement, au g\u00e9n\u00e9rique de laquelle on le retrouve lui, mais aussi Reda Kateb, Fadily Camara, Fary &hellip;<\/p>\n","protected":false},"author":343,"featured_media":264547,"comment_status":"closed","ping_status":"closed","sticky":false,"template":"","format":"standard","meta":{"ngg_post_thumbnail":0,"footnotes":""},"categories":[7134,53,12],"tags":[],"class_list":["post-264544","post","type-post","status-publish","format-standard","has-post-thumbnail","","category-we-love-belgian-cinema","category-coming-soon","category-awards"],"yoast_head":"<!-- This site is optimized with the Yoast SEO plugin v20.4 - https:\/\/yoast.com\/wordpress\/plugins\/seo\/ -->\n<title>Bande-annonce: &quot;Le Grand d\u00e9placement&quot; de Jean-Pascal Zadi, avec Lous and the Yakuzas! - We Love Cinema<\/title>\n<meta name=\"robots\" content=\"index, follow, max-snippet:-1, max-image-preview:large, max-video-preview:-1\" \/>\n<link rel=\"canonical\" href=\"https:\/\/welovecinema.be\/fr\/bande-annonce-le-grand-deplacement-de-jean-pascal-zadi-avec-lous-and-the-yakuzas\/\" \/>\n<meta property=\"og:locale\" content=\"fr_FR\" \/>\n<meta property=\"og:type\" content=\"article\" \/>\n<meta property=\"og:title\" content=\"Bande-annonce: &quot;Le Grand d\u00e9placement&quot; de Jean-Pascal Zadi, avec Lous and the Yakuzas! - We Love Cinema\" \/>\n<meta property=\"og:description\" content=\"Apr\u00e8s avoir fait mourir ou presque de rire le public avec son premier long m\u00e9trage qui a pris tout le monde par surprise, Tout simplement noir, Jean-Pascal Zadi revient derri\u00e8re la cam\u00e9ra avec une ambitieuse com\u00e9die afro-spatiale, Le Grand d\u00e9placement, au g\u00e9n\u00e9rique de laquelle on le retrouve lui, mais aussi Reda Kateb, Fadily Camara, Fary &hellip;\" \/>\n<meta property=\"og:url\" content=\"https:\/\/welovecinema.be\/fr\/bande-annonce-le-grand-deplacement-de-jean-pascal-zadi-avec-lous-and-the-yakuzas\/\" \/>\n<meta property=\"og:site_name\" content=\"We Love Cinema\" \/>\n<meta property=\"article:publisher\" content=\"https:\/\/www.facebook.com\/welovecinema.be\" \/>\n<meta property=\"article:published_time\" content=\"2025-04-24T08:03:36+00:00\" \/>\n<meta property=\"article:modified_time\" content=\"2025-04-29T14:43:40+00:00\" \/>\n<meta property=\"og:image\" content=\"https:\/\/welovecinema.be\/wp-content\/uploads\/sites\/2\/2025\/04\/LeGrandDeplacement.jpeg\" \/>\n\t<meta property=\"og:image:width\" content=\"2560\" \/>\n\t<meta property=\"og:image:height\" content=\"1440\" \/>\n\t<meta property=\"og:image:type\" content=\"image\/jpeg\" \/>\n<meta name=\"author\" content=\"Aurore Engelen\" \/>\n<meta name=\"twitter:card\" content=\"summary_large_image\" \/>\n<meta name=\"twitter:label1\" content=\"\u00c9crit par\" \/>\n\t<meta name=\"twitter:data1\" content=\"Aurore Engelen\" \/>\n\t<meta name=\"twitter:label2\" content=\"Dur\u00e9e de lecture estim\u00e9e\" \/>\n\t<meta name=\"twitter:data2\" content=\"1 minute\" \/>\n<script type=\"application\/ld+json\" class=\"yoast-schema-graph\">{\"@context\":\"https:\/\/schema.org\",\"@graph\":[{\"@type\":\"Article\",\"@id\":\"https:\/\/welovecinema.be\/fr\/bande-annonce-le-grand-deplacement-de-jean-pascal-zadi-avec-lous-and-the-yakuzas\/#article\",\"isPartOf\":{\"@id\":\"https:\/\/welovecinema.be\/fr\/bande-annonce-le-grand-deplacement-de-jean-pascal-zadi-avec-lous-and-the-yakuzas\/\"},\"author\":{\"name\":\"Aurore Engelen\",\"@id\":\"https:\/\/welovecinema.be\/nl\/#\/schema\/person\/8084b68c6b176142d073695c654dc7cf\"},\"headline\":\"Bande-annonce: \u00ab\u00a0Le Grand d\u00e9placement\u00a0\u00bb de Jean-Pascal Zadi, avec Lous and the Yakuzas!\",\"datePublished\":\"2025-04-24T08:03:36+00:00\",\"dateModified\":\"2025-04-29T14:43:40+00:00\",\"mainEntityOfPage\":{\"@id\":\"https:\/\/welovecinema.be\/fr\/bande-annonce-le-grand-deplacement-de-jean-pascal-zadi-avec-lous-and-the-yakuzas\/\"},\"wordCount\":185,\"publisher\":{\"@id\":\"https:\/\/welovecinema.be\/nl\/#organization\"},\"articleSection\":[\"\u00a0We Love Belgian Cinema\",\"Coming soon\",\"Evenements\"],\"inLanguage\":\"fr-FR\"},{\"@type\":\"WebPage\",\"@id\":\"https:\/\/welovecinema.be\/fr\/bande-annonce-le-grand-deplacement-de-jean-pascal-zadi-avec-lous-and-the-yakuzas\/\",\"url\":\"https:\/\/welovecinema.be\/fr\/bande-annonce-le-grand-deplacement-de-jean-pascal-zadi-avec-lous-and-the-yakuzas\/\",\"name\":\"Bande-annonce: \\\"Le Grand d\u00e9placement\\\" de Jean-Pascal Zadi, avec Lous and the Yakuzas! - We Love Cinema\",\"isPartOf\":{\"@id\":\"https:\/\/welovecinema.be\/nl\/#website\"},\"datePublished\":\"2025-04-24T08:03:36+00:00\",\"dateModified\":\"2025-04-29T14:43:40+00:00\",\"breadcrumb\":{\"@id\":\"https:\/\/welovecinema.be\/fr\/bande-annonce-le-grand-deplacement-de-jean-pascal-zadi-avec-lous-and-the-yakuzas\/#breadcrumb\"},\"inLanguage\":\"fr-FR\",\"potentialAction\":[{\"@type\":\"ReadAction\",\"target\":[\"https:\/\/welovecinema.be\/fr\/bande-annonce-le-grand-deplacement-de-jean-pascal-zadi-avec-lous-and-the-yakuzas\/\"]}]},{\"@type\":\"BreadcrumbList\",\"@id\":\"https:\/\/welovecinema.be\/fr\/bande-annonce-le-grand-deplacement-de-jean-pascal-zadi-avec-lous-and-the-yakuzas\/#breadcrumb\",\"itemListElement\":[{\"@type\":\"ListItem\",\"position\":1,\"name\":\"Accueil\",\"item\":\"https:\/\/welovecinema.be\/fr\/\"},{\"@type\":\"ListItem\",\"position\":2,\"name\":\"Bande-annonce: \u00ab\u00a0Le Grand d\u00e9placement\u00a0\u00bb de Jean-Pascal Zadi, avec Lous and the Yakuzas!\"}]},{\"@type\":\"WebSite\",\"@id\":\"https:\/\/welovecinema.be\/nl\/#website\",\"url\":\"https:\/\/welovecinema.be\/nl\/\",\"name\":\"We Love Cinema\",\"description\":\"Toute l\u2019information du cin\u00e9ma en Belgique\",\"publisher\":{\"@id\":\"https:\/\/welovecinema.be\/nl\/#organization\"},\"potentialAction\":[{\"@type\":\"SearchAction\",\"target\":{\"@type\":\"EntryPoint\",\"urlTemplate\":\"https:\/\/welovecinema.be\/nl\/?s={search_term_string}\"},\"query-input\":\"required name=search_term_string\"}],\"inLanguage\":\"fr-FR\"},{\"@type\":\"Organization\",\"@id\":\"https:\/\/welovecinema.be\/nl\/#organization\",\"name\":\"We Love Cinema\",\"url\":\"https:\/\/welovecinema.be\/nl\/\",\"logo\":{\"@type\":\"ImageObject\",\"inLanguage\":\"fr-FR\",\"@id\":\"https:\/\/welovecinema.be\/nl\/#\/schema\/logo\/image\/\",\"url\":\"https:\/\/welovecinema.be\/wp-content\/uploads\/sites\/2\/2023\/03\/Logo-We-Love-Cinema305x128.jpg\",\"contentUrl\":\"https:\/\/welovecinema.be\/wp-content\/uploads\/sites\/2\/2023\/03\/Logo-We-Love-Cinema305x128.jpg\",\"width\":305,\"height\":128,\"caption\":\"We Love Cinema\"},\"image\":{\"@id\":\"https:\/\/welovecinema.be\/nl\/#\/schema\/logo\/image\/\"},\"sameAs\":[\"https:\/\/www.facebook.com\/welovecinema.be\",\"https:\/\/www.youtube.com\/channel\/UCX5LYGVhnKvYauW4Nta4HJA\",\"https:\/\/www.instagram.com\/welovecinema.be\/\"]},{\"@type\":\"Person\",\"@id\":\"https:\/\/welovecinema.be\/nl\/#\/schema\/person\/8084b68c6b176142d073695c654dc7cf\",\"name\":\"Aurore Engelen\",\"url\":\"https:\/\/welovecinema.be\/fr\/author\/aurore-engelen\/\"}]}<\/script>\n<!-- \/ Yoast SEO plugin. -->","yoast_head_json":{"title":"Bande-annonce: \"Le Grand d\u00e9placement\" de Jean-Pascal Zadi, avec Lous and the Yakuzas! - We Love Cinema","robots":{"index":"index","follow":"follow","max-snippet":"max-snippet:-1","max-image-preview":"max-image-preview:large","max-video-preview":"max-video-preview:-1"},"canonical":"https:\/\/welovecinema.be\/fr\/bande-annonce-le-grand-deplacement-de-jean-pascal-zadi-avec-lous-and-the-yakuzas\/","og_locale":"fr_FR","og_type":"article","og_title":"Bande-annonce: \"Le Grand d\u00e9placement\" de Jean-Pascal Zadi, avec Lous and the Yakuzas! - We Love Cinema","og_description":"Apr\u00e8s avoir fait mourir ou presque de rire le public avec son premier long m\u00e9trage qui a pris tout le monde par surprise, Tout simplement noir, Jean-Pascal Zadi revient derri\u00e8re la cam\u00e9ra avec une ambitieuse com\u00e9die afro-spatiale, Le Grand d\u00e9placement, au g\u00e9n\u00e9rique de laquelle on le retrouve lui, mais aussi Reda Kateb, Fadily Camara, Fary &hellip;","og_url":"https:\/\/welovecinema.be\/fr\/bande-annonce-le-grand-deplacement-de-jean-pascal-zadi-avec-lous-and-the-yakuzas\/","og_site_name":"We Love Cinema","article_publisher":"https:\/\/www.facebook.com\/welovecinema.be","article_published_time":"2025-04-24T08:03:36+00:00","article_modified_time":"2025-04-29T14:43:40+00:00","og_image":[{"width":2560,"height":1440,"url":"https:\/\/welovecinema.be\/wp-content\/uploads\/sites\/2\/2025\/04\/LeGrandDeplacement.jpeg","type":"image\/jpeg"}],"author":"Aurore Engelen","twitter_card":"summary_large_image","twitter_misc":{"\u00c9crit par":"Aurore Engelen","Dur\u00e9e de lecture estim\u00e9e":"1 minute"},"schema":{"@context":"https:\/\/schema.org","@graph":[{"@type":"Article","@id":"https:\/\/welovecinema.be\/fr\/bande-annonce-le-grand-deplacement-de-jean-pascal-zadi-avec-lous-and-the-yakuzas\/#article","isPartOf":{"@id":"https:\/\/welovecinema.be\/fr\/bande-annonce-le-grand-deplacement-de-jean-pascal-zadi-avec-lous-and-the-yakuzas\/"},"author":{"name":"Aurore Engelen","@id":"https:\/\/welovecinema.be\/nl\/#\/schema\/person\/8084b68c6b176142d073695c654dc7cf"},"headline":"Bande-annonce: \u00ab\u00a0Le Grand d\u00e9placement\u00a0\u00bb de Jean-Pascal Zadi, avec Lous and the Yakuzas!","datePublished":"2025-04-24T08:03:36+00:00","dateModified":"2025-04-29T14:43:40+00:00","mainEntityOfPage":{"@id":"https:\/\/welovecinema.be\/fr\/bande-annonce-le-grand-deplacement-de-jean-pascal-zadi-avec-lous-and-the-yakuzas\/"},"wordCount":185,"publisher":{"@id":"https:\/\/welovecinema.be\/nl\/#organization"},"articleSection":["\u00a0We Love Belgian Cinema","Coming soon","Evenements"],"inLanguage":"fr-FR"},{"@type":"WebPage","@id":"https:\/\/welovecinema.be\/fr\/bande-annonce-le-grand-deplacement-de-jean-pascal-zadi-avec-lous-and-the-yakuzas\/","url":"https:\/\/welovecinema.be\/fr\/bande-annonce-le-grand-deplacement-de-jean-pascal-zadi-avec-lous-and-the-yakuzas\/","name":"Bande-annonce: \"Le Grand d\u00e9placement\" de Jean-Pascal Zadi, avec Lous and the Yakuzas! - We Love Cinema","isPartOf":{"@id":"https:\/\/welovecinema.be\/nl\/#website"},"datePublished":"2025-04-24T08:03:36+00:00","dateModified":"2025-04-29T14:43:40+00:00","breadcrumb":{"@id":"https:\/\/welovecinema.be\/fr\/bande-annonce-le-grand-deplacement-de-jean-pascal-zadi-avec-lous-and-the-yakuzas\/#breadcrumb"},"inLanguage":"fr-FR","potentialAction":[{"@type":"ReadAction","target":["https:\/\/welovecinema.be\/fr\/bande-annonce-le-grand-deplacement-de-jean-pascal-zadi-avec-lous-and-the-yakuzas\/"]}]},{"@type":"BreadcrumbList","@id":"https:\/\/welovecinema.be\/fr\/bande-annonce-le-grand-deplacement-de-jean-pascal-zadi-avec-lous-and-the-yakuzas\/#breadcrumb","itemListElement":[{"@type":"ListItem","position":1,"name":"Accueil","item":"https:\/\/welovecinema.be\/fr\/"},{"@type":"ListItem","position":2,"name":"Bande-annonce: \u00ab\u00a0Le Grand d\u00e9placement\u00a0\u00bb de Jean-Pascal Zadi, avec Lous and the Yakuzas!"}]},{"@type":"WebSite","@id":"https:\/\/welovecinema.be\/nl\/#website","url":"https:\/\/welovecinema.be\/nl\/","name":"We Love Cinema","description":"Toute l\u2019information du cin\u00e9ma en Belgique","publisher":{"@id":"https:\/\/welovecinema.be\/nl\/#organization"},"potentialAction":[{"@type":"SearchAction","target":{"@type":"EntryPoint","urlTemplate":"https:\/\/welovecinema.be\/nl\/?s={search_term_string}"},"query-input":"required name=search_term_string"}],"inLanguage":"fr-FR"},{"@type":"Organization","@id":"https:\/\/welovecinema.be\/nl\/#organization","name":"We Love Cinema","url":"https:\/\/welovecinema.be\/nl\/","logo":{"@type":"ImageObject","inLanguage":"fr-FR","@id":"https:\/\/welovecinema.be\/nl\/#\/schema\/logo\/image\/","url":"https:\/\/welovecinema.be\/wp-content\/uploads\/sites\/2\/2023\/03\/Logo-We-Love-Cinema305x128.jpg","contentUrl":"https:\/\/welovecinema.be\/wp-content\/uploads\/sites\/2\/2023\/03\/Logo-We-Love-Cinema305x128.jpg","width":305,"height":128,"caption":"We Love Cinema"},"image":{"@id":"https:\/\/welovecinema.be\/nl\/#\/schema\/logo\/image\/"},"sameAs":["https:\/\/www.facebook.com\/welovecinema.be","https:\/\/www.youtube.com\/channel\/UCX5LYGVhnKvYauW4Nta4HJA","https:\/\/www.instagram.com\/welovecinema.be\/"]},{"@type":"Person","@id":"https:\/\/welovecinema.be\/nl\/#\/schema\/person\/8084b68c6b176142d073695c654dc7cf","name":"Aurore Engelen","url":"https:\/\/welovecinema.be\/fr\/author\/aurore-engelen\/"}]}},"_links":{"self":[{"href":"https:\/\/welovecinema.be\/fr\/wp-json\/wp\/v2\/posts\/264544","targetHints":{"allow":["GET"]}}],"collection":[{"href":"https:\/\/welovecinema.be\/fr\/wp-json\/wp\/v2\/posts"}],"about":[{"href":"https:\/\/welovecinema.be\/fr\/wp-json\/wp\/v2\/types\/post"}],"author":[{"embeddable":true,"href":"https:\/\/welovecinema.be\/fr\/wp-json\/wp\/v2\/users\/343"}],"replies":[{"embeddable":true,"href":"https:\/\/welovecinema.be\/fr\/wp-json\/wp\/v2\/comments?post=264544"}],"version-history":[{"count":2,"href":"https:\/\/welovecinema.be\/fr\/wp-json\/wp\/v2\/posts\/264544\/revisions"}],"predecessor-version":[{"id":264550,"href":"https:\/\/welovecinema.be\/fr\/wp-json\/wp\/v2\/posts\/264544\/revisions\/264550"}],"wp:featuredmedia":[{"embeddable":true,"href":"https:\/\/welovecinema.be\/fr\/wp-json\/wp\/v2\/media\/264547"}],"wp:attachment":[{"href":"https:\/\/welovecinema.be\/fr\/wp-json\/wp\/v2\/media?parent=264544"}],"wp:term":[{"taxonomy":"category","embeddable":true,"href":"https:\/\/welovecinema.be\/fr\/wp-json\/wp\/v2\/categories?post=264544"},{"taxonomy":"post_tag","embeddable":true,"href":"https:\/\/welovecinema.be\/fr\/wp-json\/wp\/v2\/tags?post=264544"}],"curies":[{"name":"wp","href":"https:\/\/api.w.org\/{rel}","templated":true}]}}