{"id":264334,"date":"2025-04-10T13:06:50","date_gmt":"2025-04-10T11:06:50","guid":{"rendered":"https:\/\/welovecinema.be\/?p=264334"},"modified":"2025-04-10T13:06:50","modified_gmt":"2025-04-10T11:06:50","slug":"la-selection-officielle-du-festival-de-cannes-est-ici-et-cest-du-lourd","status":"publish","type":"post","link":"https:\/\/welovecinema.be\/fr\/la-selection-officielle-du-festival-de-cannes-est-ici-et-cest-du-lourd\/","title":{"rendered":"La s\u00e9lection officielle du Festival de Cannes est ici\u00a0! Et c&rsquo;est du lourd!"},"content":{"rendered":"<p><strong>La liste des films attendus a \u00e9t\u00e9 d\u00e9voil\u00e9e par Iris Knobloch, Pr\u00e9sidente du Festival, et Thierry Fr\u00e9maux, D\u00e9l\u00e9gu\u00e9 G\u00e9n\u00e9ral. Voici la liste des films retenus en S\u00e9lection Officielle ainsi que ceux dans les autres sections\u2026<\/strong><\/p>\n<p>&nbsp;<\/p>\n<p><strong>Film d\u2019ouverture<\/strong><\/p>\n<ul>\n<li><em>Partir un jour<\/em>, d\u2019Am\u00e9lie Bonnin<\/li>\n<\/ul>\n<p><strong>Comp\u00e9tition officielle<\/strong><\/p>\n<ul>\n<li><em>Un simple accident<\/em>, de Jafar Panahi<\/li>\n<li><em>Sentimental Value<\/em>, de Joachim Trier<\/li>\n<li><em>Romer\u00eda, <\/em>de Carla Sim\u00f3n<\/li>\n<li><em>Sound of Falling<\/em>, de Mascha Schilinski<\/li>\n<li><em>Les Aigles de la R\u00e9publique<\/em>, de Tarik Saleh<\/li>\n<li><em>The Mastermind<\/em>, de Kelly Reichardt<\/li>\n<li><em>Dossier 137<\/em>, de Dominik Moll<\/li>\n<li><em>L\u2019Agent secret<\/em>, de Kleber Mendon\u00e7a Filho<\/li>\n<li><em>Fuori<\/em>, de Mario Martone<\/li>\n<li><em>Two Prosecutors<\/em>, de Sergue\u00ef Loznitsa<\/li>\n<li><em>Nouvelle Vague<\/em>, de Richard Linklater<\/li>\n<li><em>Sirat<\/em>, d\u2019Oliver Laxe<\/li>\n<li><em>La Petite Derni\u00e8re<\/em>, d\u2019Hafsia Herzi<\/li>\n<li>The History of Sound, d\u2019Oliver Hermanus<\/li>\n<li><em>Renoir<\/em>, de Chie Hayakawa<\/li>\n<li><em>Alpha<\/em>, de Julia Ducournau<\/li>\n<li><em>Jeunes m\u00e8res<\/em>, de Jean-Pierre et Luc Dardenne<\/li>\n<li><em>Eddington<\/em>, d\u2019Ari Aster<\/li>\n<li><em>The Phoenician Scheme<\/em>, de Wes Anderson<\/li>\n<\/ul>\n<p><strong>Hors comp\u00e9tition<\/strong><\/p>\n<ul>\n<li><em>La Venue de l\u2019avenir<\/em>, de C\u00e9dric Klapisch<\/li>\n<li><em>Mission impossible: The Final Reckoning<\/em>, de Christopher McQuarrie<\/li>\n<li><em>La Femme la plus riche du monde<\/em>, de Thierry Klifa<\/li>\n<li><em>Vie priv\u00e9e<\/em>, de Rebecca Zlotowski<\/li>\n<\/ul>\n<p><strong>Un certain regard<\/strong><\/p>\n<ul>\n<li><em>The Mysterious Gaz of the Flamingo<\/em>, de Diego C\u00e9spedes<\/li>\n<li><em>Meteors<\/em>, d\u2019Hubert Charuel<\/li>\n<li><em>My Father\u2019s Shadow<\/em>, d\u2019Akinola Davies Jr.<\/li>\n<li><em>L\u2019Inconnu de la grande arche<\/em>, St\u00e9phane Demoustier<\/li>\n<li>Urchin, d\u2019Harris Dickinson<\/li>\n<li>Mirage<\/li>\n<li>Kai Ishikawa, a pale view of hills<\/li>\n<li>Eleonor the Great Scarlet Johansson<\/li>\n<li>Suzanna Kirstcheoiva, Caravane<\/li>\n<li>Harry Lighton, Pillion<\/li>\n<li>Morad Mostafa<\/li>\n<li>Arad et Tarzan nasser , once upon a time in gaza<\/li>\n<li>Joel Edgerton, the Plegue<\/li>\n<li>Promis le ciel tunisie<\/li>\n<li>Matteo sopis et alicio rigo, testa o croce<\/li>\n<li>Francesco Socce, Le chita de pianora<\/li>\n<\/ul>\n<p><strong>Cannes Premi\u00e8re<\/strong><\/p>\n<ul>\n<li><em>Amrum<\/em>, de Fatih Akin<\/li>\n<li><em>Splitsville<\/em>, de Michael Angelo Covino<\/li>\n<li><em>Connemara<\/em>, d\u2019Alex Lutz<\/li>\n<li><em>La Disparition de Josef Mengele<\/em>, de Kirill Serebrennikov<\/li>\n<li><em>Orwell: 2+2=5<\/em>, de Raoul Peck<\/li>\n<li><em>La Ola<\/em>, de Sebasti\u00e1n Lelio<\/li>\n<\/ul>\n<p><strong>S\u00e9ances sp\u00e9ciales<\/strong><\/p>\n<ul>\n<li><em>Bono: Stories of Surrender<\/em>, d\u2019Andrew Dominik<\/li>\n<li><em>Dites-lui que je l\u2019aime<\/em>, de Romane Bohringer<\/li>\n<li><em>Marcel et Monsieur Pagnol<\/em>, de Sylvain Chome<\/li>\n<\/ul>\n<p><strong>S\u00e9ances de minuit<\/strong><\/p>\n<ul>\n<li><em>Sons of the Neon Night<\/em>, de Juno Mak<\/li>\n<li><em>The Exit 8<\/em>, de Genki Kawamura<\/li>\n<li><em>Dalloway<\/em>, de Yann GozlanHaut du formulaire<\/li>\n<\/ul>\n<p>Pour \u00eatre complet, on notera encore que le Festival se d\u00e9roulera du 13 au 24 mai, que le jury sera pr\u00e9sid\u00e9 par Juliette Binoche, que Robert De Niro recevra une Palme d\u2019Honneur, et que les soir\u00e9es d\u2019ouverture et de cl\u00f4ture seront anim\u00e9es par Laurent Laffite.<\/p>\n","protected":false},"excerpt":{"rendered":"<p>La liste des films attendus a \u00e9t\u00e9 d\u00e9voil\u00e9e par Iris Knobloch, Pr\u00e9sidente du Festival, et Thierry Fr\u00e9maux, D\u00e9l\u00e9gu\u00e9 G\u00e9n\u00e9ral. Voici la liste des films retenus en S\u00e9lection Officielle ainsi que ceux dans les autres sections\u2026 &nbsp; Film d\u2019ouverture Partir un jour, d\u2019Am\u00e9lie Bonnin Comp\u00e9tition officielle Un simple accident, de Jafar Panahi Sentimental Value, de Joachim &hellip;<\/p>\n","protected":false},"author":358,"featured_media":264333,"comment_status":"closed","ping_status":"closed","sticky":false,"template":"","format":"standard","meta":{"ngg_post_thumbnail":0,"footnotes":""},"categories":[7135,7],"tags":[],"class_list":["post-264334","post","type-post","status-publish","format-standard","has-post-thumbnail","","category-we-love-worldwide","category-actualites"],"yoast_head":"<!-- This site is optimized with the Yoast SEO plugin v20.4 - https:\/\/yoast.com\/wordpress\/plugins\/seo\/ -->\n<title>La s\u00e9lection officielle du Festival de Cannes est ici\u00a0! Et c&#039;est du lourd! - We Love Cinema<\/title>\n<meta name=\"robots\" content=\"index, follow, max-snippet:-1, max-image-preview:large, max-video-preview:-1\" \/>\n<link rel=\"canonical\" href=\"https:\/\/welovecinema.be\/fr\/la-selection-officielle-du-festival-de-cannes-est-ici-et-cest-du-lourd\/\" \/>\n<meta property=\"og:locale\" content=\"fr_FR\" \/>\n<meta property=\"og:type\" content=\"article\" \/>\n<meta property=\"og:title\" content=\"La s\u00e9lection officielle du Festival de Cannes est ici\u00a0! Et c&#039;est du lourd! - We Love Cinema\" \/>\n<meta property=\"og:description\" content=\"La liste des films attendus a \u00e9t\u00e9 d\u00e9voil\u00e9e par Iris Knobloch, Pr\u00e9sidente du Festival, et Thierry Fr\u00e9maux, D\u00e9l\u00e9gu\u00e9 G\u00e9n\u00e9ral. Voici la liste des films retenus en S\u00e9lection Officielle ainsi que ceux dans les autres sections\u2026 &nbsp; Film d\u2019ouverture Partir un jour, d\u2019Am\u00e9lie Bonnin Comp\u00e9tition officielle Un simple accident, de Jafar Panahi Sentimental Value, de Joachim &hellip;\" \/>\n<meta property=\"og:url\" content=\"https:\/\/welovecinema.be\/fr\/la-selection-officielle-du-festival-de-cannes-est-ici-et-cest-du-lourd\/\" \/>\n<meta property=\"og:site_name\" content=\"We Love Cinema\" \/>\n<meta property=\"article:publisher\" content=\"https:\/\/www.facebook.com\/welovecinema.be\" \/>\n<meta property=\"article:published_time\" content=\"2025-04-10T11:06:50+00:00\" \/>\n<meta property=\"og:image\" content=\"https:\/\/welovecinema.be\/wp-content\/uploads\/sites\/2\/2025\/04\/cannes.jpg\" \/>\n\t<meta property=\"og:image:width\" content=\"550\" \/>\n\t<meta property=\"og:image:height\" content=\"412\" \/>\n\t<meta property=\"og:image:type\" content=\"image\/jpeg\" \/>\n<meta name=\"author\" content=\"fred\" \/>\n<meta name=\"twitter:card\" content=\"summary_large_image\" \/>\n<meta name=\"twitter:label1\" content=\"\u00c9crit par\" \/>\n\t<meta name=\"twitter:data1\" content=\"fred\" \/>\n\t<meta name=\"twitter:label2\" content=\"Dur\u00e9e de lecture estim\u00e9e\" \/>\n\t<meta name=\"twitter:data2\" content=\"2 minutes\" \/>\n<script type=\"application\/ld+json\" class=\"yoast-schema-graph\">{\"@context\":\"https:\/\/schema.org\",\"@graph\":[{\"@type\":\"Article\",\"@id\":\"https:\/\/welovecinema.be\/fr\/la-selection-officielle-du-festival-de-cannes-est-ici-et-cest-du-lourd\/#article\",\"isPartOf\":{\"@id\":\"https:\/\/welovecinema.be\/fr\/la-selection-officielle-du-festival-de-cannes-est-ici-et-cest-du-lourd\/\"},\"author\":{\"name\":\"fred\",\"@id\":\"https:\/\/welovecinema.be\/nl\/#\/schema\/person\/7620619142b6dd3c9aa19e9210ad5bd5\"},\"headline\":\"La s\u00e9lection officielle du Festival de Cannes est ici\u00a0! Et c&rsquo;est du lourd!\",\"datePublished\":\"2025-04-10T11:06:50+00:00\",\"dateModified\":\"2025-04-10T11:06:50+00:00\",\"mainEntityOfPage\":{\"@id\":\"https:\/\/welovecinema.be\/fr\/la-selection-officielle-du-festival-de-cannes-est-ici-et-cest-du-lourd\/\"},\"wordCount\":440,\"publisher\":{\"@id\":\"https:\/\/welovecinema.be\/nl\/#organization\"},\"articleSection\":[\"\u00a0We Love Worldwide Cinema\",\"News\"],\"inLanguage\":\"fr-FR\"},{\"@type\":\"WebPage\",\"@id\":\"https:\/\/welovecinema.be\/fr\/la-selection-officielle-du-festival-de-cannes-est-ici-et-cest-du-lourd\/\",\"url\":\"https:\/\/welovecinema.be\/fr\/la-selection-officielle-du-festival-de-cannes-est-ici-et-cest-du-lourd\/\",\"name\":\"La s\u00e9lection officielle du Festival de Cannes est ici\u00a0! Et c'est du lourd! - We Love Cinema\",\"isPartOf\":{\"@id\":\"https:\/\/welovecinema.be\/nl\/#website\"},\"datePublished\":\"2025-04-10T11:06:50+00:00\",\"dateModified\":\"2025-04-10T11:06:50+00:00\",\"breadcrumb\":{\"@id\":\"https:\/\/welovecinema.be\/fr\/la-selection-officielle-du-festival-de-cannes-est-ici-et-cest-du-lourd\/#breadcrumb\"},\"inLanguage\":\"fr-FR\",\"potentialAction\":[{\"@type\":\"ReadAction\",\"target\":[\"https:\/\/welovecinema.be\/fr\/la-selection-officielle-du-festival-de-cannes-est-ici-et-cest-du-lourd\/\"]}]},{\"@type\":\"BreadcrumbList\",\"@id\":\"https:\/\/welovecinema.be\/fr\/la-selection-officielle-du-festival-de-cannes-est-ici-et-cest-du-lourd\/#breadcrumb\",\"itemListElement\":[{\"@type\":\"ListItem\",\"position\":1,\"name\":\"Accueil\",\"item\":\"https:\/\/welovecinema.be\/fr\/\"},{\"@type\":\"ListItem\",\"position\":2,\"name\":\"La s\u00e9lection officielle du Festival de Cannes est ici\u00a0! Et c&rsquo;est du lourd!\"}]},{\"@type\":\"WebSite\",\"@id\":\"https:\/\/welovecinema.be\/nl\/#website\",\"url\":\"https:\/\/welovecinema.be\/nl\/\",\"name\":\"We Love Cinema\",\"description\":\"Toute l\u2019information du cin\u00e9ma en Belgique\",\"publisher\":{\"@id\":\"https:\/\/welovecinema.be\/nl\/#organization\"},\"potentialAction\":[{\"@type\":\"SearchAction\",\"target\":{\"@type\":\"EntryPoint\",\"urlTemplate\":\"https:\/\/welovecinema.be\/nl\/?s={search_term_string}\"},\"query-input\":\"required name=search_term_string\"}],\"inLanguage\":\"fr-FR\"},{\"@type\":\"Organization\",\"@id\":\"https:\/\/welovecinema.be\/nl\/#organization\",\"name\":\"We Love Cinema\",\"url\":\"https:\/\/welovecinema.be\/nl\/\",\"logo\":{\"@type\":\"ImageObject\",\"inLanguage\":\"fr-FR\",\"@id\":\"https:\/\/welovecinema.be\/nl\/#\/schema\/logo\/image\/\",\"url\":\"https:\/\/welovecinema.be\/wp-content\/uploads\/sites\/2\/2023\/03\/Logo-We-Love-Cinema305x128.jpg\",\"contentUrl\":\"https:\/\/welovecinema.be\/wp-content\/uploads\/sites\/2\/2023\/03\/Logo-We-Love-Cinema305x128.jpg\",\"width\":305,\"height\":128,\"caption\":\"We Love Cinema\"},\"image\":{\"@id\":\"https:\/\/welovecinema.be\/nl\/#\/schema\/logo\/image\/\"},\"sameAs\":[\"https:\/\/www.facebook.com\/welovecinema.be\",\"https:\/\/www.youtube.com\/channel\/UCX5LYGVhnKvYauW4Nta4HJA\",\"https:\/\/www.instagram.com\/welovecinema.be\/\"]},{\"@type\":\"Person\",\"@id\":\"https:\/\/welovecinema.be\/nl\/#\/schema\/person\/7620619142b6dd3c9aa19e9210ad5bd5\",\"name\":\"fred\",\"url\":\"https:\/\/welovecinema.be\/fr\/author\/fred\/\"}]}<\/script>\n<!-- \/ Yoast SEO plugin. -->","yoast_head_json":{"title":"La s\u00e9lection officielle du Festival de Cannes est ici\u00a0! Et c'est du lourd! - We Love Cinema","robots":{"index":"index","follow":"follow","max-snippet":"max-snippet:-1","max-image-preview":"max-image-preview:large","max-video-preview":"max-video-preview:-1"},"canonical":"https:\/\/welovecinema.be\/fr\/la-selection-officielle-du-festival-de-cannes-est-ici-et-cest-du-lourd\/","og_locale":"fr_FR","og_type":"article","og_title":"La s\u00e9lection officielle du Festival de Cannes est ici\u00a0! Et c'est du lourd! - We Love Cinema","og_description":"La liste des films attendus a \u00e9t\u00e9 d\u00e9voil\u00e9e par Iris Knobloch, Pr\u00e9sidente du Festival, et Thierry Fr\u00e9maux, D\u00e9l\u00e9gu\u00e9 G\u00e9n\u00e9ral. Voici la liste des films retenus en S\u00e9lection Officielle ainsi que ceux dans les autres sections\u2026 &nbsp; Film d\u2019ouverture Partir un jour, d\u2019Am\u00e9lie Bonnin Comp\u00e9tition officielle Un simple accident, de Jafar Panahi Sentimental Value, de Joachim &hellip;","og_url":"https:\/\/welovecinema.be\/fr\/la-selection-officielle-du-festival-de-cannes-est-ici-et-cest-du-lourd\/","og_site_name":"We Love Cinema","article_publisher":"https:\/\/www.facebook.com\/welovecinema.be","article_published_time":"2025-04-10T11:06:50+00:00","og_image":[{"width":550,"height":412,"url":"https:\/\/welovecinema.be\/wp-content\/uploads\/sites\/2\/2025\/04\/cannes.jpg","type":"image\/jpeg"}],"author":"fred","twitter_card":"summary_large_image","twitter_misc":{"\u00c9crit par":"fred","Dur\u00e9e de lecture estim\u00e9e":"2 minutes"},"schema":{"@context":"https:\/\/schema.org","@graph":[{"@type":"Article","@id":"https:\/\/welovecinema.be\/fr\/la-selection-officielle-du-festival-de-cannes-est-ici-et-cest-du-lourd\/#article","isPartOf":{"@id":"https:\/\/welovecinema.be\/fr\/la-selection-officielle-du-festival-de-cannes-est-ici-et-cest-du-lourd\/"},"author":{"name":"fred","@id":"https:\/\/welovecinema.be\/nl\/#\/schema\/person\/7620619142b6dd3c9aa19e9210ad5bd5"},"headline":"La s\u00e9lection officielle du Festival de Cannes est ici\u00a0! Et c&rsquo;est du lourd!","datePublished":"2025-04-10T11:06:50+00:00","dateModified":"2025-04-10T11:06:50+00:00","mainEntityOfPage":{"@id":"https:\/\/welovecinema.be\/fr\/la-selection-officielle-du-festival-de-cannes-est-ici-et-cest-du-lourd\/"},"wordCount":440,"publisher":{"@id":"https:\/\/welovecinema.be\/nl\/#organization"},"articleSection":["\u00a0We Love Worldwide Cinema","News"],"inLanguage":"fr-FR"},{"@type":"WebPage","@id":"https:\/\/welovecinema.be\/fr\/la-selection-officielle-du-festival-de-cannes-est-ici-et-cest-du-lourd\/","url":"https:\/\/welovecinema.be\/fr\/la-selection-officielle-du-festival-de-cannes-est-ici-et-cest-du-lourd\/","name":"La s\u00e9lection officielle du Festival de Cannes est ici\u00a0! Et c'est du lourd! - We Love Cinema","isPartOf":{"@id":"https:\/\/welovecinema.be\/nl\/#website"},"datePublished":"2025-04-10T11:06:50+00:00","dateModified":"2025-04-10T11:06:50+00:00","breadcrumb":{"@id":"https:\/\/welovecinema.be\/fr\/la-selection-officielle-du-festival-de-cannes-est-ici-et-cest-du-lourd\/#breadcrumb"},"inLanguage":"fr-FR","potentialAction":[{"@type":"ReadAction","target":["https:\/\/welovecinema.be\/fr\/la-selection-officielle-du-festival-de-cannes-est-ici-et-cest-du-lourd\/"]}]},{"@type":"BreadcrumbList","@id":"https:\/\/welovecinema.be\/fr\/la-selection-officielle-du-festival-de-cannes-est-ici-et-cest-du-lourd\/#breadcrumb","itemListElement":[{"@type":"ListItem","position":1,"name":"Accueil","item":"https:\/\/welovecinema.be\/fr\/"},{"@type":"ListItem","position":2,"name":"La s\u00e9lection officielle du Festival de Cannes est ici\u00a0! Et c&rsquo;est du lourd!"}]},{"@type":"WebSite","@id":"https:\/\/welovecinema.be\/nl\/#website","url":"https:\/\/welovecinema.be\/nl\/","name":"We Love Cinema","description":"Toute l\u2019information du cin\u00e9ma en Belgique","publisher":{"@id":"https:\/\/welovecinema.be\/nl\/#organization"},"potentialAction":[{"@type":"SearchAction","target":{"@type":"EntryPoint","urlTemplate":"https:\/\/welovecinema.be\/nl\/?s={search_term_string}"},"query-input":"required name=search_term_string"}],"inLanguage":"fr-FR"},{"@type":"Organization","@id":"https:\/\/welovecinema.be\/nl\/#organization","name":"We Love Cinema","url":"https:\/\/welovecinema.be\/nl\/","logo":{"@type":"ImageObject","inLanguage":"fr-FR","@id":"https:\/\/welovecinema.be\/nl\/#\/schema\/logo\/image\/","url":"https:\/\/welovecinema.be\/wp-content\/uploads\/sites\/2\/2023\/03\/Logo-We-Love-Cinema305x128.jpg","contentUrl":"https:\/\/welovecinema.be\/wp-content\/uploads\/sites\/2\/2023\/03\/Logo-We-Love-Cinema305x128.jpg","width":305,"height":128,"caption":"We Love Cinema"},"image":{"@id":"https:\/\/welovecinema.be\/nl\/#\/schema\/logo\/image\/"},"sameAs":["https:\/\/www.facebook.com\/welovecinema.be","https:\/\/www.youtube.com\/channel\/UCX5LYGVhnKvYauW4Nta4HJA","https:\/\/www.instagram.com\/welovecinema.be\/"]},{"@type":"Person","@id":"https:\/\/welovecinema.be\/nl\/#\/schema\/person\/7620619142b6dd3c9aa19e9210ad5bd5","name":"fred","url":"https:\/\/welovecinema.be\/fr\/author\/fred\/"}]}},"_links":{"self":[{"href":"https:\/\/welovecinema.be\/fr\/wp-json\/wp\/v2\/posts\/264334","targetHints":{"allow":["GET"]}}],"collection":[{"href":"https:\/\/welovecinema.be\/fr\/wp-json\/wp\/v2\/posts"}],"about":[{"href":"https:\/\/welovecinema.be\/fr\/wp-json\/wp\/v2\/types\/post"}],"author":[{"embeddable":true,"href":"https:\/\/welovecinema.be\/fr\/wp-json\/wp\/v2\/users\/358"}],"replies":[{"embeddable":true,"href":"https:\/\/welovecinema.be\/fr\/wp-json\/wp\/v2\/comments?post=264334"}],"version-history":[{"count":1,"href":"https:\/\/welovecinema.be\/fr\/wp-json\/wp\/v2\/posts\/264334\/revisions"}],"predecessor-version":[{"id":264335,"href":"https:\/\/welovecinema.be\/fr\/wp-json\/wp\/v2\/posts\/264334\/revisions\/264335"}],"wp:featuredmedia":[{"embeddable":true,"href":"https:\/\/welovecinema.be\/fr\/wp-json\/wp\/v2\/media\/264333"}],"wp:attachment":[{"href":"https:\/\/welovecinema.be\/fr\/wp-json\/wp\/v2\/media?parent=264334"}],"wp:term":[{"taxonomy":"category","embeddable":true,"href":"https:\/\/welovecinema.be\/fr\/wp-json\/wp\/v2\/categories?post=264334"},{"taxonomy":"post_tag","embeddable":true,"href":"https:\/\/welovecinema.be\/fr\/wp-json\/wp\/v2\/tags?post=264334"}],"curies":[{"name":"wp","href":"https:\/\/api.w.org\/{rel}","templated":true}]}}