{"id":264328,"date":"2025-04-10T11:52:31","date_gmt":"2025-04-10T09:52:31","guid":{"rendered":"https:\/\/welovecinema.be\/?p=264328"},"modified":"2025-04-14T09:17:55","modified_gmt":"2025-04-14T07:17:55","slug":"les-jeunes-meres-des-dardenne-en-competition-au-78e-festival-de-cannes","status":"publish","type":"post","link":"https:\/\/welovecinema.be\/fr\/les-jeunes-meres-des-dardenne-en-competition-au-78e-festival-de-cannes\/","title":{"rendered":"Les \u00ab\u00a0Jeunes M\u00e8res\u00a0\u00bb des Dardenne en Comp\u00e9tition au 78e Festival de Cannes"},"content":{"rendered":"<p class=\"p1\"><b>C\u2019est un rendez-vous aussi attendu qu\u2019appr\u00e9ci\u00e9: les fr\u00e8res Dardenne auront \u00e0 nouveau les honneurs de la Comp\u00e9tition cannoise avec leur nouveau film, <\/b><b><i>Jeunes M\u00e8res<\/i><\/b><b><i><\/i><\/b><\/p>\n<p class=\"p1\">Il est des habitudes meilleures que d\u2019autres, et ce rendez-vous r\u00e9gulier entre Luc et Jean-Pierre Dardenne et le Festival de Cannes en est une. Une habitude qui chaque fois pourtant est d\u2019abord un fol espoir avant d\u2019\u00eatre une joie, celle de retrouver sur la Croisette le cin\u00e9ma juste et percutant des cin\u00e9astes belges. <i>Jeunes m\u00e8res<\/i> est le 10e film des Dardenne \u00e0 prendre part \u00e0 la S\u00e9lection officielle du Festival en Comp\u00e9tition, le 11e \u00e0 \u00eatre pr\u00e9sent\u00e9 \u00e0 Cannes en comptant <i>La Promesse<\/i>, pr\u00e9sent\u00e9 \u00e0 la Quinzaine des Cin\u00e9astes en 1996.<\/p>\n<p class=\"p1\">Ce sont donc presque 20 ans d\u2019une histoire commune, parsem\u00e9e de prix et de destins singuliers, dont deux fracassantes Palme d\u2019or pour <i>Rosetta<\/i> et <i>L\u2019Enfant<\/i>. 20 ans d\u2019un cin\u00e9ma qui s\u2019enrichit, se multiplie, et de film en film, tout en souplesse, explore de nouvelles voies. \u00ab\u00a0Ils reviennent, et on assume cette fid\u00e9lit\u00e9,\u00a0\u00bb a martel\u00e9 Thierry Fr\u00e9maux.<\/p>\n<p class=\"p1\"><i>Jeunes m\u00e8res<\/i> suit la trajectoire de Jessica, Perla, Julie, Ariane et Na\u00efma, toutes cinq h\u00e9berg\u00e9es dans une maison maternelle qui les aide dans leur vie de jeune m\u00e8re. Cinq adolescentes qui ont l\u2019espoir de parvenir \u00e0 une vie meilleure pour elles-m\u00eames et pour leur enfant. Un sujet dont on devine la possible \u00e2pret\u00e9, mais aussi la lumi\u00e8re, une fois encore profond\u00e9ment ancr\u00e9 dans un r\u00e9el rendu palpable \u00e0 l\u2019\u00e9cran, mais on remarque \u00e9galement que les cin\u00e9astes s\u2019\u00e9loignent de leur sch\u00e9ma traditionnel du portrait singulier ou en duo pour ouvrir leur regard de fa\u00e7on plus chorale. Au g\u00e9n\u00e9rique, des noms tous neufs, d\u2019autres que l\u2019on a d\u00e9j\u00e0 crois\u00e9s chez d\u2019autres cin\u00e9astes belges, un m\u00e9lange d\u2019exp\u00e9rience et de profils nouveaux. Ces cinq jeunes m\u00e8res sont interpr\u00e9t\u00e9es par Babette Verbeek, Lucie Laruelle, Samia Hilmi, Elsa Houben (l\u2019h\u00e9ro\u00efne du <i>Coeur noir des for\u00eats <\/i>de Serge Mirzabekiantz), et Janaina Halloy Fokan (d\u00e9couverte dans <i>Inexorable<\/i> de Fabrice Du Welz). C\u2019est peu dire que l\u2019on a h\u00e2te de d\u00e9couvrir ce nouvel opus.<\/p>\n<p class=\"p1\">Comme chaque ann\u00e9e, le Festival propose une s\u00e9lection des plus prometteuses, au sein de laquelle on retiendra la pr\u00e9sence d\u2019une poign\u00e9e de talents belges.<\/p>\n<p class=\"p1\">La Comp\u00e9tition sera l\u2019occasion de d\u00e9couvrir le nouveau Dominik Moll. Apr\u00e8s avoir offert un r\u00f4le en or \u00e0 Bouli Lanners dans<i> La Nuit du 12 <\/i>qui lui valut son premier C\u00e9sar, le cin\u00e9aste fran\u00e7ais invite au g\u00e9n\u00e9rique un autre acteur belge Yoann Blanc, qui partage l\u2019affiche de ce nouveau film, <i>Dossier 137<\/i>, avec Lea Drucker en t\u00eate d\u2019affiche, mais aussi Guslagie Malanda, r\u00e9v\u00e9lation de <i>Saint Omer.<\/i><\/p>\n<p class=\"p1\">C\u00e9cile de France sera deux fois \u00e0 l\u2019honneur sur la Croisette, dans le nouveau film choral de C\u00e9dric Klapisch, <i>La Venue de l\u2019Avenir <\/i>(au g\u00e9n\u00e9rique duquel on retrouve \u00e9galement Catherine Sal\u00e9e), mais aussi en t\u00eate d\u2019affiche du myst\u00e9rieux film du Fran\u00e7ais Yann Gozlan, <i>Dalloway<\/i>, qui sera pr\u00e9sent\u00e9 en s\u00e9ance de Minuit, o\u00f9 elle interpr\u00e8te une \u00e9crivaine aux prises avec l\u2019IA\u2026<\/p>\n<p class=\"p1\">On saluera \u00e9galement le grand retour de Virginie Efira, \u00e0 l\u2019affiche du nouveau film de Rebecca Zlotowski, <i>Vie Priv\u00e9e<\/i>, o\u00f9 elle partage le casting avec Jodie Foster et Daniel Auteuil, pr\u00e9sent\u00e9 Hors Comp\u00e9tition.<\/p>\n<p class=\"p1\">On notera la pr\u00e9sentation en S\u00e9ance sp\u00e9ciale de <i>Marcel et Monsieur Pagnol<\/i>, film d\u2019animation de Sylvain Chomet, au g\u00e9n\u00e9rique duquel on retrouve la com\u00e9dienne Sophie Mar\u00e9chal.<\/p>\n<p class=\"p1\">R\u00e9jouissons-nous enfin, dans cette liste assur\u00e9ment non exhaustive des talents belges annonc\u00e9s sur la Croisette de la s\u00e9lection d\u2019<i>Alpha <\/i>de Julia Ducournau, coproduit en Belgique par les Li\u00e9geois de Frakas Productions, comme les deux pr\u00e9c\u00e9dents films de la cin\u00e9aste fran\u00e7aise, dont sa Palme d\u2019or <i>Titane<\/i>.<\/p>\n<p class=\"p1\">Rendez-vous du 13 au 24 mai prochains sur la Croisette!<\/p>\n","protected":false},"excerpt":{"rendered":"<p>C\u2019est un rendez-vous aussi attendu qu\u2019appr\u00e9ci\u00e9: les fr\u00e8res Dardenne auront \u00e0 nouveau les honneurs de la Comp\u00e9tition cannoise avec leur nouveau film, Jeunes M\u00e8res Il est des habitudes meilleures que d\u2019autres, et ce rendez-vous r\u00e9gulier entre Luc et Jean-Pierre Dardenne et le Festival de Cannes en est une. Une habitude qui chaque fois pourtant est &hellip;<\/p>\n","protected":false},"author":343,"featured_media":264329,"comment_status":"closed","ping_status":"closed","sticky":false,"template":"","format":"standard","meta":{"ngg_post_thumbnail":0,"footnotes":""},"categories":[7134,53,1923,12],"tags":[],"class_list":["post-264328","post","type-post","status-publish","format-standard","has-post-thumbnail","","category-we-love-belgian-cinema","category-coming-soon","category-en-bref","category-awards"],"yoast_head":"<!-- This site is optimized with the Yoast SEO plugin v20.4 - https:\/\/yoast.com\/wordpress\/plugins\/seo\/ -->\n<title>Les &quot;Jeunes M\u00e8res&quot; des Dardenne en Comp\u00e9tition au 78e Festival de Cannes - We Love Cinema<\/title>\n<meta name=\"robots\" content=\"index, follow, max-snippet:-1, max-image-preview:large, max-video-preview:-1\" \/>\n<link rel=\"canonical\" href=\"https:\/\/welovecinema.be\/fr\/les-jeunes-meres-des-dardenne-en-competition-au-78e-festival-de-cannes\/\" \/>\n<meta property=\"og:locale\" content=\"fr_FR\" \/>\n<meta property=\"og:type\" content=\"article\" \/>\n<meta property=\"og:title\" content=\"Les &quot;Jeunes M\u00e8res&quot; des Dardenne en Comp\u00e9tition au 78e Festival de Cannes - We Love Cinema\" \/>\n<meta property=\"og:description\" content=\"C\u2019est un rendez-vous aussi attendu qu\u2019appr\u00e9ci\u00e9: les fr\u00e8res Dardenne auront \u00e0 nouveau les honneurs de la Comp\u00e9tition cannoise avec leur nouveau film, Jeunes M\u00e8res Il est des habitudes meilleures que d\u2019autres, et ce rendez-vous r\u00e9gulier entre Luc et Jean-Pierre Dardenne et le Festival de Cannes en est une. Une habitude qui chaque fois pourtant est &hellip;\" \/>\n<meta property=\"og:url\" content=\"https:\/\/welovecinema.be\/fr\/les-jeunes-meres-des-dardenne-en-competition-au-78e-festival-de-cannes\/\" \/>\n<meta property=\"og:site_name\" content=\"We Love Cinema\" \/>\n<meta property=\"article:publisher\" content=\"https:\/\/www.facebook.com\/welovecinema.be\" \/>\n<meta property=\"article:published_time\" content=\"2025-04-10T09:52:31+00:00\" \/>\n<meta property=\"article:modified_time\" content=\"2025-04-14T07:17:55+00:00\" \/>\n<meta property=\"og:image\" content=\"https:\/\/welovecinema.be\/wp-content\/uploads\/sites\/2\/2025\/04\/Jeunes-Meres-Dardenne-Les-Films-du-Fleuve-Christine-Plenus-scaled.jpg\" \/>\n\t<meta property=\"og:image:width\" content=\"2560\" \/>\n\t<meta property=\"og:image:height\" content=\"1602\" \/>\n\t<meta property=\"og:image:type\" content=\"image\/jpeg\" \/>\n<meta name=\"author\" content=\"Aurore Engelen\" \/>\n<meta name=\"twitter:card\" content=\"summary_large_image\" \/>\n<meta name=\"twitter:label1\" content=\"\u00c9crit par\" \/>\n\t<meta name=\"twitter:data1\" content=\"Aurore Engelen\" \/>\n\t<meta name=\"twitter:label2\" content=\"Dur\u00e9e de lecture estim\u00e9e\" \/>\n\t<meta name=\"twitter:data2\" content=\"4 minutes\" \/>\n<script type=\"application\/ld+json\" class=\"yoast-schema-graph\">{\"@context\":\"https:\/\/schema.org\",\"@graph\":[{\"@type\":\"Article\",\"@id\":\"https:\/\/welovecinema.be\/fr\/les-jeunes-meres-des-dardenne-en-competition-au-78e-festival-de-cannes\/#article\",\"isPartOf\":{\"@id\":\"https:\/\/welovecinema.be\/fr\/les-jeunes-meres-des-dardenne-en-competition-au-78e-festival-de-cannes\/\"},\"author\":{\"name\":\"Aurore Engelen\",\"@id\":\"https:\/\/welovecinema.be\/nl\/#\/schema\/person\/8084b68c6b176142d073695c654dc7cf\"},\"headline\":\"Les \u00ab\u00a0Jeunes M\u00e8res\u00a0\u00bb des Dardenne en Comp\u00e9tition au 78e Festival de Cannes\",\"datePublished\":\"2025-04-10T09:52:31+00:00\",\"dateModified\":\"2025-04-14T07:17:55+00:00\",\"mainEntityOfPage\":{\"@id\":\"https:\/\/welovecinema.be\/fr\/les-jeunes-meres-des-dardenne-en-competition-au-78e-festival-de-cannes\/\"},\"wordCount\":719,\"publisher\":{\"@id\":\"https:\/\/welovecinema.be\/nl\/#organization\"},\"articleSection\":[\"\u00a0We Love Belgian Cinema\",\"Coming soon\",\"En bref\",\"Evenements\"],\"inLanguage\":\"fr-FR\"},{\"@type\":\"WebPage\",\"@id\":\"https:\/\/welovecinema.be\/fr\/les-jeunes-meres-des-dardenne-en-competition-au-78e-festival-de-cannes\/\",\"url\":\"https:\/\/welovecinema.be\/fr\/les-jeunes-meres-des-dardenne-en-competition-au-78e-festival-de-cannes\/\",\"name\":\"Les \\\"Jeunes M\u00e8res\\\" des Dardenne en Comp\u00e9tition au 78e Festival de Cannes - We Love Cinema\",\"isPartOf\":{\"@id\":\"https:\/\/welovecinema.be\/nl\/#website\"},\"datePublished\":\"2025-04-10T09:52:31+00:00\",\"dateModified\":\"2025-04-14T07:17:55+00:00\",\"breadcrumb\":{\"@id\":\"https:\/\/welovecinema.be\/fr\/les-jeunes-meres-des-dardenne-en-competition-au-78e-festival-de-cannes\/#breadcrumb\"},\"inLanguage\":\"fr-FR\",\"potentialAction\":[{\"@type\":\"ReadAction\",\"target\":[\"https:\/\/welovecinema.be\/fr\/les-jeunes-meres-des-dardenne-en-competition-au-78e-festival-de-cannes\/\"]}]},{\"@type\":\"BreadcrumbList\",\"@id\":\"https:\/\/welovecinema.be\/fr\/les-jeunes-meres-des-dardenne-en-competition-au-78e-festival-de-cannes\/#breadcrumb\",\"itemListElement\":[{\"@type\":\"ListItem\",\"position\":1,\"name\":\"Accueil\",\"item\":\"https:\/\/welovecinema.be\/fr\/\"},{\"@type\":\"ListItem\",\"position\":2,\"name\":\"Les \u00ab\u00a0Jeunes M\u00e8res\u00a0\u00bb des Dardenne en Comp\u00e9tition au 78e Festival de Cannes\"}]},{\"@type\":\"WebSite\",\"@id\":\"https:\/\/welovecinema.be\/nl\/#website\",\"url\":\"https:\/\/welovecinema.be\/nl\/\",\"name\":\"We Love Cinema\",\"description\":\"Toute l\u2019information du cin\u00e9ma en Belgique\",\"publisher\":{\"@id\":\"https:\/\/welovecinema.be\/nl\/#organization\"},\"potentialAction\":[{\"@type\":\"SearchAction\",\"target\":{\"@type\":\"EntryPoint\",\"urlTemplate\":\"https:\/\/welovecinema.be\/nl\/?s={search_term_string}\"},\"query-input\":\"required name=search_term_string\"}],\"inLanguage\":\"fr-FR\"},{\"@type\":\"Organization\",\"@id\":\"https:\/\/welovecinema.be\/nl\/#organization\",\"name\":\"We Love Cinema\",\"url\":\"https:\/\/welovecinema.be\/nl\/\",\"logo\":{\"@type\":\"ImageObject\",\"inLanguage\":\"fr-FR\",\"@id\":\"https:\/\/welovecinema.be\/nl\/#\/schema\/logo\/image\/\",\"url\":\"https:\/\/welovecinema.be\/wp-content\/uploads\/sites\/2\/2023\/03\/Logo-We-Love-Cinema305x128.jpg\",\"contentUrl\":\"https:\/\/welovecinema.be\/wp-content\/uploads\/sites\/2\/2023\/03\/Logo-We-Love-Cinema305x128.jpg\",\"width\":305,\"height\":128,\"caption\":\"We Love Cinema\"},\"image\":{\"@id\":\"https:\/\/welovecinema.be\/nl\/#\/schema\/logo\/image\/\"},\"sameAs\":[\"https:\/\/www.facebook.com\/welovecinema.be\",\"https:\/\/www.youtube.com\/channel\/UCX5LYGVhnKvYauW4Nta4HJA\",\"https:\/\/www.instagram.com\/welovecinema.be\/\"]},{\"@type\":\"Person\",\"@id\":\"https:\/\/welovecinema.be\/nl\/#\/schema\/person\/8084b68c6b176142d073695c654dc7cf\",\"name\":\"Aurore Engelen\",\"url\":\"https:\/\/welovecinema.be\/fr\/author\/aurore-engelen\/\"}]}<\/script>\n<!-- \/ Yoast SEO plugin. -->","yoast_head_json":{"title":"Les \"Jeunes M\u00e8res\" des Dardenne en Comp\u00e9tition au 78e Festival de Cannes - We Love Cinema","robots":{"index":"index","follow":"follow","max-snippet":"max-snippet:-1","max-image-preview":"max-image-preview:large","max-video-preview":"max-video-preview:-1"},"canonical":"https:\/\/welovecinema.be\/fr\/les-jeunes-meres-des-dardenne-en-competition-au-78e-festival-de-cannes\/","og_locale":"fr_FR","og_type":"article","og_title":"Les \"Jeunes M\u00e8res\" des Dardenne en Comp\u00e9tition au 78e Festival de Cannes - We Love Cinema","og_description":"C\u2019est un rendez-vous aussi attendu qu\u2019appr\u00e9ci\u00e9: les fr\u00e8res Dardenne auront \u00e0 nouveau les honneurs de la Comp\u00e9tition cannoise avec leur nouveau film, Jeunes M\u00e8res Il est des habitudes meilleures que d\u2019autres, et ce rendez-vous r\u00e9gulier entre Luc et Jean-Pierre Dardenne et le Festival de Cannes en est une. Une habitude qui chaque fois pourtant est &hellip;","og_url":"https:\/\/welovecinema.be\/fr\/les-jeunes-meres-des-dardenne-en-competition-au-78e-festival-de-cannes\/","og_site_name":"We Love Cinema","article_publisher":"https:\/\/www.facebook.com\/welovecinema.be","article_published_time":"2025-04-10T09:52:31+00:00","article_modified_time":"2025-04-14T07:17:55+00:00","og_image":[{"width":2560,"height":1602,"url":"https:\/\/welovecinema.be\/wp-content\/uploads\/sites\/2\/2025\/04\/Jeunes-Meres-Dardenne-Les-Films-du-Fleuve-Christine-Plenus-scaled.jpg","type":"image\/jpeg"}],"author":"Aurore Engelen","twitter_card":"summary_large_image","twitter_misc":{"\u00c9crit par":"Aurore Engelen","Dur\u00e9e de lecture estim\u00e9e":"4 minutes"},"schema":{"@context":"https:\/\/schema.org","@graph":[{"@type":"Article","@id":"https:\/\/welovecinema.be\/fr\/les-jeunes-meres-des-dardenne-en-competition-au-78e-festival-de-cannes\/#article","isPartOf":{"@id":"https:\/\/welovecinema.be\/fr\/les-jeunes-meres-des-dardenne-en-competition-au-78e-festival-de-cannes\/"},"author":{"name":"Aurore Engelen","@id":"https:\/\/welovecinema.be\/nl\/#\/schema\/person\/8084b68c6b176142d073695c654dc7cf"},"headline":"Les \u00ab\u00a0Jeunes M\u00e8res\u00a0\u00bb des Dardenne en Comp\u00e9tition au 78e Festival de Cannes","datePublished":"2025-04-10T09:52:31+00:00","dateModified":"2025-04-14T07:17:55+00:00","mainEntityOfPage":{"@id":"https:\/\/welovecinema.be\/fr\/les-jeunes-meres-des-dardenne-en-competition-au-78e-festival-de-cannes\/"},"wordCount":719,"publisher":{"@id":"https:\/\/welovecinema.be\/nl\/#organization"},"articleSection":["\u00a0We Love Belgian Cinema","Coming soon","En bref","Evenements"],"inLanguage":"fr-FR"},{"@type":"WebPage","@id":"https:\/\/welovecinema.be\/fr\/les-jeunes-meres-des-dardenne-en-competition-au-78e-festival-de-cannes\/","url":"https:\/\/welovecinema.be\/fr\/les-jeunes-meres-des-dardenne-en-competition-au-78e-festival-de-cannes\/","name":"Les \"Jeunes M\u00e8res\" des Dardenne en Comp\u00e9tition au 78e Festival de Cannes - We Love Cinema","isPartOf":{"@id":"https:\/\/welovecinema.be\/nl\/#website"},"datePublished":"2025-04-10T09:52:31+00:00","dateModified":"2025-04-14T07:17:55+00:00","breadcrumb":{"@id":"https:\/\/welovecinema.be\/fr\/les-jeunes-meres-des-dardenne-en-competition-au-78e-festival-de-cannes\/#breadcrumb"},"inLanguage":"fr-FR","potentialAction":[{"@type":"ReadAction","target":["https:\/\/welovecinema.be\/fr\/les-jeunes-meres-des-dardenne-en-competition-au-78e-festival-de-cannes\/"]}]},{"@type":"BreadcrumbList","@id":"https:\/\/welovecinema.be\/fr\/les-jeunes-meres-des-dardenne-en-competition-au-78e-festival-de-cannes\/#breadcrumb","itemListElement":[{"@type":"ListItem","position":1,"name":"Accueil","item":"https:\/\/welovecinema.be\/fr\/"},{"@type":"ListItem","position":2,"name":"Les \u00ab\u00a0Jeunes M\u00e8res\u00a0\u00bb des Dardenne en Comp\u00e9tition au 78e Festival de Cannes"}]},{"@type":"WebSite","@id":"https:\/\/welovecinema.be\/nl\/#website","url":"https:\/\/welovecinema.be\/nl\/","name":"We Love Cinema","description":"Toute l\u2019information du cin\u00e9ma en Belgique","publisher":{"@id":"https:\/\/welovecinema.be\/nl\/#organization"},"potentialAction":[{"@type":"SearchAction","target":{"@type":"EntryPoint","urlTemplate":"https:\/\/welovecinema.be\/nl\/?s={search_term_string}"},"query-input":"required name=search_term_string"}],"inLanguage":"fr-FR"},{"@type":"Organization","@id":"https:\/\/welovecinema.be\/nl\/#organization","name":"We Love Cinema","url":"https:\/\/welovecinema.be\/nl\/","logo":{"@type":"ImageObject","inLanguage":"fr-FR","@id":"https:\/\/welovecinema.be\/nl\/#\/schema\/logo\/image\/","url":"https:\/\/welovecinema.be\/wp-content\/uploads\/sites\/2\/2023\/03\/Logo-We-Love-Cinema305x128.jpg","contentUrl":"https:\/\/welovecinema.be\/wp-content\/uploads\/sites\/2\/2023\/03\/Logo-We-Love-Cinema305x128.jpg","width":305,"height":128,"caption":"We Love Cinema"},"image":{"@id":"https:\/\/welovecinema.be\/nl\/#\/schema\/logo\/image\/"},"sameAs":["https:\/\/www.facebook.com\/welovecinema.be","https:\/\/www.youtube.com\/channel\/UCX5LYGVhnKvYauW4Nta4HJA","https:\/\/www.instagram.com\/welovecinema.be\/"]},{"@type":"Person","@id":"https:\/\/welovecinema.be\/nl\/#\/schema\/person\/8084b68c6b176142d073695c654dc7cf","name":"Aurore Engelen","url":"https:\/\/welovecinema.be\/fr\/author\/aurore-engelen\/"}]}},"_links":{"self":[{"href":"https:\/\/welovecinema.be\/fr\/wp-json\/wp\/v2\/posts\/264328","targetHints":{"allow":["GET"]}}],"collection":[{"href":"https:\/\/welovecinema.be\/fr\/wp-json\/wp\/v2\/posts"}],"about":[{"href":"https:\/\/welovecinema.be\/fr\/wp-json\/wp\/v2\/types\/post"}],"author":[{"embeddable":true,"href":"https:\/\/welovecinema.be\/fr\/wp-json\/wp\/v2\/users\/343"}],"replies":[{"embeddable":true,"href":"https:\/\/welovecinema.be\/fr\/wp-json\/wp\/v2\/comments?post=264328"}],"version-history":[{"count":2,"href":"https:\/\/welovecinema.be\/fr\/wp-json\/wp\/v2\/posts\/264328\/revisions"}],"predecessor-version":[{"id":264347,"href":"https:\/\/welovecinema.be\/fr\/wp-json\/wp\/v2\/posts\/264328\/revisions\/264347"}],"wp:featuredmedia":[{"embeddable":true,"href":"https:\/\/welovecinema.be\/fr\/wp-json\/wp\/v2\/media\/264329"}],"wp:attachment":[{"href":"https:\/\/welovecinema.be\/fr\/wp-json\/wp\/v2\/media?parent=264328"}],"wp:term":[{"taxonomy":"category","embeddable":true,"href":"https:\/\/welovecinema.be\/fr\/wp-json\/wp\/v2\/categories?post=264328"},{"taxonomy":"post_tag","embeddable":true,"href":"https:\/\/welovecinema.be\/fr\/wp-json\/wp\/v2\/tags?post=264328"}],"curies":[{"name":"wp","href":"https:\/\/api.w.org\/{rel}","templated":true}]}}