{"id":264221,"date":"2025-04-05T15:34:15","date_gmt":"2025-04-05T13:34:15","guid":{"rendered":"https:\/\/welovecinema.be\/?p=264221"},"modified":"2025-04-08T19:26:49","modified_gmt":"2025-04-08T17:26:49","slug":"le-bifff-va-encore-vous-faire-broyer-du-noir","status":"publish","type":"post","link":"https:\/\/welovecinema.be\/fr\/le-bifff-va-encore-vous-faire-broyer-du-noir\/","title":{"rendered":"Le \u00ab\u00a0BIFFF\u00a0\u00bb va (encore\u00a0!) vous faire broyer du noir\u00a0!"},"content":{"rendered":"<p><strong>Le <em>Brussels International Fantastic Film Festival (BIFFF)<\/em>, \u00e9v\u00e9nement incontournable pour les amateurs de cin\u00e9ma fantastique, d&rsquo;horreur et de science-fiction promet, cette ann\u00e9e encore, une programmation cin\u00e9 (courts et longs) chic et choc, mais aussi des \u00ab\u00a0master classes\u00a0\u00bb avec de grands noms, des concours de grimages o\u00f9 le rouge et le noir dominent, la fameux \u00ab\u00a0Bal des Vampires\u00a0\u00bb, sans oublier bien d\u2019autres occasions de vous immerger dans une atmosph\u00e8re que le monde entier nous envie. <\/strong><\/p>\n<p>Et, au milieu de la centaine de films propos\u00e9s, certains sont aussi des avant-premi\u00e8res. Puisque le <em>BIFFF<\/em> vous propose de les d\u00e9couvrir avant leur sortie en salles. Parfois bien plus tard\u2026<\/p>\n<p>C\u2019est par exemple de cas de <em>Hitman 2<\/em>, attendu au cin\u00e9ma cet \u00e9t\u00e9. Surfant sur le th\u00e8me de \u00ab l\u2019art qui imite la vie qui imite l\u2019art \u00bb, cette suite du succ\u00e8s monstre de 2020 est \u00e0 l\u2019aune de son pr\u00e9d\u00e9cesseur : un \u00ab comics \u00bb live d\u00e9jant\u00e9 et shoot\u00e9 \u00e0 l\u2019adr\u00e9naline.<\/p>\n<p>Et que dire de <em>Death of a Unicorn<\/em>, qui sortira d\u00e9j\u00e0 au cin\u00e9ma le 9 avril, mais qui sera projet\u00e9 la veille au festival\u00a0? On nous annonce un m\u00e9lange os\u00e9 entre <em>Parasite<\/em> et <em>My Little Pony<\/em>. Tout au programme\u2026 aussi all\u00e9chant que le casting de ce film, o\u00f9 l\u2019on retrouvera Jenna Ortega, la nouvelle muse de Tim Burton, et Paul Rudd (<em>Ant-Man<\/em> dans les <em>Avengers<\/em>).<\/p>\n<p>On pointera encore le thriller suffocant <em>Locked<\/em> avec Anthony Hopkins et Bill Skarsg\u00e5rd (Pennywise dans <em>IT<\/em>). O\u00f9 un voleur de voitures se retrouve pi\u00e9g\u00e9 \u00e0 l\u2019int\u00e9rieur d\u2019un v\u00e9hicule et sait que son existence va partir en tonneaux et en d\u00e9rapages totalement incontr\u00f4l\u00e9s.<\/p>\n<p>Tout \u00e7a sans oublier le gla\u00e7ant <em>Screamboat<\/em> inspir\u00e9 tr\u00e8s tr\u00e8s librement de <em>Steamboat Willie<\/em> avec Mickey Mouse, en premi\u00e8re europ\u00e9enne, carr\u00e9ment. Sauf qu\u2019ici, la croisi\u00e8re ne s\u2019amuse plus tout. Puisqu\u2019un rongeur pas comme les autres se r\u00e9veille apr\u00e8s une sieste de cent ans dans les cales du bateau. Et qu\u2019il a faim. Tr\u00e8s faim\u2026<\/p>\n<p>Mais le<em> Bifff<\/em>, ce n\u2019est pas que des films\u00a0!<\/p>\n<p>Rayon invit\u00e9s, par exemple, on mentionnera Christophe Lambert (qui viendra signer des autographes) ou Danny Boyle (qui signera, en plus, une le\u00e7on de cin\u00e9ma \u00e0 forc\u00e9ment ne pas rater) au beau milieu d\u2019une trentaine d\u2019autres <em>guests.<\/em><\/p>\n<p>Le festival se d\u00e9roulera du 8 au 20 avril au Palais 10 du Heysel!<\/p>\n<p>Et comme nous ne reculons devant rien, nous vous offrons des places pour participer \u00e0 la f\u00eate. <a href=\"https:\/\/wish.welovecinema.be\/fr\/homepage\/\">Tentez votre chance ici si vous osez&#8230;<\/a><\/p>\n","protected":false},"excerpt":{"rendered":"<p>Le Brussels International Fantastic Film Festival (BIFFF), \u00e9v\u00e9nement incontournable pour les amateurs de cin\u00e9ma fantastique, d&rsquo;horreur et de science-fiction promet, cette ann\u00e9e encore, une programmation cin\u00e9 (courts et longs) chic et choc, mais aussi des \u00ab\u00a0master classes\u00a0\u00bb avec de grands noms, des concours de grimages o\u00f9 le rouge et le noir dominent, la fameux \u00ab\u00a0Bal &hellip;<\/p>\n","protected":false},"author":358,"featured_media":264192,"comment_status":"closed","ping_status":"closed","sticky":false,"template":"","format":"standard","meta":{"ngg_post_thumbnail":0,"footnotes":""},"categories":[7135,7],"tags":[],"class_list":["post-264221","post","type-post","status-publish","format-standard","has-post-thumbnail","","category-we-love-worldwide","category-actualites"],"yoast_head":"<!-- This site is optimized with the Yoast SEO plugin v20.4 - https:\/\/yoast.com\/wordpress\/plugins\/seo\/ -->\n<title>Le \u00ab\u00a0BIFFF\u00a0\u00bb va (encore\u00a0!) vous faire broyer du noir\u00a0! - We Love Cinema<\/title>\n<meta name=\"robots\" content=\"index, follow, max-snippet:-1, max-image-preview:large, max-video-preview:-1\" \/>\n<link rel=\"canonical\" href=\"https:\/\/welovecinema.be\/fr\/le-bifff-va-encore-vous-faire-broyer-du-noir\/\" \/>\n<meta property=\"og:locale\" content=\"fr_FR\" \/>\n<meta property=\"og:type\" content=\"article\" \/>\n<meta property=\"og:title\" content=\"Le \u00ab\u00a0BIFFF\u00a0\u00bb va (encore\u00a0!) vous faire broyer du noir\u00a0! - We Love Cinema\" \/>\n<meta property=\"og:description\" content=\"Le Brussels International Fantastic Film Festival (BIFFF), \u00e9v\u00e9nement incontournable pour les amateurs de cin\u00e9ma fantastique, d&rsquo;horreur et de science-fiction promet, cette ann\u00e9e encore, une programmation cin\u00e9 (courts et longs) chic et choc, mais aussi des \u00ab\u00a0master classes\u00a0\u00bb avec de grands noms, des concours de grimages o\u00f9 le rouge et le noir dominent, la fameux \u00ab\u00a0Bal &hellip;\" \/>\n<meta property=\"og:url\" content=\"https:\/\/welovecinema.be\/fr\/le-bifff-va-encore-vous-faire-broyer-du-noir\/\" \/>\n<meta property=\"og:site_name\" content=\"We Love Cinema\" \/>\n<meta property=\"article:publisher\" content=\"https:\/\/www.facebook.com\/welovecinema.be\" \/>\n<meta property=\"article:published_time\" content=\"2025-04-05T13:34:15+00:00\" \/>\n<meta property=\"article:modified_time\" content=\"2025-04-08T17:26:49+00:00\" \/>\n<meta property=\"og:image\" content=\"https:\/\/welovecinema.be\/wp-content\/uploads\/sites\/2\/2025\/04\/bifff.png\" \/>\n\t<meta property=\"og:image:width\" content=\"880\" \/>\n\t<meta property=\"og:image:height\" content=\"440\" \/>\n\t<meta property=\"og:image:type\" content=\"image\/png\" \/>\n<meta name=\"author\" content=\"fred\" \/>\n<meta name=\"twitter:card\" content=\"summary_large_image\" \/>\n<meta name=\"twitter:label1\" content=\"\u00c9crit par\" \/>\n\t<meta name=\"twitter:data1\" content=\"fred\" \/>\n\t<meta name=\"twitter:label2\" content=\"Dur\u00e9e de lecture estim\u00e9e\" \/>\n\t<meta name=\"twitter:data2\" content=\"2 minutes\" \/>\n<script type=\"application\/ld+json\" class=\"yoast-schema-graph\">{\"@context\":\"https:\/\/schema.org\",\"@graph\":[{\"@type\":\"Article\",\"@id\":\"https:\/\/welovecinema.be\/fr\/le-bifff-va-encore-vous-faire-broyer-du-noir\/#article\",\"isPartOf\":{\"@id\":\"https:\/\/welovecinema.be\/fr\/le-bifff-va-encore-vous-faire-broyer-du-noir\/\"},\"author\":{\"name\":\"fred\",\"@id\":\"https:\/\/welovecinema.be\/nl\/#\/schema\/person\/7620619142b6dd3c9aa19e9210ad5bd5\"},\"headline\":\"Le \u00ab\u00a0BIFFF\u00a0\u00bb va (encore\u00a0!) vous faire broyer du noir\u00a0!\",\"datePublished\":\"2025-04-05T13:34:15+00:00\",\"dateModified\":\"2025-04-08T17:26:49+00:00\",\"mainEntityOfPage\":{\"@id\":\"https:\/\/welovecinema.be\/fr\/le-bifff-va-encore-vous-faire-broyer-du-noir\/\"},\"wordCount\":452,\"publisher\":{\"@id\":\"https:\/\/welovecinema.be\/nl\/#organization\"},\"articleSection\":[\"\u00a0We Love Worldwide Cinema\",\"News\"],\"inLanguage\":\"fr-FR\"},{\"@type\":\"WebPage\",\"@id\":\"https:\/\/welovecinema.be\/fr\/le-bifff-va-encore-vous-faire-broyer-du-noir\/\",\"url\":\"https:\/\/welovecinema.be\/fr\/le-bifff-va-encore-vous-faire-broyer-du-noir\/\",\"name\":\"Le \u00ab\u00a0BIFFF\u00a0\u00bb va (encore\u00a0!) vous faire broyer du noir\u00a0! - We Love Cinema\",\"isPartOf\":{\"@id\":\"https:\/\/welovecinema.be\/nl\/#website\"},\"datePublished\":\"2025-04-05T13:34:15+00:00\",\"dateModified\":\"2025-04-08T17:26:49+00:00\",\"breadcrumb\":{\"@id\":\"https:\/\/welovecinema.be\/fr\/le-bifff-va-encore-vous-faire-broyer-du-noir\/#breadcrumb\"},\"inLanguage\":\"fr-FR\",\"potentialAction\":[{\"@type\":\"ReadAction\",\"target\":[\"https:\/\/welovecinema.be\/fr\/le-bifff-va-encore-vous-faire-broyer-du-noir\/\"]}]},{\"@type\":\"BreadcrumbList\",\"@id\":\"https:\/\/welovecinema.be\/fr\/le-bifff-va-encore-vous-faire-broyer-du-noir\/#breadcrumb\",\"itemListElement\":[{\"@type\":\"ListItem\",\"position\":1,\"name\":\"Accueil\",\"item\":\"https:\/\/welovecinema.be\/fr\/\"},{\"@type\":\"ListItem\",\"position\":2,\"name\":\"Le \u00ab\u00a0BIFFF\u00a0\u00bb va (encore\u00a0!) vous faire broyer du noir\u00a0!\"}]},{\"@type\":\"WebSite\",\"@id\":\"https:\/\/welovecinema.be\/nl\/#website\",\"url\":\"https:\/\/welovecinema.be\/nl\/\",\"name\":\"We Love Cinema\",\"description\":\"Toute l\u2019information du cin\u00e9ma en Belgique\",\"publisher\":{\"@id\":\"https:\/\/welovecinema.be\/nl\/#organization\"},\"potentialAction\":[{\"@type\":\"SearchAction\",\"target\":{\"@type\":\"EntryPoint\",\"urlTemplate\":\"https:\/\/welovecinema.be\/nl\/?s={search_term_string}\"},\"query-input\":\"required name=search_term_string\"}],\"inLanguage\":\"fr-FR\"},{\"@type\":\"Organization\",\"@id\":\"https:\/\/welovecinema.be\/nl\/#organization\",\"name\":\"We Love Cinema\",\"url\":\"https:\/\/welovecinema.be\/nl\/\",\"logo\":{\"@type\":\"ImageObject\",\"inLanguage\":\"fr-FR\",\"@id\":\"https:\/\/welovecinema.be\/nl\/#\/schema\/logo\/image\/\",\"url\":\"https:\/\/welovecinema.be\/wp-content\/uploads\/sites\/2\/2023\/03\/Logo-We-Love-Cinema305x128.jpg\",\"contentUrl\":\"https:\/\/welovecinema.be\/wp-content\/uploads\/sites\/2\/2023\/03\/Logo-We-Love-Cinema305x128.jpg\",\"width\":305,\"height\":128,\"caption\":\"We Love Cinema\"},\"image\":{\"@id\":\"https:\/\/welovecinema.be\/nl\/#\/schema\/logo\/image\/\"},\"sameAs\":[\"https:\/\/www.facebook.com\/welovecinema.be\",\"https:\/\/www.youtube.com\/channel\/UCX5LYGVhnKvYauW4Nta4HJA\",\"https:\/\/www.instagram.com\/welovecinema.be\/\"]},{\"@type\":\"Person\",\"@id\":\"https:\/\/welovecinema.be\/nl\/#\/schema\/person\/7620619142b6dd3c9aa19e9210ad5bd5\",\"name\":\"fred\",\"url\":\"https:\/\/welovecinema.be\/fr\/author\/fred\/\"}]}<\/script>\n<!-- \/ Yoast SEO plugin. -->","yoast_head_json":{"title":"Le \u00ab\u00a0BIFFF\u00a0\u00bb va (encore\u00a0!) vous faire broyer du noir\u00a0! - We Love Cinema","robots":{"index":"index","follow":"follow","max-snippet":"max-snippet:-1","max-image-preview":"max-image-preview:large","max-video-preview":"max-video-preview:-1"},"canonical":"https:\/\/welovecinema.be\/fr\/le-bifff-va-encore-vous-faire-broyer-du-noir\/","og_locale":"fr_FR","og_type":"article","og_title":"Le \u00ab\u00a0BIFFF\u00a0\u00bb va (encore\u00a0!) vous faire broyer du noir\u00a0! - We Love Cinema","og_description":"Le Brussels International Fantastic Film Festival (BIFFF), \u00e9v\u00e9nement incontournable pour les amateurs de cin\u00e9ma fantastique, d&rsquo;horreur et de science-fiction promet, cette ann\u00e9e encore, une programmation cin\u00e9 (courts et longs) chic et choc, mais aussi des \u00ab\u00a0master classes\u00a0\u00bb avec de grands noms, des concours de grimages o\u00f9 le rouge et le noir dominent, la fameux \u00ab\u00a0Bal &hellip;","og_url":"https:\/\/welovecinema.be\/fr\/le-bifff-va-encore-vous-faire-broyer-du-noir\/","og_site_name":"We Love Cinema","article_publisher":"https:\/\/www.facebook.com\/welovecinema.be","article_published_time":"2025-04-05T13:34:15+00:00","article_modified_time":"2025-04-08T17:26:49+00:00","og_image":[{"width":880,"height":440,"url":"https:\/\/welovecinema.be\/wp-content\/uploads\/sites\/2\/2025\/04\/bifff.png","type":"image\/png"}],"author":"fred","twitter_card":"summary_large_image","twitter_misc":{"\u00c9crit par":"fred","Dur\u00e9e de lecture estim\u00e9e":"2 minutes"},"schema":{"@context":"https:\/\/schema.org","@graph":[{"@type":"Article","@id":"https:\/\/welovecinema.be\/fr\/le-bifff-va-encore-vous-faire-broyer-du-noir\/#article","isPartOf":{"@id":"https:\/\/welovecinema.be\/fr\/le-bifff-va-encore-vous-faire-broyer-du-noir\/"},"author":{"name":"fred","@id":"https:\/\/welovecinema.be\/nl\/#\/schema\/person\/7620619142b6dd3c9aa19e9210ad5bd5"},"headline":"Le \u00ab\u00a0BIFFF\u00a0\u00bb va (encore\u00a0!) vous faire broyer du noir\u00a0!","datePublished":"2025-04-05T13:34:15+00:00","dateModified":"2025-04-08T17:26:49+00:00","mainEntityOfPage":{"@id":"https:\/\/welovecinema.be\/fr\/le-bifff-va-encore-vous-faire-broyer-du-noir\/"},"wordCount":452,"publisher":{"@id":"https:\/\/welovecinema.be\/nl\/#organization"},"articleSection":["\u00a0We Love Worldwide Cinema","News"],"inLanguage":"fr-FR"},{"@type":"WebPage","@id":"https:\/\/welovecinema.be\/fr\/le-bifff-va-encore-vous-faire-broyer-du-noir\/","url":"https:\/\/welovecinema.be\/fr\/le-bifff-va-encore-vous-faire-broyer-du-noir\/","name":"Le \u00ab\u00a0BIFFF\u00a0\u00bb va (encore\u00a0!) vous faire broyer du noir\u00a0! - We Love Cinema","isPartOf":{"@id":"https:\/\/welovecinema.be\/nl\/#website"},"datePublished":"2025-04-05T13:34:15+00:00","dateModified":"2025-04-08T17:26:49+00:00","breadcrumb":{"@id":"https:\/\/welovecinema.be\/fr\/le-bifff-va-encore-vous-faire-broyer-du-noir\/#breadcrumb"},"inLanguage":"fr-FR","potentialAction":[{"@type":"ReadAction","target":["https:\/\/welovecinema.be\/fr\/le-bifff-va-encore-vous-faire-broyer-du-noir\/"]}]},{"@type":"BreadcrumbList","@id":"https:\/\/welovecinema.be\/fr\/le-bifff-va-encore-vous-faire-broyer-du-noir\/#breadcrumb","itemListElement":[{"@type":"ListItem","position":1,"name":"Accueil","item":"https:\/\/welovecinema.be\/fr\/"},{"@type":"ListItem","position":2,"name":"Le \u00ab\u00a0BIFFF\u00a0\u00bb va (encore\u00a0!) vous faire broyer du noir\u00a0!"}]},{"@type":"WebSite","@id":"https:\/\/welovecinema.be\/nl\/#website","url":"https:\/\/welovecinema.be\/nl\/","name":"We Love Cinema","description":"Toute l\u2019information du cin\u00e9ma en Belgique","publisher":{"@id":"https:\/\/welovecinema.be\/nl\/#organization"},"potentialAction":[{"@type":"SearchAction","target":{"@type":"EntryPoint","urlTemplate":"https:\/\/welovecinema.be\/nl\/?s={search_term_string}"},"query-input":"required name=search_term_string"}],"inLanguage":"fr-FR"},{"@type":"Organization","@id":"https:\/\/welovecinema.be\/nl\/#organization","name":"We Love Cinema","url":"https:\/\/welovecinema.be\/nl\/","logo":{"@type":"ImageObject","inLanguage":"fr-FR","@id":"https:\/\/welovecinema.be\/nl\/#\/schema\/logo\/image\/","url":"https:\/\/welovecinema.be\/wp-content\/uploads\/sites\/2\/2023\/03\/Logo-We-Love-Cinema305x128.jpg","contentUrl":"https:\/\/welovecinema.be\/wp-content\/uploads\/sites\/2\/2023\/03\/Logo-We-Love-Cinema305x128.jpg","width":305,"height":128,"caption":"We Love Cinema"},"image":{"@id":"https:\/\/welovecinema.be\/nl\/#\/schema\/logo\/image\/"},"sameAs":["https:\/\/www.facebook.com\/welovecinema.be","https:\/\/www.youtube.com\/channel\/UCX5LYGVhnKvYauW4Nta4HJA","https:\/\/www.instagram.com\/welovecinema.be\/"]},{"@type":"Person","@id":"https:\/\/welovecinema.be\/nl\/#\/schema\/person\/7620619142b6dd3c9aa19e9210ad5bd5","name":"fred","url":"https:\/\/welovecinema.be\/fr\/author\/fred\/"}]}},"_links":{"self":[{"href":"https:\/\/welovecinema.be\/fr\/wp-json\/wp\/v2\/posts\/264221","targetHints":{"allow":["GET"]}}],"collection":[{"href":"https:\/\/welovecinema.be\/fr\/wp-json\/wp\/v2\/posts"}],"about":[{"href":"https:\/\/welovecinema.be\/fr\/wp-json\/wp\/v2\/types\/post"}],"author":[{"embeddable":true,"href":"https:\/\/welovecinema.be\/fr\/wp-json\/wp\/v2\/users\/358"}],"replies":[{"embeddable":true,"href":"https:\/\/welovecinema.be\/fr\/wp-json\/wp\/v2\/comments?post=264221"}],"version-history":[{"count":2,"href":"https:\/\/welovecinema.be\/fr\/wp-json\/wp\/v2\/posts\/264221\/revisions"}],"predecessor-version":[{"id":264225,"href":"https:\/\/welovecinema.be\/fr\/wp-json\/wp\/v2\/posts\/264221\/revisions\/264225"}],"wp:featuredmedia":[{"embeddable":true,"href":"https:\/\/welovecinema.be\/fr\/wp-json\/wp\/v2\/media\/264192"}],"wp:attachment":[{"href":"https:\/\/welovecinema.be\/fr\/wp-json\/wp\/v2\/media?parent=264221"}],"wp:term":[{"taxonomy":"category","embeddable":true,"href":"https:\/\/welovecinema.be\/fr\/wp-json\/wp\/v2\/categories?post=264221"},{"taxonomy":"post_tag","embeddable":true,"href":"https:\/\/welovecinema.be\/fr\/wp-json\/wp\/v2\/tags?post=264221"}],"curies":[{"name":"wp","href":"https:\/\/api.w.org\/{rel}","templated":true}]}}