{"id":263769,"date":"2025-03-27T08:39:37","date_gmt":"2025-03-27T07:39:37","guid":{"rendered":"https:\/\/welovecinema.be\/brussels-short-film-festival-2025-le-programme-belge\/"},"modified":"2025-04-01T08:47:50","modified_gmt":"2025-04-01T06:47:50","slug":"brussels-short-film-festival-2025-le-programme-belge","status":"publish","type":"post","link":"https:\/\/welovecinema.be\/fr\/brussels-short-film-festival-2025-le-programme-belge\/","title":{"rendered":"Brussels Short Film Festival 2025: le programme belge!"},"content":{"rendered":"<p><strong>Le Brussels Short Film Festival se tiendra \u00e0 nouveau du 24 avril au 3 mai prochains \u00e0 Bruxelles!<\/strong><\/p>\n<p>Le court m\u00e9trage est tout \u00e0 la fois un r\u00e9servoir in\u00e9puisable \u00e0 histoires et \u00e0 \u00e9motions, un espace de cr\u00e9ation lib\u00e9r\u00e9s de nombreuses contraintes, un lieu d\u2019exp\u00e9rimentation, et un poste d\u2019observation privil\u00e9gi\u00e9 des talents de demain. Cr\u00e9\u00e9 en 1998, le Brussels Short Film Festival offre depuis donc plus de 25 ans un panorama joyeux et stimulant de ce qui se produit de mieux dans ce format, tous genres confondus.<\/p>\n<p>Le Festival est particuli\u00e8rement attendu par celleux qui souhaitent d\u00e9couvrir de nouveaux talents belges, ce que permet notamment la Comp\u00e9tition nationale du Festival, qui compte cette ann\u00e9e pas moins de 51 films, que voici:<\/p>\n<ul>\n<li><strong>Apr\u00e8s les charognes (What remains of the flesh)<\/strong>\u00a0&#8211; Olivia Murrieri<\/li>\n<li><strong>Baby Boum<\/strong>\u00a0&#8211; L\u00e9a Dedeurwaerder<\/li>\n<li><b>BASANE\u00a0<\/b>&#8211; Sami Najib<\/li>\n<li><b>BINGO\u00a0<\/b>&#8211; Fanny Ruwet<\/li>\n<li><strong>BO BACKSTAGE<\/strong>\u00a0&#8211; In\u00e8s Eshun<\/li>\n<li><strong>Br\u00fblure douce (Sweet Burn)<\/strong>\u00a0&#8211; Jade Debeugny<\/li>\n<li><strong>Bunker<\/strong>\u00a0&#8211; Colin Javaux<\/li>\n<li><strong>Cage<\/strong>\u00a0&#8211; Paul Vincent de Lestrade<\/li>\n<li><strong>Cherchez le garcon (Find the boy)<\/strong>\u00a0&#8211; Paulin\u00b7e Goasmat<\/li>\n<li><strong>Cimarron<\/strong>\u00a0&#8211; C\u00e9dric Bourgeois, Remi Vandenitte<\/li>\n<li><strong>Corps \u00e9tranger (Foreign body)\u00a0<\/strong>&#8211; C\u00e9cile Delberghe, Mathieu Mortelmans<\/li>\n<li><strong>Crushed<\/strong>\u00a0&#8211; Camille Vigny<\/li>\n<li><strong>En voiture Clara (Clara takes the wheel)<\/strong>\u00a0&#8211; Sara Dufoss\u00e9<\/li>\n<li><strong>Florence &amp; Nina<\/strong>\u00a0&#8211; Miel van Hoogenbemt<\/li>\n<li><strong>Futur Ant\u00e9rieur<\/strong>\u00a0&#8211; Am\u00e9lie Navarro, Ga\u00ebtan D&rsquo;Agostino<\/li>\n<li><strong>Gadj\u00e9<\/strong>\u00a0&#8211; Georges Vanev<\/li>\n<li><strong>Goodbye My Dove<\/strong>\u00a0&#8211; F\u00e9lix Bach<\/li>\n<li><strong>Hearts of Stone<\/strong>\u00a0&#8211; Tom Van Avermaet<\/li>\n<li><b>ICARUS<\/b>&#8211; Christos Kardana<\/li>\n<li><strong>Jason et les Royaumes (Jason and the Kingdoms)<\/strong>\u00a0\u2013 Bertille Zenobie<\/li>\n<li><strong>Klein Verhaal (Little Story)<\/strong>\u00a0\u2013 Mirjam Plettinx<\/li>\n<li><strong>La Moisson (The Harvest)<\/strong>\u00a0\u2013 Alice D&rsquo;Hauwe<\/li>\n<li><strong>La petite fille \u00e0 la pomme<\/strong>\u00a0\u2013 Rose Denis<\/li>\n<li><strong>La rivi\u00e8re des ourses (The Bears&rsquo; River)<\/strong>\u00a0&#8211; Ana\u00efs Mauzat<\/li>\n<li><strong>L&rsquo;Echapp\u00e9e Belle<\/strong>\u00a0&#8211; Louis Kempeneers<\/li>\n<li><strong>Les liens du sang (Blood ties)<\/strong>\u00a0&#8211; Hakim Atoui<\/li>\n<li><strong>Les rengaines (The Tunes)<\/strong>\u00a0\u2013 Pablo Guarise<\/li>\n<li><strong>Levures Sauvages<\/strong>\u00a0\u2013 Joachim Soudan, Maud Girault, J\u00e9r\u00f4me Zahno<\/li>\n<li><strong>Martin a peur du noir<\/strong>\u00a0&#8211; Victor Ruprich Robert<\/li>\n<li><strong>Naissance d&rsquo;un feu (Birth of a Fire)<\/strong>\u00a0&#8211; Archibald Martin<\/li>\n<li><strong>Nkondi<\/strong>\u00a0\u2013 Michael Palmaers, Frederik Palmaers, Daniel Cattier<\/li>\n<li><strong>Oldtown<\/strong>\u00a0\u2013 David Vermander<\/li>\n<li><strong>Ortie (Nettle)<\/strong>\u00a0\u2013 Toni Hilgersson<\/li>\n<li><strong>Plat de r\u00e9sistance (Mealitancy)<\/strong>\u00a0&#8211; Marie Royer, Zinia Scorier<\/li>\n<li><strong>Poumpo<\/strong>\u00a0 &#8211; Anthony Tueni<\/li>\n<li><strong>Rouge<\/strong>\u00a0(<strong>Red<\/strong>) &#8211; Zo\u00e9 Ar\u00e8ne<\/li>\n<li><strong>Samia<\/strong>\u00a0&#8211; Selma Alaoui, Bruno Tracq<\/li>\n<li><strong>Sauver les meubles\u00a0<\/strong>\u2013 Faustine Crespy<\/li>\n<li><strong>Silent Panorama<\/strong>\u00a0&#8211; Nicolas Piret<\/li>\n<li><strong>SIM<\/strong>\u00a0\u2013 Lynn Ryssen<\/li>\n<li><strong>Sous le radar (Under the Radar)<\/strong>\u00a0&#8211; Fr\u00e9d\u00e9rique De Montblanc<\/li>\n<li><strong>Sous ma fen\u00eatre, la boue (The mud under my window)<\/strong>\u00a0\u2013 Violette Delvoye<\/li>\n<li><strong>Swiss Quality<\/strong>\u00a0&#8211; Basile Vuillemin<\/li>\n<li><strong>Te revoir (Happy to see you again)<\/strong>\u00a0&#8211; Laura Nicolas<\/li>\n<li><strong>T\u00eates d&rsquo;enterrement (Long faces)<\/strong>\u00a0\u2013 Nicolas Galoux<\/li>\n<li><strong>The big ride<\/strong>\u00a0&#8211;\u00a0 S\u00e9verine\u00a0 De Streyker<\/li>\n<li><strong>The Bull<\/strong>\u00a0&#8211; Victor Nauwynck<\/li>\n<li><strong>The weight of sand<\/strong>\u00a0\u2013 Jos\u00e9 Carranza<\/li>\n<li><strong>XY<\/strong>\u00a0&#8211; Alice Gadbled<\/li>\n<li><strong>Yves \u2013<\/strong>\u00a0Charlotte Zweers<\/li>\n<li><strong>Zone Blanche (Waveless)<\/strong>\u00a0&#8211; David Noblet<\/li>\n<\/ul>\n<p>Le Festival accueille \u00e9galement une comp\u00e9tition consacr\u00e9e aux films d&rsquo;\u00e9coles, \u00e0 laquelle prendront part 17 films belges que voici:<\/p>\n<ul>\n<li><strong>Au go\u00fbt du jour<\/strong>\u00a0&#8211; Camille Britte (HELB)<\/li>\n<li><strong>Brol<\/strong>\u00a0&#8211; Pia Orts (ESRA)<\/li>\n<li><strong>Chaotique &amp; Aphrodisiaque (Chaotic &amp; Aphrodisiac)<\/strong>\u00a0\u2013 C\u00e9cile Wramour (La Cambre)<\/li>\n<li><strong>Cl\u00e9o se fait des films (Loud and Cleo!)<\/strong>\u00a0&#8211; Tallulah Farquhar (IAD)<\/li>\n<li><strong>En Soi Vers l&rsquo;Autre<\/strong>\u00a0&#8211; Emma Landet-Lacoste (Agn\u00e8s Varda)<\/li>\n<li><strong>Frappe \u00e0 ma porte<\/strong>\u00a0\u2013 Louise Toussaint (HELB)<\/li>\n<li><strong>H\u00e9lia<\/strong>\u00a0\u2013 Baltazar Mello, Lisa Vuachet (IAD)<\/li>\n<li><strong>Home Sweet Home<\/strong>\u00a0&#8211; Tiffany Deleuze (IAD)<\/li>\n<li><strong>Kevin<\/strong>\u00a0\u2013 Nicolas Vandenberghe, Denys Aguilera (IAD)<\/li>\n<li><strong>Landry<\/strong>\u00a0&#8211; Marie Fotso (IAD)<\/li>\n<li><strong>Mon ami escargot<\/strong>\u00a0\u2013 Marius Hebert (IAD)<\/li>\n<li><strong>Onder mijn Schild (Underneath my Shell)<\/strong>\u00a0\u2013 Morena Schwarzw\u00e4lder (RITCS)<\/li>\n<li><strong>Peckerhead<\/strong>\u00a0&#8211; Ante Pask (RITCS)<\/li>\n<li><strong>Rides du lion et pattes d&rsquo;oie (Frown lines and cow&rsquo;s feet)<\/strong>\u00a0&#8211; Juliette L\u00e9onard (INSAS)<\/li>\n<li><strong>Sanguine (Blood-Red)<\/strong>\u00a0&#8211; Capucine Pinaud (INSAS)<\/li>\n<li><strong>Soidade<\/strong>\u00a0&#8211; Max B\u00e9drune (INSAS)<\/li>\n<li><strong>Where the black sand burns<\/strong>\u00a0&#8211; Lore Loyens (KASK)<\/li>\n<\/ul>\n<p>Plus d&rsquo;infos sur le festival <a href=\"https:\/\/bsff.be\/\">ici.<\/a><\/p>\n","protected":false},"excerpt":{"rendered":"<p>Le Brussels Short Film Festival se tiendra \u00e0 nouveau du 24 avril au 3 mai prochains \u00e0 Bruxelles! Le court m\u00e9trage est tout \u00e0 la fois un r\u00e9servoir in\u00e9puisable \u00e0 histoires et \u00e0 \u00e9motions, un espace de cr\u00e9ation lib\u00e9r\u00e9s de nombreuses contraintes, un lieu d\u2019exp\u00e9rimentation, et un poste d\u2019observation privil\u00e9gi\u00e9 des talents de demain. Cr\u00e9\u00e9 &hellip;<\/p>\n","protected":false},"author":343,"featured_media":263770,"comment_status":"closed","ping_status":"closed","sticky":false,"template":"","format":"standard","meta":{"ngg_post_thumbnail":0,"footnotes":""},"categories":[7134,53,12],"tags":[],"class_list":["post-263769","post","type-post","status-publish","format-standard","has-post-thumbnail","","category-we-love-belgian-cinema","category-coming-soon","category-awards"],"yoast_head":"<!-- This site is optimized with the Yoast SEO plugin v20.4 - https:\/\/yoast.com\/wordpress\/plugins\/seo\/ -->\n<title>Brussels Short Film Festival 2025: le programme belge! - We Love Cinema<\/title>\n<meta name=\"robots\" content=\"index, follow, max-snippet:-1, max-image-preview:large, max-video-preview:-1\" \/>\n<link rel=\"canonical\" href=\"https:\/\/welovecinema.be\/fr\/brussels-short-film-festival-2025-le-programme-belge\/\" \/>\n<meta property=\"og:locale\" content=\"fr_FR\" \/>\n<meta property=\"og:type\" content=\"article\" \/>\n<meta property=\"og:title\" content=\"Brussels Short Film Festival 2025: le programme belge! - We Love Cinema\" \/>\n<meta property=\"og:description\" content=\"Le Brussels Short Film Festival se tiendra \u00e0 nouveau du 24 avril au 3 mai prochains \u00e0 Bruxelles! Le court m\u00e9trage est tout \u00e0 la fois un r\u00e9servoir in\u00e9puisable \u00e0 histoires et \u00e0 \u00e9motions, un espace de cr\u00e9ation lib\u00e9r\u00e9s de nombreuses contraintes, un lieu d\u2019exp\u00e9rimentation, et un poste d\u2019observation privil\u00e9gi\u00e9 des talents de demain. Cr\u00e9\u00e9 &hellip;\" \/>\n<meta property=\"og:url\" content=\"https:\/\/welovecinema.be\/fr\/brussels-short-film-festival-2025-le-programme-belge\/\" \/>\n<meta property=\"og:site_name\" content=\"We Love Cinema\" \/>\n<meta property=\"article:publisher\" content=\"https:\/\/www.facebook.com\/welovecinema.be\" \/>\n<meta property=\"article:published_time\" content=\"2025-03-27T07:39:37+00:00\" \/>\n<meta property=\"article:modified_time\" content=\"2025-04-01T06:47:50+00:00\" \/>\n<meta property=\"og:image\" content=\"https:\/\/welovecinema.be\/wp-content\/uploads\/sites\/2\/2025\/03\/AFFICHE-BSFF-2025_2000x1126-px.jpg\" \/>\n\t<meta property=\"og:image:width\" content=\"2000\" \/>\n\t<meta property=\"og:image:height\" content=\"1126\" \/>\n\t<meta property=\"og:image:type\" content=\"image\/jpeg\" \/>\n<meta name=\"author\" content=\"Aurore Engelen\" \/>\n<meta name=\"twitter:card\" content=\"summary_large_image\" \/>\n<meta name=\"twitter:label1\" content=\"\u00c9crit par\" \/>\n\t<meta name=\"twitter:data1\" content=\"Aurore Engelen\" \/>\n\t<meta name=\"twitter:label2\" content=\"Dur\u00e9e de lecture estim\u00e9e\" \/>\n\t<meta name=\"twitter:data2\" content=\"3 minutes\" \/>\n<script type=\"application\/ld+json\" class=\"yoast-schema-graph\">{\"@context\":\"https:\/\/schema.org\",\"@graph\":[{\"@type\":\"Article\",\"@id\":\"https:\/\/welovecinema.be\/fr\/brussels-short-film-festival-2025-le-programme-belge\/#article\",\"isPartOf\":{\"@id\":\"https:\/\/welovecinema.be\/fr\/brussels-short-film-festival-2025-le-programme-belge\/\"},\"author\":{\"name\":\"Aurore Engelen\",\"@id\":\"https:\/\/welovecinema.be\/nl\/#\/schema\/person\/8084b68c6b176142d073695c654dc7cf\"},\"headline\":\"Brussels Short Film Festival 2025: le programme belge!\",\"datePublished\":\"2025-03-27T07:39:37+00:00\",\"dateModified\":\"2025-04-01T06:47:50+00:00\",\"mainEntityOfPage\":{\"@id\":\"https:\/\/welovecinema.be\/fr\/brussels-short-film-festival-2025-le-programme-belge\/\"},\"wordCount\":656,\"publisher\":{\"@id\":\"https:\/\/welovecinema.be\/nl\/#organization\"},\"articleSection\":[\"\u00a0We Love Belgian Cinema\",\"Coming soon\",\"Evenements\"],\"inLanguage\":\"fr-FR\"},{\"@type\":\"WebPage\",\"@id\":\"https:\/\/welovecinema.be\/fr\/brussels-short-film-festival-2025-le-programme-belge\/\",\"url\":\"https:\/\/welovecinema.be\/fr\/brussels-short-film-festival-2025-le-programme-belge\/\",\"name\":\"Brussels Short Film Festival 2025: le programme belge! - We Love Cinema\",\"isPartOf\":{\"@id\":\"https:\/\/welovecinema.be\/nl\/#website\"},\"datePublished\":\"2025-03-27T07:39:37+00:00\",\"dateModified\":\"2025-04-01T06:47:50+00:00\",\"breadcrumb\":{\"@id\":\"https:\/\/welovecinema.be\/fr\/brussels-short-film-festival-2025-le-programme-belge\/#breadcrumb\"},\"inLanguage\":\"fr-FR\",\"potentialAction\":[{\"@type\":\"ReadAction\",\"target\":[\"https:\/\/welovecinema.be\/fr\/brussels-short-film-festival-2025-le-programme-belge\/\"]}]},{\"@type\":\"BreadcrumbList\",\"@id\":\"https:\/\/welovecinema.be\/fr\/brussels-short-film-festival-2025-le-programme-belge\/#breadcrumb\",\"itemListElement\":[{\"@type\":\"ListItem\",\"position\":1,\"name\":\"Accueil\",\"item\":\"https:\/\/welovecinema.be\/fr\/\"},{\"@type\":\"ListItem\",\"position\":2,\"name\":\"Brussels Short Film Festival 2025: le programme belge!\"}]},{\"@type\":\"WebSite\",\"@id\":\"https:\/\/welovecinema.be\/nl\/#website\",\"url\":\"https:\/\/welovecinema.be\/nl\/\",\"name\":\"We Love Cinema\",\"description\":\"Toute l\u2019information du cin\u00e9ma en Belgique\",\"publisher\":{\"@id\":\"https:\/\/welovecinema.be\/nl\/#organization\"},\"potentialAction\":[{\"@type\":\"SearchAction\",\"target\":{\"@type\":\"EntryPoint\",\"urlTemplate\":\"https:\/\/welovecinema.be\/nl\/?s={search_term_string}\"},\"query-input\":\"required name=search_term_string\"}],\"inLanguage\":\"fr-FR\"},{\"@type\":\"Organization\",\"@id\":\"https:\/\/welovecinema.be\/nl\/#organization\",\"name\":\"We Love Cinema\",\"url\":\"https:\/\/welovecinema.be\/nl\/\",\"logo\":{\"@type\":\"ImageObject\",\"inLanguage\":\"fr-FR\",\"@id\":\"https:\/\/welovecinema.be\/nl\/#\/schema\/logo\/image\/\",\"url\":\"https:\/\/welovecinema.be\/wp-content\/uploads\/sites\/2\/2023\/03\/Logo-We-Love-Cinema305x128.jpg\",\"contentUrl\":\"https:\/\/welovecinema.be\/wp-content\/uploads\/sites\/2\/2023\/03\/Logo-We-Love-Cinema305x128.jpg\",\"width\":305,\"height\":128,\"caption\":\"We Love Cinema\"},\"image\":{\"@id\":\"https:\/\/welovecinema.be\/nl\/#\/schema\/logo\/image\/\"},\"sameAs\":[\"https:\/\/www.facebook.com\/welovecinema.be\",\"https:\/\/www.youtube.com\/channel\/UCX5LYGVhnKvYauW4Nta4HJA\",\"https:\/\/www.instagram.com\/welovecinema.be\/\"]},{\"@type\":\"Person\",\"@id\":\"https:\/\/welovecinema.be\/nl\/#\/schema\/person\/8084b68c6b176142d073695c654dc7cf\",\"name\":\"Aurore Engelen\",\"url\":\"https:\/\/welovecinema.be\/fr\/author\/aurore-engelen\/\"}]}<\/script>\n<!-- \/ Yoast SEO plugin. -->","yoast_head_json":{"title":"Brussels Short Film Festival 2025: le programme belge! - We Love Cinema","robots":{"index":"index","follow":"follow","max-snippet":"max-snippet:-1","max-image-preview":"max-image-preview:large","max-video-preview":"max-video-preview:-1"},"canonical":"https:\/\/welovecinema.be\/fr\/brussels-short-film-festival-2025-le-programme-belge\/","og_locale":"fr_FR","og_type":"article","og_title":"Brussels Short Film Festival 2025: le programme belge! - We Love Cinema","og_description":"Le Brussels Short Film Festival se tiendra \u00e0 nouveau du 24 avril au 3 mai prochains \u00e0 Bruxelles! Le court m\u00e9trage est tout \u00e0 la fois un r\u00e9servoir in\u00e9puisable \u00e0 histoires et \u00e0 \u00e9motions, un espace de cr\u00e9ation lib\u00e9r\u00e9s de nombreuses contraintes, un lieu d\u2019exp\u00e9rimentation, et un poste d\u2019observation privil\u00e9gi\u00e9 des talents de demain. Cr\u00e9\u00e9 &hellip;","og_url":"https:\/\/welovecinema.be\/fr\/brussels-short-film-festival-2025-le-programme-belge\/","og_site_name":"We Love Cinema","article_publisher":"https:\/\/www.facebook.com\/welovecinema.be","article_published_time":"2025-03-27T07:39:37+00:00","article_modified_time":"2025-04-01T06:47:50+00:00","og_image":[{"width":2000,"height":1126,"url":"https:\/\/welovecinema.be\/wp-content\/uploads\/sites\/2\/2025\/03\/AFFICHE-BSFF-2025_2000x1126-px.jpg","type":"image\/jpeg"}],"author":"Aurore Engelen","twitter_card":"summary_large_image","twitter_misc":{"\u00c9crit par":"Aurore Engelen","Dur\u00e9e de lecture estim\u00e9e":"3 minutes"},"schema":{"@context":"https:\/\/schema.org","@graph":[{"@type":"Article","@id":"https:\/\/welovecinema.be\/fr\/brussels-short-film-festival-2025-le-programme-belge\/#article","isPartOf":{"@id":"https:\/\/welovecinema.be\/fr\/brussels-short-film-festival-2025-le-programme-belge\/"},"author":{"name":"Aurore Engelen","@id":"https:\/\/welovecinema.be\/nl\/#\/schema\/person\/8084b68c6b176142d073695c654dc7cf"},"headline":"Brussels Short Film Festival 2025: le programme belge!","datePublished":"2025-03-27T07:39:37+00:00","dateModified":"2025-04-01T06:47:50+00:00","mainEntityOfPage":{"@id":"https:\/\/welovecinema.be\/fr\/brussels-short-film-festival-2025-le-programme-belge\/"},"wordCount":656,"publisher":{"@id":"https:\/\/welovecinema.be\/nl\/#organization"},"articleSection":["\u00a0We Love Belgian Cinema","Coming soon","Evenements"],"inLanguage":"fr-FR"},{"@type":"WebPage","@id":"https:\/\/welovecinema.be\/fr\/brussels-short-film-festival-2025-le-programme-belge\/","url":"https:\/\/welovecinema.be\/fr\/brussels-short-film-festival-2025-le-programme-belge\/","name":"Brussels Short Film Festival 2025: le programme belge! - We Love Cinema","isPartOf":{"@id":"https:\/\/welovecinema.be\/nl\/#website"},"datePublished":"2025-03-27T07:39:37+00:00","dateModified":"2025-04-01T06:47:50+00:00","breadcrumb":{"@id":"https:\/\/welovecinema.be\/fr\/brussels-short-film-festival-2025-le-programme-belge\/#breadcrumb"},"inLanguage":"fr-FR","potentialAction":[{"@type":"ReadAction","target":["https:\/\/welovecinema.be\/fr\/brussels-short-film-festival-2025-le-programme-belge\/"]}]},{"@type":"BreadcrumbList","@id":"https:\/\/welovecinema.be\/fr\/brussels-short-film-festival-2025-le-programme-belge\/#breadcrumb","itemListElement":[{"@type":"ListItem","position":1,"name":"Accueil","item":"https:\/\/welovecinema.be\/fr\/"},{"@type":"ListItem","position":2,"name":"Brussels Short Film Festival 2025: le programme belge!"}]},{"@type":"WebSite","@id":"https:\/\/welovecinema.be\/nl\/#website","url":"https:\/\/welovecinema.be\/nl\/","name":"We Love Cinema","description":"Toute l\u2019information du cin\u00e9ma en Belgique","publisher":{"@id":"https:\/\/welovecinema.be\/nl\/#organization"},"potentialAction":[{"@type":"SearchAction","target":{"@type":"EntryPoint","urlTemplate":"https:\/\/welovecinema.be\/nl\/?s={search_term_string}"},"query-input":"required name=search_term_string"}],"inLanguage":"fr-FR"},{"@type":"Organization","@id":"https:\/\/welovecinema.be\/nl\/#organization","name":"We Love Cinema","url":"https:\/\/welovecinema.be\/nl\/","logo":{"@type":"ImageObject","inLanguage":"fr-FR","@id":"https:\/\/welovecinema.be\/nl\/#\/schema\/logo\/image\/","url":"https:\/\/welovecinema.be\/wp-content\/uploads\/sites\/2\/2023\/03\/Logo-We-Love-Cinema305x128.jpg","contentUrl":"https:\/\/welovecinema.be\/wp-content\/uploads\/sites\/2\/2023\/03\/Logo-We-Love-Cinema305x128.jpg","width":305,"height":128,"caption":"We Love Cinema"},"image":{"@id":"https:\/\/welovecinema.be\/nl\/#\/schema\/logo\/image\/"},"sameAs":["https:\/\/www.facebook.com\/welovecinema.be","https:\/\/www.youtube.com\/channel\/UCX5LYGVhnKvYauW4Nta4HJA","https:\/\/www.instagram.com\/welovecinema.be\/"]},{"@type":"Person","@id":"https:\/\/welovecinema.be\/nl\/#\/schema\/person\/8084b68c6b176142d073695c654dc7cf","name":"Aurore Engelen","url":"https:\/\/welovecinema.be\/fr\/author\/aurore-engelen\/"}]}},"_links":{"self":[{"href":"https:\/\/welovecinema.be\/fr\/wp-json\/wp\/v2\/posts\/263769","targetHints":{"allow":["GET"]}}],"collection":[{"href":"https:\/\/welovecinema.be\/fr\/wp-json\/wp\/v2\/posts"}],"about":[{"href":"https:\/\/welovecinema.be\/fr\/wp-json\/wp\/v2\/types\/post"}],"author":[{"embeddable":true,"href":"https:\/\/welovecinema.be\/fr\/wp-json\/wp\/v2\/users\/343"}],"replies":[{"embeddable":true,"href":"https:\/\/welovecinema.be\/fr\/wp-json\/wp\/v2\/comments?post=263769"}],"version-history":[{"count":1,"href":"https:\/\/welovecinema.be\/fr\/wp-json\/wp\/v2\/posts\/263769\/revisions"}],"predecessor-version":[{"id":263792,"href":"https:\/\/welovecinema.be\/fr\/wp-json\/wp\/v2\/posts\/263769\/revisions\/263792"}],"wp:featuredmedia":[{"embeddable":true,"href":"https:\/\/welovecinema.be\/fr\/wp-json\/wp\/v2\/media\/263770"}],"wp:attachment":[{"href":"https:\/\/welovecinema.be\/fr\/wp-json\/wp\/v2\/media?parent=263769"}],"wp:term":[{"taxonomy":"category","embeddable":true,"href":"https:\/\/welovecinema.be\/fr\/wp-json\/wp\/v2\/categories?post=263769"},{"taxonomy":"post_tag","embeddable":true,"href":"https:\/\/welovecinema.be\/fr\/wp-json\/wp\/v2\/tags?post=263769"}],"curies":[{"name":"wp","href":"https:\/\/api.w.org\/{rel}","templated":true}]}}