{"id":263758,"date":"2025-03-24T09:09:27","date_gmt":"2025-03-24T08:09:27","guid":{"rendered":"https:\/\/welovecinema.be\/festival-millenium-2025-le-programme-belge\/"},"modified":"2025-03-24T09:09:27","modified_gmt":"2025-03-24T08:09:27","slug":"festival-millenium-2025-le-programme-belge","status":"publish","type":"post","link":"https:\/\/welovecinema.be\/fr\/festival-millenium-2025-le-programme-belge\/","title":{"rendered":"Festival Millenium 2025: le programme belge"},"content":{"rendered":"<p><strong>Avec le printemps revient \u00e0 Bruxelles le Festival Millenium, consacr\u00e9 au cin\u00e9ma documentaire. L&rsquo;occasion de d\u00e9couvrir, du 28 mars au 6 avril prochains, des films en provenance du monde entier, ainsi qu&rsquo;une s\u00e9lection de films belges, et de rencontrer celles et ceux qui font le cin\u00e9ma documentaire d&rsquo;aujourd&rsquo;hui et demain, \u00e0 commencer par une Masterclass exceptionnelle avec le cin\u00e9aste anglais Ken Loach.<\/strong><\/p>\n<p>Outre la Comp\u00e9tition Internationale, Millenium accueille \u00e9galement une Comp\u00e9tition belge, qui regroupe 11 films produits ces douze derniers mois. <strong><em>Omi Nobu<\/em> de Carlos Yuri Ceuninck<\/strong> nous entraine au Cap-Vert, dans un village abandonn\u00e9e; <strong><em>Femmes pr\u00eatres, vocations interdites<\/em> de Marie Mandy<\/strong>, s&rsquo;arr\u00eate sur la croisade anti-sexiste d&rsquo;une poign\u00e9e de femmes qui d\u00e9fient le Vatican; <strong><em>Mister Engel. A Sexonomic Miracle<\/em> de Peter Woditsch et Sophie Simon<\/strong> dresse le portrait d&rsquo;un homme qui oeuvre pour une meilleure connaissance de la sexualit\u00e9 f\u00e9minine; <strong><em>Monstres de poussi\u00e8re<\/em> de Nina Marissiaux<\/strong> accompagne au long cours deux sans-abris qui tentent de se raconter dans le film; <strong><em>L&rsquo;Amazone<\/em> d&rsquo;Emilie Mar\u00e9chal et Camille Meynard<\/strong> dresse le portrait intime d&rsquo;une lign\u00e9e de femmes toutes atteintes par le cancer du sein; <strong><em>L&rsquo;Ancre<\/em> de Jen Debauche<\/strong> plonge dans les ab\u00eemes de l&rsquo;esprit humain; <strong><em>Les Fant\u00f4mes des profondeurs<\/em> d&rsquo;Annick Ghijzelings<\/strong> nous entraine dans un voyage onirique en Martiniqe; <strong><em>Road to Nowhere<\/em> de Caroline D&rsquo;Hondt<\/strong> nous plonge dans le Grand Nord canadien; <strong><em>Les Cicatrices d&rsquo;un putsch<\/em> de Nathalie Borgers<\/strong>, est la qu\u00eate de la r\u00e9alisatrice pour faire la lumi\u00e8re sur le pass\u00e9 de son mari, r\u00e9volutionnaire turc des ann\u00e9es 70; <strong><em>Les Dames Blanches<\/em> de Camille Ghekiere<\/strong>, dresse le portrait d&rsquo;un soignant venu de Dominique dans un home de Gand; enfin <strong><em>On Melting Snow<\/em> de Motjaba Bahadori<\/strong> regarde les paysages du monde pour mieux en comprendre son histoire. <a href=\"https:\/\/www.festivalmillenium.org\/page-daccueil\/a-to-z-fr\/?_sfm_competition_filter=Belge\">Plus d&rsquo;infos sur les films<\/a>.<\/p>\n<p>Millenium organise \u00e9galement une Comp\u00e9tition autour des Jeunes talents belges, le temps de 7 s\u00e9ances de courts m\u00e9trages. Plus d&rsquo;infos <a href=\"https:\/\/www.festivalmillenium.org\/page-daccueil\/a-to-z-fr\/?_sfm_competition_filter=Jeunes%20Talents%20Belges\">ici<\/a>. Deux films belges sont \u00e9galement repris dans la Comp\u00e9tition Jeune Vision: <em>Rebels Don&rsquo;t Know Age<\/em> de Gabrile Courty-Villanua, et <em>Sheep<\/em> de Ruud De Keyser.<\/p>\n<figure id=\"attachment_263694\" aria-describedby=\"caption-attachment-263694\" style=\"width: 618px\" class=\"wp-caption alignnone\"><img loading=\"lazy\" decoding=\"async\" class=\"size-large wp-image-263694\" src=\"https:\/\/welovecinema.be\/wp-content\/uploads\/sites\/2\/2025\/03\/Le-reve-des-cigognes-800x403.webp\" alt=\"\" width=\"618\" height=\"311\" \/><figcaption id=\"caption-attachment-263694\" class=\"wp-caption-text\">\u00ab\u00a0Le R\u00eave des Cigognes\u00a0\u00bb d&rsquo;Elodie Lelu<\/figcaption><\/figure>\n<p>Le Festival, c&rsquo;est aussi une s\u00e9rie d&rsquo;\u00e9v\u00e8nements sp\u00e9ciaux, notamment la projection du film belge<strong><em> The Jacket<\/em>, de Mathijs Poppe<\/strong>, qui dresse le portrait de Jamal Hindawi, un Palestinien qui vit en exil avec sa famille dans le camp de r\u00e9fugi\u00e9s de Chatila \u00e0 Beyrouth, au Liban, ainsi qu&rsquo;un <strong>hommage \u00e0 la cin\u00e9aste belge Elodie Lelu<\/strong> d\u00e9c\u00e9d\u00e9e l&rsquo;\u00e9t\u00e9 dernier, dont Millenium montrera la derni\u00e8re fiction <em>R\u00e9tro Th\u00e9rapie<\/em> avec H\u00e9l\u00e8ne Vincent et Fantine Harduin, ainsi que le documentaire<em> Lettre \u00e0 Th\u00e9o<\/em> adress\u00e9 \u00e0 Th\u00e9o Angelopoulos, ainsi que son dernier documentaire, <strong><em>Le R\u00eave des Cigognes<\/em><\/strong>, qui revient sur le parcours d\u00a0\u00bbinfertilit\u00e9 de la r\u00e9alisatrice pour montrer comment le recours \u00e0 la PMA modifie nos rapports aux corps et aux imaginaires.<\/p>\n<p>Pour tout savoir sur le festival, rendez-vous sur <a href=\"https:\/\/www.festivalmillenium.org\/page-daccueil\/\">son site<\/a>.<\/p>\n<p>&nbsp;<\/p>\n","protected":false},"excerpt":{"rendered":"<p>Avec le printemps revient \u00e0 Bruxelles le Festival Millenium, consacr\u00e9 au cin\u00e9ma documentaire. L&rsquo;occasion de d\u00e9couvrir, du 28 mars au 6 avril prochains, des films en provenance du monde entier, ainsi qu&rsquo;une s\u00e9lection de films belges, et de rencontrer celles et ceux qui font le cin\u00e9ma documentaire d&rsquo;aujourd&rsquo;hui et demain, \u00e0 commencer par une Masterclass &hellip;<\/p>\n","protected":false},"author":343,"featured_media":263759,"comment_status":"closed","ping_status":"closed","sticky":false,"template":"","format":"standard","meta":{"ngg_post_thumbnail":0,"footnotes":""},"categories":[7134,10,53,1923,12],"tags":[],"class_list":["post-263758","post","type-post","status-publish","format-standard","has-post-thumbnail","","category-we-love-belgian-cinema","category-a-l-affiche","category-coming-soon","category-en-bref","category-awards"],"yoast_head":"<!-- This site is optimized with the Yoast SEO plugin v20.4 - https:\/\/yoast.com\/wordpress\/plugins\/seo\/ -->\n<title>Festival Millenium 2025: le programme belge - We Love Cinema<\/title>\n<meta name=\"robots\" content=\"index, follow, max-snippet:-1, max-image-preview:large, max-video-preview:-1\" \/>\n<link rel=\"canonical\" href=\"https:\/\/welovecinema.be\/fr\/festival-millenium-2025-le-programme-belge\/\" \/>\n<meta property=\"og:locale\" content=\"fr_FR\" \/>\n<meta property=\"og:type\" content=\"article\" \/>\n<meta property=\"og:title\" content=\"Festival Millenium 2025: le programme belge - We Love Cinema\" \/>\n<meta property=\"og:description\" content=\"Avec le printemps revient \u00e0 Bruxelles le Festival Millenium, consacr\u00e9 au cin\u00e9ma documentaire. L&rsquo;occasion de d\u00e9couvrir, du 28 mars au 6 avril prochains, des films en provenance du monde entier, ainsi qu&rsquo;une s\u00e9lection de films belges, et de rencontrer celles et ceux qui font le cin\u00e9ma documentaire d&rsquo;aujourd&rsquo;hui et demain, \u00e0 commencer par une Masterclass &hellip;\" \/>\n<meta property=\"og:url\" content=\"https:\/\/welovecinema.be\/fr\/festival-millenium-2025-le-programme-belge\/\" \/>\n<meta property=\"og:site_name\" content=\"We Love Cinema\" \/>\n<meta property=\"article:publisher\" content=\"https:\/\/www.facebook.com\/welovecinema.be\" \/>\n<meta property=\"article:published_time\" content=\"2025-03-24T08:09:27+00:00\" \/>\n<meta property=\"og:image\" content=\"https:\/\/welovecinema.be\/wp-content\/uploads\/sites\/2\/2025\/03\/Banniere2.png\" \/>\n\t<meta property=\"og:image:width\" content=\"996\" \/>\n\t<meta property=\"og:image:height\" content=\"502\" \/>\n\t<meta property=\"og:image:type\" content=\"image\/png\" \/>\n<meta name=\"author\" content=\"Aurore Engelen\" \/>\n<meta name=\"twitter:card\" content=\"summary_large_image\" \/>\n<meta name=\"twitter:label1\" content=\"\u00c9crit par\" \/>\n\t<meta name=\"twitter:data1\" content=\"Aurore Engelen\" \/>\n\t<meta name=\"twitter:label2\" content=\"Dur\u00e9e de lecture estim\u00e9e\" \/>\n\t<meta name=\"twitter:data2\" content=\"3 minutes\" \/>\n<script type=\"application\/ld+json\" class=\"yoast-schema-graph\">{\"@context\":\"https:\/\/schema.org\",\"@graph\":[{\"@type\":\"Article\",\"@id\":\"https:\/\/welovecinema.be\/fr\/festival-millenium-2025-le-programme-belge\/#article\",\"isPartOf\":{\"@id\":\"https:\/\/welovecinema.be\/fr\/festival-millenium-2025-le-programme-belge\/\"},\"author\":{\"name\":\"Aurore Engelen\",\"@id\":\"https:\/\/welovecinema.be\/nl\/#\/schema\/person\/8084b68c6b176142d073695c654dc7cf\"},\"headline\":\"Festival Millenium 2025: le programme belge\",\"datePublished\":\"2025-03-24T08:09:27+00:00\",\"dateModified\":\"2025-03-24T08:09:27+00:00\",\"mainEntityOfPage\":{\"@id\":\"https:\/\/welovecinema.be\/fr\/festival-millenium-2025-le-programme-belge\/\"},\"wordCount\":540,\"publisher\":{\"@id\":\"https:\/\/welovecinema.be\/nl\/#organization\"},\"articleSection\":[\"\u00a0We Love Belgian Cinema\",\"A l'affiche\",\"Coming soon\",\"En bref\",\"Evenements\"],\"inLanguage\":\"fr-FR\"},{\"@type\":\"WebPage\",\"@id\":\"https:\/\/welovecinema.be\/fr\/festival-millenium-2025-le-programme-belge\/\",\"url\":\"https:\/\/welovecinema.be\/fr\/festival-millenium-2025-le-programme-belge\/\",\"name\":\"Festival Millenium 2025: le programme belge - We Love Cinema\",\"isPartOf\":{\"@id\":\"https:\/\/welovecinema.be\/nl\/#website\"},\"datePublished\":\"2025-03-24T08:09:27+00:00\",\"dateModified\":\"2025-03-24T08:09:27+00:00\",\"breadcrumb\":{\"@id\":\"https:\/\/welovecinema.be\/fr\/festival-millenium-2025-le-programme-belge\/#breadcrumb\"},\"inLanguage\":\"fr-FR\",\"potentialAction\":[{\"@type\":\"ReadAction\",\"target\":[\"https:\/\/welovecinema.be\/fr\/festival-millenium-2025-le-programme-belge\/\"]}]},{\"@type\":\"BreadcrumbList\",\"@id\":\"https:\/\/welovecinema.be\/fr\/festival-millenium-2025-le-programme-belge\/#breadcrumb\",\"itemListElement\":[{\"@type\":\"ListItem\",\"position\":1,\"name\":\"Accueil\",\"item\":\"https:\/\/welovecinema.be\/fr\/\"},{\"@type\":\"ListItem\",\"position\":2,\"name\":\"Festival Millenium 2025: le programme belge\"}]},{\"@type\":\"WebSite\",\"@id\":\"https:\/\/welovecinema.be\/nl\/#website\",\"url\":\"https:\/\/welovecinema.be\/nl\/\",\"name\":\"We Love Cinema\",\"description\":\"Toute l\u2019information du cin\u00e9ma en Belgique\",\"publisher\":{\"@id\":\"https:\/\/welovecinema.be\/nl\/#organization\"},\"potentialAction\":[{\"@type\":\"SearchAction\",\"target\":{\"@type\":\"EntryPoint\",\"urlTemplate\":\"https:\/\/welovecinema.be\/nl\/?s={search_term_string}\"},\"query-input\":\"required name=search_term_string\"}],\"inLanguage\":\"fr-FR\"},{\"@type\":\"Organization\",\"@id\":\"https:\/\/welovecinema.be\/nl\/#organization\",\"name\":\"We Love Cinema\",\"url\":\"https:\/\/welovecinema.be\/nl\/\",\"logo\":{\"@type\":\"ImageObject\",\"inLanguage\":\"fr-FR\",\"@id\":\"https:\/\/welovecinema.be\/nl\/#\/schema\/logo\/image\/\",\"url\":\"https:\/\/welovecinema.be\/wp-content\/uploads\/sites\/2\/2023\/03\/Logo-We-Love-Cinema305x128.jpg\",\"contentUrl\":\"https:\/\/welovecinema.be\/wp-content\/uploads\/sites\/2\/2023\/03\/Logo-We-Love-Cinema305x128.jpg\",\"width\":305,\"height\":128,\"caption\":\"We Love Cinema\"},\"image\":{\"@id\":\"https:\/\/welovecinema.be\/nl\/#\/schema\/logo\/image\/\"},\"sameAs\":[\"https:\/\/www.facebook.com\/welovecinema.be\",\"https:\/\/www.youtube.com\/channel\/UCX5LYGVhnKvYauW4Nta4HJA\",\"https:\/\/www.instagram.com\/welovecinema.be\/\"]},{\"@type\":\"Person\",\"@id\":\"https:\/\/welovecinema.be\/nl\/#\/schema\/person\/8084b68c6b176142d073695c654dc7cf\",\"name\":\"Aurore Engelen\",\"url\":\"https:\/\/welovecinema.be\/fr\/author\/aurore-engelen\/\"}]}<\/script>\n<!-- \/ Yoast SEO plugin. -->","yoast_head_json":{"title":"Festival Millenium 2025: le programme belge - We Love Cinema","robots":{"index":"index","follow":"follow","max-snippet":"max-snippet:-1","max-image-preview":"max-image-preview:large","max-video-preview":"max-video-preview:-1"},"canonical":"https:\/\/welovecinema.be\/fr\/festival-millenium-2025-le-programme-belge\/","og_locale":"fr_FR","og_type":"article","og_title":"Festival Millenium 2025: le programme belge - We Love Cinema","og_description":"Avec le printemps revient \u00e0 Bruxelles le Festival Millenium, consacr\u00e9 au cin\u00e9ma documentaire. L&rsquo;occasion de d\u00e9couvrir, du 28 mars au 6 avril prochains, des films en provenance du monde entier, ainsi qu&rsquo;une s\u00e9lection de films belges, et de rencontrer celles et ceux qui font le cin\u00e9ma documentaire d&rsquo;aujourd&rsquo;hui et demain, \u00e0 commencer par une Masterclass &hellip;","og_url":"https:\/\/welovecinema.be\/fr\/festival-millenium-2025-le-programme-belge\/","og_site_name":"We Love Cinema","article_publisher":"https:\/\/www.facebook.com\/welovecinema.be","article_published_time":"2025-03-24T08:09:27+00:00","og_image":[{"width":996,"height":502,"url":"https:\/\/welovecinema.be\/wp-content\/uploads\/sites\/2\/2025\/03\/Banniere2.png","type":"image\/png"}],"author":"Aurore Engelen","twitter_card":"summary_large_image","twitter_misc":{"\u00c9crit par":"Aurore Engelen","Dur\u00e9e de lecture estim\u00e9e":"3 minutes"},"schema":{"@context":"https:\/\/schema.org","@graph":[{"@type":"Article","@id":"https:\/\/welovecinema.be\/fr\/festival-millenium-2025-le-programme-belge\/#article","isPartOf":{"@id":"https:\/\/welovecinema.be\/fr\/festival-millenium-2025-le-programme-belge\/"},"author":{"name":"Aurore Engelen","@id":"https:\/\/welovecinema.be\/nl\/#\/schema\/person\/8084b68c6b176142d073695c654dc7cf"},"headline":"Festival Millenium 2025: le programme belge","datePublished":"2025-03-24T08:09:27+00:00","dateModified":"2025-03-24T08:09:27+00:00","mainEntityOfPage":{"@id":"https:\/\/welovecinema.be\/fr\/festival-millenium-2025-le-programme-belge\/"},"wordCount":540,"publisher":{"@id":"https:\/\/welovecinema.be\/nl\/#organization"},"articleSection":["\u00a0We Love Belgian Cinema","A l'affiche","Coming soon","En bref","Evenements"],"inLanguage":"fr-FR"},{"@type":"WebPage","@id":"https:\/\/welovecinema.be\/fr\/festival-millenium-2025-le-programme-belge\/","url":"https:\/\/welovecinema.be\/fr\/festival-millenium-2025-le-programme-belge\/","name":"Festival Millenium 2025: le programme belge - We Love Cinema","isPartOf":{"@id":"https:\/\/welovecinema.be\/nl\/#website"},"datePublished":"2025-03-24T08:09:27+00:00","dateModified":"2025-03-24T08:09:27+00:00","breadcrumb":{"@id":"https:\/\/welovecinema.be\/fr\/festival-millenium-2025-le-programme-belge\/#breadcrumb"},"inLanguage":"fr-FR","potentialAction":[{"@type":"ReadAction","target":["https:\/\/welovecinema.be\/fr\/festival-millenium-2025-le-programme-belge\/"]}]},{"@type":"BreadcrumbList","@id":"https:\/\/welovecinema.be\/fr\/festival-millenium-2025-le-programme-belge\/#breadcrumb","itemListElement":[{"@type":"ListItem","position":1,"name":"Accueil","item":"https:\/\/welovecinema.be\/fr\/"},{"@type":"ListItem","position":2,"name":"Festival Millenium 2025: le programme belge"}]},{"@type":"WebSite","@id":"https:\/\/welovecinema.be\/nl\/#website","url":"https:\/\/welovecinema.be\/nl\/","name":"We Love Cinema","description":"Toute l\u2019information du cin\u00e9ma en Belgique","publisher":{"@id":"https:\/\/welovecinema.be\/nl\/#organization"},"potentialAction":[{"@type":"SearchAction","target":{"@type":"EntryPoint","urlTemplate":"https:\/\/welovecinema.be\/nl\/?s={search_term_string}"},"query-input":"required name=search_term_string"}],"inLanguage":"fr-FR"},{"@type":"Organization","@id":"https:\/\/welovecinema.be\/nl\/#organization","name":"We Love Cinema","url":"https:\/\/welovecinema.be\/nl\/","logo":{"@type":"ImageObject","inLanguage":"fr-FR","@id":"https:\/\/welovecinema.be\/nl\/#\/schema\/logo\/image\/","url":"https:\/\/welovecinema.be\/wp-content\/uploads\/sites\/2\/2023\/03\/Logo-We-Love-Cinema305x128.jpg","contentUrl":"https:\/\/welovecinema.be\/wp-content\/uploads\/sites\/2\/2023\/03\/Logo-We-Love-Cinema305x128.jpg","width":305,"height":128,"caption":"We Love Cinema"},"image":{"@id":"https:\/\/welovecinema.be\/nl\/#\/schema\/logo\/image\/"},"sameAs":["https:\/\/www.facebook.com\/welovecinema.be","https:\/\/www.youtube.com\/channel\/UCX5LYGVhnKvYauW4Nta4HJA","https:\/\/www.instagram.com\/welovecinema.be\/"]},{"@type":"Person","@id":"https:\/\/welovecinema.be\/nl\/#\/schema\/person\/8084b68c6b176142d073695c654dc7cf","name":"Aurore Engelen","url":"https:\/\/welovecinema.be\/fr\/author\/aurore-engelen\/"}]}},"_links":{"self":[{"href":"https:\/\/welovecinema.be\/fr\/wp-json\/wp\/v2\/posts\/263758","targetHints":{"allow":["GET"]}}],"collection":[{"href":"https:\/\/welovecinema.be\/fr\/wp-json\/wp\/v2\/posts"}],"about":[{"href":"https:\/\/welovecinema.be\/fr\/wp-json\/wp\/v2\/types\/post"}],"author":[{"embeddable":true,"href":"https:\/\/welovecinema.be\/fr\/wp-json\/wp\/v2\/users\/343"}],"replies":[{"embeddable":true,"href":"https:\/\/welovecinema.be\/fr\/wp-json\/wp\/v2\/comments?post=263758"}],"version-history":[{"count":0,"href":"https:\/\/welovecinema.be\/fr\/wp-json\/wp\/v2\/posts\/263758\/revisions"}],"wp:featuredmedia":[{"embeddable":true,"href":"https:\/\/welovecinema.be\/fr\/wp-json\/wp\/v2\/media\/263759"}],"wp:attachment":[{"href":"https:\/\/welovecinema.be\/fr\/wp-json\/wp\/v2\/media?parent=263758"}],"wp:term":[{"taxonomy":"category","embeddable":true,"href":"https:\/\/welovecinema.be\/fr\/wp-json\/wp\/v2\/categories?post=263758"},{"taxonomy":"post_tag","embeddable":true,"href":"https:\/\/welovecinema.be\/fr\/wp-json\/wp\/v2\/tags?post=263758"}],"curies":[{"name":"wp","href":"https:\/\/api.w.org\/{rel}","templated":true}]}}