{"id":263756,"date":"2025-03-23T18:15:39","date_gmt":"2025-03-23T17:15:39","guid":{"rendered":"https:\/\/welovecinema.be\/demain-si-tout-va-bien-road-trip-en-famille\/"},"modified":"2026-03-01T11:06:45","modified_gmt":"2026-03-01T10:06:45","slug":"demain-si-tout-va-bien-road-trip-en-famille","status":"publish","type":"post","link":"https:\/\/welovecinema.be\/fr\/demain-si-tout-va-bien-road-trip-en-famille\/","title":{"rendered":"\u00ab\u00a0Demain, si tout va bien\u00a0\u00bb: road-trip en famille"},"content":{"rendered":"<p><strong>Avec <em>Demain, si tout va bien<\/em>, Ivan Goldschmidt livre un road-movie dr\u00f4le et \u00e9mouvant sur la famille, celle dont on h\u00e9rite et celle que l&rsquo;on se cr\u00e9e.<\/strong><\/p>\n<p>Un homme, une cicatrice sur le coeur, prend un cocktail de m\u00e9dicaments. Cet homme, c&rsquo;est Gio. Il est sur le d\u00e9part, un d\u00e9part vers une nouvelle vie peut-\u00eatre. En attendant, il s&rsquo;appr\u00eate \u00e0 revoir sa fille, Cindy, avec laquelle les liens se sont distendus jusqu&rsquo;\u00e0 presque se rompre. Il a fallu la maladie pour la convaincre de revenir chez elle, ou plut\u00f4t chez lui, dans cette r\u00e9gion qu&rsquo;elle a quitt\u00e9e, press\u00e9e de s&rsquo;\u00e9panouir ailleurs, loin de ce territoire qui l&#8217;emp\u00eachait. Quand les deux se retrouvent, l&rsquo;atmosph\u00e8re est \u00e9lectrique. Ni l&rsquo;un ni l&rsquo;autre ne sait tr\u00e8s bien sur quel pied danser.<\/p>\n<figure id=\"attachment_263963\" aria-describedby=\"caption-attachment-263963\" style=\"width: 480px\" class=\"wp-caption alignnone\"><img loading=\"lazy\" decoding=\"async\" class=\"wp-image-263963 size-medium\" src=\"https:\/\/welovecinema.be\/wp-content\/uploads\/sites\/2\/2025\/04\/Demain-Si-Tout-Va-Bien5-scaled-1-480x201.jpg\" alt=\"\" width=\"480\" height=\"201\" srcset=\"https:\/\/welovecinema.be\/wp-content\/uploads\/sites\/2\/2025\/04\/Demain-Si-Tout-Va-Bien5-scaled-1-480x201.jpg 480w, https:\/\/welovecinema.be\/wp-content\/uploads\/sites\/2\/2025\/04\/Demain-Si-Tout-Va-Bien5-scaled-1-800x336.jpg 800w, https:\/\/welovecinema.be\/wp-content\/uploads\/sites\/2\/2025\/04\/Demain-Si-Tout-Va-Bien5-scaled-1-768x322.jpg 768w, https:\/\/welovecinema.be\/wp-content\/uploads\/sites\/2\/2025\/04\/Demain-Si-Tout-Va-Bien5-scaled-1-1536x644.jpg 1536w, https:\/\/welovecinema.be\/wp-content\/uploads\/sites\/2\/2025\/04\/Demain-Si-Tout-Va-Bien5-scaled-1-2048x859.jpg 2048w\" sizes=\"auto, (max-width: 480px) 100vw, 480px\" \/><figcaption id=\"caption-attachment-263963\" class=\"wp-caption-text\">Olivier Massart<\/figcaption><\/figure>\n<p>C&rsquo;est alors qu&rsquo;arrive l&rsquo;ambulance, qui les d\u00e9livrent de leur solitude \u00e0 deux. Au volant, Bruno ma\u00eetrise son affaire. Heureusement qu&rsquo;il prend les choses en mains car sa coll\u00e8gue Aline semble singuli\u00e8rement \u00e0 c\u00f4t\u00e9 de la plaque. L&rsquo;improbable \u00e9quip\u00e9e embarque \u00e0 bord du v\u00e9hicule, en ce jour de gr\u00e8ve o\u00f9 les autoroutes sont bloqu\u00e9es, pour rejoindre par le chemin des \u00e9coliers l&rsquo;h\u00f4pital o\u00f9 Gio est attendu.<\/p>\n<p><img loading=\"lazy\" decoding=\"async\" class=\"wp-image-263955 size-medium\" src=\"https:\/\/welovecinema.be\/wp-content\/uploads\/sites\/2\/2025\/04\/Demain-Si-Tout-Va-Bien-scaled-1-480x201.jpg\" alt=\"\" width=\"480\" height=\"201\" srcset=\"https:\/\/welovecinema.be\/wp-content\/uploads\/sites\/2\/2025\/04\/Demain-Si-Tout-Va-Bien-scaled-1-480x201.jpg 480w, https:\/\/welovecinema.be\/wp-content\/uploads\/sites\/2\/2025\/04\/Demain-Si-Tout-Va-Bien-scaled-1-800x335.jpg 800w, https:\/\/welovecinema.be\/wp-content\/uploads\/sites\/2\/2025\/04\/Demain-Si-Tout-Va-Bien-scaled-1-768x322.jpg 768w, https:\/\/welovecinema.be\/wp-content\/uploads\/sites\/2\/2025\/04\/Demain-Si-Tout-Va-Bien-scaled-1-1536x643.jpg 1536w, https:\/\/welovecinema.be\/wp-content\/uploads\/sites\/2\/2025\/04\/Demain-Si-Tout-Va-Bien-scaled-1-2048x858.jpg 2048w\" sizes=\"auto, (max-width: 480px) 100vw, 480px\" \/><\/p>\n<p>On n&rsquo;en dira pas plus sur les \u00e9tapes de ce slow road-trip, v\u00e9ritable huis clos mobile au sein de l&rsquo;ambulance, o\u00f9 les langues fourchent en attendant que les coeurs soient soign\u00e9s, ou r\u00e9par\u00e9s. Quand chacun et chacune a quelque chose \u00e0 cacher, les malentendus et les quiproquos sont vite arriv\u00e9s. En vrac, <em>Demain, si tout va bien<\/em> parle des liens familiaux qui se d\u00e9font, des territoires qui emp\u00eachent et de ceux qui rassurent, des transfuges de classe et des communaut\u00e9s de coeur, des dialogues de sourds et des cris du coeur. C&rsquo;est une com\u00e9die des sentiments, o\u00f9 malgr\u00e9 les incompr\u00e9hensions plus ou moins fondamentales qui s\u00e9parent les personnages, leur bonne volont\u00e9 les rapproche ou leur fait voir les choses sous un autre jour.<\/p>\n<figure id=\"attachment_263957\" aria-describedby=\"caption-attachment-263957\" style=\"width: 618px\" class=\"wp-caption alignnone\"><img loading=\"lazy\" decoding=\"async\" class=\"size-large wp-image-263957\" src=\"https:\/\/welovecinema.be\/wp-content\/uploads\/sites\/2\/2025\/04\/Demain-Si-Tout-Va-Bien2-scaled-1-800x335.jpg\" alt=\"\" width=\"618\" height=\"259\" srcset=\"https:\/\/welovecinema.be\/wp-content\/uploads\/sites\/2\/2025\/04\/Demain-Si-Tout-Va-Bien2-scaled-1-800x335.jpg 800w, https:\/\/welovecinema.be\/wp-content\/uploads\/sites\/2\/2025\/04\/Demain-Si-Tout-Va-Bien2-scaled-1-480x201.jpg 480w, https:\/\/welovecinema.be\/wp-content\/uploads\/sites\/2\/2025\/04\/Demain-Si-Tout-Va-Bien2-scaled-1-768x322.jpg 768w, https:\/\/welovecinema.be\/wp-content\/uploads\/sites\/2\/2025\/04\/Demain-Si-Tout-Va-Bien2-scaled-1-1536x643.jpg 1536w, https:\/\/welovecinema.be\/wp-content\/uploads\/sites\/2\/2025\/04\/Demain-Si-Tout-Va-Bien2-scaled-1-2048x858.jpg 2048w\" sizes=\"auto, (max-width: 618px) 100vw, 618px\" \/><figcaption id=\"caption-attachment-263957\" class=\"wp-caption-text\">Virginie Hocq et David Macaluso<\/figcaption><\/figure>\n<p>L&rsquo;humeur voyage comme les protagonistes, entre la frustration et la joie, la tristesse et la r\u00e9silience. Pour incarner ce quatuor, il fallait trouver un subtil \u00e9quilibre. Ivan Goldschmidt a confi\u00e9 le r\u00f4le de Gio \u00e0 Olivier Massart, camarade de longue date avec lequel il a co-\u00e9crit le film. Celui de sa fille revient \u00e0 B\u00e9rang\u00e8re McNeese, toujours impeccable. Dans le r\u00f4le de Bruno, une d\u00e9couverte, David Macaluso, dont la volont\u00e9 de bien faire complique parfois plus qu&rsquo;elle ne r\u00e9sout les choses, et enfin Virginie Hocq, dans le r\u00f4le d&rsquo;Aline am\u00e8ne la dose de l\u00e9g\u00e8ret\u00e9 qui permet de rire sur la route caboss\u00e9e des relations complexes qui unissent les protagonistes.<\/p>\n<figure id=\"attachment_263961\" aria-describedby=\"caption-attachment-263961\" style=\"width: 480px\" class=\"wp-caption alignnone\"><img loading=\"lazy\" decoding=\"async\" class=\"size-medium wp-image-263961\" src=\"https:\/\/welovecinema.be\/wp-content\/uploads\/sites\/2\/2025\/04\/Demain-Si-Tout-Va-Bien4-scaled-1-480x202.jpg\" alt=\"\" width=\"480\" height=\"202\" srcset=\"https:\/\/welovecinema.be\/wp-content\/uploads\/sites\/2\/2025\/04\/Demain-Si-Tout-Va-Bien4-scaled-1-480x202.jpg 480w, https:\/\/welovecinema.be\/wp-content\/uploads\/sites\/2\/2025\/04\/Demain-Si-Tout-Va-Bien4-scaled-1-800x336.jpg 800w, https:\/\/welovecinema.be\/wp-content\/uploads\/sites\/2\/2025\/04\/Demain-Si-Tout-Va-Bien4-scaled-1-768x323.jpg 768w, https:\/\/welovecinema.be\/wp-content\/uploads\/sites\/2\/2025\/04\/Demain-Si-Tout-Va-Bien4-scaled-1-1536x646.jpg 1536w, https:\/\/welovecinema.be\/wp-content\/uploads\/sites\/2\/2025\/04\/Demain-Si-Tout-Va-Bien4-scaled-1-2048x861.jpg 2048w\" sizes=\"auto, (max-width: 480px) 100vw, 480px\" \/><figcaption id=\"caption-attachment-263961\" class=\"wp-caption-text\">Virginie Hocq<\/figcaption><\/figure>\n<p><em>Demain, si tout va bien<\/em> est le premier long m\u00e9trage de fiction d&rsquo;Ivan Goldschmidt, \u00e0 qui l&rsquo;on doit notamment les courts m\u00e9trages <em>Ketchup<\/em>, et <em>Na Wewe<\/em>, s\u00e9lectionn\u00e9 aux Oscars en 2011. Le film sortira le 9 avril prochain en Belgique.<\/p>\n","protected":false},"excerpt":{"rendered":"<p>Avec Demain, si tout va bien, Ivan Goldschmidt livre un road-movie dr\u00f4le et \u00e9mouvant sur la famille, celle dont on h\u00e9rite et celle que l&rsquo;on se cr\u00e9e. Un homme, une cicatrice sur le coeur, prend un cocktail de m\u00e9dicaments. Cet homme, c&rsquo;est Gio. Il est sur le d\u00e9part, un d\u00e9part vers une nouvelle vie peut-\u00eatre. &hellip;<\/p>\n","protected":false},"author":343,"featured_media":263983,"comment_status":"closed","ping_status":"closed","sticky":false,"template":"","format":"standard","meta":{"ngg_post_thumbnail":0,"footnotes":""},"categories":[7134,53,12],"tags":[],"class_list":["post-263756","post","type-post","status-publish","format-standard","has-post-thumbnail","","category-we-love-belgian-cinema","category-coming-soon","category-awards"],"yoast_head":"<!-- This site is optimized with the Yoast SEO plugin v20.4 - https:\/\/yoast.com\/wordpress\/plugins\/seo\/ -->\n<title>&quot;Demain, si tout va bien&quot;: road-trip en famille - We Love Cinema<\/title>\n<meta name=\"robots\" content=\"index, follow, max-snippet:-1, max-image-preview:large, max-video-preview:-1\" \/>\n<link rel=\"canonical\" href=\"https:\/\/welovecinema.be\/fr\/demain-si-tout-va-bien-road-trip-en-famille\/\" \/>\n<meta property=\"og:locale\" content=\"fr_FR\" \/>\n<meta property=\"og:type\" content=\"article\" \/>\n<meta property=\"og:title\" content=\"&quot;Demain, si tout va bien&quot;: road-trip en famille - We Love Cinema\" \/>\n<meta property=\"og:description\" content=\"Avec Demain, si tout va bien, Ivan Goldschmidt livre un road-movie dr\u00f4le et \u00e9mouvant sur la famille, celle dont on h\u00e9rite et celle que l&rsquo;on se cr\u00e9e. Un homme, une cicatrice sur le coeur, prend un cocktail de m\u00e9dicaments. Cet homme, c&rsquo;est Gio. Il est sur le d\u00e9part, un d\u00e9part vers une nouvelle vie peut-\u00eatre. &hellip;\" \/>\n<meta property=\"og:url\" content=\"https:\/\/welovecinema.be\/fr\/demain-si-tout-va-bien-road-trip-en-famille\/\" \/>\n<meta property=\"og:site_name\" content=\"We Love Cinema\" \/>\n<meta property=\"article:publisher\" content=\"https:\/\/www.facebook.com\/welovecinema.be\" \/>\n<meta property=\"article:published_time\" content=\"2025-03-23T17:15:39+00:00\" \/>\n<meta property=\"article:modified_time\" content=\"2026-03-01T10:06:45+00:00\" \/>\n<meta property=\"og:image\" content=\"https:\/\/welovecinema.be\/wp-content\/uploads\/sites\/2\/2025\/04\/demainsitoutvabien-1.png\" \/>\n\t<meta property=\"og:image:width\" content=\"1167\" \/>\n\t<meta property=\"og:image:height\" content=\"1650\" \/>\n\t<meta property=\"og:image:type\" content=\"image\/png\" \/>\n<meta name=\"author\" content=\"Aurore Engelen\" \/>\n<meta name=\"twitter:card\" content=\"summary_large_image\" \/>\n<meta name=\"twitter:label1\" content=\"\u00c9crit par\" \/>\n\t<meta name=\"twitter:data1\" content=\"Aurore Engelen\" \/>\n\t<meta name=\"twitter:label2\" content=\"Dur\u00e9e de lecture estim\u00e9e\" \/>\n\t<meta name=\"twitter:data2\" content=\"4 minutes\" \/>\n<script type=\"application\/ld+json\" class=\"yoast-schema-graph\">{\"@context\":\"https:\/\/schema.org\",\"@graph\":[{\"@type\":\"Article\",\"@id\":\"https:\/\/welovecinema.be\/fr\/demain-si-tout-va-bien-road-trip-en-famille\/#article\",\"isPartOf\":{\"@id\":\"https:\/\/welovecinema.be\/fr\/demain-si-tout-va-bien-road-trip-en-famille\/\"},\"author\":{\"name\":\"Aurore Engelen\",\"@id\":\"https:\/\/welovecinema.be\/nl\/#\/schema\/person\/8084b68c6b176142d073695c654dc7cf\"},\"headline\":\"\u00ab\u00a0Demain, si tout va bien\u00a0\u00bb: road-trip en famille\",\"datePublished\":\"2025-03-23T17:15:39+00:00\",\"dateModified\":\"2026-03-01T10:06:45+00:00\",\"mainEntityOfPage\":{\"@id\":\"https:\/\/welovecinema.be\/fr\/demain-si-tout-va-bien-road-trip-en-famille\/\"},\"wordCount\":567,\"publisher\":{\"@id\":\"https:\/\/welovecinema.be\/nl\/#organization\"},\"articleSection\":[\"\u00a0We Love Belgian Cinema\",\"Coming soon\",\"Evenements\"],\"inLanguage\":\"fr-FR\"},{\"@type\":\"WebPage\",\"@id\":\"https:\/\/welovecinema.be\/fr\/demain-si-tout-va-bien-road-trip-en-famille\/\",\"url\":\"https:\/\/welovecinema.be\/fr\/demain-si-tout-va-bien-road-trip-en-famille\/\",\"name\":\"\\\"Demain, si tout va bien\\\": road-trip en famille - We Love Cinema\",\"isPartOf\":{\"@id\":\"https:\/\/welovecinema.be\/nl\/#website\"},\"datePublished\":\"2025-03-23T17:15:39+00:00\",\"dateModified\":\"2026-03-01T10:06:45+00:00\",\"breadcrumb\":{\"@id\":\"https:\/\/welovecinema.be\/fr\/demain-si-tout-va-bien-road-trip-en-famille\/#breadcrumb\"},\"inLanguage\":\"fr-FR\",\"potentialAction\":[{\"@type\":\"ReadAction\",\"target\":[\"https:\/\/welovecinema.be\/fr\/demain-si-tout-va-bien-road-trip-en-famille\/\"]}]},{\"@type\":\"BreadcrumbList\",\"@id\":\"https:\/\/welovecinema.be\/fr\/demain-si-tout-va-bien-road-trip-en-famille\/#breadcrumb\",\"itemListElement\":[{\"@type\":\"ListItem\",\"position\":1,\"name\":\"Accueil\",\"item\":\"https:\/\/welovecinema.be\/fr\/\"},{\"@type\":\"ListItem\",\"position\":2,\"name\":\"\u00ab\u00a0Demain, si tout va bien\u00a0\u00bb: road-trip en famille\"}]},{\"@type\":\"WebSite\",\"@id\":\"https:\/\/welovecinema.be\/nl\/#website\",\"url\":\"https:\/\/welovecinema.be\/nl\/\",\"name\":\"We Love Cinema\",\"description\":\"Toute l\u2019information du cin\u00e9ma en Belgique\",\"publisher\":{\"@id\":\"https:\/\/welovecinema.be\/nl\/#organization\"},\"potentialAction\":[{\"@type\":\"SearchAction\",\"target\":{\"@type\":\"EntryPoint\",\"urlTemplate\":\"https:\/\/welovecinema.be\/nl\/?s={search_term_string}\"},\"query-input\":\"required name=search_term_string\"}],\"inLanguage\":\"fr-FR\"},{\"@type\":\"Organization\",\"@id\":\"https:\/\/welovecinema.be\/nl\/#organization\",\"name\":\"We Love Cinema\",\"url\":\"https:\/\/welovecinema.be\/nl\/\",\"logo\":{\"@type\":\"ImageObject\",\"inLanguage\":\"fr-FR\",\"@id\":\"https:\/\/welovecinema.be\/nl\/#\/schema\/logo\/image\/\",\"url\":\"https:\/\/welovecinema.be\/wp-content\/uploads\/sites\/2\/2023\/03\/Logo-We-Love-Cinema305x128.jpg\",\"contentUrl\":\"https:\/\/welovecinema.be\/wp-content\/uploads\/sites\/2\/2023\/03\/Logo-We-Love-Cinema305x128.jpg\",\"width\":305,\"height\":128,\"caption\":\"We Love Cinema\"},\"image\":{\"@id\":\"https:\/\/welovecinema.be\/nl\/#\/schema\/logo\/image\/\"},\"sameAs\":[\"https:\/\/www.facebook.com\/welovecinema.be\",\"https:\/\/www.youtube.com\/channel\/UCX5LYGVhnKvYauW4Nta4HJA\",\"https:\/\/www.instagram.com\/welovecinema.be\/\"]},{\"@type\":\"Person\",\"@id\":\"https:\/\/welovecinema.be\/nl\/#\/schema\/person\/8084b68c6b176142d073695c654dc7cf\",\"name\":\"Aurore Engelen\",\"url\":\"https:\/\/welovecinema.be\/fr\/author\/aurore-engelen\/\"}]}<\/script>\n<!-- \/ Yoast SEO plugin. -->","yoast_head_json":{"title":"\"Demain, si tout va bien\": road-trip en famille - We Love Cinema","robots":{"index":"index","follow":"follow","max-snippet":"max-snippet:-1","max-image-preview":"max-image-preview:large","max-video-preview":"max-video-preview:-1"},"canonical":"https:\/\/welovecinema.be\/fr\/demain-si-tout-va-bien-road-trip-en-famille\/","og_locale":"fr_FR","og_type":"article","og_title":"\"Demain, si tout va bien\": road-trip en famille - We Love Cinema","og_description":"Avec Demain, si tout va bien, Ivan Goldschmidt livre un road-movie dr\u00f4le et \u00e9mouvant sur la famille, celle dont on h\u00e9rite et celle que l&rsquo;on se cr\u00e9e. Un homme, une cicatrice sur le coeur, prend un cocktail de m\u00e9dicaments. Cet homme, c&rsquo;est Gio. Il est sur le d\u00e9part, un d\u00e9part vers une nouvelle vie peut-\u00eatre. &hellip;","og_url":"https:\/\/welovecinema.be\/fr\/demain-si-tout-va-bien-road-trip-en-famille\/","og_site_name":"We Love Cinema","article_publisher":"https:\/\/www.facebook.com\/welovecinema.be","article_published_time":"2025-03-23T17:15:39+00:00","article_modified_time":"2026-03-01T10:06:45+00:00","og_image":[{"width":1167,"height":1650,"url":"https:\/\/welovecinema.be\/wp-content\/uploads\/sites\/2\/2025\/04\/demainsitoutvabien-1.png","type":"image\/png"}],"author":"Aurore Engelen","twitter_card":"summary_large_image","twitter_misc":{"\u00c9crit par":"Aurore Engelen","Dur\u00e9e de lecture estim\u00e9e":"4 minutes"},"schema":{"@context":"https:\/\/schema.org","@graph":[{"@type":"Article","@id":"https:\/\/welovecinema.be\/fr\/demain-si-tout-va-bien-road-trip-en-famille\/#article","isPartOf":{"@id":"https:\/\/welovecinema.be\/fr\/demain-si-tout-va-bien-road-trip-en-famille\/"},"author":{"name":"Aurore Engelen","@id":"https:\/\/welovecinema.be\/nl\/#\/schema\/person\/8084b68c6b176142d073695c654dc7cf"},"headline":"\u00ab\u00a0Demain, si tout va bien\u00a0\u00bb: road-trip en famille","datePublished":"2025-03-23T17:15:39+00:00","dateModified":"2026-03-01T10:06:45+00:00","mainEntityOfPage":{"@id":"https:\/\/welovecinema.be\/fr\/demain-si-tout-va-bien-road-trip-en-famille\/"},"wordCount":567,"publisher":{"@id":"https:\/\/welovecinema.be\/nl\/#organization"},"articleSection":["\u00a0We Love Belgian Cinema","Coming soon","Evenements"],"inLanguage":"fr-FR"},{"@type":"WebPage","@id":"https:\/\/welovecinema.be\/fr\/demain-si-tout-va-bien-road-trip-en-famille\/","url":"https:\/\/welovecinema.be\/fr\/demain-si-tout-va-bien-road-trip-en-famille\/","name":"\"Demain, si tout va bien\": road-trip en famille - We Love Cinema","isPartOf":{"@id":"https:\/\/welovecinema.be\/nl\/#website"},"datePublished":"2025-03-23T17:15:39+00:00","dateModified":"2026-03-01T10:06:45+00:00","breadcrumb":{"@id":"https:\/\/welovecinema.be\/fr\/demain-si-tout-va-bien-road-trip-en-famille\/#breadcrumb"},"inLanguage":"fr-FR","potentialAction":[{"@type":"ReadAction","target":["https:\/\/welovecinema.be\/fr\/demain-si-tout-va-bien-road-trip-en-famille\/"]}]},{"@type":"BreadcrumbList","@id":"https:\/\/welovecinema.be\/fr\/demain-si-tout-va-bien-road-trip-en-famille\/#breadcrumb","itemListElement":[{"@type":"ListItem","position":1,"name":"Accueil","item":"https:\/\/welovecinema.be\/fr\/"},{"@type":"ListItem","position":2,"name":"\u00ab\u00a0Demain, si tout va bien\u00a0\u00bb: road-trip en famille"}]},{"@type":"WebSite","@id":"https:\/\/welovecinema.be\/nl\/#website","url":"https:\/\/welovecinema.be\/nl\/","name":"We Love Cinema","description":"Toute l\u2019information du cin\u00e9ma en Belgique","publisher":{"@id":"https:\/\/welovecinema.be\/nl\/#organization"},"potentialAction":[{"@type":"SearchAction","target":{"@type":"EntryPoint","urlTemplate":"https:\/\/welovecinema.be\/nl\/?s={search_term_string}"},"query-input":"required name=search_term_string"}],"inLanguage":"fr-FR"},{"@type":"Organization","@id":"https:\/\/welovecinema.be\/nl\/#organization","name":"We Love Cinema","url":"https:\/\/welovecinema.be\/nl\/","logo":{"@type":"ImageObject","inLanguage":"fr-FR","@id":"https:\/\/welovecinema.be\/nl\/#\/schema\/logo\/image\/","url":"https:\/\/welovecinema.be\/wp-content\/uploads\/sites\/2\/2023\/03\/Logo-We-Love-Cinema305x128.jpg","contentUrl":"https:\/\/welovecinema.be\/wp-content\/uploads\/sites\/2\/2023\/03\/Logo-We-Love-Cinema305x128.jpg","width":305,"height":128,"caption":"We Love Cinema"},"image":{"@id":"https:\/\/welovecinema.be\/nl\/#\/schema\/logo\/image\/"},"sameAs":["https:\/\/www.facebook.com\/welovecinema.be","https:\/\/www.youtube.com\/channel\/UCX5LYGVhnKvYauW4Nta4HJA","https:\/\/www.instagram.com\/welovecinema.be\/"]},{"@type":"Person","@id":"https:\/\/welovecinema.be\/nl\/#\/schema\/person\/8084b68c6b176142d073695c654dc7cf","name":"Aurore Engelen","url":"https:\/\/welovecinema.be\/fr\/author\/aurore-engelen\/"}]}},"_links":{"self":[{"href":"https:\/\/welovecinema.be\/fr\/wp-json\/wp\/v2\/posts\/263756","targetHints":{"allow":["GET"]}}],"collection":[{"href":"https:\/\/welovecinema.be\/fr\/wp-json\/wp\/v2\/posts"}],"about":[{"href":"https:\/\/welovecinema.be\/fr\/wp-json\/wp\/v2\/types\/post"}],"author":[{"embeddable":true,"href":"https:\/\/welovecinema.be\/fr\/wp-json\/wp\/v2\/users\/343"}],"replies":[{"embeddable":true,"href":"https:\/\/welovecinema.be\/fr\/wp-json\/wp\/v2\/comments?post=263756"}],"version-history":[{"count":4,"href":"https:\/\/welovecinema.be\/fr\/wp-json\/wp\/v2\/posts\/263756\/revisions"}],"predecessor-version":[{"id":270405,"href":"https:\/\/welovecinema.be\/fr\/wp-json\/wp\/v2\/posts\/263756\/revisions\/270405"}],"wp:featuredmedia":[{"embeddable":true,"href":"https:\/\/welovecinema.be\/fr\/wp-json\/wp\/v2\/media\/263983"}],"wp:attachment":[{"href":"https:\/\/welovecinema.be\/fr\/wp-json\/wp\/v2\/media?parent=263756"}],"wp:term":[{"taxonomy":"category","embeddable":true,"href":"https:\/\/welovecinema.be\/fr\/wp-json\/wp\/v2\/categories?post=263756"},{"taxonomy":"post_tag","embeddable":true,"href":"https:\/\/welovecinema.be\/fr\/wp-json\/wp\/v2\/tags?post=263756"}],"curies":[{"name":"wp","href":"https:\/\/api.w.org\/{rel}","templated":true}]}}