{"id":263184,"date":"2025-02-05T23:33:40","date_gmt":"2025-02-05T22:33:40","guid":{"rendered":"https:\/\/welovecinema.be\/?p=263184"},"modified":"2025-02-05T23:33:40","modified_gmt":"2025-02-05T22:33:40","slug":"paolo-cognetti-op-ffo-met-docufilm-fiore-mio","status":"publish","type":"post","link":"https:\/\/welovecinema.be\/fr\/paolo-cognetti-op-ffo-met-docufilm-fiore-mio\/","title":{"rendered":"Paolo Cognetti op FFO met docufilm &lsquo;Fiore Mio&rsquo;"},"content":{"rendered":"<p><strong><span style=\"font-family: -apple-system, BlinkMacSystemFont, 'Segoe UI', Roboto, Oxygen, Oxygen-Sans, Ubuntu, Cantarell, 'Helvetica Neue', 'Open Sans', Arial, sans-serif\">De Italiaanse auteur Paolo Cognetti werd wereldberoemd met zijn bestseller roman \u2018De acht bergen\u2019 (\u2018Le otto montagne\u2019). Met \u2018Fiore Mio&rsquo; maakt Cognetti zijn debuut als scenarist en hoofdpersonage. De film nestelt zich warmpjes tussen een klassieke documentaire en een adembenemende langspeelfilm. Deze buitengewone natuurprent ging in wereldpremi\u00e8re op het filmfestival van Locarno. Het camerawerk werd verzorgd door onze eigen Ruben Impens, die eerder ook al &lsquo;De A<\/span><span style=\"font-family: -apple-system, BlinkMacSystemFont, 'Segoe UI', Roboto, Oxygen, Oxygen-Sans, Ubuntu, Cantarell, 'Helvetica Neue', 'Open Sans', Arial, sans-serif\">cht Bergen&rsquo; en &lsquo;Titane&rsquo; verfilmde. Beide films vielen in Cannes in de prijzen, goed voor een Prix du Jury en de Gouden Palm. De film loopt vanaf 12\/02\/2025 bij ons in de zalen.<\/span><\/strong><\/p>\n<p>In &lsquo;Fiore Mio&rsquo; trekt Paolo Cognetti met zijn hond Laki naar Monte Rosa. In het machtige Italiaanse bergmassief ontmoet hij heel wat bewoners, zoals een oude jeugdvriend, een berggids en een voormalige Nepalese sherpa. Samen mijmeren ze over hun geliefde bergen, maar ook over klimaatverandering, vriendschap en dromen. Stapsgewijs gaan ze op zoek naar een levensbalans binnen deze allesomvattende natuurpracht.<\/p>\n<div class=\"tie-full-width-img\">\n<p><iframe loading=\"lazy\" title=\"Fiore Mio | Trailer | NL | Lumi\u00e8re\" width=\"618\" height=\"348\" src=\"https:\/\/www.youtube.com\/embed\/s7CcVTB9M98?feature=oembed\" frameborder=\"0\" allow=\"accelerometer; autoplay; clipboard-write; encrypted-media; gyroscope; picture-in-picture; web-share\" referrerpolicy=\"strict-origin-when-cross-origin\" allowfullscreen><\/iframe><\/p>\n<\/div>\n<div class=\"tie-full-width-img\"><img loading=\"lazy\" decoding=\"async\" class=\"aligncenter size-full wp-image-263185\" src=\"https:\/\/welovecinema.be\/wp-content\/uploads\/sites\/2\/2025\/02\/241125-Affiche-Fiore-mio-70x100-BIL-Druk_page-0001-normal.jpg\" alt=\"\" width=\"800\" height=\"1136\" \/><\/div>\n","protected":false},"excerpt":{"rendered":"<p>De Italiaanse auteur Paolo Cognetti werd wereldberoemd met zijn bestseller roman \u2018De acht bergen\u2019 (\u2018Le otto montagne\u2019). Met \u2018Fiore Mio&rsquo; maakt Cognetti zijn debuut als scenarist en hoofdpersonage. De film nestelt zich warmpjes tussen een klassieke documentaire en een adembenemende langspeelfilm. Deze buitengewone natuurprent ging in wereldpremi\u00e8re op het filmfestival van Locarno. Het camerawerk werd &hellip;<\/p>\n","protected":false},"author":349,"featured_media":263187,"comment_status":"closed","ping_status":"closed","sticky":false,"template":"","format":"standard","meta":{"ngg_post_thumbnail":0,"footnotes":""},"categories":[7136,1069,30,3],"tags":[8501,8502,8503,7903,1341],"class_list":["post-263184","post","type-post","status-publish","format-standard","has-post-thumbnail","","category-we-love-belgian-cinema-nl","category-festivals-nl","category-nieuws","category-varia-nl","tag-achtbergen","tag-fioremio","tag-paolocognetti","tag-rubenimpens","tag-ffo"],"yoast_head":"<!-- This site is optimized with the Yoast SEO plugin v20.4 - https:\/\/yoast.com\/wordpress\/plugins\/seo\/ -->\n<title>Paolo Cognetti op FFO met docufilm &#039;Fiore Mio&#039; - We Love Cinema<\/title>\n<meta name=\"robots\" content=\"index, follow, max-snippet:-1, max-image-preview:large, max-video-preview:-1\" \/>\n<link rel=\"canonical\" href=\"https:\/\/welovecinema.be\/fr\/paolo-cognetti-op-ffo-met-docufilm-fiore-mio\/\" \/>\n<meta property=\"og:locale\" content=\"fr_FR\" \/>\n<meta property=\"og:type\" content=\"article\" \/>\n<meta property=\"og:title\" content=\"Paolo Cognetti op FFO met docufilm &#039;Fiore Mio&#039; - We Love Cinema\" \/>\n<meta property=\"og:description\" content=\"De Italiaanse auteur Paolo Cognetti werd wereldberoemd met zijn bestseller roman \u2018De acht bergen\u2019 (\u2018Le otto montagne\u2019). Met \u2018Fiore Mio&rsquo; maakt Cognetti zijn debuut als scenarist en hoofdpersonage. De film nestelt zich warmpjes tussen een klassieke documentaire en een adembenemende langspeelfilm. Deze buitengewone natuurprent ging in wereldpremi\u00e8re op het filmfestival van Locarno. Het camerawerk werd &hellip;\" \/>\n<meta property=\"og:url\" content=\"https:\/\/welovecinema.be\/fr\/paolo-cognetti-op-ffo-met-docufilm-fiore-mio\/\" \/>\n<meta property=\"og:site_name\" content=\"We Love Cinema\" \/>\n<meta property=\"article:publisher\" content=\"https:\/\/www.facebook.com\/welovecinema.be\" \/>\n<meta property=\"article:published_time\" content=\"2025-02-05T22:33:40+00:00\" \/>\n<meta name=\"author\" content=\"Seppe van Groeningen\" \/>\n<meta name=\"twitter:card\" content=\"summary_large_image\" \/>\n<meta name=\"twitter:label1\" content=\"\u00c9crit par\" \/>\n\t<meta name=\"twitter:data1\" content=\"Seppe van Groeningen\" \/>\n\t<meta name=\"twitter:label2\" content=\"Dur\u00e9e de lecture estim\u00e9e\" \/>\n\t<meta name=\"twitter:data2\" content=\"2 minutes\" \/>\n<script type=\"application\/ld+json\" class=\"yoast-schema-graph\">{\"@context\":\"https:\/\/schema.org\",\"@graph\":[{\"@type\":\"Article\",\"@id\":\"https:\/\/welovecinema.be\/fr\/paolo-cognetti-op-ffo-met-docufilm-fiore-mio\/#article\",\"isPartOf\":{\"@id\":\"https:\/\/welovecinema.be\/fr\/paolo-cognetti-op-ffo-met-docufilm-fiore-mio\/\"},\"author\":{\"name\":\"Seppe van Groeningen\",\"@id\":\"https:\/\/welovecinema.be\/nl\/#\/schema\/person\/9a9270eec1274600ec8c420b80d00480\"},\"headline\":\"Paolo Cognetti op FFO met docufilm &lsquo;Fiore Mio&rsquo;\",\"datePublished\":\"2025-02-05T22:33:40+00:00\",\"dateModified\":\"2025-02-05T22:33:40+00:00\",\"mainEntityOfPage\":{\"@id\":\"https:\/\/welovecinema.be\/fr\/paolo-cognetti-op-ffo-met-docufilm-fiore-mio\/\"},\"wordCount\":189,\"publisher\":{\"@id\":\"https:\/\/welovecinema.be\/nl\/#organization\"},\"keywords\":[\"#achtbergen\",\"#fioremio\",\"#paolocognetti\",\"#rubenimpens\",\"FFO\"],\"articleSection\":[\"\u00a0We Love Belgian Cinema\",\"Festivals\",\"Nieuws\",\"Varia\"],\"inLanguage\":\"fr-FR\"},{\"@type\":\"WebPage\",\"@id\":\"https:\/\/welovecinema.be\/fr\/paolo-cognetti-op-ffo-met-docufilm-fiore-mio\/\",\"url\":\"https:\/\/welovecinema.be\/fr\/paolo-cognetti-op-ffo-met-docufilm-fiore-mio\/\",\"name\":\"Paolo Cognetti op FFO met docufilm 'Fiore Mio' - We Love Cinema\",\"isPartOf\":{\"@id\":\"https:\/\/welovecinema.be\/nl\/#website\"},\"datePublished\":\"2025-02-05T22:33:40+00:00\",\"dateModified\":\"2025-02-05T22:33:40+00:00\",\"breadcrumb\":{\"@id\":\"https:\/\/welovecinema.be\/fr\/paolo-cognetti-op-ffo-met-docufilm-fiore-mio\/#breadcrumb\"},\"inLanguage\":\"fr-FR\",\"potentialAction\":[{\"@type\":\"ReadAction\",\"target\":[\"https:\/\/welovecinema.be\/fr\/paolo-cognetti-op-ffo-met-docufilm-fiore-mio\/\"]}]},{\"@type\":\"BreadcrumbList\",\"@id\":\"https:\/\/welovecinema.be\/fr\/paolo-cognetti-op-ffo-met-docufilm-fiore-mio\/#breadcrumb\",\"itemListElement\":[{\"@type\":\"ListItem\",\"position\":1,\"name\":\"Accueil\",\"item\":\"https:\/\/welovecinema.be\/fr\/\"},{\"@type\":\"ListItem\",\"position\":2,\"name\":\"Paolo Cognetti op FFO met docufilm &lsquo;Fiore Mio&rsquo;\"}]},{\"@type\":\"WebSite\",\"@id\":\"https:\/\/welovecinema.be\/nl\/#website\",\"url\":\"https:\/\/welovecinema.be\/nl\/\",\"name\":\"We Love Cinema\",\"description\":\"Toute l\u2019information du cin\u00e9ma en Belgique\",\"publisher\":{\"@id\":\"https:\/\/welovecinema.be\/nl\/#organization\"},\"potentialAction\":[{\"@type\":\"SearchAction\",\"target\":{\"@type\":\"EntryPoint\",\"urlTemplate\":\"https:\/\/welovecinema.be\/nl\/?s={search_term_string}\"},\"query-input\":\"required name=search_term_string\"}],\"inLanguage\":\"fr-FR\"},{\"@type\":\"Organization\",\"@id\":\"https:\/\/welovecinema.be\/nl\/#organization\",\"name\":\"We Love Cinema\",\"url\":\"https:\/\/welovecinema.be\/nl\/\",\"logo\":{\"@type\":\"ImageObject\",\"inLanguage\":\"fr-FR\",\"@id\":\"https:\/\/welovecinema.be\/nl\/#\/schema\/logo\/image\/\",\"url\":\"https:\/\/welovecinema.be\/wp-content\/uploads\/sites\/2\/2023\/03\/Logo-We-Love-Cinema305x128.jpg\",\"contentUrl\":\"https:\/\/welovecinema.be\/wp-content\/uploads\/sites\/2\/2023\/03\/Logo-We-Love-Cinema305x128.jpg\",\"width\":305,\"height\":128,\"caption\":\"We Love Cinema\"},\"image\":{\"@id\":\"https:\/\/welovecinema.be\/nl\/#\/schema\/logo\/image\/\"},\"sameAs\":[\"https:\/\/www.facebook.com\/welovecinema.be\",\"https:\/\/www.youtube.com\/channel\/UCX5LYGVhnKvYauW4Nta4HJA\",\"https:\/\/www.instagram.com\/welovecinema.be\/\"]},{\"@type\":\"Person\",\"@id\":\"https:\/\/welovecinema.be\/nl\/#\/schema\/person\/9a9270eec1274600ec8c420b80d00480\",\"name\":\"Seppe van Groeningen\",\"url\":\"https:\/\/welovecinema.be\/fr\/author\/seppe\/\"}]}<\/script>\n<!-- \/ Yoast SEO plugin. -->","yoast_head_json":{"title":"Paolo Cognetti op FFO met docufilm 'Fiore Mio' - We Love Cinema","robots":{"index":"index","follow":"follow","max-snippet":"max-snippet:-1","max-image-preview":"max-image-preview:large","max-video-preview":"max-video-preview:-1"},"canonical":"https:\/\/welovecinema.be\/fr\/paolo-cognetti-op-ffo-met-docufilm-fiore-mio\/","og_locale":"fr_FR","og_type":"article","og_title":"Paolo Cognetti op FFO met docufilm 'Fiore Mio' - We Love Cinema","og_description":"De Italiaanse auteur Paolo Cognetti werd wereldberoemd met zijn bestseller roman \u2018De acht bergen\u2019 (\u2018Le otto montagne\u2019). Met \u2018Fiore Mio&rsquo; maakt Cognetti zijn debuut als scenarist en hoofdpersonage. De film nestelt zich warmpjes tussen een klassieke documentaire en een adembenemende langspeelfilm. Deze buitengewone natuurprent ging in wereldpremi\u00e8re op het filmfestival van Locarno. Het camerawerk werd &hellip;","og_url":"https:\/\/welovecinema.be\/fr\/paolo-cognetti-op-ffo-met-docufilm-fiore-mio\/","og_site_name":"We Love Cinema","article_publisher":"https:\/\/www.facebook.com\/welovecinema.be","article_published_time":"2025-02-05T22:33:40+00:00","author":"Seppe van Groeningen","twitter_card":"summary_large_image","twitter_misc":{"\u00c9crit par":"Seppe van Groeningen","Dur\u00e9e de lecture estim\u00e9e":"2 minutes"},"schema":{"@context":"https:\/\/schema.org","@graph":[{"@type":"Article","@id":"https:\/\/welovecinema.be\/fr\/paolo-cognetti-op-ffo-met-docufilm-fiore-mio\/#article","isPartOf":{"@id":"https:\/\/welovecinema.be\/fr\/paolo-cognetti-op-ffo-met-docufilm-fiore-mio\/"},"author":{"name":"Seppe van Groeningen","@id":"https:\/\/welovecinema.be\/nl\/#\/schema\/person\/9a9270eec1274600ec8c420b80d00480"},"headline":"Paolo Cognetti op FFO met docufilm &lsquo;Fiore Mio&rsquo;","datePublished":"2025-02-05T22:33:40+00:00","dateModified":"2025-02-05T22:33:40+00:00","mainEntityOfPage":{"@id":"https:\/\/welovecinema.be\/fr\/paolo-cognetti-op-ffo-met-docufilm-fiore-mio\/"},"wordCount":189,"publisher":{"@id":"https:\/\/welovecinema.be\/nl\/#organization"},"keywords":["#achtbergen","#fioremio","#paolocognetti","#rubenimpens","FFO"],"articleSection":["\u00a0We Love Belgian Cinema","Festivals","Nieuws","Varia"],"inLanguage":"fr-FR"},{"@type":"WebPage","@id":"https:\/\/welovecinema.be\/fr\/paolo-cognetti-op-ffo-met-docufilm-fiore-mio\/","url":"https:\/\/welovecinema.be\/fr\/paolo-cognetti-op-ffo-met-docufilm-fiore-mio\/","name":"Paolo Cognetti op FFO met docufilm 'Fiore Mio' - We Love Cinema","isPartOf":{"@id":"https:\/\/welovecinema.be\/nl\/#website"},"datePublished":"2025-02-05T22:33:40+00:00","dateModified":"2025-02-05T22:33:40+00:00","breadcrumb":{"@id":"https:\/\/welovecinema.be\/fr\/paolo-cognetti-op-ffo-met-docufilm-fiore-mio\/#breadcrumb"},"inLanguage":"fr-FR","potentialAction":[{"@type":"ReadAction","target":["https:\/\/welovecinema.be\/fr\/paolo-cognetti-op-ffo-met-docufilm-fiore-mio\/"]}]},{"@type":"BreadcrumbList","@id":"https:\/\/welovecinema.be\/fr\/paolo-cognetti-op-ffo-met-docufilm-fiore-mio\/#breadcrumb","itemListElement":[{"@type":"ListItem","position":1,"name":"Accueil","item":"https:\/\/welovecinema.be\/fr\/"},{"@type":"ListItem","position":2,"name":"Paolo Cognetti op FFO met docufilm &lsquo;Fiore Mio&rsquo;"}]},{"@type":"WebSite","@id":"https:\/\/welovecinema.be\/nl\/#website","url":"https:\/\/welovecinema.be\/nl\/","name":"We Love Cinema","description":"Toute l\u2019information du cin\u00e9ma en Belgique","publisher":{"@id":"https:\/\/welovecinema.be\/nl\/#organization"},"potentialAction":[{"@type":"SearchAction","target":{"@type":"EntryPoint","urlTemplate":"https:\/\/welovecinema.be\/nl\/?s={search_term_string}"},"query-input":"required name=search_term_string"}],"inLanguage":"fr-FR"},{"@type":"Organization","@id":"https:\/\/welovecinema.be\/nl\/#organization","name":"We Love Cinema","url":"https:\/\/welovecinema.be\/nl\/","logo":{"@type":"ImageObject","inLanguage":"fr-FR","@id":"https:\/\/welovecinema.be\/nl\/#\/schema\/logo\/image\/","url":"https:\/\/welovecinema.be\/wp-content\/uploads\/sites\/2\/2023\/03\/Logo-We-Love-Cinema305x128.jpg","contentUrl":"https:\/\/welovecinema.be\/wp-content\/uploads\/sites\/2\/2023\/03\/Logo-We-Love-Cinema305x128.jpg","width":305,"height":128,"caption":"We Love Cinema"},"image":{"@id":"https:\/\/welovecinema.be\/nl\/#\/schema\/logo\/image\/"},"sameAs":["https:\/\/www.facebook.com\/welovecinema.be","https:\/\/www.youtube.com\/channel\/UCX5LYGVhnKvYauW4Nta4HJA","https:\/\/www.instagram.com\/welovecinema.be\/"]},{"@type":"Person","@id":"https:\/\/welovecinema.be\/nl\/#\/schema\/person\/9a9270eec1274600ec8c420b80d00480","name":"Seppe van Groeningen","url":"https:\/\/welovecinema.be\/fr\/author\/seppe\/"}]}},"_links":{"self":[{"href":"https:\/\/welovecinema.be\/fr\/wp-json\/wp\/v2\/posts\/263184","targetHints":{"allow":["GET"]}}],"collection":[{"href":"https:\/\/welovecinema.be\/fr\/wp-json\/wp\/v2\/posts"}],"about":[{"href":"https:\/\/welovecinema.be\/fr\/wp-json\/wp\/v2\/types\/post"}],"author":[{"embeddable":true,"href":"https:\/\/welovecinema.be\/fr\/wp-json\/wp\/v2\/users\/349"}],"replies":[{"embeddable":true,"href":"https:\/\/welovecinema.be\/fr\/wp-json\/wp\/v2\/comments?post=263184"}],"version-history":[{"count":0,"href":"https:\/\/welovecinema.be\/fr\/wp-json\/wp\/v2\/posts\/263184\/revisions"}],"wp:featuredmedia":[{"embeddable":true,"href":"https:\/\/welovecinema.be\/fr\/wp-json\/"}],"wp:attachment":[{"href":"https:\/\/welovecinema.be\/fr\/wp-json\/wp\/v2\/media?parent=263184"}],"wp:term":[{"taxonomy":"category","embeddable":true,"href":"https:\/\/welovecinema.be\/fr\/wp-json\/wp\/v2\/categories?post=263184"},{"taxonomy":"post_tag","embeddable":true,"href":"https:\/\/welovecinema.be\/fr\/wp-json\/wp\/v2\/tags?post=263184"}],"curies":[{"name":"wp","href":"https:\/\/api.w.org\/{rel}","templated":true}]}}