{"id":263148,"date":"2025-02-04T10:31:47","date_gmt":"2025-02-04T09:31:47","guid":{"rendered":"https:\/\/welovecinema.be\/?p=263148"},"modified":"2025-02-04T10:31:47","modified_gmt":"2025-02-04T09:31:47","slug":"mel-gibson-verrijst-en-draait-het-vervolg-op-the-passion-of-the-christ","status":"publish","type":"post","link":"https:\/\/welovecinema.be\/fr\/mel-gibson-verrijst-en-draait-het-vervolg-op-the-passion-of-the-christ\/","title":{"rendered":"Mel Gibson verrijst en draait het vervolg op \u00abThe Passion of the Christ\u00bb!"},"content":{"rendered":"<p><strong>De sequel krijgt de titel<\/strong> <strong><em>The Passion of the<\/em><\/strong><strong><em> Christ<\/em><\/strong><strong><em>: Resurrection<\/em><\/strong> <strong>en moet eind 2026 in de zalen komen<\/strong><strong>. <\/strong><strong>De productie gaat normaal gezien in maart al van start, de opnames volgen niet veel later.<\/strong><\/p>\n<p>Mel Gibson had weinig woorden nodig om zijn nieuwe passieproject voor te stellen: \u00ab<em>Eigenlijk moet je het hele verhaal beginnen bij de val van Engelen, wat betekent dat ik naar de hel zal moeten gaan\u2026<\/em>\u00bb Hij noemt de film ook \u00abenorm ambitieus\u00bb en \u00abeen acid trip\u00bb, wat op zijn minst veelbelovend klinkt.<\/p>\n<p>De miraculeuze verrijzenis van de Zoon van God zal dus de kern van het verhaal vormen. Wat de cast betreft, neemt Jim Caviezel opnieuw de rol van Jezus Christus voor zijn rekening. Dat hij intussen 21 jaar ouder is, zal Gibson oplossen met een digitale verjongingskuur.<\/p>\n<p>We maken graag van de gelegenheid gebruik om eraan te herinneren dat Gibson momenteel al een nieuwe film in de zalen heeft: de entertainende actiethriller <em>Flight Risk<\/em> met Mark Wahlberg.<\/p>\n<p>Dat <em>The Passion of the Christ<\/em> een vervolg krijgt, hoeft overigens niet te verbazen. Die film verzamelde in 2004 tenslotte wereldwijd dik 700 miljoen dollar in zijn mandje terwijl hij amper 35 miljoen dollar gekost had. Daarmee prijkt hij nog steeds in de top 20 van meest rendabele films (aan de Amerikaanse box office).<\/p>\n","protected":false},"excerpt":{"rendered":"<p>De sequel krijgt de titel The Passion of the Christ: Resurrection en moet eind 2026 in de zalen komen. De productie gaat normaal gezien in maart al van start, de opnames volgen niet veel later. Mel Gibson had weinig woorden nodig om zijn nieuwe passieproject voor te stellen: \u00abEigenlijk moet je het hele verhaal beginnen &hellip;<\/p>\n","protected":false},"author":358,"featured_media":263118,"comment_status":"closed","ping_status":"closed","sticky":false,"template":"","format":"standard","meta":{"ngg_post_thumbnail":0,"footnotes":""},"categories":[7137,30],"tags":[],"class_list":["post-263148","post","type-post","status-publish","format-standard","has-post-thumbnail","","category-we-love-worldwide-nl","category-nieuws"],"yoast_head":"<!-- This site is optimized with the Yoast SEO plugin v20.4 - https:\/\/yoast.com\/wordpress\/plugins\/seo\/ -->\n<title>Mel Gibson verrijst en draait het vervolg op \u00abThe Passion of the Christ\u00bb! - We Love Cinema<\/title>\n<meta name=\"robots\" content=\"index, follow, max-snippet:-1, max-image-preview:large, max-video-preview:-1\" \/>\n<link rel=\"canonical\" href=\"https:\/\/welovecinema.be\/fr\/mel-gibson-verrijst-en-draait-het-vervolg-op-the-passion-of-the-christ\/\" \/>\n<meta property=\"og:locale\" content=\"fr_FR\" \/>\n<meta property=\"og:type\" content=\"article\" \/>\n<meta property=\"og:title\" content=\"Mel Gibson verrijst en draait het vervolg op \u00abThe Passion of the Christ\u00bb! - We Love Cinema\" \/>\n<meta property=\"og:description\" content=\"De sequel krijgt de titel The Passion of the Christ: Resurrection en moet eind 2026 in de zalen komen. De productie gaat normaal gezien in maart al van start, de opnames volgen niet veel later. Mel Gibson had weinig woorden nodig om zijn nieuwe passieproject voor te stellen: \u00abEigenlijk moet je het hele verhaal beginnen &hellip;\" \/>\n<meta property=\"og:url\" content=\"https:\/\/welovecinema.be\/fr\/mel-gibson-verrijst-en-draait-het-vervolg-op-the-passion-of-the-christ\/\" \/>\n<meta property=\"og:site_name\" content=\"We Love Cinema\" \/>\n<meta property=\"article:publisher\" content=\"https:\/\/www.facebook.com\/welovecinema.be\" \/>\n<meta property=\"article:published_time\" content=\"2025-02-04T09:31:47+00:00\" \/>\n<meta name=\"author\" content=\"fred\" \/>\n<meta name=\"twitter:card\" content=\"summary_large_image\" \/>\n<meta name=\"twitter:label1\" content=\"\u00c9crit par\" \/>\n\t<meta name=\"twitter:data1\" content=\"fred\" \/>\n\t<meta name=\"twitter:label2\" content=\"Dur\u00e9e de lecture estim\u00e9e\" \/>\n\t<meta name=\"twitter:data2\" content=\"2 minutes\" \/>\n<script type=\"application\/ld+json\" class=\"yoast-schema-graph\">{\"@context\":\"https:\/\/schema.org\",\"@graph\":[{\"@type\":\"Article\",\"@id\":\"https:\/\/welovecinema.be\/fr\/mel-gibson-verrijst-en-draait-het-vervolg-op-the-passion-of-the-christ\/#article\",\"isPartOf\":{\"@id\":\"https:\/\/welovecinema.be\/fr\/mel-gibson-verrijst-en-draait-het-vervolg-op-the-passion-of-the-christ\/\"},\"author\":{\"name\":\"fred\",\"@id\":\"https:\/\/welovecinema.be\/nl\/#\/schema\/person\/7620619142b6dd3c9aa19e9210ad5bd5\"},\"headline\":\"Mel Gibson verrijst en draait het vervolg op \u00abThe Passion of the Christ\u00bb!\",\"datePublished\":\"2025-02-04T09:31:47+00:00\",\"dateModified\":\"2025-02-04T09:31:47+00:00\",\"mainEntityOfPage\":{\"@id\":\"https:\/\/welovecinema.be\/fr\/mel-gibson-verrijst-en-draait-het-vervolg-op-the-passion-of-the-christ\/\"},\"wordCount\":224,\"publisher\":{\"@id\":\"https:\/\/welovecinema.be\/nl\/#organization\"},\"articleSection\":[\"\u00a0We Love Worldwide Cinema\",\"Nieuws\"],\"inLanguage\":\"fr-FR\"},{\"@type\":\"WebPage\",\"@id\":\"https:\/\/welovecinema.be\/fr\/mel-gibson-verrijst-en-draait-het-vervolg-op-the-passion-of-the-christ\/\",\"url\":\"https:\/\/welovecinema.be\/fr\/mel-gibson-verrijst-en-draait-het-vervolg-op-the-passion-of-the-christ\/\",\"name\":\"Mel Gibson verrijst en draait het vervolg op \u00abThe Passion of the Christ\u00bb! - We Love Cinema\",\"isPartOf\":{\"@id\":\"https:\/\/welovecinema.be\/nl\/#website\"},\"datePublished\":\"2025-02-04T09:31:47+00:00\",\"dateModified\":\"2025-02-04T09:31:47+00:00\",\"breadcrumb\":{\"@id\":\"https:\/\/welovecinema.be\/fr\/mel-gibson-verrijst-en-draait-het-vervolg-op-the-passion-of-the-christ\/#breadcrumb\"},\"inLanguage\":\"fr-FR\",\"potentialAction\":[{\"@type\":\"ReadAction\",\"target\":[\"https:\/\/welovecinema.be\/fr\/mel-gibson-verrijst-en-draait-het-vervolg-op-the-passion-of-the-christ\/\"]}]},{\"@type\":\"BreadcrumbList\",\"@id\":\"https:\/\/welovecinema.be\/fr\/mel-gibson-verrijst-en-draait-het-vervolg-op-the-passion-of-the-christ\/#breadcrumb\",\"itemListElement\":[{\"@type\":\"ListItem\",\"position\":1,\"name\":\"Accueil\",\"item\":\"https:\/\/welovecinema.be\/fr\/\"},{\"@type\":\"ListItem\",\"position\":2,\"name\":\"Mel Gibson verrijst en draait het vervolg op \u00abThe Passion of the Christ\u00bb!\"}]},{\"@type\":\"WebSite\",\"@id\":\"https:\/\/welovecinema.be\/nl\/#website\",\"url\":\"https:\/\/welovecinema.be\/nl\/\",\"name\":\"We Love Cinema\",\"description\":\"Toute l\u2019information du cin\u00e9ma en Belgique\",\"publisher\":{\"@id\":\"https:\/\/welovecinema.be\/nl\/#organization\"},\"potentialAction\":[{\"@type\":\"SearchAction\",\"target\":{\"@type\":\"EntryPoint\",\"urlTemplate\":\"https:\/\/welovecinema.be\/nl\/?s={search_term_string}\"},\"query-input\":\"required name=search_term_string\"}],\"inLanguage\":\"fr-FR\"},{\"@type\":\"Organization\",\"@id\":\"https:\/\/welovecinema.be\/nl\/#organization\",\"name\":\"We Love Cinema\",\"url\":\"https:\/\/welovecinema.be\/nl\/\",\"logo\":{\"@type\":\"ImageObject\",\"inLanguage\":\"fr-FR\",\"@id\":\"https:\/\/welovecinema.be\/nl\/#\/schema\/logo\/image\/\",\"url\":\"https:\/\/welovecinema.be\/wp-content\/uploads\/sites\/2\/2023\/03\/Logo-We-Love-Cinema305x128.jpg\",\"contentUrl\":\"https:\/\/welovecinema.be\/wp-content\/uploads\/sites\/2\/2023\/03\/Logo-We-Love-Cinema305x128.jpg\",\"width\":305,\"height\":128,\"caption\":\"We Love Cinema\"},\"image\":{\"@id\":\"https:\/\/welovecinema.be\/nl\/#\/schema\/logo\/image\/\"},\"sameAs\":[\"https:\/\/www.facebook.com\/welovecinema.be\",\"https:\/\/www.youtube.com\/channel\/UCX5LYGVhnKvYauW4Nta4HJA\",\"https:\/\/www.instagram.com\/welovecinema.be\/\"]},{\"@type\":\"Person\",\"@id\":\"https:\/\/welovecinema.be\/nl\/#\/schema\/person\/7620619142b6dd3c9aa19e9210ad5bd5\",\"name\":\"fred\",\"url\":\"https:\/\/welovecinema.be\/fr\/author\/fred\/\"}]}<\/script>\n<!-- \/ Yoast SEO plugin. -->","yoast_head_json":{"title":"Mel Gibson verrijst en draait het vervolg op \u00abThe Passion of the Christ\u00bb! - We Love Cinema","robots":{"index":"index","follow":"follow","max-snippet":"max-snippet:-1","max-image-preview":"max-image-preview:large","max-video-preview":"max-video-preview:-1"},"canonical":"https:\/\/welovecinema.be\/fr\/mel-gibson-verrijst-en-draait-het-vervolg-op-the-passion-of-the-christ\/","og_locale":"fr_FR","og_type":"article","og_title":"Mel Gibson verrijst en draait het vervolg op \u00abThe Passion of the Christ\u00bb! - We Love Cinema","og_description":"De sequel krijgt de titel The Passion of the Christ: Resurrection en moet eind 2026 in de zalen komen. De productie gaat normaal gezien in maart al van start, de opnames volgen niet veel later. Mel Gibson had weinig woorden nodig om zijn nieuwe passieproject voor te stellen: \u00abEigenlijk moet je het hele verhaal beginnen &hellip;","og_url":"https:\/\/welovecinema.be\/fr\/mel-gibson-verrijst-en-draait-het-vervolg-op-the-passion-of-the-christ\/","og_site_name":"We Love Cinema","article_publisher":"https:\/\/www.facebook.com\/welovecinema.be","article_published_time":"2025-02-04T09:31:47+00:00","author":"fred","twitter_card":"summary_large_image","twitter_misc":{"\u00c9crit par":"fred","Dur\u00e9e de lecture estim\u00e9e":"2 minutes"},"schema":{"@context":"https:\/\/schema.org","@graph":[{"@type":"Article","@id":"https:\/\/welovecinema.be\/fr\/mel-gibson-verrijst-en-draait-het-vervolg-op-the-passion-of-the-christ\/#article","isPartOf":{"@id":"https:\/\/welovecinema.be\/fr\/mel-gibson-verrijst-en-draait-het-vervolg-op-the-passion-of-the-christ\/"},"author":{"name":"fred","@id":"https:\/\/welovecinema.be\/nl\/#\/schema\/person\/7620619142b6dd3c9aa19e9210ad5bd5"},"headline":"Mel Gibson verrijst en draait het vervolg op \u00abThe Passion of the Christ\u00bb!","datePublished":"2025-02-04T09:31:47+00:00","dateModified":"2025-02-04T09:31:47+00:00","mainEntityOfPage":{"@id":"https:\/\/welovecinema.be\/fr\/mel-gibson-verrijst-en-draait-het-vervolg-op-the-passion-of-the-christ\/"},"wordCount":224,"publisher":{"@id":"https:\/\/welovecinema.be\/nl\/#organization"},"articleSection":["\u00a0We Love Worldwide Cinema","Nieuws"],"inLanguage":"fr-FR"},{"@type":"WebPage","@id":"https:\/\/welovecinema.be\/fr\/mel-gibson-verrijst-en-draait-het-vervolg-op-the-passion-of-the-christ\/","url":"https:\/\/welovecinema.be\/fr\/mel-gibson-verrijst-en-draait-het-vervolg-op-the-passion-of-the-christ\/","name":"Mel Gibson verrijst en draait het vervolg op \u00abThe Passion of the Christ\u00bb! - We Love Cinema","isPartOf":{"@id":"https:\/\/welovecinema.be\/nl\/#website"},"datePublished":"2025-02-04T09:31:47+00:00","dateModified":"2025-02-04T09:31:47+00:00","breadcrumb":{"@id":"https:\/\/welovecinema.be\/fr\/mel-gibson-verrijst-en-draait-het-vervolg-op-the-passion-of-the-christ\/#breadcrumb"},"inLanguage":"fr-FR","potentialAction":[{"@type":"ReadAction","target":["https:\/\/welovecinema.be\/fr\/mel-gibson-verrijst-en-draait-het-vervolg-op-the-passion-of-the-christ\/"]}]},{"@type":"BreadcrumbList","@id":"https:\/\/welovecinema.be\/fr\/mel-gibson-verrijst-en-draait-het-vervolg-op-the-passion-of-the-christ\/#breadcrumb","itemListElement":[{"@type":"ListItem","position":1,"name":"Accueil","item":"https:\/\/welovecinema.be\/fr\/"},{"@type":"ListItem","position":2,"name":"Mel Gibson verrijst en draait het vervolg op \u00abThe Passion of the Christ\u00bb!"}]},{"@type":"WebSite","@id":"https:\/\/welovecinema.be\/nl\/#website","url":"https:\/\/welovecinema.be\/nl\/","name":"We Love Cinema","description":"Toute l\u2019information du cin\u00e9ma en Belgique","publisher":{"@id":"https:\/\/welovecinema.be\/nl\/#organization"},"potentialAction":[{"@type":"SearchAction","target":{"@type":"EntryPoint","urlTemplate":"https:\/\/welovecinema.be\/nl\/?s={search_term_string}"},"query-input":"required name=search_term_string"}],"inLanguage":"fr-FR"},{"@type":"Organization","@id":"https:\/\/welovecinema.be\/nl\/#organization","name":"We Love Cinema","url":"https:\/\/welovecinema.be\/nl\/","logo":{"@type":"ImageObject","inLanguage":"fr-FR","@id":"https:\/\/welovecinema.be\/nl\/#\/schema\/logo\/image\/","url":"https:\/\/welovecinema.be\/wp-content\/uploads\/sites\/2\/2023\/03\/Logo-We-Love-Cinema305x128.jpg","contentUrl":"https:\/\/welovecinema.be\/wp-content\/uploads\/sites\/2\/2023\/03\/Logo-We-Love-Cinema305x128.jpg","width":305,"height":128,"caption":"We Love Cinema"},"image":{"@id":"https:\/\/welovecinema.be\/nl\/#\/schema\/logo\/image\/"},"sameAs":["https:\/\/www.facebook.com\/welovecinema.be","https:\/\/www.youtube.com\/channel\/UCX5LYGVhnKvYauW4Nta4HJA","https:\/\/www.instagram.com\/welovecinema.be\/"]},{"@type":"Person","@id":"https:\/\/welovecinema.be\/nl\/#\/schema\/person\/7620619142b6dd3c9aa19e9210ad5bd5","name":"fred","url":"https:\/\/welovecinema.be\/fr\/author\/fred\/"}]}},"_links":{"self":[{"href":"https:\/\/welovecinema.be\/fr\/wp-json\/wp\/v2\/posts\/263148","targetHints":{"allow":["GET"]}}],"collection":[{"href":"https:\/\/welovecinema.be\/fr\/wp-json\/wp\/v2\/posts"}],"about":[{"href":"https:\/\/welovecinema.be\/fr\/wp-json\/wp\/v2\/types\/post"}],"author":[{"embeddable":true,"href":"https:\/\/welovecinema.be\/fr\/wp-json\/wp\/v2\/users\/358"}],"replies":[{"embeddable":true,"href":"https:\/\/welovecinema.be\/fr\/wp-json\/wp\/v2\/comments?post=263148"}],"version-history":[{"count":0,"href":"https:\/\/welovecinema.be\/fr\/wp-json\/wp\/v2\/posts\/263148\/revisions"}],"wp:featuredmedia":[{"embeddable":true,"href":"https:\/\/welovecinema.be\/fr\/wp-json\/"}],"wp:attachment":[{"href":"https:\/\/welovecinema.be\/fr\/wp-json\/wp\/v2\/media?parent=263148"}],"wp:term":[{"taxonomy":"category","embeddable":true,"href":"https:\/\/welovecinema.be\/fr\/wp-json\/wp\/v2\/categories?post=263148"},{"taxonomy":"post_tag","embeddable":true,"href":"https:\/\/welovecinema.be\/fr\/wp-json\/wp\/v2\/tags?post=263148"}],"curies":[{"name":"wp","href":"https:\/\/api.w.org\/{rel}","templated":true}]}}