{"id":263146,"date":"2025-02-04T10:28:38","date_gmt":"2025-02-04T09:28:38","guid":{"rendered":"https:\/\/welovecinema.be\/?p=263146"},"modified":"2025-02-28T20:28:00","modified_gmt":"2025-02-28T19:28:00","slug":"mel-gibson-va-tourner-la-suite-de-la-passion-du-christ","status":"publish","type":"post","link":"https:\/\/welovecinema.be\/fr\/mel-gibson-va-tourner-la-suite-de-la-passion-du-christ\/","title":{"rendered":"Mel Gibson va tourner la suite de \u00ab\u00a0La Passion du Christ\u00a0\u00bb\u00a0!"},"content":{"rendered":"<p><strong>Cette suite s\u2019appellera <em>La R\u00e9surrection du Christ<\/em> et devrait sortir fin 2026. La production devrait commencer en mars prochain, et le tournage suivra tr\u00e8s vite.<\/strong><\/p>\n<p>Mel Gibson a pr\u00e9sent\u00e9 son film en quelques mots: <em>\u00ab&nbsp;Il faut vraiment commencer par la chute des anges, ce qui signifie qu&rsquo;il faut aller en enfer\u2026&nbsp;\u00bb<\/em><\/p>\n<p>La suite verra encore Jim Caviezel dans le r\u00f4le de J\u00e9sus, dont la r\u00e9surrection miraculeuse sera donc au centre de l&rsquo;histoire.<\/p>\n<p>On rappellera aussi que le nouveau film d\u2018action de Mel Gibson, <em>Vol \u00e0 Haut Risque<\/em>, est actuellement en salles. Et on soulignera enfin que <em>La Passion du Christ<\/em> avait engrang\u00e9 700 millions de dollars de recettes pour un budget de production de 35 millions de dollars, et figure encore dans le top 20 des films les plus rentables sur le sol am\u00e9ricain.<\/p>\n","protected":false},"excerpt":{"rendered":"<p>Cette suite s\u2019appellera La R\u00e9surrection du Christ et devrait sortir fin 2026. La production devrait commencer en mars prochain, et le tournage suivra tr\u00e8s vite. Mel Gibson a pr\u00e9sent\u00e9 son film en quelques mots: \u00ab&nbsp;Il faut vraiment commencer par la chute des anges, ce qui signifie qu&rsquo;il faut aller en enfer\u2026&nbsp;\u00bb La suite verra encore &hellip;<\/p>\n","protected":false},"author":358,"featured_media":263712,"comment_status":"closed","ping_status":"closed","sticky":false,"template":"","format":"standard","meta":{"ngg_post_thumbnail":0,"footnotes":""},"categories":[7135,7],"tags":[],"class_list":["post-263146","post","type-post","status-publish","format-standard","has-post-thumbnail","","category-we-love-worldwide","category-actualites"],"yoast_head":"<!-- This site is optimized with the Yoast SEO plugin v20.4 - https:\/\/yoast.com\/wordpress\/plugins\/seo\/ -->\n<title>Mel Gibson va tourner la suite de \u00ab\u00a0La Passion du Christ\u00a0\u00bb\u00a0! - We Love Cinema<\/title>\n<meta name=\"robots\" content=\"index, follow, max-snippet:-1, max-image-preview:large, max-video-preview:-1\" \/>\n<link rel=\"canonical\" href=\"https:\/\/welovecinema.be\/fr\/mel-gibson-va-tourner-la-suite-de-la-passion-du-christ\/\" \/>\n<meta property=\"og:locale\" content=\"fr_FR\" \/>\n<meta property=\"og:type\" content=\"article\" \/>\n<meta property=\"og:title\" content=\"Mel Gibson va tourner la suite de \u00ab\u00a0La Passion du Christ\u00a0\u00bb\u00a0! - We Love Cinema\" \/>\n<meta property=\"og:description\" content=\"Cette suite s\u2019appellera La R\u00e9surrection du Christ et devrait sortir fin 2026. La production devrait commencer en mars prochain, et le tournage suivra tr\u00e8s vite. Mel Gibson a pr\u00e9sent\u00e9 son film en quelques mots: \u00ab&nbsp;Il faut vraiment commencer par la chute des anges, ce qui signifie qu&rsquo;il faut aller en enfer\u2026&nbsp;\u00bb La suite verra encore &hellip;\" \/>\n<meta property=\"og:url\" content=\"https:\/\/welovecinema.be\/fr\/mel-gibson-va-tourner-la-suite-de-la-passion-du-christ\/\" \/>\n<meta property=\"og:site_name\" content=\"We Love Cinema\" \/>\n<meta property=\"article:publisher\" content=\"https:\/\/www.facebook.com\/welovecinema.be\" \/>\n<meta property=\"article:published_time\" content=\"2025-02-04T09:28:38+00:00\" \/>\n<meta property=\"article:modified_time\" content=\"2025-02-28T19:28:00+00:00\" \/>\n<meta property=\"og:image\" content=\"https:\/\/welovecinema.be\/wp-content\/uploads\/sites\/2\/2025\/02\/passion_0.jpg\" \/>\n\t<meta property=\"og:image:width\" content=\"1280\" \/>\n\t<meta property=\"og:image:height\" content=\"720\" \/>\n\t<meta property=\"og:image:type\" content=\"image\/jpeg\" \/>\n<meta name=\"author\" content=\"fred\" \/>\n<meta name=\"twitter:card\" content=\"summary_large_image\" \/>\n<meta name=\"twitter:label1\" content=\"\u00c9crit par\" \/>\n\t<meta name=\"twitter:data1\" content=\"fred\" \/>\n\t<meta name=\"twitter:label2\" content=\"Dur\u00e9e de lecture estim\u00e9e\" \/>\n\t<meta name=\"twitter:data2\" content=\"1 minute\" \/>\n<script type=\"application\/ld+json\" class=\"yoast-schema-graph\">{\"@context\":\"https:\/\/schema.org\",\"@graph\":[{\"@type\":\"Article\",\"@id\":\"https:\/\/welovecinema.be\/fr\/mel-gibson-va-tourner-la-suite-de-la-passion-du-christ\/#article\",\"isPartOf\":{\"@id\":\"https:\/\/welovecinema.be\/fr\/mel-gibson-va-tourner-la-suite-de-la-passion-du-christ\/\"},\"author\":{\"name\":\"fred\",\"@id\":\"https:\/\/welovecinema.be\/nl\/#\/schema\/person\/7620619142b6dd3c9aa19e9210ad5bd5\"},\"headline\":\"Mel Gibson va tourner la suite de \u00ab\u00a0La Passion du Christ\u00a0\u00bb\u00a0!\",\"datePublished\":\"2025-02-04T09:28:38+00:00\",\"dateModified\":\"2025-02-28T19:28:00+00:00\",\"mainEntityOfPage\":{\"@id\":\"https:\/\/welovecinema.be\/fr\/mel-gibson-va-tourner-la-suite-de-la-passion-du-christ\/\"},\"wordCount\":153,\"publisher\":{\"@id\":\"https:\/\/welovecinema.be\/nl\/#organization\"},\"articleSection\":[\"\u00a0We Love Worldwide Cinema\",\"News\"],\"inLanguage\":\"fr-FR\"},{\"@type\":\"WebPage\",\"@id\":\"https:\/\/welovecinema.be\/fr\/mel-gibson-va-tourner-la-suite-de-la-passion-du-christ\/\",\"url\":\"https:\/\/welovecinema.be\/fr\/mel-gibson-va-tourner-la-suite-de-la-passion-du-christ\/\",\"name\":\"Mel Gibson va tourner la suite de \u00ab\u00a0La Passion du Christ\u00a0\u00bb\u00a0! - We Love Cinema\",\"isPartOf\":{\"@id\":\"https:\/\/welovecinema.be\/nl\/#website\"},\"datePublished\":\"2025-02-04T09:28:38+00:00\",\"dateModified\":\"2025-02-28T19:28:00+00:00\",\"breadcrumb\":{\"@id\":\"https:\/\/welovecinema.be\/fr\/mel-gibson-va-tourner-la-suite-de-la-passion-du-christ\/#breadcrumb\"},\"inLanguage\":\"fr-FR\",\"potentialAction\":[{\"@type\":\"ReadAction\",\"target\":[\"https:\/\/welovecinema.be\/fr\/mel-gibson-va-tourner-la-suite-de-la-passion-du-christ\/\"]}]},{\"@type\":\"BreadcrumbList\",\"@id\":\"https:\/\/welovecinema.be\/fr\/mel-gibson-va-tourner-la-suite-de-la-passion-du-christ\/#breadcrumb\",\"itemListElement\":[{\"@type\":\"ListItem\",\"position\":1,\"name\":\"Accueil\",\"item\":\"https:\/\/welovecinema.be\/fr\/\"},{\"@type\":\"ListItem\",\"position\":2,\"name\":\"Mel Gibson va tourner la suite de \u00ab\u00a0La Passion du Christ\u00a0\u00bb\u00a0!\"}]},{\"@type\":\"WebSite\",\"@id\":\"https:\/\/welovecinema.be\/nl\/#website\",\"url\":\"https:\/\/welovecinema.be\/nl\/\",\"name\":\"We Love Cinema\",\"description\":\"Toute l\u2019information du cin\u00e9ma en Belgique\",\"publisher\":{\"@id\":\"https:\/\/welovecinema.be\/nl\/#organization\"},\"potentialAction\":[{\"@type\":\"SearchAction\",\"target\":{\"@type\":\"EntryPoint\",\"urlTemplate\":\"https:\/\/welovecinema.be\/nl\/?s={search_term_string}\"},\"query-input\":\"required name=search_term_string\"}],\"inLanguage\":\"fr-FR\"},{\"@type\":\"Organization\",\"@id\":\"https:\/\/welovecinema.be\/nl\/#organization\",\"name\":\"We Love Cinema\",\"url\":\"https:\/\/welovecinema.be\/nl\/\",\"logo\":{\"@type\":\"ImageObject\",\"inLanguage\":\"fr-FR\",\"@id\":\"https:\/\/welovecinema.be\/nl\/#\/schema\/logo\/image\/\",\"url\":\"https:\/\/welovecinema.be\/wp-content\/uploads\/sites\/2\/2023\/03\/Logo-We-Love-Cinema305x128.jpg\",\"contentUrl\":\"https:\/\/welovecinema.be\/wp-content\/uploads\/sites\/2\/2023\/03\/Logo-We-Love-Cinema305x128.jpg\",\"width\":305,\"height\":128,\"caption\":\"We Love Cinema\"},\"image\":{\"@id\":\"https:\/\/welovecinema.be\/nl\/#\/schema\/logo\/image\/\"},\"sameAs\":[\"https:\/\/www.facebook.com\/welovecinema.be\",\"https:\/\/www.youtube.com\/channel\/UCX5LYGVhnKvYauW4Nta4HJA\",\"https:\/\/www.instagram.com\/welovecinema.be\/\"]},{\"@type\":\"Person\",\"@id\":\"https:\/\/welovecinema.be\/nl\/#\/schema\/person\/7620619142b6dd3c9aa19e9210ad5bd5\",\"name\":\"fred\",\"url\":\"https:\/\/welovecinema.be\/fr\/author\/fred\/\"}]}<\/script>\n<!-- \/ Yoast SEO plugin. -->","yoast_head_json":{"title":"Mel Gibson va tourner la suite de \u00ab\u00a0La Passion du Christ\u00a0\u00bb\u00a0! - We Love Cinema","robots":{"index":"index","follow":"follow","max-snippet":"max-snippet:-1","max-image-preview":"max-image-preview:large","max-video-preview":"max-video-preview:-1"},"canonical":"https:\/\/welovecinema.be\/fr\/mel-gibson-va-tourner-la-suite-de-la-passion-du-christ\/","og_locale":"fr_FR","og_type":"article","og_title":"Mel Gibson va tourner la suite de \u00ab\u00a0La Passion du Christ\u00a0\u00bb\u00a0! - We Love Cinema","og_description":"Cette suite s\u2019appellera La R\u00e9surrection du Christ et devrait sortir fin 2026. La production devrait commencer en mars prochain, et le tournage suivra tr\u00e8s vite. Mel Gibson a pr\u00e9sent\u00e9 son film en quelques mots: \u00ab&nbsp;Il faut vraiment commencer par la chute des anges, ce qui signifie qu&rsquo;il faut aller en enfer\u2026&nbsp;\u00bb La suite verra encore &hellip;","og_url":"https:\/\/welovecinema.be\/fr\/mel-gibson-va-tourner-la-suite-de-la-passion-du-christ\/","og_site_name":"We Love Cinema","article_publisher":"https:\/\/www.facebook.com\/welovecinema.be","article_published_time":"2025-02-04T09:28:38+00:00","article_modified_time":"2025-02-28T19:28:00+00:00","og_image":[{"width":1280,"height":720,"url":"https:\/\/welovecinema.be\/wp-content\/uploads\/sites\/2\/2025\/02\/passion_0.jpg","type":"image\/jpeg"}],"author":"fred","twitter_card":"summary_large_image","twitter_misc":{"\u00c9crit par":"fred","Dur\u00e9e de lecture estim\u00e9e":"1 minute"},"schema":{"@context":"https:\/\/schema.org","@graph":[{"@type":"Article","@id":"https:\/\/welovecinema.be\/fr\/mel-gibson-va-tourner-la-suite-de-la-passion-du-christ\/#article","isPartOf":{"@id":"https:\/\/welovecinema.be\/fr\/mel-gibson-va-tourner-la-suite-de-la-passion-du-christ\/"},"author":{"name":"fred","@id":"https:\/\/welovecinema.be\/nl\/#\/schema\/person\/7620619142b6dd3c9aa19e9210ad5bd5"},"headline":"Mel Gibson va tourner la suite de \u00ab\u00a0La Passion du Christ\u00a0\u00bb\u00a0!","datePublished":"2025-02-04T09:28:38+00:00","dateModified":"2025-02-28T19:28:00+00:00","mainEntityOfPage":{"@id":"https:\/\/welovecinema.be\/fr\/mel-gibson-va-tourner-la-suite-de-la-passion-du-christ\/"},"wordCount":153,"publisher":{"@id":"https:\/\/welovecinema.be\/nl\/#organization"},"articleSection":["\u00a0We Love Worldwide Cinema","News"],"inLanguage":"fr-FR"},{"@type":"WebPage","@id":"https:\/\/welovecinema.be\/fr\/mel-gibson-va-tourner-la-suite-de-la-passion-du-christ\/","url":"https:\/\/welovecinema.be\/fr\/mel-gibson-va-tourner-la-suite-de-la-passion-du-christ\/","name":"Mel Gibson va tourner la suite de \u00ab\u00a0La Passion du Christ\u00a0\u00bb\u00a0! - We Love Cinema","isPartOf":{"@id":"https:\/\/welovecinema.be\/nl\/#website"},"datePublished":"2025-02-04T09:28:38+00:00","dateModified":"2025-02-28T19:28:00+00:00","breadcrumb":{"@id":"https:\/\/welovecinema.be\/fr\/mel-gibson-va-tourner-la-suite-de-la-passion-du-christ\/#breadcrumb"},"inLanguage":"fr-FR","potentialAction":[{"@type":"ReadAction","target":["https:\/\/welovecinema.be\/fr\/mel-gibson-va-tourner-la-suite-de-la-passion-du-christ\/"]}]},{"@type":"BreadcrumbList","@id":"https:\/\/welovecinema.be\/fr\/mel-gibson-va-tourner-la-suite-de-la-passion-du-christ\/#breadcrumb","itemListElement":[{"@type":"ListItem","position":1,"name":"Accueil","item":"https:\/\/welovecinema.be\/fr\/"},{"@type":"ListItem","position":2,"name":"Mel Gibson va tourner la suite de \u00ab\u00a0La Passion du Christ\u00a0\u00bb\u00a0!"}]},{"@type":"WebSite","@id":"https:\/\/welovecinema.be\/nl\/#website","url":"https:\/\/welovecinema.be\/nl\/","name":"We Love Cinema","description":"Toute l\u2019information du cin\u00e9ma en Belgique","publisher":{"@id":"https:\/\/welovecinema.be\/nl\/#organization"},"potentialAction":[{"@type":"SearchAction","target":{"@type":"EntryPoint","urlTemplate":"https:\/\/welovecinema.be\/nl\/?s={search_term_string}"},"query-input":"required name=search_term_string"}],"inLanguage":"fr-FR"},{"@type":"Organization","@id":"https:\/\/welovecinema.be\/nl\/#organization","name":"We Love Cinema","url":"https:\/\/welovecinema.be\/nl\/","logo":{"@type":"ImageObject","inLanguage":"fr-FR","@id":"https:\/\/welovecinema.be\/nl\/#\/schema\/logo\/image\/","url":"https:\/\/welovecinema.be\/wp-content\/uploads\/sites\/2\/2023\/03\/Logo-We-Love-Cinema305x128.jpg","contentUrl":"https:\/\/welovecinema.be\/wp-content\/uploads\/sites\/2\/2023\/03\/Logo-We-Love-Cinema305x128.jpg","width":305,"height":128,"caption":"We Love Cinema"},"image":{"@id":"https:\/\/welovecinema.be\/nl\/#\/schema\/logo\/image\/"},"sameAs":["https:\/\/www.facebook.com\/welovecinema.be","https:\/\/www.youtube.com\/channel\/UCX5LYGVhnKvYauW4Nta4HJA","https:\/\/www.instagram.com\/welovecinema.be\/"]},{"@type":"Person","@id":"https:\/\/welovecinema.be\/nl\/#\/schema\/person\/7620619142b6dd3c9aa19e9210ad5bd5","name":"fred","url":"https:\/\/welovecinema.be\/fr\/author\/fred\/"}]}},"_links":{"self":[{"href":"https:\/\/welovecinema.be\/fr\/wp-json\/wp\/v2\/posts\/263146","targetHints":{"allow":["GET"]}}],"collection":[{"href":"https:\/\/welovecinema.be\/fr\/wp-json\/wp\/v2\/posts"}],"about":[{"href":"https:\/\/welovecinema.be\/fr\/wp-json\/wp\/v2\/types\/post"}],"author":[{"embeddable":true,"href":"https:\/\/welovecinema.be\/fr\/wp-json\/wp\/v2\/users\/358"}],"replies":[{"embeddable":true,"href":"https:\/\/welovecinema.be\/fr\/wp-json\/wp\/v2\/comments?post=263146"}],"version-history":[{"count":1,"href":"https:\/\/welovecinema.be\/fr\/wp-json\/wp\/v2\/posts\/263146\/revisions"}],"predecessor-version":[{"id":263714,"href":"https:\/\/welovecinema.be\/fr\/wp-json\/wp\/v2\/posts\/263146\/revisions\/263714"}],"wp:featuredmedia":[{"embeddable":true,"href":"https:\/\/welovecinema.be\/fr\/wp-json\/wp\/v2\/media\/263712"}],"wp:attachment":[{"href":"https:\/\/welovecinema.be\/fr\/wp-json\/wp\/v2\/media?parent=263146"}],"wp:term":[{"taxonomy":"category","embeddable":true,"href":"https:\/\/welovecinema.be\/fr\/wp-json\/wp\/v2\/categories?post=263146"},{"taxonomy":"post_tag","embeddable":true,"href":"https:\/\/welovecinema.be\/fr\/wp-json\/wp\/v2\/tags?post=263146"}],"curies":[{"name":"wp","href":"https:\/\/api.w.org\/{rel}","templated":true}]}}