{"id":263126,"date":"2025-02-03T15:25:13","date_gmt":"2025-02-03T14:25:13","guid":{"rendered":"https:\/\/welovecinema.be\/?p=263126"},"modified":"2025-02-03T15:25:13","modified_gmt":"2025-02-03T14:25:13","slug":"eerste-beelden-van-belgische-film-reflet-dans-un-diamant-mort-nu-te-zien","status":"publish","type":"post","link":"https:\/\/welovecinema.be\/fr\/eerste-beelden-van-belgische-film-reflet-dans-un-diamant-mort-nu-te-zien\/","title":{"rendered":"Eerste beelden van Belgische film &lsquo;Reflet dans un diamant mort&rsquo; nu te zien"},"content":{"rendered":"<p><strong> De Belgische film &lsquo;Reflet dans un diamant mort&rsquo; van H\u00e9l\u00e8ne Cattet &amp; Bruno Forzani is in Offici\u00eble competitie geselecteerd op het Filmfestival van Berlijn dat loopt van 13 tot en met 23 februari. De nieuwe film van het regisseursduo speelt zich af in de wereld van spionagefilms in James Bond-stijl en combineert actie, mysterie en thriller. Tot de cast behoren onder meer de Belgische acteur Koen De Bouw maar ook Fabio Testi, Yannick R\u00e9nier, Maria de Medeiros en Thi Mai Nguyen. Cin\u00e9art, Kozak Films en Savage Film hebben het genoegen u de teaser van de film voor te stellen. Cin\u00e9art voorziet de film in juni 2025 in Belgi\u00eb uit te brengen.<\/strong><\/p>\n<div class=\"tie-full-width-img\">\n<p><iframe loading=\"lazy\" title=\"Reflet dans un diamant mort (H\u00e9l\u00e8ne Cattet &amp; Bruno Forzani) - Teaser BE\" width=\"618\" height=\"348\" src=\"https:\/\/www.youtube.com\/embed\/1cdUapffVNc?feature=oembed\" frameborder=\"0\" allow=\"accelerometer; autoplay; clipboard-write; encrypted-media; gyroscope; picture-in-picture; web-share\" referrerpolicy=\"strict-origin-when-cross-origin\" allowfullscreen><\/iframe><\/p>\n<\/div>\n<p>Synopsis: <em>John D, een zeventiger die in een luxehotel aan de C\u00f4te d&rsquo;Azur woont, is gefascineerd door zijn buurvrouw. Ze doet hem denken aan zijn wilde jaren aan de Rivi\u00e8ra in de jaren \u201960. Hij was toen spion in een beloftevolle maar snel veranderende wereld. Op een dag verdwijnt zijn buurvrouw op mysterieuze wijze&#8230; en komt John oog in oog te staan met zijn demonen. Wordt zijn idyllische wereld verstoord door zijn toenmalige tegenstanders die terug zijn om chaos te cre\u00ebren?<\/em><\/p>\n<p>De regisseurs <strong>H\u00e9l\u00e8ne Cattet<\/strong> en\u00a0<strong>Bruno Forzani<\/strong> hebben gekozen voor een internationale cast met o.a.\u00a0<strong>Fabio Testi<\/strong>, <strong>Yannick R\u00e9nier<\/strong>, <strong>Koen De Bouw<\/strong>, <strong>Maria de Medeiros<\/strong> en\u00a0<strong>Thi Mai Nguyen<\/strong>.<\/p>\n<p>Het regisseursduo H\u00e9l\u00e8ne Cattet en Bruno Forzani woont in Brussel en werkt samen sinds 2000. Na het schrijven, regisseren en het produceren van kortfilms zijn ze overgestapt naar langspeelfilm met &lsquo;Amer&rsquo; in 2009 en &lsquo;L&rsquo;Etrange couleur des larmes de ton corps&rsquo;\u00a0 in 2013, een vrouwelijk\/mannelijk tweeluik rond verlangen. Ondertussen werkten ze mee aan de Amerikaanse anthologie &lsquo;ABC&rsquo;s of Death&rsquo; (2012), waaraan 26 opkomende regisseurs uit de internationale fantasyscene meewerkten. In 2016 filmden ze &lsquo;Laissez bronzer les cadavres&rsquo;, gebaseerd op een roman uit de S\u00e9rie Noire Gallimard, geschreven door Jean-Patrick Manchette &amp; Jean-Pierre Bastid. &lsquo;Reflet dans un diamant mort&rsquo; is hun vierde speelfilm.<\/p>\n<p>Cin\u00e9art voorziet de bioscooprelease in Belgi\u00eb in juni 2025.<\/p>\n","protected":false},"excerpt":{"rendered":"<p>De Belgische film &lsquo;Reflet dans un diamant mort&rsquo; van H\u00e9l\u00e8ne Cattet &amp; Bruno Forzani is in Offici\u00eble competitie geselecteerd op het Filmfestival van Berlijn dat loopt van 13 tot en met 23 februari. De nieuwe film van het regisseursduo speelt zich af in de wereld van spionagefilms in James Bond-stijl en combineert actie, mysterie en &hellip;<\/p>\n","protected":false},"author":349,"featured_media":263127,"comment_status":"closed","ping_status":"closed","sticky":false,"template":"","format":"standard","meta":{"ngg_post_thumbnail":0,"footnotes":""},"categories":[7136,30,3],"tags":[8494,8495,7746,8496,6034],"class_list":["post-263126","post","type-post","status-publish","format-standard","has-post-thumbnail","","category-we-love-belgian-cinema-nl","category-nieuws","category-varia-nl","tag-brunoforzani","tag-helenecattet","tag-koendebouw","tag-refletdansundiamantmort","tag-cineart"],"yoast_head":"<!-- This site is optimized with the Yoast SEO plugin v20.4 - https:\/\/yoast.com\/wordpress\/plugins\/seo\/ -->\n<title>Eerste beelden van Belgische film &#039;Reflet dans un diamant mort&#039; nu te zien - We Love Cinema<\/title>\n<meta name=\"robots\" content=\"index, follow, max-snippet:-1, max-image-preview:large, max-video-preview:-1\" \/>\n<link rel=\"canonical\" href=\"https:\/\/welovecinema.be\/fr\/eerste-beelden-van-belgische-film-reflet-dans-un-diamant-mort-nu-te-zien\/\" \/>\n<meta property=\"og:locale\" content=\"fr_FR\" \/>\n<meta property=\"og:type\" content=\"article\" \/>\n<meta property=\"og:title\" content=\"Eerste beelden van Belgische film &#039;Reflet dans un diamant mort&#039; nu te zien - We Love Cinema\" \/>\n<meta property=\"og:description\" content=\"De Belgische film &lsquo;Reflet dans un diamant mort&rsquo; van H\u00e9l\u00e8ne Cattet &amp; Bruno Forzani is in Offici\u00eble competitie geselecteerd op het Filmfestival van Berlijn dat loopt van 13 tot en met 23 februari. De nieuwe film van het regisseursduo speelt zich af in de wereld van spionagefilms in James Bond-stijl en combineert actie, mysterie en &hellip;\" \/>\n<meta property=\"og:url\" content=\"https:\/\/welovecinema.be\/fr\/eerste-beelden-van-belgische-film-reflet-dans-un-diamant-mort-nu-te-zien\/\" \/>\n<meta property=\"og:site_name\" content=\"We Love Cinema\" \/>\n<meta property=\"article:publisher\" content=\"https:\/\/www.facebook.com\/welovecinema.be\" \/>\n<meta property=\"article:published_time\" content=\"2025-02-03T14:25:13+00:00\" \/>\n<meta name=\"author\" content=\"Seppe van Groeningen\" \/>\n<meta name=\"twitter:card\" content=\"summary_large_image\" \/>\n<meta name=\"twitter:label1\" content=\"\u00c9crit par\" \/>\n\t<meta name=\"twitter:data1\" content=\"Seppe van Groeningen\" \/>\n\t<meta name=\"twitter:label2\" content=\"Dur\u00e9e de lecture estim\u00e9e\" \/>\n\t<meta name=\"twitter:data2\" content=\"2 minutes\" \/>\n<script type=\"application\/ld+json\" class=\"yoast-schema-graph\">{\"@context\":\"https:\/\/schema.org\",\"@graph\":[{\"@type\":\"Article\",\"@id\":\"https:\/\/welovecinema.be\/fr\/eerste-beelden-van-belgische-film-reflet-dans-un-diamant-mort-nu-te-zien\/#article\",\"isPartOf\":{\"@id\":\"https:\/\/welovecinema.be\/fr\/eerste-beelden-van-belgische-film-reflet-dans-un-diamant-mort-nu-te-zien\/\"},\"author\":{\"name\":\"Seppe van Groeningen\",\"@id\":\"https:\/\/welovecinema.be\/nl\/#\/schema\/person\/9a9270eec1274600ec8c420b80d00480\"},\"headline\":\"Eerste beelden van Belgische film &lsquo;Reflet dans un diamant mort&rsquo; nu te zien\",\"datePublished\":\"2025-02-03T14:25:13+00:00\",\"dateModified\":\"2025-02-03T14:25:13+00:00\",\"mainEntityOfPage\":{\"@id\":\"https:\/\/welovecinema.be\/fr\/eerste-beelden-van-belgische-film-reflet-dans-un-diamant-mort-nu-te-zien\/\"},\"wordCount\":368,\"publisher\":{\"@id\":\"https:\/\/welovecinema.be\/nl\/#organization\"},\"keywords\":[\"#brunoforzani\",\"#helenecattet\",\"#koendebouw\",\"#refletdansundiamantmort\",\"Cin\u00e9art\"],\"articleSection\":[\"\u00a0We Love Belgian Cinema\",\"Nieuws\",\"Varia\"],\"inLanguage\":\"fr-FR\"},{\"@type\":\"WebPage\",\"@id\":\"https:\/\/welovecinema.be\/fr\/eerste-beelden-van-belgische-film-reflet-dans-un-diamant-mort-nu-te-zien\/\",\"url\":\"https:\/\/welovecinema.be\/fr\/eerste-beelden-van-belgische-film-reflet-dans-un-diamant-mort-nu-te-zien\/\",\"name\":\"Eerste beelden van Belgische film 'Reflet dans un diamant mort' nu te zien - We Love Cinema\",\"isPartOf\":{\"@id\":\"https:\/\/welovecinema.be\/nl\/#website\"},\"datePublished\":\"2025-02-03T14:25:13+00:00\",\"dateModified\":\"2025-02-03T14:25:13+00:00\",\"breadcrumb\":{\"@id\":\"https:\/\/welovecinema.be\/fr\/eerste-beelden-van-belgische-film-reflet-dans-un-diamant-mort-nu-te-zien\/#breadcrumb\"},\"inLanguage\":\"fr-FR\",\"potentialAction\":[{\"@type\":\"ReadAction\",\"target\":[\"https:\/\/welovecinema.be\/fr\/eerste-beelden-van-belgische-film-reflet-dans-un-diamant-mort-nu-te-zien\/\"]}]},{\"@type\":\"BreadcrumbList\",\"@id\":\"https:\/\/welovecinema.be\/fr\/eerste-beelden-van-belgische-film-reflet-dans-un-diamant-mort-nu-te-zien\/#breadcrumb\",\"itemListElement\":[{\"@type\":\"ListItem\",\"position\":1,\"name\":\"Accueil\",\"item\":\"https:\/\/welovecinema.be\/fr\/\"},{\"@type\":\"ListItem\",\"position\":2,\"name\":\"Eerste beelden van Belgische film &lsquo;Reflet dans un diamant mort&rsquo; nu te zien\"}]},{\"@type\":\"WebSite\",\"@id\":\"https:\/\/welovecinema.be\/nl\/#website\",\"url\":\"https:\/\/welovecinema.be\/nl\/\",\"name\":\"We Love Cinema\",\"description\":\"Toute l\u2019information du cin\u00e9ma en Belgique\",\"publisher\":{\"@id\":\"https:\/\/welovecinema.be\/nl\/#organization\"},\"potentialAction\":[{\"@type\":\"SearchAction\",\"target\":{\"@type\":\"EntryPoint\",\"urlTemplate\":\"https:\/\/welovecinema.be\/nl\/?s={search_term_string}\"},\"query-input\":\"required name=search_term_string\"}],\"inLanguage\":\"fr-FR\"},{\"@type\":\"Organization\",\"@id\":\"https:\/\/welovecinema.be\/nl\/#organization\",\"name\":\"We Love Cinema\",\"url\":\"https:\/\/welovecinema.be\/nl\/\",\"logo\":{\"@type\":\"ImageObject\",\"inLanguage\":\"fr-FR\",\"@id\":\"https:\/\/welovecinema.be\/nl\/#\/schema\/logo\/image\/\",\"url\":\"https:\/\/welovecinema.be\/wp-content\/uploads\/sites\/2\/2023\/03\/Logo-We-Love-Cinema305x128.jpg\",\"contentUrl\":\"https:\/\/welovecinema.be\/wp-content\/uploads\/sites\/2\/2023\/03\/Logo-We-Love-Cinema305x128.jpg\",\"width\":305,\"height\":128,\"caption\":\"We Love Cinema\"},\"image\":{\"@id\":\"https:\/\/welovecinema.be\/nl\/#\/schema\/logo\/image\/\"},\"sameAs\":[\"https:\/\/www.facebook.com\/welovecinema.be\",\"https:\/\/www.youtube.com\/channel\/UCX5LYGVhnKvYauW4Nta4HJA\",\"https:\/\/www.instagram.com\/welovecinema.be\/\"]},{\"@type\":\"Person\",\"@id\":\"https:\/\/welovecinema.be\/nl\/#\/schema\/person\/9a9270eec1274600ec8c420b80d00480\",\"name\":\"Seppe van Groeningen\",\"url\":\"https:\/\/welovecinema.be\/fr\/author\/seppe\/\"}]}<\/script>\n<!-- \/ Yoast SEO plugin. -->","yoast_head_json":{"title":"Eerste beelden van Belgische film 'Reflet dans un diamant mort' nu te zien - We Love Cinema","robots":{"index":"index","follow":"follow","max-snippet":"max-snippet:-1","max-image-preview":"max-image-preview:large","max-video-preview":"max-video-preview:-1"},"canonical":"https:\/\/welovecinema.be\/fr\/eerste-beelden-van-belgische-film-reflet-dans-un-diamant-mort-nu-te-zien\/","og_locale":"fr_FR","og_type":"article","og_title":"Eerste beelden van Belgische film 'Reflet dans un diamant mort' nu te zien - We Love Cinema","og_description":"De Belgische film &lsquo;Reflet dans un diamant mort&rsquo; van H\u00e9l\u00e8ne Cattet &amp; Bruno Forzani is in Offici\u00eble competitie geselecteerd op het Filmfestival van Berlijn dat loopt van 13 tot en met 23 februari. De nieuwe film van het regisseursduo speelt zich af in de wereld van spionagefilms in James Bond-stijl en combineert actie, mysterie en &hellip;","og_url":"https:\/\/welovecinema.be\/fr\/eerste-beelden-van-belgische-film-reflet-dans-un-diamant-mort-nu-te-zien\/","og_site_name":"We Love Cinema","article_publisher":"https:\/\/www.facebook.com\/welovecinema.be","article_published_time":"2025-02-03T14:25:13+00:00","author":"Seppe van Groeningen","twitter_card":"summary_large_image","twitter_misc":{"\u00c9crit par":"Seppe van Groeningen","Dur\u00e9e de lecture estim\u00e9e":"2 minutes"},"schema":{"@context":"https:\/\/schema.org","@graph":[{"@type":"Article","@id":"https:\/\/welovecinema.be\/fr\/eerste-beelden-van-belgische-film-reflet-dans-un-diamant-mort-nu-te-zien\/#article","isPartOf":{"@id":"https:\/\/welovecinema.be\/fr\/eerste-beelden-van-belgische-film-reflet-dans-un-diamant-mort-nu-te-zien\/"},"author":{"name":"Seppe van Groeningen","@id":"https:\/\/welovecinema.be\/nl\/#\/schema\/person\/9a9270eec1274600ec8c420b80d00480"},"headline":"Eerste beelden van Belgische film &lsquo;Reflet dans un diamant mort&rsquo; nu te zien","datePublished":"2025-02-03T14:25:13+00:00","dateModified":"2025-02-03T14:25:13+00:00","mainEntityOfPage":{"@id":"https:\/\/welovecinema.be\/fr\/eerste-beelden-van-belgische-film-reflet-dans-un-diamant-mort-nu-te-zien\/"},"wordCount":368,"publisher":{"@id":"https:\/\/welovecinema.be\/nl\/#organization"},"keywords":["#brunoforzani","#helenecattet","#koendebouw","#refletdansundiamantmort","Cin\u00e9art"],"articleSection":["\u00a0We Love Belgian Cinema","Nieuws","Varia"],"inLanguage":"fr-FR"},{"@type":"WebPage","@id":"https:\/\/welovecinema.be\/fr\/eerste-beelden-van-belgische-film-reflet-dans-un-diamant-mort-nu-te-zien\/","url":"https:\/\/welovecinema.be\/fr\/eerste-beelden-van-belgische-film-reflet-dans-un-diamant-mort-nu-te-zien\/","name":"Eerste beelden van Belgische film 'Reflet dans un diamant mort' nu te zien - We Love Cinema","isPartOf":{"@id":"https:\/\/welovecinema.be\/nl\/#website"},"datePublished":"2025-02-03T14:25:13+00:00","dateModified":"2025-02-03T14:25:13+00:00","breadcrumb":{"@id":"https:\/\/welovecinema.be\/fr\/eerste-beelden-van-belgische-film-reflet-dans-un-diamant-mort-nu-te-zien\/#breadcrumb"},"inLanguage":"fr-FR","potentialAction":[{"@type":"ReadAction","target":["https:\/\/welovecinema.be\/fr\/eerste-beelden-van-belgische-film-reflet-dans-un-diamant-mort-nu-te-zien\/"]}]},{"@type":"BreadcrumbList","@id":"https:\/\/welovecinema.be\/fr\/eerste-beelden-van-belgische-film-reflet-dans-un-diamant-mort-nu-te-zien\/#breadcrumb","itemListElement":[{"@type":"ListItem","position":1,"name":"Accueil","item":"https:\/\/welovecinema.be\/fr\/"},{"@type":"ListItem","position":2,"name":"Eerste beelden van Belgische film &lsquo;Reflet dans un diamant mort&rsquo; nu te zien"}]},{"@type":"WebSite","@id":"https:\/\/welovecinema.be\/nl\/#website","url":"https:\/\/welovecinema.be\/nl\/","name":"We Love Cinema","description":"Toute l\u2019information du cin\u00e9ma en Belgique","publisher":{"@id":"https:\/\/welovecinema.be\/nl\/#organization"},"potentialAction":[{"@type":"SearchAction","target":{"@type":"EntryPoint","urlTemplate":"https:\/\/welovecinema.be\/nl\/?s={search_term_string}"},"query-input":"required name=search_term_string"}],"inLanguage":"fr-FR"},{"@type":"Organization","@id":"https:\/\/welovecinema.be\/nl\/#organization","name":"We Love Cinema","url":"https:\/\/welovecinema.be\/nl\/","logo":{"@type":"ImageObject","inLanguage":"fr-FR","@id":"https:\/\/welovecinema.be\/nl\/#\/schema\/logo\/image\/","url":"https:\/\/welovecinema.be\/wp-content\/uploads\/sites\/2\/2023\/03\/Logo-We-Love-Cinema305x128.jpg","contentUrl":"https:\/\/welovecinema.be\/wp-content\/uploads\/sites\/2\/2023\/03\/Logo-We-Love-Cinema305x128.jpg","width":305,"height":128,"caption":"We Love Cinema"},"image":{"@id":"https:\/\/welovecinema.be\/nl\/#\/schema\/logo\/image\/"},"sameAs":["https:\/\/www.facebook.com\/welovecinema.be","https:\/\/www.youtube.com\/channel\/UCX5LYGVhnKvYauW4Nta4HJA","https:\/\/www.instagram.com\/welovecinema.be\/"]},{"@type":"Person","@id":"https:\/\/welovecinema.be\/nl\/#\/schema\/person\/9a9270eec1274600ec8c420b80d00480","name":"Seppe van Groeningen","url":"https:\/\/welovecinema.be\/fr\/author\/seppe\/"}]}},"_links":{"self":[{"href":"https:\/\/welovecinema.be\/fr\/wp-json\/wp\/v2\/posts\/263126","targetHints":{"allow":["GET"]}}],"collection":[{"href":"https:\/\/welovecinema.be\/fr\/wp-json\/wp\/v2\/posts"}],"about":[{"href":"https:\/\/welovecinema.be\/fr\/wp-json\/wp\/v2\/types\/post"}],"author":[{"embeddable":true,"href":"https:\/\/welovecinema.be\/fr\/wp-json\/wp\/v2\/users\/349"}],"replies":[{"embeddable":true,"href":"https:\/\/welovecinema.be\/fr\/wp-json\/wp\/v2\/comments?post=263126"}],"version-history":[{"count":0,"href":"https:\/\/welovecinema.be\/fr\/wp-json\/wp\/v2\/posts\/263126\/revisions"}],"wp:featuredmedia":[{"embeddable":true,"href":"https:\/\/welovecinema.be\/fr\/wp-json\/"}],"wp:attachment":[{"href":"https:\/\/welovecinema.be\/fr\/wp-json\/wp\/v2\/media?parent=263126"}],"wp:term":[{"taxonomy":"category","embeddable":true,"href":"https:\/\/welovecinema.be\/fr\/wp-json\/wp\/v2\/categories?post=263126"},{"taxonomy":"post_tag","embeddable":true,"href":"https:\/\/welovecinema.be\/fr\/wp-json\/wp\/v2\/tags?post=263126"}],"curies":[{"name":"wp","href":"https:\/\/api.w.org\/{rel}","templated":true}]}}