{"id":262773,"date":"2025-01-10T09:53:18","date_gmt":"2025-01-10T08:53:18","guid":{"rendered":"https:\/\/welovecinema.be\/?p=262773"},"modified":"2025-01-10T09:53:18","modified_gmt":"2025-01-10T08:53:18","slug":"will-smith-dans-matrix-5-intox-visiblement","status":"publish","type":"post","link":"https:\/\/welovecinema.be\/fr\/will-smith-dans-matrix-5-intox-visiblement\/","title":{"rendered":"Will Smith dans \u00ab\u00a0Matrix 5\u00a0\u00bb\u00a0? Intox, visiblement\u2026"},"content":{"rendered":"<p><strong>Son message sous-entendant qu\u2019il pourrait camper un des r\u00f4les principaux de ce nouveau film affole le web. Surtout qu\u2019il avait refus\u00e9 le dans le premier volet\u2026 et qu\u2019il le regrette. Mais va-t-il vraiment jouer dans le film ou cherche-t-il de la publicit\u00e9 pour autre chose\u00a0? On devrait de toute fa\u00e7on rapidement savoir\u2026<\/strong><\/p>\n<p>Le message principal publi\u00e9 \u00e0 la troisi\u00e8me personne sur son compte Instagram est le suivant\u00a0: \u00ab\u00a0<em>En 1997, les Wachowski ont propos\u00e9 \u00e0 Will Smith le r\u00f4le de Neo dans <\/em>Matrix<em>. Smith a refus\u00e9. Il a choisi <\/em>Wild Wild West<em>, pensant que ce film lui convenait mieux \u00e0 l\u2019\u00e9poque. Mais la question demeure : \u00ab\u00a0\u00c0 quoi aurait ressembl\u00e9 Matrix avec Will Smith dans le r\u00f4le de Neo ? R\u00e9veille-toi, Will&#8230; La Matrice te tient&#8230;\u00a0<\/em>\u00bb<\/p>\n<p>Smith a d\u00e9j\u00e0 souvent fait amende honorable dans le pass\u00e9, comme dans cette interview diffus\u00e9e sur YouTube en 2019\u00a0: \u00ab\u00a0<em>Apr\u00e8s avoir tourn\u00e9 <\/em>Men in Black<em>, les s\u0153urs Wachowski sont venues me voir. \u00c0 l&rsquo;\u00e9poque, elles n&rsquo;avaient r\u00e9alis\u00e9 qu&rsquo;un seul film, <\/em>Boun<em>d, je crois. Elles m&rsquo;ont fait un pitch pour <\/em>Matrix<em>, et il s\u2019est av\u00e9r\u00e9 plus tard qu&rsquo;elles \u00e9taient des g\u00e9nies ! Mais il y avait une ligne t\u00e9nue entre g\u00e9nie et ce que j&rsquo;ai v\u00e9cu lors de la r\u00e9union. A ce moment, je n\u2019ai pas r\u00e9ussi \u00e0 d\u00e9celer le potentiel du projet. C\u2019est tr\u00e8s dommage\u00a0! Nous pensions que&#8230; imaginez que vous \u00eates en train de vous battre, vous sautez. Imaginez que vous puissiez suspendre le saut en plein milieu de l&rsquo;air. Mais \u00e0 ce moment-l\u00e0, les gens pourraient vous voir \u00e0 360 degr\u00e9s, pendant que vous \u00eates suspendus dans les airs. On va inventer des cam\u00e9ras pour filmer \u00e7a et montrer tout ce saut fig\u00e9. Cela me paraissait trop beau pour \u00eatre vrai.\u00a0<\/em>\u00bb<\/p>\n<p>Sauf que le premier <em>Matrix<\/em> avait rapport\u00e9 467 millions de dollars et que <em>Wild Wild West<\/em> s\u2019est plant\u00e9 dans les grandes longueurs.<\/p>\n<p>Mais tout le monde ne pense\u00a0 pas que ce soit une affaire qui roule d\u00e9j\u00e0 entre Will et la Matrice\u2026<\/p>\n<p>Le magazine <em>The Hollywood Reporter<\/em>, pr\u00e9tend que Will Smith n\u2019est pas li\u00e9 \u00e0<em> Matrix 5<\/em>. Et le site <em>Entertainment Weekly<\/em> a expliqu\u00e9 qu\u2019il pourrait s\u2019agir d\u2019un spot publicitaire pour un nouveau projet musica<strong>l<\/strong>, <em>Dance\u00a0in your Darkest Moments<\/em>, qui serait une r\u00e9trospective de sa carri\u00e8re d\u2019artiste. Car, comme Smith l\u2019a expliqu\u00e9 l\u2019an dernier, <em>\u00ab\u00a0ce nouveau projet serait <\/em><em>mon plus personnel \u00bb<\/em>. S\u2019il s\u2019agit effectivement de retracer ses erreurs et coups durs, son incident de parcours sur <em>Matrix<\/em> pourrait bel et bien y \u00eatre d\u00e9taill\u00e9.<\/p>\n<p>Affaire \u00e0 suivre\u2026<\/p>\n<p>Derni\u00e8re pr\u00e9cision au sujet de Matrix 5: et \u00e7a, c\u2019est bel et bien confirm\u00e9, Drew Goddard, sc\u00e9nariste de <em>Seul sur Mars<\/em> ou de <em>La Cabane dans les Bois <\/em>(qu\u2019il a aussi r\u00e9alis\u00e9), qui \u00e9crira et r\u00e9alisera ce nouveau <em>Matrix<\/em>. Ce sera d\u2019ailleurs le premier film de la franchise \u00e0 ne pas \u00eatre r\u00e9alis\u00e9 par l&rsquo;une des s\u0153urs Wachowski, bien que Lana Wachowski reste productrice ex\u00e9cutive du projet.<\/p>\n<p>&nbsp;<\/p>\n<p>&nbsp;<\/p>\n","protected":false},"excerpt":{"rendered":"<p>Son message sous-entendant qu\u2019il pourrait camper un des r\u00f4les principaux de ce nouveau film affole le web. Surtout qu\u2019il avait refus\u00e9 le dans le premier volet\u2026 et qu\u2019il le regrette. Mais va-t-il vraiment jouer dans le film ou cherche-t-il de la publicit\u00e9 pour autre chose\u00a0? On devrait de toute fa\u00e7on rapidement savoir\u2026 Le message principal &hellip;<\/p>\n","protected":false},"author":358,"featured_media":262771,"comment_status":"closed","ping_status":"closed","sticky":false,"template":"","format":"standard","meta":{"ngg_post_thumbnail":0,"footnotes":""},"categories":[7135,7],"tags":[],"class_list":["post-262773","post","type-post","status-publish","format-standard","has-post-thumbnail","","category-we-love-worldwide","category-actualites"],"yoast_head":"<!-- This site is optimized with the Yoast SEO plugin v20.4 - https:\/\/yoast.com\/wordpress\/plugins\/seo\/ -->\n<title>Will Smith dans \u00ab\u00a0Matrix 5\u00a0\u00bb\u00a0? Intox, visiblement\u2026 - We Love Cinema<\/title>\n<meta name=\"robots\" content=\"index, follow, max-snippet:-1, max-image-preview:large, max-video-preview:-1\" \/>\n<link rel=\"canonical\" href=\"https:\/\/welovecinema.be\/fr\/will-smith-dans-matrix-5-intox-visiblement\/\" \/>\n<meta property=\"og:locale\" content=\"fr_FR\" \/>\n<meta property=\"og:type\" content=\"article\" \/>\n<meta property=\"og:title\" content=\"Will Smith dans \u00ab\u00a0Matrix 5\u00a0\u00bb\u00a0? Intox, visiblement\u2026 - We Love Cinema\" \/>\n<meta property=\"og:description\" content=\"Son message sous-entendant qu\u2019il pourrait camper un des r\u00f4les principaux de ce nouveau film affole le web. Surtout qu\u2019il avait refus\u00e9 le dans le premier volet\u2026 et qu\u2019il le regrette. Mais va-t-il vraiment jouer dans le film ou cherche-t-il de la publicit\u00e9 pour autre chose\u00a0? On devrait de toute fa\u00e7on rapidement savoir\u2026 Le message principal &hellip;\" \/>\n<meta property=\"og:url\" content=\"https:\/\/welovecinema.be\/fr\/will-smith-dans-matrix-5-intox-visiblement\/\" \/>\n<meta property=\"og:site_name\" content=\"We Love Cinema\" \/>\n<meta property=\"article:publisher\" content=\"https:\/\/www.facebook.com\/welovecinema.be\" \/>\n<meta property=\"article:published_time\" content=\"2025-01-10T08:53:18+00:00\" \/>\n<meta property=\"og:image\" content=\"https:\/\/welovecinema.be\/wp-content\/uploads\/sites\/2\/2025\/01\/matrix.png\" \/>\n\t<meta property=\"og:image:width\" content=\"1280\" \/>\n\t<meta property=\"og:image:height\" content=\"720\" \/>\n\t<meta property=\"og:image:type\" content=\"image\/png\" \/>\n<meta name=\"author\" content=\"fred\" \/>\n<meta name=\"twitter:card\" content=\"summary_large_image\" \/>\n<meta name=\"twitter:label1\" content=\"\u00c9crit par\" \/>\n\t<meta name=\"twitter:data1\" content=\"fred\" \/>\n\t<meta name=\"twitter:label2\" content=\"Dur\u00e9e de lecture estim\u00e9e\" \/>\n\t<meta name=\"twitter:data2\" content=\"3 minutes\" \/>\n<script type=\"application\/ld+json\" class=\"yoast-schema-graph\">{\"@context\":\"https:\/\/schema.org\",\"@graph\":[{\"@type\":\"Article\",\"@id\":\"https:\/\/welovecinema.be\/fr\/will-smith-dans-matrix-5-intox-visiblement\/#article\",\"isPartOf\":{\"@id\":\"https:\/\/welovecinema.be\/fr\/will-smith-dans-matrix-5-intox-visiblement\/\"},\"author\":{\"name\":\"fred\",\"@id\":\"https:\/\/welovecinema.be\/nl\/#\/schema\/person\/7620619142b6dd3c9aa19e9210ad5bd5\"},\"headline\":\"Will Smith dans \u00ab\u00a0Matrix 5\u00a0\u00bb\u00a0? Intox, visiblement\u2026\",\"datePublished\":\"2025-01-10T08:53:18+00:00\",\"dateModified\":\"2025-01-10T08:53:18+00:00\",\"mainEntityOfPage\":{\"@id\":\"https:\/\/welovecinema.be\/fr\/will-smith-dans-matrix-5-intox-visiblement\/\"},\"wordCount\":534,\"publisher\":{\"@id\":\"https:\/\/welovecinema.be\/nl\/#organization\"},\"articleSection\":[\"\u00a0We Love Worldwide Cinema\",\"News\"],\"inLanguage\":\"fr-FR\"},{\"@type\":\"WebPage\",\"@id\":\"https:\/\/welovecinema.be\/fr\/will-smith-dans-matrix-5-intox-visiblement\/\",\"url\":\"https:\/\/welovecinema.be\/fr\/will-smith-dans-matrix-5-intox-visiblement\/\",\"name\":\"Will Smith dans \u00ab\u00a0Matrix 5\u00a0\u00bb\u00a0? Intox, visiblement\u2026 - We Love Cinema\",\"isPartOf\":{\"@id\":\"https:\/\/welovecinema.be\/nl\/#website\"},\"datePublished\":\"2025-01-10T08:53:18+00:00\",\"dateModified\":\"2025-01-10T08:53:18+00:00\",\"breadcrumb\":{\"@id\":\"https:\/\/welovecinema.be\/fr\/will-smith-dans-matrix-5-intox-visiblement\/#breadcrumb\"},\"inLanguage\":\"fr-FR\",\"potentialAction\":[{\"@type\":\"ReadAction\",\"target\":[\"https:\/\/welovecinema.be\/fr\/will-smith-dans-matrix-5-intox-visiblement\/\"]}]},{\"@type\":\"BreadcrumbList\",\"@id\":\"https:\/\/welovecinema.be\/fr\/will-smith-dans-matrix-5-intox-visiblement\/#breadcrumb\",\"itemListElement\":[{\"@type\":\"ListItem\",\"position\":1,\"name\":\"Accueil\",\"item\":\"https:\/\/welovecinema.be\/fr\/\"},{\"@type\":\"ListItem\",\"position\":2,\"name\":\"Will Smith dans \u00ab\u00a0Matrix 5\u00a0\u00bb\u00a0? Intox, visiblement\u2026\"}]},{\"@type\":\"WebSite\",\"@id\":\"https:\/\/welovecinema.be\/nl\/#website\",\"url\":\"https:\/\/welovecinema.be\/nl\/\",\"name\":\"We Love Cinema\",\"description\":\"Toute l\u2019information du cin\u00e9ma en Belgique\",\"publisher\":{\"@id\":\"https:\/\/welovecinema.be\/nl\/#organization\"},\"potentialAction\":[{\"@type\":\"SearchAction\",\"target\":{\"@type\":\"EntryPoint\",\"urlTemplate\":\"https:\/\/welovecinema.be\/nl\/?s={search_term_string}\"},\"query-input\":\"required name=search_term_string\"}],\"inLanguage\":\"fr-FR\"},{\"@type\":\"Organization\",\"@id\":\"https:\/\/welovecinema.be\/nl\/#organization\",\"name\":\"We Love Cinema\",\"url\":\"https:\/\/welovecinema.be\/nl\/\",\"logo\":{\"@type\":\"ImageObject\",\"inLanguage\":\"fr-FR\",\"@id\":\"https:\/\/welovecinema.be\/nl\/#\/schema\/logo\/image\/\",\"url\":\"https:\/\/welovecinema.be\/wp-content\/uploads\/sites\/2\/2023\/03\/Logo-We-Love-Cinema305x128.jpg\",\"contentUrl\":\"https:\/\/welovecinema.be\/wp-content\/uploads\/sites\/2\/2023\/03\/Logo-We-Love-Cinema305x128.jpg\",\"width\":305,\"height\":128,\"caption\":\"We Love Cinema\"},\"image\":{\"@id\":\"https:\/\/welovecinema.be\/nl\/#\/schema\/logo\/image\/\"},\"sameAs\":[\"https:\/\/www.facebook.com\/welovecinema.be\",\"https:\/\/www.youtube.com\/channel\/UCX5LYGVhnKvYauW4Nta4HJA\",\"https:\/\/www.instagram.com\/welovecinema.be\/\"]},{\"@type\":\"Person\",\"@id\":\"https:\/\/welovecinema.be\/nl\/#\/schema\/person\/7620619142b6dd3c9aa19e9210ad5bd5\",\"name\":\"fred\",\"url\":\"https:\/\/welovecinema.be\/fr\/author\/fred\/\"}]}<\/script>\n<!-- \/ Yoast SEO plugin. -->","yoast_head_json":{"title":"Will Smith dans \u00ab\u00a0Matrix 5\u00a0\u00bb\u00a0? Intox, visiblement\u2026 - We Love Cinema","robots":{"index":"index","follow":"follow","max-snippet":"max-snippet:-1","max-image-preview":"max-image-preview:large","max-video-preview":"max-video-preview:-1"},"canonical":"https:\/\/welovecinema.be\/fr\/will-smith-dans-matrix-5-intox-visiblement\/","og_locale":"fr_FR","og_type":"article","og_title":"Will Smith dans \u00ab\u00a0Matrix 5\u00a0\u00bb\u00a0? Intox, visiblement\u2026 - We Love Cinema","og_description":"Son message sous-entendant qu\u2019il pourrait camper un des r\u00f4les principaux de ce nouveau film affole le web. Surtout qu\u2019il avait refus\u00e9 le dans le premier volet\u2026 et qu\u2019il le regrette. Mais va-t-il vraiment jouer dans le film ou cherche-t-il de la publicit\u00e9 pour autre chose\u00a0? On devrait de toute fa\u00e7on rapidement savoir\u2026 Le message principal &hellip;","og_url":"https:\/\/welovecinema.be\/fr\/will-smith-dans-matrix-5-intox-visiblement\/","og_site_name":"We Love Cinema","article_publisher":"https:\/\/www.facebook.com\/welovecinema.be","article_published_time":"2025-01-10T08:53:18+00:00","og_image":[{"width":1280,"height":720,"url":"https:\/\/welovecinema.be\/wp-content\/uploads\/sites\/2\/2025\/01\/matrix.png","type":"image\/png"}],"author":"fred","twitter_card":"summary_large_image","twitter_misc":{"\u00c9crit par":"fred","Dur\u00e9e de lecture estim\u00e9e":"3 minutes"},"schema":{"@context":"https:\/\/schema.org","@graph":[{"@type":"Article","@id":"https:\/\/welovecinema.be\/fr\/will-smith-dans-matrix-5-intox-visiblement\/#article","isPartOf":{"@id":"https:\/\/welovecinema.be\/fr\/will-smith-dans-matrix-5-intox-visiblement\/"},"author":{"name":"fred","@id":"https:\/\/welovecinema.be\/nl\/#\/schema\/person\/7620619142b6dd3c9aa19e9210ad5bd5"},"headline":"Will Smith dans \u00ab\u00a0Matrix 5\u00a0\u00bb\u00a0? Intox, visiblement\u2026","datePublished":"2025-01-10T08:53:18+00:00","dateModified":"2025-01-10T08:53:18+00:00","mainEntityOfPage":{"@id":"https:\/\/welovecinema.be\/fr\/will-smith-dans-matrix-5-intox-visiblement\/"},"wordCount":534,"publisher":{"@id":"https:\/\/welovecinema.be\/nl\/#organization"},"articleSection":["\u00a0We Love Worldwide Cinema","News"],"inLanguage":"fr-FR"},{"@type":"WebPage","@id":"https:\/\/welovecinema.be\/fr\/will-smith-dans-matrix-5-intox-visiblement\/","url":"https:\/\/welovecinema.be\/fr\/will-smith-dans-matrix-5-intox-visiblement\/","name":"Will Smith dans \u00ab\u00a0Matrix 5\u00a0\u00bb\u00a0? Intox, visiblement\u2026 - We Love Cinema","isPartOf":{"@id":"https:\/\/welovecinema.be\/nl\/#website"},"datePublished":"2025-01-10T08:53:18+00:00","dateModified":"2025-01-10T08:53:18+00:00","breadcrumb":{"@id":"https:\/\/welovecinema.be\/fr\/will-smith-dans-matrix-5-intox-visiblement\/#breadcrumb"},"inLanguage":"fr-FR","potentialAction":[{"@type":"ReadAction","target":["https:\/\/welovecinema.be\/fr\/will-smith-dans-matrix-5-intox-visiblement\/"]}]},{"@type":"BreadcrumbList","@id":"https:\/\/welovecinema.be\/fr\/will-smith-dans-matrix-5-intox-visiblement\/#breadcrumb","itemListElement":[{"@type":"ListItem","position":1,"name":"Accueil","item":"https:\/\/welovecinema.be\/fr\/"},{"@type":"ListItem","position":2,"name":"Will Smith dans \u00ab\u00a0Matrix 5\u00a0\u00bb\u00a0? Intox, visiblement\u2026"}]},{"@type":"WebSite","@id":"https:\/\/welovecinema.be\/nl\/#website","url":"https:\/\/welovecinema.be\/nl\/","name":"We Love Cinema","description":"Toute l\u2019information du cin\u00e9ma en Belgique","publisher":{"@id":"https:\/\/welovecinema.be\/nl\/#organization"},"potentialAction":[{"@type":"SearchAction","target":{"@type":"EntryPoint","urlTemplate":"https:\/\/welovecinema.be\/nl\/?s={search_term_string}"},"query-input":"required name=search_term_string"}],"inLanguage":"fr-FR"},{"@type":"Organization","@id":"https:\/\/welovecinema.be\/nl\/#organization","name":"We Love Cinema","url":"https:\/\/welovecinema.be\/nl\/","logo":{"@type":"ImageObject","inLanguage":"fr-FR","@id":"https:\/\/welovecinema.be\/nl\/#\/schema\/logo\/image\/","url":"https:\/\/welovecinema.be\/wp-content\/uploads\/sites\/2\/2023\/03\/Logo-We-Love-Cinema305x128.jpg","contentUrl":"https:\/\/welovecinema.be\/wp-content\/uploads\/sites\/2\/2023\/03\/Logo-We-Love-Cinema305x128.jpg","width":305,"height":128,"caption":"We Love Cinema"},"image":{"@id":"https:\/\/welovecinema.be\/nl\/#\/schema\/logo\/image\/"},"sameAs":["https:\/\/www.facebook.com\/welovecinema.be","https:\/\/www.youtube.com\/channel\/UCX5LYGVhnKvYauW4Nta4HJA","https:\/\/www.instagram.com\/welovecinema.be\/"]},{"@type":"Person","@id":"https:\/\/welovecinema.be\/nl\/#\/schema\/person\/7620619142b6dd3c9aa19e9210ad5bd5","name":"fred","url":"https:\/\/welovecinema.be\/fr\/author\/fred\/"}]}},"_links":{"self":[{"href":"https:\/\/welovecinema.be\/fr\/wp-json\/wp\/v2\/posts\/262773","targetHints":{"allow":["GET"]}}],"collection":[{"href":"https:\/\/welovecinema.be\/fr\/wp-json\/wp\/v2\/posts"}],"about":[{"href":"https:\/\/welovecinema.be\/fr\/wp-json\/wp\/v2\/types\/post"}],"author":[{"embeddable":true,"href":"https:\/\/welovecinema.be\/fr\/wp-json\/wp\/v2\/users\/358"}],"replies":[{"embeddable":true,"href":"https:\/\/welovecinema.be\/fr\/wp-json\/wp\/v2\/comments?post=262773"}],"version-history":[{"count":1,"href":"https:\/\/welovecinema.be\/fr\/wp-json\/wp\/v2\/posts\/262773\/revisions"}],"predecessor-version":[{"id":262774,"href":"https:\/\/welovecinema.be\/fr\/wp-json\/wp\/v2\/posts\/262773\/revisions\/262774"}],"wp:featuredmedia":[{"embeddable":true,"href":"https:\/\/welovecinema.be\/fr\/wp-json\/wp\/v2\/media\/262771"}],"wp:attachment":[{"href":"https:\/\/welovecinema.be\/fr\/wp-json\/wp\/v2\/media?parent=262773"}],"wp:term":[{"taxonomy":"category","embeddable":true,"href":"https:\/\/welovecinema.be\/fr\/wp-json\/wp\/v2\/categories?post=262773"},{"taxonomy":"post_tag","embeddable":true,"href":"https:\/\/welovecinema.be\/fr\/wp-json\/wp\/v2\/tags?post=262773"}],"curies":[{"name":"wp","href":"https:\/\/api.w.org\/{rel}","templated":true}]}}