{"id":262695,"date":"2024-12-30T17:39:37","date_gmt":"2024-12-30T16:39:37","guid":{"rendered":"https:\/\/welovecinema.be\/?p=262695"},"modified":"2025-01-06T10:28:52","modified_gmt":"2025-01-06T09:28:52","slug":"2025-demandez-le-programme","status":"publish","type":"post","link":"https:\/\/welovecinema.be\/fr\/2025-demandez-le-programme\/","title":{"rendered":"2025: demandez le programme!"},"content":{"rendered":"<p><strong>Apr\u00e8s une ann\u00e9e 2024 marqu\u00e9e par la sortie de pr\u00e8s d&rsquo;une vingtaine de longs m\u00e9trages belges, de beaux accueils critiques et quelques beaux succ\u00e8s publics, 2025 s&rsquo;annonce d&rsquo;ores et d\u00e9j\u00e0 riche en nouveaut\u00e9s!<\/strong><\/p>\n<p>Et \u00e7a d\u00e9butera fort d\u00e8s le 22 janvier avec la sortie tr\u00e8s attendue du film \u00e9v\u00e8nement de <strong>Fabrice Du Welz<\/strong>, <strong><em>Maldoror<\/em><\/strong>, librement inspir\u00e9 de l&rsquo;affaire Dutroux. Un thriller tendu, forc\u00e9ment, extr\u00eamement document\u00e9, o\u00f9 le cin\u00e9ma de Fabrice Du Welz trouve une ampleur \u00e0 la hauteur de son sujet. On est on ne peut plus curieux de voir l&rsquo;accueil que le public fera \u00e0 ce film qui revient sur un trauma national dont l&#8217;empreinte est encore pr\u00e9pond\u00e9rante en Belgique. Au g\u00e9n\u00e9rique de cette ambitieuse fresque, on retrouve Anthony Bajon, Alba Gaia Bellugi, Sergi Lopez, David Murgia, mais aussi de nombreux com\u00e9diens et com\u00e9diennes non professionnelles rencontr\u00e9s dans la r\u00e9gion de Charleroi.<\/p>\n<p><a href=\"https:\/\/welovecinema.be\/fr\/aux-origines-de-maldoror-par-fabrice-du-welz\/\">A lire: aux origines de <em>Maldoror<\/em><\/a><\/p>\n<p>L&rsquo;histoire contemporaine de la Belgique sera aussi au programme ce m\u00eame jour du nouveau film de <strong>Thierry Michel et Christine Pireaux, <em>L&rsquo;acier a coul\u00e9 dans nos veines<\/em><\/strong>, qui retrace l\u2019histoire du travail de l\u2019acier, depuis ses pre\u0301mices avec John Cockerill jusqu\u2019a\u0300 la mise a\u0300 mort de\u0301finitive du dernier haut fourneau en 2003.<\/p>\n<p>La semaine suivante, c&rsquo;est encore un morceau de patrimoine belge qui sera \u00e0 l&rsquo;affiche puisque sortira <em><strong>Strip Tease int\u00e9gral<\/strong><\/em>, collection de cinq peintures sensibles, touchantes, parfois absurdes, souvent dr\u00f4les, tant\u00f4t sombres ou lumineuses \u2013 mais toujours aussi vraies que nature \u2013 des vanit\u00e9s de la soci\u00e9t\u00e9 humaine dans leur plus merveilleuse banalit\u00e9. Le m\u00eame jour sortira <strong><em>BXL<\/em><\/strong>, premier long m\u00e9trage profond\u00e9ment ancr\u00e9 dans la capitale belge, r\u00e9alis\u00e9 par les fr\u00e8res <strong>Ish et Monir Ait Hamou<\/strong>.<\/p>\n<p>Autres sorties d&rsquo;ores et d\u00e9j\u00e0 annonc\u00e9es, <strong><em>Patsers<\/em><\/strong>, le 19 f\u00e9vrier, la suite de Patser, toujours r\u00e9alis\u00e9e par l&rsquo;infernal duo <strong>Adil &amp; Bilall,<\/strong> de retour en terres belges, ainsi que celle de <em><strong>Mexico 86<\/strong><\/em>, le nouveau film de <strong>Cesar Diaz<\/strong> (Cam\u00e9ra d&rsquo;or pour <em>Nuestras Madres<\/em> en 2019).<\/p>\n<p><a href=\"https:\/\/welovecinema.be\/fr\/aux-origines-de-mexico-86-par-cesar-diaz\/\">A lire: aux origines de<em> Mexico 86<\/em><\/a><\/p>\n<p>Pour le reste, on peut tenter de deviner les film qui atteindront nos \u00e9cran en 2025, \u00e0 commencer par <strong><em>Aimer perdre<\/em><\/strong> de <strong>Lenny et Harpo Guit<\/strong>, et dont la sortie est pr\u00e9vue en France le 26 mars. Elle devrait tourner autour des m\u00eames dates en Belgique.<\/p>\n<p><a href=\"https:\/\/welovecinema.be\/fr\/aimer-perdre-la-tete-et-le-reste\/\">A lire: <em>Aimer perdre,<\/em> la t\u00eate et le reste<\/a><\/p>\n<p>Toujours au printemps, on attend le nouveau film de <strong>Joachim Lafosse<\/strong>, avec l&rsquo;excellente Eye Ha\u00efdara, ainsi que le nouveau film d&rsquo;un duo que l&rsquo;on avait h\u00e2te de retrouver depuis l&rsquo;explosif <em>Laissez bronzer les cadavres<\/em>. <strong>H\u00e9l\u00e8ne Cattet et Bruno Forzani<\/strong> devraient \u00e0 nouveau nous surprendre avec <em><strong>Reflet dans un diamant mort<\/strong><\/em>. 2025 devrait \u00e9galement voir d\u00e9barquer sur nos \u00e9crans quelques films ayant fait leur premi\u00e8re internationale en festival l&rsquo;ann\u00e9e derni\u00e8re, <strong><em>Fuga<\/em><\/strong> de <strong>B\u00e9n\u00e9dicte Lienard et Mary Jimenez<\/strong>, ou encore <em><strong>Au bord du monde<\/strong><\/em> de <strong>Gu\u00e9rin Van de Vorst et Sophie Muselle<\/strong>. On attend \u00e9galement <strong><em>La vie devant nous<\/em><\/strong> d&rsquo;<strong>Olivier Meys<\/strong>, et <em><strong>Entre-deux<\/strong><\/em> de <strong>Jonas d&rsquo;Adesky<\/strong>.<\/p>\n<p>Durant toute l&rsquo;ann\u00e9e 2024, nous avons pu passer sur de nombreux tournages, nous n&rsquo;en sommes que plus impatients de d\u00e9couvrir ces films en 2025: <a href=\"https:\/\/welovecinema.be\/fr\/sur-le-tournage-de-filles-du-ciel\/\"><em><strong>Filles du ciel<\/strong><\/em><\/a>, le premier long m\u00e9trage de <strong>B\u00e9rang\u00e8re McNeese, <a href=\"https:\/\/welovecinema.be\/fr\/sur-le-tournage-de-nino-dans-la-nuit\/\"><em>Nino dans la nuit<\/em><\/a><\/strong> de<strong> Laurent Micheli<\/strong>, avec Mara Taquin et Oscar Louis H\u00f6gstr\u00f6m, <a href=\"https:\/\/welovecinema.be\/fr\/ruth-becquart-a-propos-de-lage-mur-de-jean-benoit-ugeux\/\"><strong><em>L&rsquo;Age M\u00fbr<\/em><\/strong><\/a> de <strong><a href=\"https:\/\/welovecinema.be\/fr\/jean-benoit-ugeux-a-propos-de-lage-mur\/\">Jean-Benoit Ugeux<\/a>, <a href=\"https:\/\/welovecinema.be\/fr\/sur-le-tournage-de-tetes-brulees\/\"><em>T\u00eates br\u00fbl\u00e9es<\/em><\/a><\/strong> de <strong>Maja-Ajmia Yde Zellama<\/strong> dont on vient d&rsquo;apprendre la belle s\u00e9lection \u00e0 la Berlinale, <em><strong>Cap Farewell<\/strong> <\/em>de <strong>Vanja d&rsquo;Alcantara<\/strong>, <a href=\"https:\/\/welovecinema.be\/fr\/retour-sur-le-tournage-de-on-vous-croit-darnaud-dufeys-et-charlotte-devillers\/\"><em><strong>On vous croit<\/strong><\/em> <\/a>d&rsquo;<strong>Arnaud Dufeys et Charlotte Devillers<\/strong>, ou encore <a href=\"https:\/\/welovecinema.be\/fr\/salome-dewaels-et-micha-wald-sur-le-tournage-de-lile-de-la-demoiselle\/\"><em><strong>L&rsquo;Ile de la demoiselle<\/strong><\/em><\/a> de <strong>Micha Wald<\/strong>, avec Salom\u00e9 Dewaels. On vous d\u00e9voilera \u00e9galement bient\u00f4t les coulisses de <strong><em>Kika<\/em><\/strong> d&rsquo;<strong>Alexe Poukin<\/strong><em><strong>e<\/strong><\/em> et <em><strong>Mother<\/strong><\/em> de <strong>Teona Strugar Mitevska<\/strong>, tous deux tourn\u00e9s cet automne.<\/p>\n<p>On gardera \u00e9galement \u00e0 l&rsquo;oeil de possibles et m\u00eame probables s\u00e9lections pour <strong><em>Sauvons les meubles<\/em><\/strong> de <strong>Catherine Cosme<\/strong>,<em> <strong>Spleen-off<\/strong><\/em> de <strong>Claude Schmitz, <em>La Danse des renards<\/em><\/strong> de <strong>Val\u00e9ry Carnoy, <em>Parkings<\/em><\/strong> de <strong>Val\u00e9ry Rosier, <em>Illuminada<\/em><\/strong> de <strong>Nicolas Rincon Gille<\/strong>, ainsi que pour <em><strong>L&rsquo;Int\u00e9r\u00eat d&rsquo;Adam<\/strong><\/em>, le deuxi\u00e8me long m\u00e9trage de <strong>Laura Wandel<\/strong>, qui revient apr\u00e8s la belle s\u00e9lection cannoise de <em>Un monde<\/em>, pour <em><strong>Les Baronnes<\/strong><\/em>, qui signe le retour \u00e0 Bruxelles de <strong>Nabil Ben Yadir<\/strong> et&#8230; sa m\u00e8re, et last but not least, des fr\u00e8res <strong>Dardenne<\/strong>, qui ont tourn\u00e9 cet \u00e9t\u00e9 dans le plus grand secret, comme \u00e0 leur habitude.<\/p>\n<p>Cette liste \u00e9tant vaste mais non exhaustive, autant dire que l&rsquo;ann\u00e9e 2025 s&rsquo;annonce charg\u00e9e, et qu&rsquo;on s&rsquo;en r\u00e9jouit d\u00e9j\u00e0!<\/p>\n","protected":false},"excerpt":{"rendered":"<p>Apr\u00e8s une ann\u00e9e 2024 marqu\u00e9e par la sortie de pr\u00e8s d&rsquo;une vingtaine de longs m\u00e9trages belges, de beaux accueils critiques et quelques beaux succ\u00e8s publics, 2025 s&rsquo;annonce d&rsquo;ores et d\u00e9j\u00e0 riche en nouveaut\u00e9s! Et \u00e7a d\u00e9butera fort d\u00e8s le 22 janvier avec la sortie tr\u00e8s attendue du film \u00e9v\u00e8nement de Fabrice Du Welz, Maldoror, librement &hellip;<\/p>\n","protected":false},"author":343,"featured_media":262698,"comment_status":"closed","ping_status":"closed","sticky":false,"template":"","format":"standard","meta":{"ngg_post_thumbnail":0,"footnotes":""},"categories":[7134,53,12],"tags":[],"class_list":["post-262695","post","type-post","status-publish","format-standard","has-post-thumbnail","","category-we-love-belgian-cinema","category-coming-soon","category-awards"],"yoast_head":"<!-- This site is optimized with the Yoast SEO plugin v20.4 - https:\/\/yoast.com\/wordpress\/plugins\/seo\/ -->\n<title>2025: demandez le programme! - We Love Cinema<\/title>\n<meta name=\"robots\" content=\"index, follow, max-snippet:-1, max-image-preview:large, max-video-preview:-1\" \/>\n<link rel=\"canonical\" href=\"https:\/\/welovecinema.be\/fr\/2025-demandez-le-programme\/\" \/>\n<meta property=\"og:locale\" content=\"fr_FR\" \/>\n<meta property=\"og:type\" content=\"article\" \/>\n<meta property=\"og:title\" content=\"2025: demandez le programme! - We Love Cinema\" \/>\n<meta property=\"og:description\" content=\"Apr\u00e8s une ann\u00e9e 2024 marqu\u00e9e par la sortie de pr\u00e8s d&rsquo;une vingtaine de longs m\u00e9trages belges, de beaux accueils critiques et quelques beaux succ\u00e8s publics, 2025 s&rsquo;annonce d&rsquo;ores et d\u00e9j\u00e0 riche en nouveaut\u00e9s! Et \u00e7a d\u00e9butera fort d\u00e8s le 22 janvier avec la sortie tr\u00e8s attendue du film \u00e9v\u00e8nement de Fabrice Du Welz, Maldoror, librement &hellip;\" \/>\n<meta property=\"og:url\" content=\"https:\/\/welovecinema.be\/fr\/2025-demandez-le-programme\/\" \/>\n<meta property=\"og:site_name\" content=\"We Love Cinema\" \/>\n<meta property=\"article:publisher\" content=\"https:\/\/www.facebook.com\/welovecinema.be\" \/>\n<meta property=\"article:published_time\" content=\"2024-12-30T16:39:37+00:00\" \/>\n<meta property=\"article:modified_time\" content=\"2025-01-06T09:28:52+00:00\" \/>\n<meta property=\"og:image\" content=\"https:\/\/welovecinema.be\/wp-content\/uploads\/sites\/2\/2024\/12\/2025-programme.jpg\" \/>\n\t<meta property=\"og:image:width\" content=\"1200\" \/>\n\t<meta property=\"og:image:height\" content=\"600\" \/>\n\t<meta property=\"og:image:type\" content=\"image\/jpeg\" \/>\n<meta name=\"author\" content=\"Aurore Engelen\" \/>\n<meta name=\"twitter:card\" content=\"summary_large_image\" \/>\n<meta name=\"twitter:label1\" content=\"\u00c9crit par\" \/>\n\t<meta name=\"twitter:data1\" content=\"Aurore Engelen\" \/>\n\t<meta name=\"twitter:label2\" content=\"Dur\u00e9e de lecture estim\u00e9e\" \/>\n\t<meta name=\"twitter:data2\" content=\"4 minutes\" \/>\n<script type=\"application\/ld+json\" class=\"yoast-schema-graph\">{\"@context\":\"https:\/\/schema.org\",\"@graph\":[{\"@type\":\"Article\",\"@id\":\"https:\/\/welovecinema.be\/fr\/2025-demandez-le-programme\/#article\",\"isPartOf\":{\"@id\":\"https:\/\/welovecinema.be\/fr\/2025-demandez-le-programme\/\"},\"author\":{\"name\":\"Aurore Engelen\",\"@id\":\"https:\/\/welovecinema.be\/nl\/#\/schema\/person\/8084b68c6b176142d073695c654dc7cf\"},\"headline\":\"2025: demandez le programme!\",\"datePublished\":\"2024-12-30T16:39:37+00:00\",\"dateModified\":\"2025-01-06T09:28:52+00:00\",\"mainEntityOfPage\":{\"@id\":\"https:\/\/welovecinema.be\/fr\/2025-demandez-le-programme\/\"},\"wordCount\":825,\"publisher\":{\"@id\":\"https:\/\/welovecinema.be\/nl\/#organization\"},\"articleSection\":[\"\u00a0We Love Belgian Cinema\",\"Coming soon\",\"Evenements\"],\"inLanguage\":\"fr-FR\"},{\"@type\":\"WebPage\",\"@id\":\"https:\/\/welovecinema.be\/fr\/2025-demandez-le-programme\/\",\"url\":\"https:\/\/welovecinema.be\/fr\/2025-demandez-le-programme\/\",\"name\":\"2025: demandez le programme! - We Love Cinema\",\"isPartOf\":{\"@id\":\"https:\/\/welovecinema.be\/nl\/#website\"},\"datePublished\":\"2024-12-30T16:39:37+00:00\",\"dateModified\":\"2025-01-06T09:28:52+00:00\",\"breadcrumb\":{\"@id\":\"https:\/\/welovecinema.be\/fr\/2025-demandez-le-programme\/#breadcrumb\"},\"inLanguage\":\"fr-FR\",\"potentialAction\":[{\"@type\":\"ReadAction\",\"target\":[\"https:\/\/welovecinema.be\/fr\/2025-demandez-le-programme\/\"]}]},{\"@type\":\"BreadcrumbList\",\"@id\":\"https:\/\/welovecinema.be\/fr\/2025-demandez-le-programme\/#breadcrumb\",\"itemListElement\":[{\"@type\":\"ListItem\",\"position\":1,\"name\":\"Accueil\",\"item\":\"https:\/\/welovecinema.be\/fr\/\"},{\"@type\":\"ListItem\",\"position\":2,\"name\":\"2025: demandez le programme!\"}]},{\"@type\":\"WebSite\",\"@id\":\"https:\/\/welovecinema.be\/nl\/#website\",\"url\":\"https:\/\/welovecinema.be\/nl\/\",\"name\":\"We Love Cinema\",\"description\":\"Toute l\u2019information du cin\u00e9ma en Belgique\",\"publisher\":{\"@id\":\"https:\/\/welovecinema.be\/nl\/#organization\"},\"potentialAction\":[{\"@type\":\"SearchAction\",\"target\":{\"@type\":\"EntryPoint\",\"urlTemplate\":\"https:\/\/welovecinema.be\/nl\/?s={search_term_string}\"},\"query-input\":\"required name=search_term_string\"}],\"inLanguage\":\"fr-FR\"},{\"@type\":\"Organization\",\"@id\":\"https:\/\/welovecinema.be\/nl\/#organization\",\"name\":\"We Love Cinema\",\"url\":\"https:\/\/welovecinema.be\/nl\/\",\"logo\":{\"@type\":\"ImageObject\",\"inLanguage\":\"fr-FR\",\"@id\":\"https:\/\/welovecinema.be\/nl\/#\/schema\/logo\/image\/\",\"url\":\"https:\/\/welovecinema.be\/wp-content\/uploads\/sites\/2\/2023\/03\/Logo-We-Love-Cinema305x128.jpg\",\"contentUrl\":\"https:\/\/welovecinema.be\/wp-content\/uploads\/sites\/2\/2023\/03\/Logo-We-Love-Cinema305x128.jpg\",\"width\":305,\"height\":128,\"caption\":\"We Love Cinema\"},\"image\":{\"@id\":\"https:\/\/welovecinema.be\/nl\/#\/schema\/logo\/image\/\"},\"sameAs\":[\"https:\/\/www.facebook.com\/welovecinema.be\",\"https:\/\/www.youtube.com\/channel\/UCX5LYGVhnKvYauW4Nta4HJA\",\"https:\/\/www.instagram.com\/welovecinema.be\/\"]},{\"@type\":\"Person\",\"@id\":\"https:\/\/welovecinema.be\/nl\/#\/schema\/person\/8084b68c6b176142d073695c654dc7cf\",\"name\":\"Aurore Engelen\",\"url\":\"https:\/\/welovecinema.be\/fr\/author\/aurore-engelen\/\"}]}<\/script>\n<!-- \/ Yoast SEO plugin. -->","yoast_head_json":{"title":"2025: demandez le programme! - We Love Cinema","robots":{"index":"index","follow":"follow","max-snippet":"max-snippet:-1","max-image-preview":"max-image-preview:large","max-video-preview":"max-video-preview:-1"},"canonical":"https:\/\/welovecinema.be\/fr\/2025-demandez-le-programme\/","og_locale":"fr_FR","og_type":"article","og_title":"2025: demandez le programme! - We Love Cinema","og_description":"Apr\u00e8s une ann\u00e9e 2024 marqu\u00e9e par la sortie de pr\u00e8s d&rsquo;une vingtaine de longs m\u00e9trages belges, de beaux accueils critiques et quelques beaux succ\u00e8s publics, 2025 s&rsquo;annonce d&rsquo;ores et d\u00e9j\u00e0 riche en nouveaut\u00e9s! Et \u00e7a d\u00e9butera fort d\u00e8s le 22 janvier avec la sortie tr\u00e8s attendue du film \u00e9v\u00e8nement de Fabrice Du Welz, Maldoror, librement &hellip;","og_url":"https:\/\/welovecinema.be\/fr\/2025-demandez-le-programme\/","og_site_name":"We Love Cinema","article_publisher":"https:\/\/www.facebook.com\/welovecinema.be","article_published_time":"2024-12-30T16:39:37+00:00","article_modified_time":"2025-01-06T09:28:52+00:00","og_image":[{"width":1200,"height":600,"url":"https:\/\/welovecinema.be\/wp-content\/uploads\/sites\/2\/2024\/12\/2025-programme.jpg","type":"image\/jpeg"}],"author":"Aurore Engelen","twitter_card":"summary_large_image","twitter_misc":{"\u00c9crit par":"Aurore Engelen","Dur\u00e9e de lecture estim\u00e9e":"4 minutes"},"schema":{"@context":"https:\/\/schema.org","@graph":[{"@type":"Article","@id":"https:\/\/welovecinema.be\/fr\/2025-demandez-le-programme\/#article","isPartOf":{"@id":"https:\/\/welovecinema.be\/fr\/2025-demandez-le-programme\/"},"author":{"name":"Aurore Engelen","@id":"https:\/\/welovecinema.be\/nl\/#\/schema\/person\/8084b68c6b176142d073695c654dc7cf"},"headline":"2025: demandez le programme!","datePublished":"2024-12-30T16:39:37+00:00","dateModified":"2025-01-06T09:28:52+00:00","mainEntityOfPage":{"@id":"https:\/\/welovecinema.be\/fr\/2025-demandez-le-programme\/"},"wordCount":825,"publisher":{"@id":"https:\/\/welovecinema.be\/nl\/#organization"},"articleSection":["\u00a0We Love Belgian Cinema","Coming soon","Evenements"],"inLanguage":"fr-FR"},{"@type":"WebPage","@id":"https:\/\/welovecinema.be\/fr\/2025-demandez-le-programme\/","url":"https:\/\/welovecinema.be\/fr\/2025-demandez-le-programme\/","name":"2025: demandez le programme! - We Love Cinema","isPartOf":{"@id":"https:\/\/welovecinema.be\/nl\/#website"},"datePublished":"2024-12-30T16:39:37+00:00","dateModified":"2025-01-06T09:28:52+00:00","breadcrumb":{"@id":"https:\/\/welovecinema.be\/fr\/2025-demandez-le-programme\/#breadcrumb"},"inLanguage":"fr-FR","potentialAction":[{"@type":"ReadAction","target":["https:\/\/welovecinema.be\/fr\/2025-demandez-le-programme\/"]}]},{"@type":"BreadcrumbList","@id":"https:\/\/welovecinema.be\/fr\/2025-demandez-le-programme\/#breadcrumb","itemListElement":[{"@type":"ListItem","position":1,"name":"Accueil","item":"https:\/\/welovecinema.be\/fr\/"},{"@type":"ListItem","position":2,"name":"2025: demandez le programme!"}]},{"@type":"WebSite","@id":"https:\/\/welovecinema.be\/nl\/#website","url":"https:\/\/welovecinema.be\/nl\/","name":"We Love Cinema","description":"Toute l\u2019information du cin\u00e9ma en Belgique","publisher":{"@id":"https:\/\/welovecinema.be\/nl\/#organization"},"potentialAction":[{"@type":"SearchAction","target":{"@type":"EntryPoint","urlTemplate":"https:\/\/welovecinema.be\/nl\/?s={search_term_string}"},"query-input":"required name=search_term_string"}],"inLanguage":"fr-FR"},{"@type":"Organization","@id":"https:\/\/welovecinema.be\/nl\/#organization","name":"We Love Cinema","url":"https:\/\/welovecinema.be\/nl\/","logo":{"@type":"ImageObject","inLanguage":"fr-FR","@id":"https:\/\/welovecinema.be\/nl\/#\/schema\/logo\/image\/","url":"https:\/\/welovecinema.be\/wp-content\/uploads\/sites\/2\/2023\/03\/Logo-We-Love-Cinema305x128.jpg","contentUrl":"https:\/\/welovecinema.be\/wp-content\/uploads\/sites\/2\/2023\/03\/Logo-We-Love-Cinema305x128.jpg","width":305,"height":128,"caption":"We Love Cinema"},"image":{"@id":"https:\/\/welovecinema.be\/nl\/#\/schema\/logo\/image\/"},"sameAs":["https:\/\/www.facebook.com\/welovecinema.be","https:\/\/www.youtube.com\/channel\/UCX5LYGVhnKvYauW4Nta4HJA","https:\/\/www.instagram.com\/welovecinema.be\/"]},{"@type":"Person","@id":"https:\/\/welovecinema.be\/nl\/#\/schema\/person\/8084b68c6b176142d073695c654dc7cf","name":"Aurore Engelen","url":"https:\/\/welovecinema.be\/fr\/author\/aurore-engelen\/"}]}},"_links":{"self":[{"href":"https:\/\/welovecinema.be\/fr\/wp-json\/wp\/v2\/posts\/262695","targetHints":{"allow":["GET"]}}],"collection":[{"href":"https:\/\/welovecinema.be\/fr\/wp-json\/wp\/v2\/posts"}],"about":[{"href":"https:\/\/welovecinema.be\/fr\/wp-json\/wp\/v2\/types\/post"}],"author":[{"embeddable":true,"href":"https:\/\/welovecinema.be\/fr\/wp-json\/wp\/v2\/users\/343"}],"replies":[{"embeddable":true,"href":"https:\/\/welovecinema.be\/fr\/wp-json\/wp\/v2\/comments?post=262695"}],"version-history":[{"count":1,"href":"https:\/\/welovecinema.be\/fr\/wp-json\/wp\/v2\/posts\/262695\/revisions"}],"predecessor-version":[{"id":262700,"href":"https:\/\/welovecinema.be\/fr\/wp-json\/wp\/v2\/posts\/262695\/revisions\/262700"}],"wp:featuredmedia":[{"embeddable":true,"href":"https:\/\/welovecinema.be\/fr\/wp-json\/wp\/v2\/media\/262698"}],"wp:attachment":[{"href":"https:\/\/welovecinema.be\/fr\/wp-json\/wp\/v2\/media?parent=262695"}],"wp:term":[{"taxonomy":"category","embeddable":true,"href":"https:\/\/welovecinema.be\/fr\/wp-json\/wp\/v2\/categories?post=262695"},{"taxonomy":"post_tag","embeddable":true,"href":"https:\/\/welovecinema.be\/fr\/wp-json\/wp\/v2\/tags?post=262695"}],"curies":[{"name":"wp","href":"https:\/\/api.w.org\/{rel}","templated":true}]}}