{"id":262351,"date":"2024-12-11T09:37:41","date_gmt":"2024-12-11T08:37:41","guid":{"rendered":"https:\/\/welovecinema.be\/?p=262351"},"modified":"2024-12-11T09:37:41","modified_gmt":"2024-12-11T08:37:41","slug":"les-nominations-aux-golden-globes-sont-connues-2","status":"publish","type":"post","link":"https:\/\/welovecinema.be\/fr\/les-nominations-aux-golden-globes-sont-connues-2\/","title":{"rendered":"Les nominations aux Golden Globes sont connues\u00a0!"},"content":{"rendered":"<p><strong>La c\u00e9r\u00e9monie des Golden Globes marquera traditionnellement le d\u00e9but de la saison des r\u00e9compenses en cin\u00e9ma. La c\u00e9r\u00e9monie se tiendra le 5 janvier. <\/strong><\/p>\n<p>Fait rare, c\u2019est un film fran\u00e7ais (<em>Emilia P\u00e9rez<\/em> \u2013 photo) qui part favori avec 10 nominations\u00a0!<\/p>\n<p>Les nominations au complet sont ici:<\/p>\n<p><strong>MEILLEUR FILM DRAMATIQUE<\/strong><\/p>\n<p><em>The Brutalist<\/em><br \/>\n<em>Un Parfait Inconnu<br \/>\nConclave<br \/>\nDune: Part Two<br \/>\nNickel Boys<br \/>\nSeptember 5<\/em><\/p>\n<p><strong>MEILLEUR FILM DE COM\u00c9DIE OU COM\u00c9DIE MUSICALE<\/strong><\/p>\n<p><em>Anora<br \/>\nChallengers<br \/>\nEmilia P\u00e9rez<br \/>\nA Real Pain<br \/>\nThe Substance<br \/>\nWicked<\/em><\/p>\n<p><strong>MEILLEUR FILM EN LANGUE NON-ANGLAISE<\/strong><\/p>\n<p><em>All We Imagine as Light<br \/>\nEmilia P\u00e9rez<br \/>\nLa Jeune Femme \u00e0 l&rsquo;aiguille<br \/>\nI&rsquo;m Still Here<br \/>\nLes Graines du Figuier Sauvage<br \/>\nVermiglio<\/em><\/p>\n<p><strong>MEILLEUR FILM D&rsquo;ANIMATION<\/strong><\/p>\n<p><em>Flow<br \/>\nVice-Versa 2<br \/>\nM\u00e9moires d&rsquo;un escargot<br \/>\nVaiana 2<br \/>\nWallace et Gromit : La palme de la vengeance<br \/>\nLe Robot Sauvage<\/em><\/p>\n<p><strong>MEILLEUR SUCC\u00c8S DU BOX-OFFICE<\/strong><\/p>\n<p><em>Alien: Romulus<br \/>\nBeetlejuice, Beetlejuice<br \/>\nDeadpool &amp; Wolverine<br \/>\nGladiator II<br \/>\nVice-Versa 2<br \/>\nTwisters<br \/>\nWicked<br \/>\nLe Robot Sauvage<\/em><\/p>\n<p><strong>MEILLEUR R\u00c9ALISATEUR<\/strong><\/p>\n<p>Jacques Audiard, <em>Emilia<\/em> <em>P\u00e9rez<\/em><br \/>\nSean Baker, <em>Anora<\/em><br \/>\nEdward Berger, <em>Conclave<\/em><br \/>\nBrady Corbet, <em>The Brutalist<\/em><br \/>\nCoralie Fargeat, <em>The Substance<\/em><br \/>\nPayal Kapadia,<em> All We Imagine as Light<\/em><\/p>\n<p><strong>MEILLEUR SC\u00c9NARIO<\/strong><\/p>\n<p>Jacques Audiard, <em>Emilia<\/em> <em>P\u00e9rez<\/em><br \/>\nSean Baker, <em>Anora<\/em><br \/>\nBrady Corbet and Mona Fastvold,<em> The Brutalist<\/em><br \/>\nJesse Eisenberg, <em>A Real Pain<\/em><br \/>\nCoralie Fargeat, <em>The Substance<\/em><br \/>\nPeter Straughan, <em>Conclave<\/em><\/p>\n<p><strong>MEILLEUR ACTEUR DANS UN FILM DRAMATIQUE<\/strong><\/p>\n<p>Arien Brody, <em>The Brutalist<\/em><br \/>\nTimoth\u00e9e Chalamet, <em>Un Parfait Inconnu<\/em><br \/>\nDaniel Craig, <em>Queer<\/em><br \/>\nColman Domingo, S<em>ing Sing<\/em><br \/>\nRalph Fiennes, <em>Conclave<\/em><br \/>\nSebastian Stan<em>, The Apprentice<\/em><\/p>\n<p><strong>MEILLEURE ACTRICE DANS UN FILM DRAMATIQUE<\/strong><\/p>\n<p>Pamela Anderson, <em>The Last Showgirl<\/em><br \/>\nAngelina Jolie, <em>Maria<\/em><br \/>\nNicole Kidman, <em>Babygirl<\/em><br \/>\nTilda Swinton, <em>The Room Next Door<\/em><br \/>\nFernanda Torres,<em> I&rsquo;m Still Here<\/em><br \/>\nKate Winslet, <em>Lee<\/em><\/p>\n<p><strong>MEILLEUR ACTEUR DANS UN FILM DE COM\u00c9DIE OU COM\u00c9DIE MUSICALE<\/strong><\/p>\n<p>Jesse Eisenberg, <em>A Real Pain<\/em><br \/>\nHugh Grant, <em>Heretic<\/em><br \/>\nGabriel LaBelle,<em> Saturday Night<\/em><br \/>\nJesse Plemons, <em>Kinds<\/em> <em>of Kindness<\/em><br \/>\nGlen Powell, <em>Hit Man<\/em><br \/>\nSebastian Stan,<em> A Different Man<\/em><\/p>\n<p><strong>MEILLEURE ACTRICE DANS UN FILM DE COM\u00c9DIE OU COM\u00c9DIE MUSICALE<\/strong><\/p>\n<p>Amy Adams, <em>Nightbitch<\/em><br \/>\nCynthia Erivo, <em>Wicked<\/em><br \/>\nKarla Sofia Gascon, <em>Emilia P\u00e9rez<\/em><br \/>\nMikey Madison, <em>Anora<\/em><br \/>\nDemi Moore, <em>The Substance<\/em><br \/>\nZendaya, <em>Challengers<\/em><\/p>\n<p><strong>MEILLEUR SECOND R\u00d4LE MASCULIN<\/strong><\/p>\n<p>Yura Borisov, <em>Anora<\/em><br \/>\nKieran Culkin, <em>A Real Pain<\/em><br \/>\nEdward Norton,<em> Un Parfait Inconnu<\/em><br \/>\nGuy Pearce, <em>The Brutalist<\/em><br \/>\nJeremy Strong, <em>The<\/em> <em>Apprentice<\/em><br \/>\nDenzel Washington, <em>Gladiator II<\/em><\/p>\n<p><strong>MEILLEUR SECOND R\u00d4LE F\u00c9MININ<\/strong><\/p>\n<p>Selena Gomez, <em>Emilia P\u00e9rez<\/em><br \/>\nAriana Grande, <em>Wicked<\/em><br \/>\nFelicity Jones, <em>The Brutalist<\/em><br \/>\nMargaret Qualley, <em>The Substance<\/em><br \/>\nIsabella Rosselini, <em>Conclave<\/em><br \/>\nZoe Saldana, <em>Emilia P\u00e9rez<\/em><\/p>\n<p><strong>MEILLEURE MUSIQUE<\/strong><\/p>\n<p>Volker Bertelmann, <em>Conclave<\/em><br \/>\nDaniel Blumberg, <em>The Brutalist<\/em><br \/>\nKris Bowers, <em>Le Robot Sauvage<\/em><br \/>\nCl\u00e9ment Ducol, <em>Emilia<\/em> <em>P\u00e9rez<\/em><br \/>\nTrent Reznor and Atticus Ross, <em>Challengers<\/em><br \/>\nHans Zimmer, <em>Dune: Part 2<\/em><\/p>\n<p><strong>MEILLEURE CHANSON<\/strong><\/p>\n<p>\u00ab\u00a0Beautiful That Way,\u00a0\u00bb <em>The Last Showgirl <\/em>(Andrew Wyatt, Miley Cyrus, Lykke Zachrisson)<br \/>\n\u00ab\u00a0Compress\/Repress,\u00a0\u00bb <em>Challengers <\/em>(Trent Reznor, Atticus Ross, Luca Guadagnino)<br \/>\n\u00ab\u00a0El Mal,\u00a0\u00bb <em>Emilia<\/em> <em>P\u00e9rez <\/em>(Cl\u00e9ment Ducol, Camille, Jacques Audiard)<br \/>\n\u00ab\u00a0Forbidden Road,\u00a0\u00bb <em>Better<\/em> <em>Man <\/em>(Robbie Williams, Freddy Wexler, Sacha Skarbek)<br \/>\n\u00ab\u00a0Kiss the Sky,\u00a0\u00bb <em>Le Robot<\/em> <em>Sauvage <\/em>(Delacey, Jordan et\u00a0Stefan Johnson, Maren Morris, Michael Pollack, Ali Tamposi)<br \/>\n\u00ab\u00a0Mi Camino,\u00a0\u00bb <em>Emilia P\u00e9rez <\/em>(Cl\u00e9ment Ducol, Camille)<\/p>\n<p>&nbsp;<\/p>\n","protected":false},"excerpt":{"rendered":"<p>La c\u00e9r\u00e9monie des Golden Globes marquera traditionnellement le d\u00e9but de la saison des r\u00e9compenses en cin\u00e9ma. La c\u00e9r\u00e9monie se tiendra le 5 janvier. Fait rare, c\u2019est un film fran\u00e7ais (Emilia P\u00e9rez \u2013 photo) qui part favori avec 10 nominations\u00a0! Les nominations au complet sont ici: MEILLEUR FILM DRAMATIQUE The Brutalist Un Parfait Inconnu Conclave Dune: &hellip;<\/p>\n","protected":false},"author":358,"featured_media":262328,"comment_status":"closed","ping_status":"closed","sticky":false,"template":"","format":"standard","meta":{"ngg_post_thumbnail":0,"footnotes":""},"categories":[7135,7],"tags":[],"class_list":["post-262351","post","type-post","status-publish","format-standard","has-post-thumbnail","","category-we-love-worldwide","category-actualites"],"yoast_head":"<!-- This site is optimized with the Yoast SEO plugin v20.4 - https:\/\/yoast.com\/wordpress\/plugins\/seo\/ -->\n<title>Les nominations aux Golden Globes sont connues\u00a0! - We Love Cinema<\/title>\n<meta name=\"robots\" content=\"index, follow, max-snippet:-1, max-image-preview:large, max-video-preview:-1\" \/>\n<link rel=\"canonical\" href=\"https:\/\/welovecinema.be\/fr\/les-nominations-aux-golden-globes-sont-connues-2\/\" \/>\n<meta property=\"og:locale\" content=\"fr_FR\" \/>\n<meta property=\"og:type\" content=\"article\" \/>\n<meta property=\"og:title\" content=\"Les nominations aux Golden Globes sont connues\u00a0! - We Love Cinema\" \/>\n<meta property=\"og:description\" content=\"La c\u00e9r\u00e9monie des Golden Globes marquera traditionnellement le d\u00e9but de la saison des r\u00e9compenses en cin\u00e9ma. La c\u00e9r\u00e9monie se tiendra le 5 janvier. Fait rare, c\u2019est un film fran\u00e7ais (Emilia P\u00e9rez \u2013 photo) qui part favori avec 10 nominations\u00a0! Les nominations au complet sont ici: MEILLEUR FILM DRAMATIQUE The Brutalist Un Parfait Inconnu Conclave Dune: &hellip;\" \/>\n<meta property=\"og:url\" content=\"https:\/\/welovecinema.be\/fr\/les-nominations-aux-golden-globes-sont-connues-2\/\" \/>\n<meta property=\"og:site_name\" content=\"We Love Cinema\" \/>\n<meta property=\"article:publisher\" content=\"https:\/\/www.facebook.com\/welovecinema.be\" \/>\n<meta property=\"article:published_time\" content=\"2024-12-11T08:37:41+00:00\" \/>\n<meta property=\"og:image\" content=\"https:\/\/welovecinema.be\/wp-content\/uploads\/sites\/2\/2024\/12\/emilia-perez.jpg\" \/>\n\t<meta property=\"og:image:width\" content=\"770\" \/>\n\t<meta property=\"og:image:height\" content=\"433\" \/>\n\t<meta property=\"og:image:type\" content=\"image\/jpeg\" \/>\n<meta name=\"author\" content=\"fred\" \/>\n<meta name=\"twitter:card\" content=\"summary_large_image\" \/>\n<meta name=\"twitter:label1\" content=\"\u00c9crit par\" \/>\n\t<meta name=\"twitter:data1\" content=\"fred\" \/>\n\t<meta name=\"twitter:label2\" content=\"Dur\u00e9e de lecture estim\u00e9e\" \/>\n\t<meta name=\"twitter:data2\" content=\"3 minutes\" \/>\n<script type=\"application\/ld+json\" class=\"yoast-schema-graph\">{\"@context\":\"https:\/\/schema.org\",\"@graph\":[{\"@type\":\"Article\",\"@id\":\"https:\/\/welovecinema.be\/fr\/les-nominations-aux-golden-globes-sont-connues-2\/#article\",\"isPartOf\":{\"@id\":\"https:\/\/welovecinema.be\/fr\/les-nominations-aux-golden-globes-sont-connues-2\/\"},\"author\":{\"name\":\"fred\",\"@id\":\"https:\/\/welovecinema.be\/nl\/#\/schema\/person\/7620619142b6dd3c9aa19e9210ad5bd5\"},\"headline\":\"Les nominations aux Golden Globes sont connues\u00a0!\",\"datePublished\":\"2024-12-11T08:37:41+00:00\",\"dateModified\":\"2024-12-11T08:37:41+00:00\",\"mainEntityOfPage\":{\"@id\":\"https:\/\/welovecinema.be\/fr\/les-nominations-aux-golden-globes-sont-connues-2\/\"},\"wordCount\":518,\"publisher\":{\"@id\":\"https:\/\/welovecinema.be\/nl\/#organization\"},\"articleSection\":[\"\u00a0We Love Worldwide Cinema\",\"News\"],\"inLanguage\":\"fr-FR\"},{\"@type\":\"WebPage\",\"@id\":\"https:\/\/welovecinema.be\/fr\/les-nominations-aux-golden-globes-sont-connues-2\/\",\"url\":\"https:\/\/welovecinema.be\/fr\/les-nominations-aux-golden-globes-sont-connues-2\/\",\"name\":\"Les nominations aux Golden Globes sont connues\u00a0! - We Love Cinema\",\"isPartOf\":{\"@id\":\"https:\/\/welovecinema.be\/nl\/#website\"},\"datePublished\":\"2024-12-11T08:37:41+00:00\",\"dateModified\":\"2024-12-11T08:37:41+00:00\",\"breadcrumb\":{\"@id\":\"https:\/\/welovecinema.be\/fr\/les-nominations-aux-golden-globes-sont-connues-2\/#breadcrumb\"},\"inLanguage\":\"fr-FR\",\"potentialAction\":[{\"@type\":\"ReadAction\",\"target\":[\"https:\/\/welovecinema.be\/fr\/les-nominations-aux-golden-globes-sont-connues-2\/\"]}]},{\"@type\":\"BreadcrumbList\",\"@id\":\"https:\/\/welovecinema.be\/fr\/les-nominations-aux-golden-globes-sont-connues-2\/#breadcrumb\",\"itemListElement\":[{\"@type\":\"ListItem\",\"position\":1,\"name\":\"Accueil\",\"item\":\"https:\/\/welovecinema.be\/fr\/\"},{\"@type\":\"ListItem\",\"position\":2,\"name\":\"Les nominations aux Golden Globes sont connues\u00a0!\"}]},{\"@type\":\"WebSite\",\"@id\":\"https:\/\/welovecinema.be\/nl\/#website\",\"url\":\"https:\/\/welovecinema.be\/nl\/\",\"name\":\"We Love Cinema\",\"description\":\"Toute l\u2019information du cin\u00e9ma en Belgique\",\"publisher\":{\"@id\":\"https:\/\/welovecinema.be\/nl\/#organization\"},\"potentialAction\":[{\"@type\":\"SearchAction\",\"target\":{\"@type\":\"EntryPoint\",\"urlTemplate\":\"https:\/\/welovecinema.be\/nl\/?s={search_term_string}\"},\"query-input\":\"required name=search_term_string\"}],\"inLanguage\":\"fr-FR\"},{\"@type\":\"Organization\",\"@id\":\"https:\/\/welovecinema.be\/nl\/#organization\",\"name\":\"We Love Cinema\",\"url\":\"https:\/\/welovecinema.be\/nl\/\",\"logo\":{\"@type\":\"ImageObject\",\"inLanguage\":\"fr-FR\",\"@id\":\"https:\/\/welovecinema.be\/nl\/#\/schema\/logo\/image\/\",\"url\":\"https:\/\/welovecinema.be\/wp-content\/uploads\/sites\/2\/2023\/03\/Logo-We-Love-Cinema305x128.jpg\",\"contentUrl\":\"https:\/\/welovecinema.be\/wp-content\/uploads\/sites\/2\/2023\/03\/Logo-We-Love-Cinema305x128.jpg\",\"width\":305,\"height\":128,\"caption\":\"We Love Cinema\"},\"image\":{\"@id\":\"https:\/\/welovecinema.be\/nl\/#\/schema\/logo\/image\/\"},\"sameAs\":[\"https:\/\/www.facebook.com\/welovecinema.be\",\"https:\/\/www.youtube.com\/channel\/UCX5LYGVhnKvYauW4Nta4HJA\",\"https:\/\/www.instagram.com\/welovecinema.be\/\"]},{\"@type\":\"Person\",\"@id\":\"https:\/\/welovecinema.be\/nl\/#\/schema\/person\/7620619142b6dd3c9aa19e9210ad5bd5\",\"name\":\"fred\",\"url\":\"https:\/\/welovecinema.be\/fr\/author\/fred\/\"}]}<\/script>\n<!-- \/ Yoast SEO plugin. -->","yoast_head_json":{"title":"Les nominations aux Golden Globes sont connues\u00a0! - We Love Cinema","robots":{"index":"index","follow":"follow","max-snippet":"max-snippet:-1","max-image-preview":"max-image-preview:large","max-video-preview":"max-video-preview:-1"},"canonical":"https:\/\/welovecinema.be\/fr\/les-nominations-aux-golden-globes-sont-connues-2\/","og_locale":"fr_FR","og_type":"article","og_title":"Les nominations aux Golden Globes sont connues\u00a0! - We Love Cinema","og_description":"La c\u00e9r\u00e9monie des Golden Globes marquera traditionnellement le d\u00e9but de la saison des r\u00e9compenses en cin\u00e9ma. La c\u00e9r\u00e9monie se tiendra le 5 janvier. Fait rare, c\u2019est un film fran\u00e7ais (Emilia P\u00e9rez \u2013 photo) qui part favori avec 10 nominations\u00a0! Les nominations au complet sont ici: MEILLEUR FILM DRAMATIQUE The Brutalist Un Parfait Inconnu Conclave Dune: &hellip;","og_url":"https:\/\/welovecinema.be\/fr\/les-nominations-aux-golden-globes-sont-connues-2\/","og_site_name":"We Love Cinema","article_publisher":"https:\/\/www.facebook.com\/welovecinema.be","article_published_time":"2024-12-11T08:37:41+00:00","og_image":[{"width":770,"height":433,"url":"https:\/\/welovecinema.be\/wp-content\/uploads\/sites\/2\/2024\/12\/emilia-perez.jpg","type":"image\/jpeg"}],"author":"fred","twitter_card":"summary_large_image","twitter_misc":{"\u00c9crit par":"fred","Dur\u00e9e de lecture estim\u00e9e":"3 minutes"},"schema":{"@context":"https:\/\/schema.org","@graph":[{"@type":"Article","@id":"https:\/\/welovecinema.be\/fr\/les-nominations-aux-golden-globes-sont-connues-2\/#article","isPartOf":{"@id":"https:\/\/welovecinema.be\/fr\/les-nominations-aux-golden-globes-sont-connues-2\/"},"author":{"name":"fred","@id":"https:\/\/welovecinema.be\/nl\/#\/schema\/person\/7620619142b6dd3c9aa19e9210ad5bd5"},"headline":"Les nominations aux Golden Globes sont connues\u00a0!","datePublished":"2024-12-11T08:37:41+00:00","dateModified":"2024-12-11T08:37:41+00:00","mainEntityOfPage":{"@id":"https:\/\/welovecinema.be\/fr\/les-nominations-aux-golden-globes-sont-connues-2\/"},"wordCount":518,"publisher":{"@id":"https:\/\/welovecinema.be\/nl\/#organization"},"articleSection":["\u00a0We Love Worldwide Cinema","News"],"inLanguage":"fr-FR"},{"@type":"WebPage","@id":"https:\/\/welovecinema.be\/fr\/les-nominations-aux-golden-globes-sont-connues-2\/","url":"https:\/\/welovecinema.be\/fr\/les-nominations-aux-golden-globes-sont-connues-2\/","name":"Les nominations aux Golden Globes sont connues\u00a0! - We Love Cinema","isPartOf":{"@id":"https:\/\/welovecinema.be\/nl\/#website"},"datePublished":"2024-12-11T08:37:41+00:00","dateModified":"2024-12-11T08:37:41+00:00","breadcrumb":{"@id":"https:\/\/welovecinema.be\/fr\/les-nominations-aux-golden-globes-sont-connues-2\/#breadcrumb"},"inLanguage":"fr-FR","potentialAction":[{"@type":"ReadAction","target":["https:\/\/welovecinema.be\/fr\/les-nominations-aux-golden-globes-sont-connues-2\/"]}]},{"@type":"BreadcrumbList","@id":"https:\/\/welovecinema.be\/fr\/les-nominations-aux-golden-globes-sont-connues-2\/#breadcrumb","itemListElement":[{"@type":"ListItem","position":1,"name":"Accueil","item":"https:\/\/welovecinema.be\/fr\/"},{"@type":"ListItem","position":2,"name":"Les nominations aux Golden Globes sont connues\u00a0!"}]},{"@type":"WebSite","@id":"https:\/\/welovecinema.be\/nl\/#website","url":"https:\/\/welovecinema.be\/nl\/","name":"We Love Cinema","description":"Toute l\u2019information du cin\u00e9ma en Belgique","publisher":{"@id":"https:\/\/welovecinema.be\/nl\/#organization"},"potentialAction":[{"@type":"SearchAction","target":{"@type":"EntryPoint","urlTemplate":"https:\/\/welovecinema.be\/nl\/?s={search_term_string}"},"query-input":"required name=search_term_string"}],"inLanguage":"fr-FR"},{"@type":"Organization","@id":"https:\/\/welovecinema.be\/nl\/#organization","name":"We Love Cinema","url":"https:\/\/welovecinema.be\/nl\/","logo":{"@type":"ImageObject","inLanguage":"fr-FR","@id":"https:\/\/welovecinema.be\/nl\/#\/schema\/logo\/image\/","url":"https:\/\/welovecinema.be\/wp-content\/uploads\/sites\/2\/2023\/03\/Logo-We-Love-Cinema305x128.jpg","contentUrl":"https:\/\/welovecinema.be\/wp-content\/uploads\/sites\/2\/2023\/03\/Logo-We-Love-Cinema305x128.jpg","width":305,"height":128,"caption":"We Love Cinema"},"image":{"@id":"https:\/\/welovecinema.be\/nl\/#\/schema\/logo\/image\/"},"sameAs":["https:\/\/www.facebook.com\/welovecinema.be","https:\/\/www.youtube.com\/channel\/UCX5LYGVhnKvYauW4Nta4HJA","https:\/\/www.instagram.com\/welovecinema.be\/"]},{"@type":"Person","@id":"https:\/\/welovecinema.be\/nl\/#\/schema\/person\/7620619142b6dd3c9aa19e9210ad5bd5","name":"fred","url":"https:\/\/welovecinema.be\/fr\/author\/fred\/"}]}},"_links":{"self":[{"href":"https:\/\/welovecinema.be\/fr\/wp-json\/wp\/v2\/posts\/262351","targetHints":{"allow":["GET"]}}],"collection":[{"href":"https:\/\/welovecinema.be\/fr\/wp-json\/wp\/v2\/posts"}],"about":[{"href":"https:\/\/welovecinema.be\/fr\/wp-json\/wp\/v2\/types\/post"}],"author":[{"embeddable":true,"href":"https:\/\/welovecinema.be\/fr\/wp-json\/wp\/v2\/users\/358"}],"replies":[{"embeddable":true,"href":"https:\/\/welovecinema.be\/fr\/wp-json\/wp\/v2\/comments?post=262351"}],"version-history":[{"count":1,"href":"https:\/\/welovecinema.be\/fr\/wp-json\/wp\/v2\/posts\/262351\/revisions"}],"predecessor-version":[{"id":262352,"href":"https:\/\/welovecinema.be\/fr\/wp-json\/wp\/v2\/posts\/262351\/revisions\/262352"}],"wp:featuredmedia":[{"embeddable":true,"href":"https:\/\/welovecinema.be\/fr\/wp-json\/wp\/v2\/media\/262328"}],"wp:attachment":[{"href":"https:\/\/welovecinema.be\/fr\/wp-json\/wp\/v2\/media?parent=262351"}],"wp:term":[{"taxonomy":"category","embeddable":true,"href":"https:\/\/welovecinema.be\/fr\/wp-json\/wp\/v2\/categories?post=262351"},{"taxonomy":"post_tag","embeddable":true,"href":"https:\/\/welovecinema.be\/fr\/wp-json\/wp\/v2\/tags?post=262351"}],"curies":[{"name":"wp","href":"https:\/\/api.w.org\/{rel}","templated":true}]}}