{"id":262262,"date":"2024-12-04T14:58:41","date_gmt":"2024-12-04T13:58:41","guid":{"rendered":"https:\/\/welovecinema.be\/?p=262262"},"modified":"2024-12-04T15:06:06","modified_gmt":"2024-12-04T14:06:06","slug":"de-nouvelles-images-pour-blanche-neige-en-live-acton","status":"publish","type":"post","link":"https:\/\/welovecinema.be\/fr\/de-nouvelles-images-pour-blanche-neige-en-live-acton\/","title":{"rendered":"De nouvelles images pour \u00ab\u00a0Blanche Neige\u00a0\u00bb en \u00ab\u00a0Live Action\u00a0\u00bb\u00a0!"},"content":{"rendered":"<p>Ce n\u2019est plus un secret: Disney sortira ce 19 mars <a href=\"https:\/\/welovecinema.be\/fr\/gal-gadot-sera-la-mechante-reine-dans-ladaptation-live-action-de-blanche-neige\/\">une adaptation de <em>Blanche Neige<\/em> avec de \u00ab\u00a0vrais acteurs\u00a0\u00bb<\/a>. Une nouvelle bande-annonce vient de sortir\u00a0!<\/p>\n<p>Apr\u00e8s <em>Mufas<\/em>a en images r\u00e9elles attendu ce 18 d\u00e9cembre, et avant <em>Lilo &amp; Stich<\/em> en \u00ab\u00a0live action\u00a0\u00bb le 21 mai, c\u2019est <em>Blanche Neige<\/em> qui s\u2019intercalera donc dans le planning tr\u00e8s charg\u00e9 de Disney.<\/p>\n<p><iframe loading=\"lazy\" title=\"Disney\u2019s Snow White | Official Trailer | In Theaters March 21\" width=\"618\" height=\"348\" src=\"https:\/\/www.youtube.com\/embed\/iV46TJKL8cU?feature=oembed\" frameborder=\"0\" allow=\"accelerometer; autoplay; clipboard-write; encrypted-media; gyroscope; picture-in-picture; web-share\" referrerpolicy=\"strict-origin-when-cross-origin\" allowfullscreen><\/iframe><\/p>\n<p>Il s\u2019agira d\u2019un v\u00e9ritable voyage musical revisitant l\u2019inoubliable classique de l\u2019animation de 1937. <strong>Rachel Zegler<\/strong> (<em>West Side Story<\/em>) y campera le r\u00f4le-titre, tandis que <strong>Gal Gadot<\/strong> (<em>Wonder Woman<\/em>) sera la Reine mal\u00e9fique. Tout \u00e7a sans oublier Timide, Prof, Simplet, Grincheux, Joyeux, Dormeur et Atchoum.<\/p>\n<p>Cette nouvelle bande-annonce d\u00e9voile un premier aper\u00e7u de <em>Waiting on a Wish<\/em>, une chanson in\u00e9dite sign\u00e9e par le duo <strong>Benj Pasek<\/strong><strong>\u00a0<\/strong>et\u00a0<strong>Justin Paul<\/strong> (<em>The Greatest Showman<\/em>).<\/p>\n<p>Le film est r\u00e9alis\u00e9 par <strong>Marc Webb<\/strong> (<em>The Amazing Spider-Man<\/em>) et produit par <strong>Marc Platt<\/strong> (<em>The Little Mermaid<\/em>) en compagnie de <strong>Jared LeBoff<\/strong> (<em>The Girl on the Train<\/em>).<\/p>\n<p>&nbsp;<\/p>\n<p>Sortie ce 19 mars, donc\u00a0!<\/p>\n<p>&nbsp;<\/p>\n","protected":false},"excerpt":{"rendered":"<p>Ce n\u2019est plus un secret: Disney sortira ce 19 mars une adaptation de Blanche Neige avec de \u00ab\u00a0vrais acteurs\u00a0\u00bb. Une nouvelle bande-annonce vient de sortir\u00a0! Apr\u00e8s Mufasa en images r\u00e9elles attendu ce 18 d\u00e9cembre, et avant Lilo &amp; Stich en \u00ab\u00a0live action\u00a0\u00bb le 21 mai, c\u2019est Blanche Neige qui s\u2019intercalera donc dans le planning tr\u00e8s &hellip;<\/p>\n","protected":false},"author":358,"featured_media":262263,"comment_status":"closed","ping_status":"closed","sticky":false,"template":"","format":"standard","meta":{"ngg_post_thumbnail":0,"footnotes":""},"categories":[7135,7],"tags":[],"class_list":["post-262262","post","type-post","status-publish","format-standard","has-post-thumbnail","","category-we-love-worldwide","category-actualites"],"yoast_head":"<!-- This site is optimized with the Yoast SEO plugin v20.4 - https:\/\/yoast.com\/wordpress\/plugins\/seo\/ -->\n<title>De nouvelles images pour \u00ab\u00a0Blanche Neige\u00a0\u00bb en \u00ab\u00a0Live Action\u00a0\u00bb\u00a0! - We Love Cinema<\/title>\n<meta name=\"robots\" content=\"index, follow, max-snippet:-1, max-image-preview:large, max-video-preview:-1\" \/>\n<link rel=\"canonical\" href=\"https:\/\/welovecinema.be\/fr\/de-nouvelles-images-pour-blanche-neige-en-live-acton\/\" \/>\n<meta property=\"og:locale\" content=\"fr_FR\" \/>\n<meta property=\"og:type\" content=\"article\" \/>\n<meta property=\"og:title\" content=\"De nouvelles images pour \u00ab\u00a0Blanche Neige\u00a0\u00bb en \u00ab\u00a0Live Action\u00a0\u00bb\u00a0! - We Love Cinema\" \/>\n<meta property=\"og:description\" content=\"Ce n\u2019est plus un secret: Disney sortira ce 19 mars une adaptation de Blanche Neige avec de \u00ab\u00a0vrais acteurs\u00a0\u00bb. Une nouvelle bande-annonce vient de sortir\u00a0! Apr\u00e8s Mufasa en images r\u00e9elles attendu ce 18 d\u00e9cembre, et avant Lilo &amp; Stich en \u00ab\u00a0live action\u00a0\u00bb le 21 mai, c\u2019est Blanche Neige qui s\u2019intercalera donc dans le planning tr\u00e8s &hellip;\" \/>\n<meta property=\"og:url\" content=\"https:\/\/welovecinema.be\/fr\/de-nouvelles-images-pour-blanche-neige-en-live-acton\/\" \/>\n<meta property=\"og:site_name\" content=\"We Love Cinema\" \/>\n<meta property=\"article:publisher\" content=\"https:\/\/www.facebook.com\/welovecinema.be\" \/>\n<meta property=\"article:published_time\" content=\"2024-12-04T13:58:41+00:00\" \/>\n<meta property=\"article:modified_time\" content=\"2024-12-04T14:06:06+00:00\" \/>\n<meta property=\"og:image\" content=\"https:\/\/welovecinema.be\/wp-content\/uploads\/sites\/2\/2024\/12\/snow-white.jpg\" \/>\n\t<meta property=\"og:image:width\" content=\"870\" \/>\n\t<meta property=\"og:image:height\" content=\"362\" \/>\n\t<meta property=\"og:image:type\" content=\"image\/jpeg\" \/>\n<meta name=\"author\" content=\"fred\" \/>\n<meta name=\"twitter:card\" content=\"summary_large_image\" \/>\n<meta name=\"twitter:label1\" content=\"\u00c9crit par\" \/>\n\t<meta name=\"twitter:data1\" content=\"fred\" \/>\n\t<meta name=\"twitter:label2\" content=\"Dur\u00e9e de lecture estim\u00e9e\" \/>\n\t<meta name=\"twitter:data2\" content=\"1 minute\" \/>\n<script type=\"application\/ld+json\" class=\"yoast-schema-graph\">{\"@context\":\"https:\/\/schema.org\",\"@graph\":[{\"@type\":\"Article\",\"@id\":\"https:\/\/welovecinema.be\/fr\/de-nouvelles-images-pour-blanche-neige-en-live-acton\/#article\",\"isPartOf\":{\"@id\":\"https:\/\/welovecinema.be\/fr\/de-nouvelles-images-pour-blanche-neige-en-live-acton\/\"},\"author\":{\"name\":\"fred\",\"@id\":\"https:\/\/welovecinema.be\/nl\/#\/schema\/person\/7620619142b6dd3c9aa19e9210ad5bd5\"},\"headline\":\"De nouvelles images pour \u00ab\u00a0Blanche Neige\u00a0\u00bb en \u00ab\u00a0Live Action\u00a0\u00bb\u00a0!\",\"datePublished\":\"2024-12-04T13:58:41+00:00\",\"dateModified\":\"2024-12-04T14:06:06+00:00\",\"mainEntityOfPage\":{\"@id\":\"https:\/\/welovecinema.be\/fr\/de-nouvelles-images-pour-blanche-neige-en-live-acton\/\"},\"wordCount\":196,\"publisher\":{\"@id\":\"https:\/\/welovecinema.be\/nl\/#organization\"},\"articleSection\":[\"\u00a0We Love Worldwide Cinema\",\"News\"],\"inLanguage\":\"fr-FR\"},{\"@type\":\"WebPage\",\"@id\":\"https:\/\/welovecinema.be\/fr\/de-nouvelles-images-pour-blanche-neige-en-live-acton\/\",\"url\":\"https:\/\/welovecinema.be\/fr\/de-nouvelles-images-pour-blanche-neige-en-live-acton\/\",\"name\":\"De nouvelles images pour \u00ab\u00a0Blanche Neige\u00a0\u00bb en \u00ab\u00a0Live Action\u00a0\u00bb\u00a0! - We Love Cinema\",\"isPartOf\":{\"@id\":\"https:\/\/welovecinema.be\/nl\/#website\"},\"datePublished\":\"2024-12-04T13:58:41+00:00\",\"dateModified\":\"2024-12-04T14:06:06+00:00\",\"breadcrumb\":{\"@id\":\"https:\/\/welovecinema.be\/fr\/de-nouvelles-images-pour-blanche-neige-en-live-acton\/#breadcrumb\"},\"inLanguage\":\"fr-FR\",\"potentialAction\":[{\"@type\":\"ReadAction\",\"target\":[\"https:\/\/welovecinema.be\/fr\/de-nouvelles-images-pour-blanche-neige-en-live-acton\/\"]}]},{\"@type\":\"BreadcrumbList\",\"@id\":\"https:\/\/welovecinema.be\/fr\/de-nouvelles-images-pour-blanche-neige-en-live-acton\/#breadcrumb\",\"itemListElement\":[{\"@type\":\"ListItem\",\"position\":1,\"name\":\"Accueil\",\"item\":\"https:\/\/welovecinema.be\/fr\/\"},{\"@type\":\"ListItem\",\"position\":2,\"name\":\"De nouvelles images pour \u00ab\u00a0Blanche Neige\u00a0\u00bb en \u00ab\u00a0Live Action\u00a0\u00bb\u00a0!\"}]},{\"@type\":\"WebSite\",\"@id\":\"https:\/\/welovecinema.be\/nl\/#website\",\"url\":\"https:\/\/welovecinema.be\/nl\/\",\"name\":\"We Love Cinema\",\"description\":\"Toute l\u2019information du cin\u00e9ma en Belgique\",\"publisher\":{\"@id\":\"https:\/\/welovecinema.be\/nl\/#organization\"},\"potentialAction\":[{\"@type\":\"SearchAction\",\"target\":{\"@type\":\"EntryPoint\",\"urlTemplate\":\"https:\/\/welovecinema.be\/nl\/?s={search_term_string}\"},\"query-input\":\"required name=search_term_string\"}],\"inLanguage\":\"fr-FR\"},{\"@type\":\"Organization\",\"@id\":\"https:\/\/welovecinema.be\/nl\/#organization\",\"name\":\"We Love Cinema\",\"url\":\"https:\/\/welovecinema.be\/nl\/\",\"logo\":{\"@type\":\"ImageObject\",\"inLanguage\":\"fr-FR\",\"@id\":\"https:\/\/welovecinema.be\/nl\/#\/schema\/logo\/image\/\",\"url\":\"https:\/\/welovecinema.be\/wp-content\/uploads\/sites\/2\/2023\/03\/Logo-We-Love-Cinema305x128.jpg\",\"contentUrl\":\"https:\/\/welovecinema.be\/wp-content\/uploads\/sites\/2\/2023\/03\/Logo-We-Love-Cinema305x128.jpg\",\"width\":305,\"height\":128,\"caption\":\"We Love Cinema\"},\"image\":{\"@id\":\"https:\/\/welovecinema.be\/nl\/#\/schema\/logo\/image\/\"},\"sameAs\":[\"https:\/\/www.facebook.com\/welovecinema.be\",\"https:\/\/www.youtube.com\/channel\/UCX5LYGVhnKvYauW4Nta4HJA\",\"https:\/\/www.instagram.com\/welovecinema.be\/\"]},{\"@type\":\"Person\",\"@id\":\"https:\/\/welovecinema.be\/nl\/#\/schema\/person\/7620619142b6dd3c9aa19e9210ad5bd5\",\"name\":\"fred\",\"url\":\"https:\/\/welovecinema.be\/fr\/author\/fred\/\"}]}<\/script>\n<!-- \/ Yoast SEO plugin. -->","yoast_head_json":{"title":"De nouvelles images pour \u00ab\u00a0Blanche Neige\u00a0\u00bb en \u00ab\u00a0Live Action\u00a0\u00bb\u00a0! - We Love Cinema","robots":{"index":"index","follow":"follow","max-snippet":"max-snippet:-1","max-image-preview":"max-image-preview:large","max-video-preview":"max-video-preview:-1"},"canonical":"https:\/\/welovecinema.be\/fr\/de-nouvelles-images-pour-blanche-neige-en-live-acton\/","og_locale":"fr_FR","og_type":"article","og_title":"De nouvelles images pour \u00ab\u00a0Blanche Neige\u00a0\u00bb en \u00ab\u00a0Live Action\u00a0\u00bb\u00a0! - We Love Cinema","og_description":"Ce n\u2019est plus un secret: Disney sortira ce 19 mars une adaptation de Blanche Neige avec de \u00ab\u00a0vrais acteurs\u00a0\u00bb. Une nouvelle bande-annonce vient de sortir\u00a0! Apr\u00e8s Mufasa en images r\u00e9elles attendu ce 18 d\u00e9cembre, et avant Lilo &amp; Stich en \u00ab\u00a0live action\u00a0\u00bb le 21 mai, c\u2019est Blanche Neige qui s\u2019intercalera donc dans le planning tr\u00e8s &hellip;","og_url":"https:\/\/welovecinema.be\/fr\/de-nouvelles-images-pour-blanche-neige-en-live-acton\/","og_site_name":"We Love Cinema","article_publisher":"https:\/\/www.facebook.com\/welovecinema.be","article_published_time":"2024-12-04T13:58:41+00:00","article_modified_time":"2024-12-04T14:06:06+00:00","og_image":[{"width":870,"height":362,"url":"https:\/\/welovecinema.be\/wp-content\/uploads\/sites\/2\/2024\/12\/snow-white.jpg","type":"image\/jpeg"}],"author":"fred","twitter_card":"summary_large_image","twitter_misc":{"\u00c9crit par":"fred","Dur\u00e9e de lecture estim\u00e9e":"1 minute"},"schema":{"@context":"https:\/\/schema.org","@graph":[{"@type":"Article","@id":"https:\/\/welovecinema.be\/fr\/de-nouvelles-images-pour-blanche-neige-en-live-acton\/#article","isPartOf":{"@id":"https:\/\/welovecinema.be\/fr\/de-nouvelles-images-pour-blanche-neige-en-live-acton\/"},"author":{"name":"fred","@id":"https:\/\/welovecinema.be\/nl\/#\/schema\/person\/7620619142b6dd3c9aa19e9210ad5bd5"},"headline":"De nouvelles images pour \u00ab\u00a0Blanche Neige\u00a0\u00bb en \u00ab\u00a0Live Action\u00a0\u00bb\u00a0!","datePublished":"2024-12-04T13:58:41+00:00","dateModified":"2024-12-04T14:06:06+00:00","mainEntityOfPage":{"@id":"https:\/\/welovecinema.be\/fr\/de-nouvelles-images-pour-blanche-neige-en-live-acton\/"},"wordCount":196,"publisher":{"@id":"https:\/\/welovecinema.be\/nl\/#organization"},"articleSection":["\u00a0We Love Worldwide Cinema","News"],"inLanguage":"fr-FR"},{"@type":"WebPage","@id":"https:\/\/welovecinema.be\/fr\/de-nouvelles-images-pour-blanche-neige-en-live-acton\/","url":"https:\/\/welovecinema.be\/fr\/de-nouvelles-images-pour-blanche-neige-en-live-acton\/","name":"De nouvelles images pour \u00ab\u00a0Blanche Neige\u00a0\u00bb en \u00ab\u00a0Live Action\u00a0\u00bb\u00a0! - We Love Cinema","isPartOf":{"@id":"https:\/\/welovecinema.be\/nl\/#website"},"datePublished":"2024-12-04T13:58:41+00:00","dateModified":"2024-12-04T14:06:06+00:00","breadcrumb":{"@id":"https:\/\/welovecinema.be\/fr\/de-nouvelles-images-pour-blanche-neige-en-live-acton\/#breadcrumb"},"inLanguage":"fr-FR","potentialAction":[{"@type":"ReadAction","target":["https:\/\/welovecinema.be\/fr\/de-nouvelles-images-pour-blanche-neige-en-live-acton\/"]}]},{"@type":"BreadcrumbList","@id":"https:\/\/welovecinema.be\/fr\/de-nouvelles-images-pour-blanche-neige-en-live-acton\/#breadcrumb","itemListElement":[{"@type":"ListItem","position":1,"name":"Accueil","item":"https:\/\/welovecinema.be\/fr\/"},{"@type":"ListItem","position":2,"name":"De nouvelles images pour \u00ab\u00a0Blanche Neige\u00a0\u00bb en \u00ab\u00a0Live Action\u00a0\u00bb\u00a0!"}]},{"@type":"WebSite","@id":"https:\/\/welovecinema.be\/nl\/#website","url":"https:\/\/welovecinema.be\/nl\/","name":"We Love Cinema","description":"Toute l\u2019information du cin\u00e9ma en Belgique","publisher":{"@id":"https:\/\/welovecinema.be\/nl\/#organization"},"potentialAction":[{"@type":"SearchAction","target":{"@type":"EntryPoint","urlTemplate":"https:\/\/welovecinema.be\/nl\/?s={search_term_string}"},"query-input":"required name=search_term_string"}],"inLanguage":"fr-FR"},{"@type":"Organization","@id":"https:\/\/welovecinema.be\/nl\/#organization","name":"We Love Cinema","url":"https:\/\/welovecinema.be\/nl\/","logo":{"@type":"ImageObject","inLanguage":"fr-FR","@id":"https:\/\/welovecinema.be\/nl\/#\/schema\/logo\/image\/","url":"https:\/\/welovecinema.be\/wp-content\/uploads\/sites\/2\/2023\/03\/Logo-We-Love-Cinema305x128.jpg","contentUrl":"https:\/\/welovecinema.be\/wp-content\/uploads\/sites\/2\/2023\/03\/Logo-We-Love-Cinema305x128.jpg","width":305,"height":128,"caption":"We Love Cinema"},"image":{"@id":"https:\/\/welovecinema.be\/nl\/#\/schema\/logo\/image\/"},"sameAs":["https:\/\/www.facebook.com\/welovecinema.be","https:\/\/www.youtube.com\/channel\/UCX5LYGVhnKvYauW4Nta4HJA","https:\/\/www.instagram.com\/welovecinema.be\/"]},{"@type":"Person","@id":"https:\/\/welovecinema.be\/nl\/#\/schema\/person\/7620619142b6dd3c9aa19e9210ad5bd5","name":"fred","url":"https:\/\/welovecinema.be\/fr\/author\/fred\/"}]}},"_links":{"self":[{"href":"https:\/\/welovecinema.be\/fr\/wp-json\/wp\/v2\/posts\/262262","targetHints":{"allow":["GET"]}}],"collection":[{"href":"https:\/\/welovecinema.be\/fr\/wp-json\/wp\/v2\/posts"}],"about":[{"href":"https:\/\/welovecinema.be\/fr\/wp-json\/wp\/v2\/types\/post"}],"author":[{"embeddable":true,"href":"https:\/\/welovecinema.be\/fr\/wp-json\/wp\/v2\/users\/358"}],"replies":[{"embeddable":true,"href":"https:\/\/welovecinema.be\/fr\/wp-json\/wp\/v2\/comments?post=262262"}],"version-history":[{"count":2,"href":"https:\/\/welovecinema.be\/fr\/wp-json\/wp\/v2\/posts\/262262\/revisions"}],"predecessor-version":[{"id":262268,"href":"https:\/\/welovecinema.be\/fr\/wp-json\/wp\/v2\/posts\/262262\/revisions\/262268"}],"wp:featuredmedia":[{"embeddable":true,"href":"https:\/\/welovecinema.be\/fr\/wp-json\/wp\/v2\/media\/262263"}],"wp:attachment":[{"href":"https:\/\/welovecinema.be\/fr\/wp-json\/wp\/v2\/media?parent=262262"}],"wp:term":[{"taxonomy":"category","embeddable":true,"href":"https:\/\/welovecinema.be\/fr\/wp-json\/wp\/v2\/categories?post=262262"},{"taxonomy":"post_tag","embeddable":true,"href":"https:\/\/welovecinema.be\/fr\/wp-json\/wp\/v2\/tags?post=262262"}],"curies":[{"name":"wp","href":"https:\/\/api.w.org\/{rel}","templated":true}]}}