{"id":262168,"date":"2024-11-27T09:24:11","date_gmt":"2024-11-27T08:24:11","guid":{"rendered":"https:\/\/welovecinema.be\/?p=262168"},"modified":"2024-11-27T09:24:11","modified_gmt":"2024-11-27T08:24:11","slug":"bande-annonce-pour-le-dernier-souffle-avec-kad-merad-et-denis-podalydes","status":"publish","type":"post","link":"https:\/\/welovecinema.be\/fr\/bande-annonce-pour-le-dernier-souffle-avec-kad-merad-et-denis-podalydes\/","title":{"rendered":"Bande-annonce pour \u00ab\u00a0Le Dernier Souffle\u00a0\u00bb avec Kad Merad et Denis Podalyd\u00e8s\u00a0!"},"content":{"rendered":"<p>Dans un <em>Dernier Souffle<\/em> tr\u00e8s prenant, Costa Gavras (91 ans) lorgne de pr\u00e8s sur la mort. Premi\u00e8res images maintenant et sortie du film le 12 f\u00e9vrier prochain.<\/p>\n<p>Dans son nouveau film, le r\u00e9alisateur Costa Gavras aborde\u2026 la mort, mais avec un sc\u00e9nario et un duo d\u2019acteurs tr\u00e8s tendre. En effet, Kad M\u00e9rad et Denis Podalyd\u00e8s sont tr\u00e8s touchants vu le sujet qui concerne, en outre, le cin\u00e9aste de 91 ans de plus en plus pr\u00e8s. Il s\u2019en est expliqu\u00e9: \u00ab <em>La mort ne me travaille pas, mais elle reste pour moi un scandale. A<\/em><em>vec ce film, j\u2019ai voulu regarder l\u2019horizon de la fin de vie, qui commence \u00e0 m\u2019\u00eatre de plus en plus proche. Forc\u00e9ment, <\/em>Le Dernier Souffle<em> renvoie aux derniers d\u00e9bats socio-politiques sur le droit \u00e0 mourir. Et quand il y a d\u00e9bat il y a politique. Quand il y a humain et fin de vie, il y a encore plus de politique&#8230;\u00a0\u00bb<\/em><\/p>\n<p><iframe loading=\"lazy\" title=\"LE DERNIER SOUFFLE - Bande-annonce officielle\" width=\"618\" height=\"348\" src=\"https:\/\/www.youtube.com\/embed\/bSXMshjUdUA?feature=oembed\" frameborder=\"0\" allow=\"accelerometer; autoplay; clipboard-write; encrypted-media; gyroscope; picture-in-picture; web-share\" referrerpolicy=\"strict-origin-when-cross-origin\" allowfullscreen><\/iframe><\/p>\n<p>L\u2019histoire verra un dialogue amical et passionn\u00e9, o\u00f9 le docteur Augustin Masset et l\u2019\u00e9crivain Fabrice Toussaint se confrontent, pour l\u2019un \u00e0 la fin de vie de ses patients et pour l\u2019autre \u00e0 sa propre fatalit\u00e9. Emport\u00e9s par un tourbillon de visites et de rencontres, tous deux d\u00e9marrent un voyage sensible entre rires et larmes: une aventure humaine au c\u0153ur de notre vie \u00e0 tous.<\/p>\n<p>Sortie ce 12 f\u00e9vrier\u2026<\/p>\n","protected":false},"excerpt":{"rendered":"<p>Dans un Dernier Souffle tr\u00e8s prenant, Costa Gavras (91 ans) lorgne de pr\u00e8s sur la mort. Premi\u00e8res images maintenant et sortie du film le 12 f\u00e9vrier prochain. Dans son nouveau film, le r\u00e9alisateur Costa Gavras aborde\u2026 la mort, mais avec un sc\u00e9nario et un duo d\u2019acteurs tr\u00e8s tendre. En effet, Kad M\u00e9rad et Denis Podalyd\u00e8s &hellip;<\/p>\n","protected":false},"author":358,"featured_media":262147,"comment_status":"closed","ping_status":"closed","sticky":false,"template":"","format":"standard","meta":{"ngg_post_thumbnail":0,"footnotes":""},"categories":[7135,7],"tags":[],"class_list":["post-262168","post","type-post","status-publish","format-standard","has-post-thumbnail","","category-we-love-worldwide","category-actualites"],"yoast_head":"<!-- This site is optimized with the Yoast SEO plugin v20.4 - https:\/\/yoast.com\/wordpress\/plugins\/seo\/ -->\n<title>Bande-annonce pour \u00ab\u00a0Le Dernier Souffle\u00a0\u00bb avec Kad Merad et Denis Podalyd\u00e8s\u00a0! - We Love Cinema<\/title>\n<meta name=\"robots\" content=\"index, follow, max-snippet:-1, max-image-preview:large, max-video-preview:-1\" \/>\n<link rel=\"canonical\" href=\"https:\/\/welovecinema.be\/fr\/bande-annonce-pour-le-dernier-souffle-avec-kad-merad-et-denis-podalydes\/\" \/>\n<meta property=\"og:locale\" content=\"fr_FR\" \/>\n<meta property=\"og:type\" content=\"article\" \/>\n<meta property=\"og:title\" content=\"Bande-annonce pour \u00ab\u00a0Le Dernier Souffle\u00a0\u00bb avec Kad Merad et Denis Podalyd\u00e8s\u00a0! - We Love Cinema\" \/>\n<meta property=\"og:description\" content=\"Dans un Dernier Souffle tr\u00e8s prenant, Costa Gavras (91 ans) lorgne de pr\u00e8s sur la mort. Premi\u00e8res images maintenant et sortie du film le 12 f\u00e9vrier prochain. Dans son nouveau film, le r\u00e9alisateur Costa Gavras aborde\u2026 la mort, mais avec un sc\u00e9nario et un duo d\u2019acteurs tr\u00e8s tendre. En effet, Kad M\u00e9rad et Denis Podalyd\u00e8s &hellip;\" \/>\n<meta property=\"og:url\" content=\"https:\/\/welovecinema.be\/fr\/bande-annonce-pour-le-dernier-souffle-avec-kad-merad-et-denis-podalydes\/\" \/>\n<meta property=\"og:site_name\" content=\"We Love Cinema\" \/>\n<meta property=\"article:publisher\" content=\"https:\/\/www.facebook.com\/welovecinema.be\" \/>\n<meta property=\"article:published_time\" content=\"2024-11-27T08:24:11+00:00\" \/>\n<meta property=\"og:image\" content=\"https:\/\/welovecinema.be\/wp-content\/uploads\/sites\/2\/2024\/11\/dernier-souffle.jpg\" \/>\n\t<meta property=\"og:image:width\" content=\"600\" \/>\n\t<meta property=\"og:image:height\" content=\"400\" \/>\n\t<meta property=\"og:image:type\" content=\"image\/jpeg\" \/>\n<meta name=\"author\" content=\"fred\" \/>\n<meta name=\"twitter:card\" content=\"summary_large_image\" \/>\n<meta name=\"twitter:label1\" content=\"\u00c9crit par\" \/>\n\t<meta name=\"twitter:data1\" content=\"fred\" \/>\n\t<meta name=\"twitter:label2\" content=\"Dur\u00e9e de lecture estim\u00e9e\" \/>\n\t<meta name=\"twitter:data2\" content=\"2 minutes\" \/>\n<script type=\"application\/ld+json\" class=\"yoast-schema-graph\">{\"@context\":\"https:\/\/schema.org\",\"@graph\":[{\"@type\":\"Article\",\"@id\":\"https:\/\/welovecinema.be\/fr\/bande-annonce-pour-le-dernier-souffle-avec-kad-merad-et-denis-podalydes\/#article\",\"isPartOf\":{\"@id\":\"https:\/\/welovecinema.be\/fr\/bande-annonce-pour-le-dernier-souffle-avec-kad-merad-et-denis-podalydes\/\"},\"author\":{\"name\":\"fred\",\"@id\":\"https:\/\/welovecinema.be\/nl\/#\/schema\/person\/7620619142b6dd3c9aa19e9210ad5bd5\"},\"headline\":\"Bande-annonce pour \u00ab\u00a0Le Dernier Souffle\u00a0\u00bb avec Kad Merad et Denis Podalyd\u00e8s\u00a0!\",\"datePublished\":\"2024-11-27T08:24:11+00:00\",\"dateModified\":\"2024-11-27T08:24:11+00:00\",\"mainEntityOfPage\":{\"@id\":\"https:\/\/welovecinema.be\/fr\/bande-annonce-pour-le-dernier-souffle-avec-kad-merad-et-denis-podalydes\/\"},\"wordCount\":260,\"publisher\":{\"@id\":\"https:\/\/welovecinema.be\/nl\/#organization\"},\"articleSection\":[\"\u00a0We Love Worldwide Cinema\",\"News\"],\"inLanguage\":\"fr-FR\"},{\"@type\":\"WebPage\",\"@id\":\"https:\/\/welovecinema.be\/fr\/bande-annonce-pour-le-dernier-souffle-avec-kad-merad-et-denis-podalydes\/\",\"url\":\"https:\/\/welovecinema.be\/fr\/bande-annonce-pour-le-dernier-souffle-avec-kad-merad-et-denis-podalydes\/\",\"name\":\"Bande-annonce pour \u00ab\u00a0Le Dernier Souffle\u00a0\u00bb avec Kad Merad et Denis Podalyd\u00e8s\u00a0! - We Love Cinema\",\"isPartOf\":{\"@id\":\"https:\/\/welovecinema.be\/nl\/#website\"},\"datePublished\":\"2024-11-27T08:24:11+00:00\",\"dateModified\":\"2024-11-27T08:24:11+00:00\",\"breadcrumb\":{\"@id\":\"https:\/\/welovecinema.be\/fr\/bande-annonce-pour-le-dernier-souffle-avec-kad-merad-et-denis-podalydes\/#breadcrumb\"},\"inLanguage\":\"fr-FR\",\"potentialAction\":[{\"@type\":\"ReadAction\",\"target\":[\"https:\/\/welovecinema.be\/fr\/bande-annonce-pour-le-dernier-souffle-avec-kad-merad-et-denis-podalydes\/\"]}]},{\"@type\":\"BreadcrumbList\",\"@id\":\"https:\/\/welovecinema.be\/fr\/bande-annonce-pour-le-dernier-souffle-avec-kad-merad-et-denis-podalydes\/#breadcrumb\",\"itemListElement\":[{\"@type\":\"ListItem\",\"position\":1,\"name\":\"Accueil\",\"item\":\"https:\/\/welovecinema.be\/fr\/\"},{\"@type\":\"ListItem\",\"position\":2,\"name\":\"Bande-annonce pour \u00ab\u00a0Le Dernier Souffle\u00a0\u00bb avec Kad Merad et Denis Podalyd\u00e8s\u00a0!\"}]},{\"@type\":\"WebSite\",\"@id\":\"https:\/\/welovecinema.be\/nl\/#website\",\"url\":\"https:\/\/welovecinema.be\/nl\/\",\"name\":\"We Love Cinema\",\"description\":\"Toute l\u2019information du cin\u00e9ma en Belgique\",\"publisher\":{\"@id\":\"https:\/\/welovecinema.be\/nl\/#organization\"},\"potentialAction\":[{\"@type\":\"SearchAction\",\"target\":{\"@type\":\"EntryPoint\",\"urlTemplate\":\"https:\/\/welovecinema.be\/nl\/?s={search_term_string}\"},\"query-input\":\"required name=search_term_string\"}],\"inLanguage\":\"fr-FR\"},{\"@type\":\"Organization\",\"@id\":\"https:\/\/welovecinema.be\/nl\/#organization\",\"name\":\"We Love Cinema\",\"url\":\"https:\/\/welovecinema.be\/nl\/\",\"logo\":{\"@type\":\"ImageObject\",\"inLanguage\":\"fr-FR\",\"@id\":\"https:\/\/welovecinema.be\/nl\/#\/schema\/logo\/image\/\",\"url\":\"https:\/\/welovecinema.be\/wp-content\/uploads\/sites\/2\/2023\/03\/Logo-We-Love-Cinema305x128.jpg\",\"contentUrl\":\"https:\/\/welovecinema.be\/wp-content\/uploads\/sites\/2\/2023\/03\/Logo-We-Love-Cinema305x128.jpg\",\"width\":305,\"height\":128,\"caption\":\"We Love Cinema\"},\"image\":{\"@id\":\"https:\/\/welovecinema.be\/nl\/#\/schema\/logo\/image\/\"},\"sameAs\":[\"https:\/\/www.facebook.com\/welovecinema.be\",\"https:\/\/www.youtube.com\/channel\/UCX5LYGVhnKvYauW4Nta4HJA\",\"https:\/\/www.instagram.com\/welovecinema.be\/\"]},{\"@type\":\"Person\",\"@id\":\"https:\/\/welovecinema.be\/nl\/#\/schema\/person\/7620619142b6dd3c9aa19e9210ad5bd5\",\"name\":\"fred\",\"url\":\"https:\/\/welovecinema.be\/fr\/author\/fred\/\"}]}<\/script>\n<!-- \/ Yoast SEO plugin. -->","yoast_head_json":{"title":"Bande-annonce pour \u00ab\u00a0Le Dernier Souffle\u00a0\u00bb avec Kad Merad et Denis Podalyd\u00e8s\u00a0! - We Love Cinema","robots":{"index":"index","follow":"follow","max-snippet":"max-snippet:-1","max-image-preview":"max-image-preview:large","max-video-preview":"max-video-preview:-1"},"canonical":"https:\/\/welovecinema.be\/fr\/bande-annonce-pour-le-dernier-souffle-avec-kad-merad-et-denis-podalydes\/","og_locale":"fr_FR","og_type":"article","og_title":"Bande-annonce pour \u00ab\u00a0Le Dernier Souffle\u00a0\u00bb avec Kad Merad et Denis Podalyd\u00e8s\u00a0! - We Love Cinema","og_description":"Dans un Dernier Souffle tr\u00e8s prenant, Costa Gavras (91 ans) lorgne de pr\u00e8s sur la mort. Premi\u00e8res images maintenant et sortie du film le 12 f\u00e9vrier prochain. Dans son nouveau film, le r\u00e9alisateur Costa Gavras aborde\u2026 la mort, mais avec un sc\u00e9nario et un duo d\u2019acteurs tr\u00e8s tendre. En effet, Kad M\u00e9rad et Denis Podalyd\u00e8s &hellip;","og_url":"https:\/\/welovecinema.be\/fr\/bande-annonce-pour-le-dernier-souffle-avec-kad-merad-et-denis-podalydes\/","og_site_name":"We Love Cinema","article_publisher":"https:\/\/www.facebook.com\/welovecinema.be","article_published_time":"2024-11-27T08:24:11+00:00","og_image":[{"width":600,"height":400,"url":"https:\/\/welovecinema.be\/wp-content\/uploads\/sites\/2\/2024\/11\/dernier-souffle.jpg","type":"image\/jpeg"}],"author":"fred","twitter_card":"summary_large_image","twitter_misc":{"\u00c9crit par":"fred","Dur\u00e9e de lecture estim\u00e9e":"2 minutes"},"schema":{"@context":"https:\/\/schema.org","@graph":[{"@type":"Article","@id":"https:\/\/welovecinema.be\/fr\/bande-annonce-pour-le-dernier-souffle-avec-kad-merad-et-denis-podalydes\/#article","isPartOf":{"@id":"https:\/\/welovecinema.be\/fr\/bande-annonce-pour-le-dernier-souffle-avec-kad-merad-et-denis-podalydes\/"},"author":{"name":"fred","@id":"https:\/\/welovecinema.be\/nl\/#\/schema\/person\/7620619142b6dd3c9aa19e9210ad5bd5"},"headline":"Bande-annonce pour \u00ab\u00a0Le Dernier Souffle\u00a0\u00bb avec Kad Merad et Denis Podalyd\u00e8s\u00a0!","datePublished":"2024-11-27T08:24:11+00:00","dateModified":"2024-11-27T08:24:11+00:00","mainEntityOfPage":{"@id":"https:\/\/welovecinema.be\/fr\/bande-annonce-pour-le-dernier-souffle-avec-kad-merad-et-denis-podalydes\/"},"wordCount":260,"publisher":{"@id":"https:\/\/welovecinema.be\/nl\/#organization"},"articleSection":["\u00a0We Love Worldwide Cinema","News"],"inLanguage":"fr-FR"},{"@type":"WebPage","@id":"https:\/\/welovecinema.be\/fr\/bande-annonce-pour-le-dernier-souffle-avec-kad-merad-et-denis-podalydes\/","url":"https:\/\/welovecinema.be\/fr\/bande-annonce-pour-le-dernier-souffle-avec-kad-merad-et-denis-podalydes\/","name":"Bande-annonce pour \u00ab\u00a0Le Dernier Souffle\u00a0\u00bb avec Kad Merad et Denis Podalyd\u00e8s\u00a0! - We Love Cinema","isPartOf":{"@id":"https:\/\/welovecinema.be\/nl\/#website"},"datePublished":"2024-11-27T08:24:11+00:00","dateModified":"2024-11-27T08:24:11+00:00","breadcrumb":{"@id":"https:\/\/welovecinema.be\/fr\/bande-annonce-pour-le-dernier-souffle-avec-kad-merad-et-denis-podalydes\/#breadcrumb"},"inLanguage":"fr-FR","potentialAction":[{"@type":"ReadAction","target":["https:\/\/welovecinema.be\/fr\/bande-annonce-pour-le-dernier-souffle-avec-kad-merad-et-denis-podalydes\/"]}]},{"@type":"BreadcrumbList","@id":"https:\/\/welovecinema.be\/fr\/bande-annonce-pour-le-dernier-souffle-avec-kad-merad-et-denis-podalydes\/#breadcrumb","itemListElement":[{"@type":"ListItem","position":1,"name":"Accueil","item":"https:\/\/welovecinema.be\/fr\/"},{"@type":"ListItem","position":2,"name":"Bande-annonce pour \u00ab\u00a0Le Dernier Souffle\u00a0\u00bb avec Kad Merad et Denis Podalyd\u00e8s\u00a0!"}]},{"@type":"WebSite","@id":"https:\/\/welovecinema.be\/nl\/#website","url":"https:\/\/welovecinema.be\/nl\/","name":"We Love Cinema","description":"Toute l\u2019information du cin\u00e9ma en Belgique","publisher":{"@id":"https:\/\/welovecinema.be\/nl\/#organization"},"potentialAction":[{"@type":"SearchAction","target":{"@type":"EntryPoint","urlTemplate":"https:\/\/welovecinema.be\/nl\/?s={search_term_string}"},"query-input":"required name=search_term_string"}],"inLanguage":"fr-FR"},{"@type":"Organization","@id":"https:\/\/welovecinema.be\/nl\/#organization","name":"We Love Cinema","url":"https:\/\/welovecinema.be\/nl\/","logo":{"@type":"ImageObject","inLanguage":"fr-FR","@id":"https:\/\/welovecinema.be\/nl\/#\/schema\/logo\/image\/","url":"https:\/\/welovecinema.be\/wp-content\/uploads\/sites\/2\/2023\/03\/Logo-We-Love-Cinema305x128.jpg","contentUrl":"https:\/\/welovecinema.be\/wp-content\/uploads\/sites\/2\/2023\/03\/Logo-We-Love-Cinema305x128.jpg","width":305,"height":128,"caption":"We Love Cinema"},"image":{"@id":"https:\/\/welovecinema.be\/nl\/#\/schema\/logo\/image\/"},"sameAs":["https:\/\/www.facebook.com\/welovecinema.be","https:\/\/www.youtube.com\/channel\/UCX5LYGVhnKvYauW4Nta4HJA","https:\/\/www.instagram.com\/welovecinema.be\/"]},{"@type":"Person","@id":"https:\/\/welovecinema.be\/nl\/#\/schema\/person\/7620619142b6dd3c9aa19e9210ad5bd5","name":"fred","url":"https:\/\/welovecinema.be\/fr\/author\/fred\/"}]}},"_links":{"self":[{"href":"https:\/\/welovecinema.be\/fr\/wp-json\/wp\/v2\/posts\/262168","targetHints":{"allow":["GET"]}}],"collection":[{"href":"https:\/\/welovecinema.be\/fr\/wp-json\/wp\/v2\/posts"}],"about":[{"href":"https:\/\/welovecinema.be\/fr\/wp-json\/wp\/v2\/types\/post"}],"author":[{"embeddable":true,"href":"https:\/\/welovecinema.be\/fr\/wp-json\/wp\/v2\/users\/358"}],"replies":[{"embeddable":true,"href":"https:\/\/welovecinema.be\/fr\/wp-json\/wp\/v2\/comments?post=262168"}],"version-history":[{"count":1,"href":"https:\/\/welovecinema.be\/fr\/wp-json\/wp\/v2\/posts\/262168\/revisions"}],"predecessor-version":[{"id":262169,"href":"https:\/\/welovecinema.be\/fr\/wp-json\/wp\/v2\/posts\/262168\/revisions\/262169"}],"wp:featuredmedia":[{"embeddable":true,"href":"https:\/\/welovecinema.be\/fr\/wp-json\/wp\/v2\/media\/262147"}],"wp:attachment":[{"href":"https:\/\/welovecinema.be\/fr\/wp-json\/wp\/v2\/media?parent=262168"}],"wp:term":[{"taxonomy":"category","embeddable":true,"href":"https:\/\/welovecinema.be\/fr\/wp-json\/wp\/v2\/categories?post=262168"},{"taxonomy":"post_tag","embeddable":true,"href":"https:\/\/welovecinema.be\/fr\/wp-json\/wp\/v2\/tags?post=262168"}],"curies":[{"name":"wp","href":"https:\/\/api.w.org\/{rel}","templated":true}]}}