{"id":262163,"date":"2024-11-26T16:59:00","date_gmt":"2024-11-26T15:59:00","guid":{"rendered":"https:\/\/welovecinema.be\/?p=262163"},"modified":"2024-11-26T16:59:00","modified_gmt":"2024-11-26T15:59:00","slug":"a-voir-volcan-de-stefanne-prijot","status":"publish","type":"post","link":"https:\/\/welovecinema.be\/fr\/a-voir-volcan-de-stefanne-prijot\/","title":{"rendered":"A voir: \u00ab\u00a0Volcan\u00a0\u00bb de St\u00e9fanne Prijot"},"content":{"rendered":"<p><strong>Ce mercredi 27 novembre sort au Kinographe Volcan, le nouveau documentaire de St\u00e9fanne Prijot, r\u00e9alisatrice du film La vie d&rsquo;une petite culotte, qui pose une question ultra-moderne: pourquoi et peut-on mettre au monde des enfants aujourd&rsquo;hui?<\/strong><\/p>\n<p><span style=\"font-weight: 400\">Au Chili, les glaciers fondent, les for\u00eats s\u2019enflamment, les in\u00e9galit\u00e9s se creusent, la r\u00e9volte sociale gronde&#8230; Entre raison et d\u00e9sir, les pens\u00e9es de Camila tanguent : peut-elle aujourd\u2019hui, dans ce monde qui br\u00fble, donner naissance \u00e0 un enfant ?\u00a0<\/span><\/p>\n<p>Camila est danseuse et chinchinera \u00e0 Valparaiso et, a 35 ans, elle questionne la raison de donner naissance \u00e0 un enfant dans le monde d\u2019aujourd\u2019hui. Car si dans son ventre, un d\u00e9sir d\u2019enfant s\u2019est \u00e9veill\u00e9, comme pour beaucoup de jeunes d\u2019aujourd\u2019hui, l\u2019\u00e9tat du monde op\u00e8re comme un contraceptif insidieux. Camila confie alors son d\u00e9couragement face aux in\u00e9galit\u00e9s sociales, environnementales et aux droits des femmes dans son pays qui criminalise toujours l\u2019avortement. Camila part \u00e0 la qu\u00eate d\u2019\u00e9l\u00e9ments de r\u00e9ponses aupr\u00e8s de ses amies, de sa famille, de son colocataire et ira jusqu\u2019\u00e0 partir en voyage vers la Patagonie pour rejoindre une amie \u00e9cologiste qui y \u00e9tudie les glaciers et Veronica, une femme mapuche qui lui propose un regard diff\u00e9rent sur l\u2019existence.<\/p>\n<p><iframe loading=\"lazy\" title=\"&quot;Volcan&quot; de St\u00e9fanne Prijot (Bande-Annonce\/Trailer) - Cineffable 2024\" width=\"618\" height=\"348\" src=\"https:\/\/www.youtube.com\/embed\/vv9k9o9kUEs?feature=oembed\" frameborder=\"0\" allow=\"accelerometer; autoplay; clipboard-write; encrypted-media; gyroscope; picture-in-picture; web-share\" referrerpolicy=\"strict-origin-when-cross-origin\" allowfullscreen><\/iframe><\/p>\n<p>Le film sera donc montr\u00e9 au Kinograph ce mercredi (puis \u00e0 nouveau en d\u00e9cembre, en pr\u00e9sence de la r\u00e9alisatrice, ainsi qu&rsquo;\u00e0 Nivelles, Stavelot ou encore Marche-en-Famenne.<\/p>\n","protected":false},"excerpt":{"rendered":"<p>Ce mercredi 27 novembre sort au Kinographe Volcan, le nouveau documentaire de St\u00e9fanne Prijot, r\u00e9alisatrice du film La vie d&rsquo;une petite culotte, qui pose une question ultra-moderne: pourquoi et peut-on mettre au monde des enfants aujourd&rsquo;hui? Au Chili, les glaciers fondent, les for\u00eats s\u2019enflamment, les in\u00e9galit\u00e9s se creusent, la r\u00e9volte sociale gronde&#8230; Entre raison et &hellip;<\/p>\n","protected":false},"author":343,"featured_media":262165,"comment_status":"closed","ping_status":"closed","sticky":false,"template":"","format":"standard","meta":{"ngg_post_thumbnail":0,"footnotes":""},"categories":[7134,10],"tags":[],"class_list":["post-262163","post","type-post","status-publish","format-standard","has-post-thumbnail","","category-we-love-belgian-cinema","category-a-l-affiche"],"yoast_head":"<!-- This site is optimized with the Yoast SEO plugin v20.4 - https:\/\/yoast.com\/wordpress\/plugins\/seo\/ -->\n<title>A voir: &quot;Volcan&quot; de St\u00e9fanne Prijot - We Love Cinema<\/title>\n<meta name=\"robots\" content=\"index, follow, max-snippet:-1, max-image-preview:large, max-video-preview:-1\" \/>\n<link rel=\"canonical\" href=\"https:\/\/welovecinema.be\/fr\/a-voir-volcan-de-stefanne-prijot\/\" \/>\n<meta property=\"og:locale\" content=\"fr_FR\" \/>\n<meta property=\"og:type\" content=\"article\" \/>\n<meta property=\"og:title\" content=\"A voir: &quot;Volcan&quot; de St\u00e9fanne Prijot - We Love Cinema\" \/>\n<meta property=\"og:description\" content=\"Ce mercredi 27 novembre sort au Kinographe Volcan, le nouveau documentaire de St\u00e9fanne Prijot, r\u00e9alisatrice du film La vie d&rsquo;une petite culotte, qui pose une question ultra-moderne: pourquoi et peut-on mettre au monde des enfants aujourd&rsquo;hui? Au Chili, les glaciers fondent, les for\u00eats s\u2019enflamment, les in\u00e9galit\u00e9s se creusent, la r\u00e9volte sociale gronde&#8230; Entre raison et &hellip;\" \/>\n<meta property=\"og:url\" content=\"https:\/\/welovecinema.be\/fr\/a-voir-volcan-de-stefanne-prijot\/\" \/>\n<meta property=\"og:site_name\" content=\"We Love Cinema\" \/>\n<meta property=\"article:publisher\" content=\"https:\/\/www.facebook.com\/welovecinema.be\" \/>\n<meta property=\"article:published_time\" content=\"2024-11-26T15:59:00+00:00\" \/>\n<meta property=\"og:image\" content=\"https:\/\/welovecinema.be\/wp-content\/uploads\/sites\/2\/2024\/11\/volcan_headersite.jpeg\" \/>\n\t<meta property=\"og:image:width\" content=\"2052\" \/>\n\t<meta property=\"og:image:height\" content=\"700\" \/>\n\t<meta property=\"og:image:type\" content=\"image\/jpeg\" \/>\n<meta name=\"author\" content=\"Aurore Engelen\" \/>\n<meta name=\"twitter:card\" content=\"summary_large_image\" \/>\n<meta name=\"twitter:label1\" content=\"\u00c9crit par\" \/>\n\t<meta name=\"twitter:data1\" content=\"Aurore Engelen\" \/>\n\t<meta name=\"twitter:label2\" content=\"Dur\u00e9e de lecture estim\u00e9e\" \/>\n\t<meta name=\"twitter:data2\" content=\"2 minutes\" \/>\n<script type=\"application\/ld+json\" class=\"yoast-schema-graph\">{\"@context\":\"https:\/\/schema.org\",\"@graph\":[{\"@type\":\"Article\",\"@id\":\"https:\/\/welovecinema.be\/fr\/a-voir-volcan-de-stefanne-prijot\/#article\",\"isPartOf\":{\"@id\":\"https:\/\/welovecinema.be\/fr\/a-voir-volcan-de-stefanne-prijot\/\"},\"author\":{\"name\":\"Aurore Engelen\",\"@id\":\"https:\/\/welovecinema.be\/nl\/#\/schema\/person\/8084b68c6b176142d073695c654dc7cf\"},\"headline\":\"A voir: \u00ab\u00a0Volcan\u00a0\u00bb de St\u00e9fanne Prijot\",\"datePublished\":\"2024-11-26T15:59:00+00:00\",\"dateModified\":\"2024-11-26T15:59:00+00:00\",\"mainEntityOfPage\":{\"@id\":\"https:\/\/welovecinema.be\/fr\/a-voir-volcan-de-stefanne-prijot\/\"},\"wordCount\":266,\"publisher\":{\"@id\":\"https:\/\/welovecinema.be\/nl\/#organization\"},\"articleSection\":[\"\u00a0We Love Belgian Cinema\",\"A l'affiche\"],\"inLanguage\":\"fr-FR\"},{\"@type\":\"WebPage\",\"@id\":\"https:\/\/welovecinema.be\/fr\/a-voir-volcan-de-stefanne-prijot\/\",\"url\":\"https:\/\/welovecinema.be\/fr\/a-voir-volcan-de-stefanne-prijot\/\",\"name\":\"A voir: \\\"Volcan\\\" de St\u00e9fanne Prijot - We Love Cinema\",\"isPartOf\":{\"@id\":\"https:\/\/welovecinema.be\/nl\/#website\"},\"datePublished\":\"2024-11-26T15:59:00+00:00\",\"dateModified\":\"2024-11-26T15:59:00+00:00\",\"breadcrumb\":{\"@id\":\"https:\/\/welovecinema.be\/fr\/a-voir-volcan-de-stefanne-prijot\/#breadcrumb\"},\"inLanguage\":\"fr-FR\",\"potentialAction\":[{\"@type\":\"ReadAction\",\"target\":[\"https:\/\/welovecinema.be\/fr\/a-voir-volcan-de-stefanne-prijot\/\"]}]},{\"@type\":\"BreadcrumbList\",\"@id\":\"https:\/\/welovecinema.be\/fr\/a-voir-volcan-de-stefanne-prijot\/#breadcrumb\",\"itemListElement\":[{\"@type\":\"ListItem\",\"position\":1,\"name\":\"Accueil\",\"item\":\"https:\/\/welovecinema.be\/fr\/\"},{\"@type\":\"ListItem\",\"position\":2,\"name\":\"A voir: \u00ab\u00a0Volcan\u00a0\u00bb de St\u00e9fanne Prijot\"}]},{\"@type\":\"WebSite\",\"@id\":\"https:\/\/welovecinema.be\/nl\/#website\",\"url\":\"https:\/\/welovecinema.be\/nl\/\",\"name\":\"We Love Cinema\",\"description\":\"Toute l\u2019information du cin\u00e9ma en Belgique\",\"publisher\":{\"@id\":\"https:\/\/welovecinema.be\/nl\/#organization\"},\"potentialAction\":[{\"@type\":\"SearchAction\",\"target\":{\"@type\":\"EntryPoint\",\"urlTemplate\":\"https:\/\/welovecinema.be\/nl\/?s={search_term_string}\"},\"query-input\":\"required name=search_term_string\"}],\"inLanguage\":\"fr-FR\"},{\"@type\":\"Organization\",\"@id\":\"https:\/\/welovecinema.be\/nl\/#organization\",\"name\":\"We Love Cinema\",\"url\":\"https:\/\/welovecinema.be\/nl\/\",\"logo\":{\"@type\":\"ImageObject\",\"inLanguage\":\"fr-FR\",\"@id\":\"https:\/\/welovecinema.be\/nl\/#\/schema\/logo\/image\/\",\"url\":\"https:\/\/welovecinema.be\/wp-content\/uploads\/sites\/2\/2023\/03\/Logo-We-Love-Cinema305x128.jpg\",\"contentUrl\":\"https:\/\/welovecinema.be\/wp-content\/uploads\/sites\/2\/2023\/03\/Logo-We-Love-Cinema305x128.jpg\",\"width\":305,\"height\":128,\"caption\":\"We Love Cinema\"},\"image\":{\"@id\":\"https:\/\/welovecinema.be\/nl\/#\/schema\/logo\/image\/\"},\"sameAs\":[\"https:\/\/www.facebook.com\/welovecinema.be\",\"https:\/\/www.youtube.com\/channel\/UCX5LYGVhnKvYauW4Nta4HJA\",\"https:\/\/www.instagram.com\/welovecinema.be\/\"]},{\"@type\":\"Person\",\"@id\":\"https:\/\/welovecinema.be\/nl\/#\/schema\/person\/8084b68c6b176142d073695c654dc7cf\",\"name\":\"Aurore Engelen\",\"url\":\"https:\/\/welovecinema.be\/fr\/author\/aurore-engelen\/\"}]}<\/script>\n<!-- \/ Yoast SEO plugin. -->","yoast_head_json":{"title":"A voir: \"Volcan\" de St\u00e9fanne Prijot - We Love Cinema","robots":{"index":"index","follow":"follow","max-snippet":"max-snippet:-1","max-image-preview":"max-image-preview:large","max-video-preview":"max-video-preview:-1"},"canonical":"https:\/\/welovecinema.be\/fr\/a-voir-volcan-de-stefanne-prijot\/","og_locale":"fr_FR","og_type":"article","og_title":"A voir: \"Volcan\" de St\u00e9fanne Prijot - We Love Cinema","og_description":"Ce mercredi 27 novembre sort au Kinographe Volcan, le nouveau documentaire de St\u00e9fanne Prijot, r\u00e9alisatrice du film La vie d&rsquo;une petite culotte, qui pose une question ultra-moderne: pourquoi et peut-on mettre au monde des enfants aujourd&rsquo;hui? Au Chili, les glaciers fondent, les for\u00eats s\u2019enflamment, les in\u00e9galit\u00e9s se creusent, la r\u00e9volte sociale gronde&#8230; Entre raison et &hellip;","og_url":"https:\/\/welovecinema.be\/fr\/a-voir-volcan-de-stefanne-prijot\/","og_site_name":"We Love Cinema","article_publisher":"https:\/\/www.facebook.com\/welovecinema.be","article_published_time":"2024-11-26T15:59:00+00:00","og_image":[{"width":2052,"height":700,"url":"https:\/\/welovecinema.be\/wp-content\/uploads\/sites\/2\/2024\/11\/volcan_headersite.jpeg","type":"image\/jpeg"}],"author":"Aurore Engelen","twitter_card":"summary_large_image","twitter_misc":{"\u00c9crit par":"Aurore Engelen","Dur\u00e9e de lecture estim\u00e9e":"2 minutes"},"schema":{"@context":"https:\/\/schema.org","@graph":[{"@type":"Article","@id":"https:\/\/welovecinema.be\/fr\/a-voir-volcan-de-stefanne-prijot\/#article","isPartOf":{"@id":"https:\/\/welovecinema.be\/fr\/a-voir-volcan-de-stefanne-prijot\/"},"author":{"name":"Aurore Engelen","@id":"https:\/\/welovecinema.be\/nl\/#\/schema\/person\/8084b68c6b176142d073695c654dc7cf"},"headline":"A voir: \u00ab\u00a0Volcan\u00a0\u00bb de St\u00e9fanne Prijot","datePublished":"2024-11-26T15:59:00+00:00","dateModified":"2024-11-26T15:59:00+00:00","mainEntityOfPage":{"@id":"https:\/\/welovecinema.be\/fr\/a-voir-volcan-de-stefanne-prijot\/"},"wordCount":266,"publisher":{"@id":"https:\/\/welovecinema.be\/nl\/#organization"},"articleSection":["\u00a0We Love Belgian Cinema","A l'affiche"],"inLanguage":"fr-FR"},{"@type":"WebPage","@id":"https:\/\/welovecinema.be\/fr\/a-voir-volcan-de-stefanne-prijot\/","url":"https:\/\/welovecinema.be\/fr\/a-voir-volcan-de-stefanne-prijot\/","name":"A voir: \"Volcan\" de St\u00e9fanne Prijot - We Love Cinema","isPartOf":{"@id":"https:\/\/welovecinema.be\/nl\/#website"},"datePublished":"2024-11-26T15:59:00+00:00","dateModified":"2024-11-26T15:59:00+00:00","breadcrumb":{"@id":"https:\/\/welovecinema.be\/fr\/a-voir-volcan-de-stefanne-prijot\/#breadcrumb"},"inLanguage":"fr-FR","potentialAction":[{"@type":"ReadAction","target":["https:\/\/welovecinema.be\/fr\/a-voir-volcan-de-stefanne-prijot\/"]}]},{"@type":"BreadcrumbList","@id":"https:\/\/welovecinema.be\/fr\/a-voir-volcan-de-stefanne-prijot\/#breadcrumb","itemListElement":[{"@type":"ListItem","position":1,"name":"Accueil","item":"https:\/\/welovecinema.be\/fr\/"},{"@type":"ListItem","position":2,"name":"A voir: \u00ab\u00a0Volcan\u00a0\u00bb de St\u00e9fanne Prijot"}]},{"@type":"WebSite","@id":"https:\/\/welovecinema.be\/nl\/#website","url":"https:\/\/welovecinema.be\/nl\/","name":"We Love Cinema","description":"Toute l\u2019information du cin\u00e9ma en Belgique","publisher":{"@id":"https:\/\/welovecinema.be\/nl\/#organization"},"potentialAction":[{"@type":"SearchAction","target":{"@type":"EntryPoint","urlTemplate":"https:\/\/welovecinema.be\/nl\/?s={search_term_string}"},"query-input":"required name=search_term_string"}],"inLanguage":"fr-FR"},{"@type":"Organization","@id":"https:\/\/welovecinema.be\/nl\/#organization","name":"We Love Cinema","url":"https:\/\/welovecinema.be\/nl\/","logo":{"@type":"ImageObject","inLanguage":"fr-FR","@id":"https:\/\/welovecinema.be\/nl\/#\/schema\/logo\/image\/","url":"https:\/\/welovecinema.be\/wp-content\/uploads\/sites\/2\/2023\/03\/Logo-We-Love-Cinema305x128.jpg","contentUrl":"https:\/\/welovecinema.be\/wp-content\/uploads\/sites\/2\/2023\/03\/Logo-We-Love-Cinema305x128.jpg","width":305,"height":128,"caption":"We Love Cinema"},"image":{"@id":"https:\/\/welovecinema.be\/nl\/#\/schema\/logo\/image\/"},"sameAs":["https:\/\/www.facebook.com\/welovecinema.be","https:\/\/www.youtube.com\/channel\/UCX5LYGVhnKvYauW4Nta4HJA","https:\/\/www.instagram.com\/welovecinema.be\/"]},{"@type":"Person","@id":"https:\/\/welovecinema.be\/nl\/#\/schema\/person\/8084b68c6b176142d073695c654dc7cf","name":"Aurore Engelen","url":"https:\/\/welovecinema.be\/fr\/author\/aurore-engelen\/"}]}},"_links":{"self":[{"href":"https:\/\/welovecinema.be\/fr\/wp-json\/wp\/v2\/posts\/262163","targetHints":{"allow":["GET"]}}],"collection":[{"href":"https:\/\/welovecinema.be\/fr\/wp-json\/wp\/v2\/posts"}],"about":[{"href":"https:\/\/welovecinema.be\/fr\/wp-json\/wp\/v2\/types\/post"}],"author":[{"embeddable":true,"href":"https:\/\/welovecinema.be\/fr\/wp-json\/wp\/v2\/users\/343"}],"replies":[{"embeddable":true,"href":"https:\/\/welovecinema.be\/fr\/wp-json\/wp\/v2\/comments?post=262163"}],"version-history":[{"count":2,"href":"https:\/\/welovecinema.be\/fr\/wp-json\/wp\/v2\/posts\/262163\/revisions"}],"predecessor-version":[{"id":262167,"href":"https:\/\/welovecinema.be\/fr\/wp-json\/wp\/v2\/posts\/262163\/revisions\/262167"}],"wp:featuredmedia":[{"embeddable":true,"href":"https:\/\/welovecinema.be\/fr\/wp-json\/wp\/v2\/media\/262165"}],"wp:attachment":[{"href":"https:\/\/welovecinema.be\/fr\/wp-json\/wp\/v2\/media?parent=262163"}],"wp:term":[{"taxonomy":"category","embeddable":true,"href":"https:\/\/welovecinema.be\/fr\/wp-json\/wp\/v2\/categories?post=262163"},{"taxonomy":"post_tag","embeddable":true,"href":"https:\/\/welovecinema.be\/fr\/wp-json\/wp\/v2\/tags?post=262163"}],"curies":[{"name":"wp","href":"https:\/\/api.w.org\/{rel}","templated":true}]}}