{"id":262044,"date":"2024-11-20T09:16:17","date_gmt":"2024-11-20T08:16:17","guid":{"rendered":"https:\/\/welovecinema.be\/?p=262044"},"modified":"2024-11-20T09:40:20","modified_gmt":"2024-11-20T08:40:20","slug":"kneecap-biopic-atypique","status":"publish","type":"post","link":"https:\/\/welovecinema.be\/fr\/kneecap-biopic-atypique\/","title":{"rendered":"\u00ab\u00a0Kneecap\u00a0\u00bb, biopic atypique\u00a0!"},"content":{"rendered":"<p><strong>Kneecap, groupe de rap irlandais et trio issu de Belfast, devient la figure de proue improbable d&rsquo;un mouvement de d\u00e9fense des droits civiques visant \u00e0 sauver leur langue maternelle. Et c\u2019est parti pour un film du m\u00eame nom, entre biopic, com\u00e9die et drame. Sortie ce mercredi 20 novembre !<\/strong><\/p>\n<p>Lorsque le destin r\u00e9unit JJ, un professeur de musique qui s&rsquo;ennuie, et ses amis Naoise et Liam \u00d3g, c&rsquo;est le d\u00e9but d&rsquo;un mouvement hip-hop irlandais sans pr\u00e9c\u00e9dent. Rappant dans leur langue maternelle (mais aussi parfois en anglais !), le trio rebelle Kneecap perce et devient bient\u00f4t la figure de proue d&rsquo;un mouvement de d\u00e9fense des droits civiques visant \u00e0 sauver la langue irlandaise. Alors que le d\u00e9bat \u00e9clate dans l&rsquo;ar\u00e8ne publique, la police et les politiciens font tout leur possible pour faire taire le trio anarchique. Et les spectateurs pr\u00e9sents au festival de Werchter l\u2019\u00e9t\u00e9 dernier, o\u00f9 officiait le groupe, peuvent t\u00e9moigner que le message port\u00e9 par la bande est totalement compatible avec une musique aussi entra\u00eenante qu\u2019agit\u00e9e. On ne s\u2019est donc pas ennuy\u00e9s une seconde, pas plus qu\u2019on ne se tournera les pouces face au film qui relate donc cette croisade pour la langue.<\/p>\n<p><iframe loading=\"lazy\" title=\"KNEECAP - Official BE trailer\" width=\"618\" height=\"348\" src=\"https:\/\/www.youtube.com\/embed\/g_hCJytsltM?feature=oembed\" frameborder=\"0\" allow=\"accelerometer; autoplay; clipboard-write; encrypted-media; gyroscope; picture-in-picture; web-share\" referrerpolicy=\"strict-origin-when-cross-origin\" allowfullscreen><\/iframe><\/p>\n<p>\u00ab\u00a0<em>Belfast, c&rsquo;est une ville tr\u00e8s forte pour la musique traditionnelle irlandaise, mais cela reste tr\u00e8s informel non plus. Ce n&rsquo;est pas exactement comme une sc\u00e8ne, il n&rsquo;y a pas de r\u00e9p\u00e9titions ou quoi que ce soit avant de faire un concert, parce que tout le monde conna\u00eet les chansons. Elles ont des centaines d&rsquo;ann\u00e9es, et tu te regroupes juste et tu joues, et tu bois. C&rsquo;est comme \u00e7a que je d\u00e9crirais Belfast musicalement parlant\u00a0<\/em>\u00bb, pose l\u2019un des leaders du groupe.<\/p>\n<p>Avant d\u2019en venir au film proprement dit\u00a0: \u00ab<em>\u00a0Il y a eu un gros retour de la langue qui a commenc\u00e9 dans le Nord vers les ann\u00e9es 70, et bien s\u00fbr avant dans le Sud, genre 1920, dans les ann\u00e9es o\u00f9 l&rsquo;Etat libre a commenc\u00e9 \u00e0 exister. Et maintenant, il y a une r\u00e9surgence aussi dans les grandes villes, parce qu&rsquo;il y a 200 ans, tout le monde parlait encore irlandais, et maintenant il n&rsquo;y a que ceux de l&rsquo;extr\u00eame-ouest, dans les Gaeltacht, qui n&rsquo;ont jamais arr\u00eat\u00e9. Mais heureusement la langue revient beaucoup, et dans les grandes villes les gens voient enfin \u00e7a comme autre chose qu&rsquo;une mati\u00e8re \u00e0 l&rsquo;\u00e9cole. Parce que ce n&rsquo;est pas des maths, c&rsquo;est notre vie, et notre histoire. Il fallait raconter tout ceci, notre lutte. Mais pas de mani\u00e8re trop pr\u00e9vie.\u00a0Le film biographique a \u00e9t\u00e9 fait et refait jusqu\u2019\u00e0 l\u2019\u00e9coeurement. G\u00e9n\u00e9ralement, on y parle de gens qui sont d\u00e9c\u00e9d\u00e9s ou qui sont vraiment \u00e0 la fin de leur carri\u00e8re. Faire un biopic sur un groupe de musique qui n\u2019avait pas encore vraiment fait para\u00eetre d\u2019album, qui n\u2019avait pas encore sign\u00e9 de contrat avec une maison de disques, qui chante dans une langue que presque personne d\u2019autre ne parle, \u00e7a fr\u00f4lait l\u2019illogisme. Et c\u2019est exactement la raison pour laquelle nous avons voulu le faire. Dans ce contexte, il aurait \u00e9t\u00e9 \u00e9trange de demander \u00e0 quelqu\u2019un d\u2019interpr\u00e9ter une personne inconnue de la plupart des spectateurs.\u00a0\u00bb<\/em><\/p>\n<p>Un film qui a bien failli ne jamais se faire\u00a0! En fait, son r\u00e9alisateur, Rich Peppiatt, entrait par hasard dans un bar de Belfast lorsqu\u2019il a entendu pour la premi\u00e8re fois les rythmes bouillonnants de Kneecap. <em>\u00ab J\u2019\u00e9tais impressionn\u00e9 par sa musique et par sa pr\u00e9sence sur sc\u00e8ne, qui me rappelait en quelque sorte un jeune Rage Against the Machine. Parfois, j\u2019ai l\u2019impression que la musique est devenue manufactur\u00e9e et trop prudente. L\u00e0, je me retrouvais soudainement devant trois mecs qui n\u2019avaient pas peur de dire ce qu\u2019ils voulaient dire et de faire ce qu\u2019ils voulaient faire, de lancer des sacs de fausse coca\u00efne dans la foule ou de se faire tatouer<\/em> \u201cDehors les Brits\u201d <em>sur le derri\u00e8re. Leur attitude punk m\u2019a s\u00e9duit. G\u00e9n\u00e9ralement, la bande sonore vient assez tard dans le processus, mais cette fois, c\u2019\u00e9tait mon mat\u00e9riel de d\u00e9part. Je n\u2019ai jamais commenc\u00e9 un projet avec une vision aussi claire de ce que je voulais accomplir. Je voulais que l\u2019\u00e9nergie du groupe soit refl\u00e9t\u00e9e, que ce soit chaotique, que \u00e7a bouge dans tous les sens. Pour r\u00e9aliser mon ambition, j\u2019ai \u00e9norm\u00e9ment travaill\u00e9 en amont, dessin\u00e9 un sc\u00e9narimage extr\u00eamement pr\u00e9cis, o\u00f9 chaque transition \u00e9tait pr\u00e9vue et r\u00e9fl\u00e9chie. Si le rendu est punk et anarchique, en coulisses, tout \u00e9tait extr\u00eamement planifi\u00e9 et m\u00e9thodique.\u00a0<\/em>\u00bb<\/p>\n<p>Le groupe reprend\u00a0et conclut: \u00ab\u00a0<em>Sa vision du film correspondait vraiment \u00e0 la mani\u00e8re dont nos cerveaux fonctionnent. Il voulait instaurer un rythme soutenu et transf\u00e9rer l\u2019effet bruyant et hyperactif de notre musique \u00e0 l\u2019\u00e9cran.\u00a0\u00bb<\/em><\/p>\n<p>Bref, ruez-vous pour d\u00e9couvrir ce film en forme d\u2019ovni qui en met autant dans les yeux que dans les oreilles\u00a0!<\/p>\n","protected":false},"excerpt":{"rendered":"<p>Kneecap, groupe de rap irlandais et trio issu de Belfast, devient la figure de proue improbable d&rsquo;un mouvement de d\u00e9fense des droits civiques visant \u00e0 sauver leur langue maternelle. Et c\u2019est parti pour un film du m\u00eame nom, entre biopic, com\u00e9die et drame. Sortie ce mercredi 20 novembre ! Lorsque le destin r\u00e9unit JJ, un &hellip;<\/p>\n","protected":false},"author":358,"featured_media":262041,"comment_status":"closed","ping_status":"closed","sticky":false,"template":"","format":"standard","meta":{"ngg_post_thumbnail":0,"footnotes":""},"categories":[7135,7],"tags":[],"class_list":["post-262044","post","type-post","status-publish","format-standard","has-post-thumbnail","","category-we-love-worldwide","category-actualites"],"yoast_head":"<!-- This site is optimized with the Yoast SEO plugin v20.4 - https:\/\/yoast.com\/wordpress\/plugins\/seo\/ -->\n<title>&quot;Kneecap&quot;, biopic atypique\u00a0! - We Love Cinema<\/title>\n<meta name=\"robots\" content=\"index, follow, max-snippet:-1, max-image-preview:large, max-video-preview:-1\" \/>\n<link rel=\"canonical\" href=\"https:\/\/welovecinema.be\/fr\/kneecap-biopic-atypique\/\" \/>\n<meta property=\"og:locale\" content=\"fr_FR\" \/>\n<meta property=\"og:type\" content=\"article\" \/>\n<meta property=\"og:title\" content=\"&quot;Kneecap&quot;, biopic atypique\u00a0! - We Love Cinema\" \/>\n<meta property=\"og:description\" content=\"Kneecap, groupe de rap irlandais et trio issu de Belfast, devient la figure de proue improbable d&rsquo;un mouvement de d\u00e9fense des droits civiques visant \u00e0 sauver leur langue maternelle. Et c\u2019est parti pour un film du m\u00eame nom, entre biopic, com\u00e9die et drame. Sortie ce mercredi 20 novembre ! Lorsque le destin r\u00e9unit JJ, un &hellip;\" \/>\n<meta property=\"og:url\" content=\"https:\/\/welovecinema.be\/fr\/kneecap-biopic-atypique\/\" \/>\n<meta property=\"og:site_name\" content=\"We Love Cinema\" \/>\n<meta property=\"article:publisher\" content=\"https:\/\/www.facebook.com\/welovecinema.be\" \/>\n<meta property=\"article:published_time\" content=\"2024-11-20T08:16:17+00:00\" \/>\n<meta property=\"article:modified_time\" content=\"2024-11-20T08:40:20+00:00\" \/>\n<meta property=\"og:image\" content=\"https:\/\/welovecinema.be\/wp-content\/uploads\/sites\/2\/2024\/11\/kneecap.jpg\" \/>\n\t<meta property=\"og:image:width\" content=\"896\" \/>\n\t<meta property=\"og:image:height\" content=\"640\" \/>\n\t<meta property=\"og:image:type\" content=\"image\/jpeg\" \/>\n<meta name=\"author\" content=\"fred\" \/>\n<meta name=\"twitter:card\" content=\"summary_large_image\" \/>\n<meta name=\"twitter:label1\" content=\"\u00c9crit par\" \/>\n\t<meta name=\"twitter:data1\" content=\"fred\" \/>\n\t<meta name=\"twitter:label2\" content=\"Dur\u00e9e de lecture estim\u00e9e\" \/>\n\t<meta name=\"twitter:data2\" content=\"4 minutes\" \/>\n<script type=\"application\/ld+json\" class=\"yoast-schema-graph\">{\"@context\":\"https:\/\/schema.org\",\"@graph\":[{\"@type\":\"Article\",\"@id\":\"https:\/\/welovecinema.be\/fr\/kneecap-biopic-atypique\/#article\",\"isPartOf\":{\"@id\":\"https:\/\/welovecinema.be\/fr\/kneecap-biopic-atypique\/\"},\"author\":{\"name\":\"fred\",\"@id\":\"https:\/\/welovecinema.be\/nl\/#\/schema\/person\/7620619142b6dd3c9aa19e9210ad5bd5\"},\"headline\":\"\u00ab\u00a0Kneecap\u00a0\u00bb, biopic atypique\u00a0!\",\"datePublished\":\"2024-11-20T08:16:17+00:00\",\"dateModified\":\"2024-11-20T08:40:20+00:00\",\"mainEntityOfPage\":{\"@id\":\"https:\/\/welovecinema.be\/fr\/kneecap-biopic-atypique\/\"},\"wordCount\":906,\"publisher\":{\"@id\":\"https:\/\/welovecinema.be\/nl\/#organization\"},\"articleSection\":[\"\u00a0We Love Worldwide Cinema\",\"News\"],\"inLanguage\":\"fr-FR\"},{\"@type\":\"WebPage\",\"@id\":\"https:\/\/welovecinema.be\/fr\/kneecap-biopic-atypique\/\",\"url\":\"https:\/\/welovecinema.be\/fr\/kneecap-biopic-atypique\/\",\"name\":\"\\\"Kneecap\\\", biopic atypique\u00a0! - We Love Cinema\",\"isPartOf\":{\"@id\":\"https:\/\/welovecinema.be\/nl\/#website\"},\"datePublished\":\"2024-11-20T08:16:17+00:00\",\"dateModified\":\"2024-11-20T08:40:20+00:00\",\"breadcrumb\":{\"@id\":\"https:\/\/welovecinema.be\/fr\/kneecap-biopic-atypique\/#breadcrumb\"},\"inLanguage\":\"fr-FR\",\"potentialAction\":[{\"@type\":\"ReadAction\",\"target\":[\"https:\/\/welovecinema.be\/fr\/kneecap-biopic-atypique\/\"]}]},{\"@type\":\"BreadcrumbList\",\"@id\":\"https:\/\/welovecinema.be\/fr\/kneecap-biopic-atypique\/#breadcrumb\",\"itemListElement\":[{\"@type\":\"ListItem\",\"position\":1,\"name\":\"Accueil\",\"item\":\"https:\/\/welovecinema.be\/fr\/\"},{\"@type\":\"ListItem\",\"position\":2,\"name\":\"\u00ab\u00a0Kneecap\u00a0\u00bb, biopic atypique\u00a0!\"}]},{\"@type\":\"WebSite\",\"@id\":\"https:\/\/welovecinema.be\/nl\/#website\",\"url\":\"https:\/\/welovecinema.be\/nl\/\",\"name\":\"We Love Cinema\",\"description\":\"Toute l\u2019information du cin\u00e9ma en Belgique\",\"publisher\":{\"@id\":\"https:\/\/welovecinema.be\/nl\/#organization\"},\"potentialAction\":[{\"@type\":\"SearchAction\",\"target\":{\"@type\":\"EntryPoint\",\"urlTemplate\":\"https:\/\/welovecinema.be\/nl\/?s={search_term_string}\"},\"query-input\":\"required name=search_term_string\"}],\"inLanguage\":\"fr-FR\"},{\"@type\":\"Organization\",\"@id\":\"https:\/\/welovecinema.be\/nl\/#organization\",\"name\":\"We Love Cinema\",\"url\":\"https:\/\/welovecinema.be\/nl\/\",\"logo\":{\"@type\":\"ImageObject\",\"inLanguage\":\"fr-FR\",\"@id\":\"https:\/\/welovecinema.be\/nl\/#\/schema\/logo\/image\/\",\"url\":\"https:\/\/welovecinema.be\/wp-content\/uploads\/sites\/2\/2023\/03\/Logo-We-Love-Cinema305x128.jpg\",\"contentUrl\":\"https:\/\/welovecinema.be\/wp-content\/uploads\/sites\/2\/2023\/03\/Logo-We-Love-Cinema305x128.jpg\",\"width\":305,\"height\":128,\"caption\":\"We Love Cinema\"},\"image\":{\"@id\":\"https:\/\/welovecinema.be\/nl\/#\/schema\/logo\/image\/\"},\"sameAs\":[\"https:\/\/www.facebook.com\/welovecinema.be\",\"https:\/\/www.youtube.com\/channel\/UCX5LYGVhnKvYauW4Nta4HJA\",\"https:\/\/www.instagram.com\/welovecinema.be\/\"]},{\"@type\":\"Person\",\"@id\":\"https:\/\/welovecinema.be\/nl\/#\/schema\/person\/7620619142b6dd3c9aa19e9210ad5bd5\",\"name\":\"fred\",\"url\":\"https:\/\/welovecinema.be\/fr\/author\/fred\/\"}]}<\/script>\n<!-- \/ Yoast SEO plugin. -->","yoast_head_json":{"title":"\"Kneecap\", biopic atypique\u00a0! - We Love Cinema","robots":{"index":"index","follow":"follow","max-snippet":"max-snippet:-1","max-image-preview":"max-image-preview:large","max-video-preview":"max-video-preview:-1"},"canonical":"https:\/\/welovecinema.be\/fr\/kneecap-biopic-atypique\/","og_locale":"fr_FR","og_type":"article","og_title":"\"Kneecap\", biopic atypique\u00a0! - We Love Cinema","og_description":"Kneecap, groupe de rap irlandais et trio issu de Belfast, devient la figure de proue improbable d&rsquo;un mouvement de d\u00e9fense des droits civiques visant \u00e0 sauver leur langue maternelle. Et c\u2019est parti pour un film du m\u00eame nom, entre biopic, com\u00e9die et drame. Sortie ce mercredi 20 novembre ! Lorsque le destin r\u00e9unit JJ, un &hellip;","og_url":"https:\/\/welovecinema.be\/fr\/kneecap-biopic-atypique\/","og_site_name":"We Love Cinema","article_publisher":"https:\/\/www.facebook.com\/welovecinema.be","article_published_time":"2024-11-20T08:16:17+00:00","article_modified_time":"2024-11-20T08:40:20+00:00","og_image":[{"width":896,"height":640,"url":"https:\/\/welovecinema.be\/wp-content\/uploads\/sites\/2\/2024\/11\/kneecap.jpg","type":"image\/jpeg"}],"author":"fred","twitter_card":"summary_large_image","twitter_misc":{"\u00c9crit par":"fred","Dur\u00e9e de lecture estim\u00e9e":"4 minutes"},"schema":{"@context":"https:\/\/schema.org","@graph":[{"@type":"Article","@id":"https:\/\/welovecinema.be\/fr\/kneecap-biopic-atypique\/#article","isPartOf":{"@id":"https:\/\/welovecinema.be\/fr\/kneecap-biopic-atypique\/"},"author":{"name":"fred","@id":"https:\/\/welovecinema.be\/nl\/#\/schema\/person\/7620619142b6dd3c9aa19e9210ad5bd5"},"headline":"\u00ab\u00a0Kneecap\u00a0\u00bb, biopic atypique\u00a0!","datePublished":"2024-11-20T08:16:17+00:00","dateModified":"2024-11-20T08:40:20+00:00","mainEntityOfPage":{"@id":"https:\/\/welovecinema.be\/fr\/kneecap-biopic-atypique\/"},"wordCount":906,"publisher":{"@id":"https:\/\/welovecinema.be\/nl\/#organization"},"articleSection":["\u00a0We Love Worldwide Cinema","News"],"inLanguage":"fr-FR"},{"@type":"WebPage","@id":"https:\/\/welovecinema.be\/fr\/kneecap-biopic-atypique\/","url":"https:\/\/welovecinema.be\/fr\/kneecap-biopic-atypique\/","name":"\"Kneecap\", biopic atypique\u00a0! - We Love Cinema","isPartOf":{"@id":"https:\/\/welovecinema.be\/nl\/#website"},"datePublished":"2024-11-20T08:16:17+00:00","dateModified":"2024-11-20T08:40:20+00:00","breadcrumb":{"@id":"https:\/\/welovecinema.be\/fr\/kneecap-biopic-atypique\/#breadcrumb"},"inLanguage":"fr-FR","potentialAction":[{"@type":"ReadAction","target":["https:\/\/welovecinema.be\/fr\/kneecap-biopic-atypique\/"]}]},{"@type":"BreadcrumbList","@id":"https:\/\/welovecinema.be\/fr\/kneecap-biopic-atypique\/#breadcrumb","itemListElement":[{"@type":"ListItem","position":1,"name":"Accueil","item":"https:\/\/welovecinema.be\/fr\/"},{"@type":"ListItem","position":2,"name":"\u00ab\u00a0Kneecap\u00a0\u00bb, biopic atypique\u00a0!"}]},{"@type":"WebSite","@id":"https:\/\/welovecinema.be\/nl\/#website","url":"https:\/\/welovecinema.be\/nl\/","name":"We Love Cinema","description":"Toute l\u2019information du cin\u00e9ma en Belgique","publisher":{"@id":"https:\/\/welovecinema.be\/nl\/#organization"},"potentialAction":[{"@type":"SearchAction","target":{"@type":"EntryPoint","urlTemplate":"https:\/\/welovecinema.be\/nl\/?s={search_term_string}"},"query-input":"required name=search_term_string"}],"inLanguage":"fr-FR"},{"@type":"Organization","@id":"https:\/\/welovecinema.be\/nl\/#organization","name":"We Love Cinema","url":"https:\/\/welovecinema.be\/nl\/","logo":{"@type":"ImageObject","inLanguage":"fr-FR","@id":"https:\/\/welovecinema.be\/nl\/#\/schema\/logo\/image\/","url":"https:\/\/welovecinema.be\/wp-content\/uploads\/sites\/2\/2023\/03\/Logo-We-Love-Cinema305x128.jpg","contentUrl":"https:\/\/welovecinema.be\/wp-content\/uploads\/sites\/2\/2023\/03\/Logo-We-Love-Cinema305x128.jpg","width":305,"height":128,"caption":"We Love Cinema"},"image":{"@id":"https:\/\/welovecinema.be\/nl\/#\/schema\/logo\/image\/"},"sameAs":["https:\/\/www.facebook.com\/welovecinema.be","https:\/\/www.youtube.com\/channel\/UCX5LYGVhnKvYauW4Nta4HJA","https:\/\/www.instagram.com\/welovecinema.be\/"]},{"@type":"Person","@id":"https:\/\/welovecinema.be\/nl\/#\/schema\/person\/7620619142b6dd3c9aa19e9210ad5bd5","name":"fred","url":"https:\/\/welovecinema.be\/fr\/author\/fred\/"}]}},"_links":{"self":[{"href":"https:\/\/welovecinema.be\/fr\/wp-json\/wp\/v2\/posts\/262044","targetHints":{"allow":["GET"]}}],"collection":[{"href":"https:\/\/welovecinema.be\/fr\/wp-json\/wp\/v2\/posts"}],"about":[{"href":"https:\/\/welovecinema.be\/fr\/wp-json\/wp\/v2\/types\/post"}],"author":[{"embeddable":true,"href":"https:\/\/welovecinema.be\/fr\/wp-json\/wp\/v2\/users\/358"}],"replies":[{"embeddable":true,"href":"https:\/\/welovecinema.be\/fr\/wp-json\/wp\/v2\/comments?post=262044"}],"version-history":[{"count":2,"href":"https:\/\/welovecinema.be\/fr\/wp-json\/wp\/v2\/posts\/262044\/revisions"}],"predecessor-version":[{"id":262048,"href":"https:\/\/welovecinema.be\/fr\/wp-json\/wp\/v2\/posts\/262044\/revisions\/262048"}],"wp:featuredmedia":[{"embeddable":true,"href":"https:\/\/welovecinema.be\/fr\/wp-json\/wp\/v2\/media\/262041"}],"wp:attachment":[{"href":"https:\/\/welovecinema.be\/fr\/wp-json\/wp\/v2\/media?parent=262044"}],"wp:term":[{"taxonomy":"category","embeddable":true,"href":"https:\/\/welovecinema.be\/fr\/wp-json\/wp\/v2\/categories?post=262044"},{"taxonomy":"post_tag","embeddable":true,"href":"https:\/\/welovecinema.be\/fr\/wp-json\/wp\/v2\/tags?post=262044"}],"curies":[{"name":"wp","href":"https:\/\/api.w.org\/{rel}","templated":true}]}}