{"id":262042,"date":"2024-11-26T10:53:22","date_gmt":"2024-11-26T09:53:22","guid":{"rendered":"https:\/\/welovecinema.be\/?p=262042"},"modified":"2024-11-28T14:05:48","modified_gmt":"2024-11-28T13:05:48","slug":"retour-sur-le-tournage-de-on-vous-croit-darnaud-dufeys-et-charlotte-devillers","status":"publish","type":"post","link":"https:\/\/welovecinema.be\/fr\/retour-sur-le-tournage-de-on-vous-croit-darnaud-dufeys-et-charlotte-devillers\/","title":{"rendered":"Retour sur le tournage de \u00ab\u00a0On vous croit\u00a0\u00bb d&rsquo;Arnaud Dufeys et Charlotte Devillers"},"content":{"rendered":"<p><strong>Au printemps dernier, Arnaud Dufeys et Charlotte Devillers tournaient leur premier long m\u00e9trage, <em>On vous croit<\/em>, avec Myriem Akheddiou et Laurent Capelluto. On les a rencontr\u00e9s \u00e0 la fin du montage pour parler de ce premier essai.\u00a0<\/strong><\/p>\n<p>L&rsquo;histoire de <em>On vous croit<\/em>? On y suit l<span style=\"font-family: -apple-system, BlinkMacSystemFont, 'Segoe UI', Roboto, Oxygen, Oxygen-Sans, Ubuntu, Cantarell, 'Helvetica Neue', 'Open Sans', Arial, sans-serif\">e combat d\u2019Alice, une m\u00e8re de famille de 40 ans. Face a\u0300 la juge, elle n\u2019a pas droit a\u0300 l\u2019erreur : il faut a\u0300 tout prix qu\u2019elle parvienne a\u0300 faire entendre la parole de ses enfants, terrorise\u0301s a\u0300 l\u2019ide\u0301e de revoir leur pe\u0300re. Mais aujourd\u2019hui, plus qu\u2019au pe\u0300re, c\u2019est a\u0300 Alice que la justice demande de rendre des comptes\u2026 Une th\u00e9matique ultra contemporaine et un film qui met en r\u00e9cit la question de la parole des femmes, et de la prise en charge par la justice des violences familiales et conjugales.<\/span><\/p>\n<p class=\"p1\"><em><strong>Quelles sont les origines de ce projet?<\/strong><\/em><\/p>\n<p class=\"p1\"><strong>Charlotte Devillers<\/strong><\/p>\n<p class=\"p1\">Arnaud et moi travaillons ensemble sur un long m\u00e9trage, <em>Plaisir<\/em>, depuis plus de 4 ans. Quand nous avons vu l\u2019appel \u00e0 projet pour l&rsquo;aide aux productions l\u00e9g\u00e8res, on s\u2019est dit que c\u2019\u00e9tait l\u2019occasion de faire rapidement un film qui parlerait des situations de violences sexistes et sexuelles et d\u2019inceste, quelque chose d\u2019\u00e0 la fois tr\u00e8s pr\u00e9sent, et tr\u00e8s silencieux, que je connais en tant qu\u2019infirmi\u00e8re, puisque c\u2019est ma formation.<\/p>\n<p class=\"p1\"><strong>Arnaud Dufeys<\/strong><\/p>\n<p class=\"p1\">On commen\u00e7ait \u00e0 parler de la question de l\u2019inceste et de l\u2019ampleur du ph\u00e9nom\u00e8ne dans les m\u00e9dias, mais on trouvait qu\u2019il y avait encore des choses \u00e0 raconter sur le traitement en justice de ces questions. Or, tout vient de l\u00e0. Les incesteurs et pr\u00e9dateurs sexuels restent la plupart du temps impunis, et c\u2019est \u00e7a qui fait que le ph\u00e9nom\u00e8ne persiste.<\/p>\n<p class=\"p1\"><strong>Charlotte Devillers<\/strong><\/p>\n<p class=\"p1\">On a eu l\u2019occasion de participer \u00e0 des r\u00e9unions publiques dans le cadre de la CIIVISE, et on s\u2019est rendu compte que ces probl\u00e9matiques touchaient \u00e9norm\u00e9ment de monde, et que la parole des m\u00e8res et des enfants n\u2019est absolument pas prise en compte. On pr\u00f4ne la lib\u00e9ration de la parole, mais quand les enfants et les m\u00e8res parlent, on ne les croit pas. Alors on a pris le temps d\u2019\u00e9couter beaucoup de t\u00e9moignages.\u00a0 Ce parcours de justice est extr\u00eamement long, \u00e9prouvant, et n\u2019aboutit quasiment \u00e0 aucune condamnation, faute de preuve.<\/p>\n<p class=\"p1\"><strong>Arnaud Dufeys<\/strong><\/p>\n<p class=\"p1\">Dans l\u2019\u00e9criture, on est partis du syndrome d\u2019ali\u00e9nation parentale souvent utilis\u00e9 en justice pour la d\u00e9fense des agresseurs. On part toujours du principe qu&rsquo;il y a la pr\u00e9somption d\u2019innocence, et que les m\u00e8res peuvent \u00eatre ali\u00e9nantes pour les enfants, les influencer \u00e0 tel point qu\u2019ils mentent en justice. Les juges aujourd\u2019hui commencent tout juste \u00e0 ne plus tenir compte seulement de la pr\u00e9somption d\u2019innocence, mais aussi du fait que les enfants peuvent \u00eatre en danger, et que le principe de pr\u00e9caution prime. D\u00e8s qu\u2019on parle de ces situations, souvent, les personnes pr\u00e9f\u00e8rent ne pas y croire. Se dire qu\u2019il arrive souvent que des m\u00e8res mentent. C\u2019est plus confortable que de penser que des p\u00e8res violent.<\/p>\n<p><img loading=\"lazy\" decoding=\"async\" class=\"alignnone size-large wp-image-262152\" src=\"https:\/\/welovecinema.be\/wp-content\/uploads\/sites\/2\/2024\/11\/Tournage-OVC-5-800x572.jpg\" alt=\"\" width=\"618\" height=\"442\" srcset=\"https:\/\/welovecinema.be\/wp-content\/uploads\/sites\/2\/2024\/11\/Tournage-OVC-5-800x572.jpg 800w, https:\/\/welovecinema.be\/wp-content\/uploads\/sites\/2\/2024\/11\/Tournage-OVC-5-378x270.jpg 378w, https:\/\/welovecinema.be\/wp-content\/uploads\/sites\/2\/2024\/11\/Tournage-OVC-5-768x549.jpg 768w, https:\/\/welovecinema.be\/wp-content\/uploads\/sites\/2\/2024\/11\/Tournage-OVC-5-1536x1098.jpg 1536w, https:\/\/welovecinema.be\/wp-content\/uploads\/sites\/2\/2024\/11\/Tournage-OVC-5-100x72.jpg 100w, https:\/\/welovecinema.be\/wp-content\/uploads\/sites\/2\/2024\/11\/Tournage-OVC-5.jpg 1948w\" sizes=\"auto, (max-width: 618px) 100vw, 618px\" \/><\/p>\n<p class=\"p1\"><strong>Charlotte Devillers<\/strong><\/p>\n<p class=\"p1\">On pense que les m\u00e8res mentent, manipulent. Mais on perd de vue que d\u2019abord, elle doivent recevoir la parole des enfants, r\u00e9v\u00e9lation qui peut \u00eatre extr\u00eamement violente. Ensuite, elles doivent l\u2019expliquer, et elles ont tellement envie d\u2019\u00eatre crues, qu\u2019elles ont un discours fort et engag\u00e9 qui peut les faire passer pour folles. Et puis on peut devenir folle, \u00e0 penser qu&rsquo;on ne nous croit pas. L\u2019agresseur utilise \u00e7a en justice. C\u2019est aussi ce qu\u2019on a voulu montrer. Combien ces paroles ne sont ni entendues ni crues, et comment ces m\u00e8res peuvent p\u00e9ter un c\u00e2ble. Encore plus quand comme elles passent pour folles, on remet les enfants au p\u00e8re, ce qui arrive la plupart du temps.<\/p>\n<p class=\"p1\"><strong>Arnaud Dufeys<\/strong><\/p>\n<p class=\"p1\">La trajectoire que l\u2019on a choisie, c\u2019est celle d\u2019une m\u00e8re englu\u00e9e dans des proc\u00e9dures judiciaires \u00e0 r\u00e9p\u00e9tition, qui du coup semble dysfonctionnelle avec ses enfants, pour d\u00e9construire cette id\u00e9e dans le film. Elle est l\u00e0 avant tout pour prot\u00e9ger ses enfants, ce qui la rend intense. Toutes ces proc\u00e9dures la rendent dingue.<\/p>\n<p class=\"p1\"><strong>Charlotte Devillers<\/strong><\/p>\n<p class=\"p1\">Il y a le tribunal de la famille, le tribunal des enfants, les instances p\u00e9nales. Tout ne se parle pas tr\u00e8s bien, m\u00eame si on constate des progr\u00e8s. Il faut sans cesse r\u00e9p\u00e9ter la m\u00eame chose pour faire entendre la parole des enfants. Notre choix, c\u2019\u00e9tait de laisser la place \u00e0 la parole de la m\u00e8re et des enfants. On prend le temps de lui permettre d\u2019exprimer compl\u00e8tement sa vision des choses, et de prendre conscience de l\u00e0 o\u00f9 \u00e7a dysfonctionne.<\/p>\n<p><img loading=\"lazy\" decoding=\"async\" class=\"alignnone size-large wp-image-262158\" src=\"https:\/\/welovecinema.be\/wp-content\/uploads\/sites\/2\/2024\/11\/Tournage-OVC-15-745x600.jpg\" alt=\"\" width=\"618\" height=\"498\" srcset=\"https:\/\/welovecinema.be\/wp-content\/uploads\/sites\/2\/2024\/11\/Tournage-OVC-15-745x600.jpg 745w, https:\/\/welovecinema.be\/wp-content\/uploads\/sites\/2\/2024\/11\/Tournage-OVC-15-335x270.jpg 335w, https:\/\/welovecinema.be\/wp-content\/uploads\/sites\/2\/2024\/11\/Tournage-OVC-15-768x619.jpg 768w, https:\/\/welovecinema.be\/wp-content\/uploads\/sites\/2\/2024\/11\/Tournage-OVC-15-1536x1237.jpg 1536w, https:\/\/welovecinema.be\/wp-content\/uploads\/sites\/2\/2024\/11\/Tournage-OVC-15-2048x1650.jpg 2048w\" sizes=\"auto, (max-width: 618px) 100vw, 618px\" \/><\/p>\n<p class=\"p1\"><em><strong>Qui sont vos personnages?<\/strong><\/em><\/p>\n<p class=\"p1\"><strong>Arnaud Dufeys<\/strong><\/p>\n<p class=\"p1\">Le film \u00e9pouse principalement le point de vue de cette m\u00e8re, qui doit rendre des comptes \u00e0 la justice. Le film commence alors qu\u2019elle se rend au tribunal de la jeunesse. Ses enfants, exc\u00e9d\u00e9s par le processus, n\u2019ont pas envie d\u2019y aller, elle doit les y trainer. On assiste \u00e0 une rupture entre la m\u00e8re et les enfants, une rupture de lien, ils se parlent peu ou mal. Tout au long d\u2019une matin\u00e9e d\u2019audience, par le fait de devoir prendre la parole, elle se r\u00e9-approprie sa place de m\u00e8re, aux yeux des autres, et surtout de ses enfants. Elle va comprendre qu\u2019elle n\u2019est pas fautive.<\/p>\n<p class=\"p1\"><em><strong>C\u2019est une parole tellement r\u00e9p\u00e9t\u00e9e qu\u2019elle en a perdu tout sens?<\/strong><\/em><\/p>\n<p class=\"p1\"><strong>Charlotte Devillers<\/strong><\/p>\n<p class=\"p1\">Exactement. On a choisi de travailler avec de vrais avocats, pour \u00eatre au plus proche de cette r\u00e9alit\u00e9. On voulait aussi travailler avec le syst\u00e8me, pour essayer d\u2019avoir une lecture commune de ces r\u00e9alit\u00e9s qu\u2019on ne veut pas voir. Les chiffres sont \u00e9difiants, cela repr\u00e9sente plus de 160.000 enfants en France. Ce sont trois enfants par classe victimes de violences sexuelles et d\u2019inceste. Je le vois au quotidien dans mon travail d&rsquo;infirmi\u00e8re. Qu\u2019ils soient encore enfants, ou devenus adultes, ils vivent un pr\u00e9sent perp\u00e9tuel de la violence. A chaque fois qu\u2019on leur demande de raconter leur histoire, de restituer les choses, c\u2019est une nouvelle souffrance, un nouveau pr\u00e9sent de la violence. C\u2019est pourquoi nous n&rsquo;avons n\u2019a pas fait un documentaire, mais une fiction, pour mettre en avant la parole de la m\u00e8re, et le temps de l\u2019\u00e9coute. Dans la vraie vie, ces audiences durent dix minutes. Il y a un d\u00e9ni social tr\u00e8s important sur ces questions.<\/p>\n<p><img loading=\"lazy\" decoding=\"async\" class=\"alignnone size-large wp-image-262156\" src=\"https:\/\/welovecinema.be\/wp-content\/uploads\/sites\/2\/2024\/11\/Tournage-OVC-11-685x600.jpg\" alt=\"\" width=\"618\" height=\"541\" srcset=\"https:\/\/welovecinema.be\/wp-content\/uploads\/sites\/2\/2024\/11\/Tournage-OVC-11-685x600.jpg 685w, https:\/\/welovecinema.be\/wp-content\/uploads\/sites\/2\/2024\/11\/Tournage-OVC-11-308x270.jpg 308w, https:\/\/welovecinema.be\/wp-content\/uploads\/sites\/2\/2024\/11\/Tournage-OVC-11-768x673.jpg 768w, https:\/\/welovecinema.be\/wp-content\/uploads\/sites\/2\/2024\/11\/Tournage-OVC-11-1536x1345.jpg 1536w, https:\/\/welovecinema.be\/wp-content\/uploads\/sites\/2\/2024\/11\/Tournage-OVC-11-2048x1794.jpg 2048w\" sizes=\"auto, (max-width: 618px) 100vw, 618px\" \/><\/p>\n<p class=\"p1\"><strong>Arnaud Dufeys<\/strong><\/p>\n<p class=\"p1\">Nous avons voulu repr\u00e9senter la justice de mani\u00e8re contemporaine, sans l\u2019accabler. On est aupr\u00e8s de cette femme, avec autour d\u2019elle des avocats, des juges qui sont progressistes, qui ont une pens\u00e9e \u00e9volutive, mais qui sont dans un syst\u00e8me. Il fallait \u00eatre tr\u00e8s sobres, que la place de la parole soit importante, la mise en sc\u00e8ne n\u2019est pas tr\u00e8s sophistiqu\u00e9e, ce sont les mots qui prennent le dessus.<span class=\"Apple-converted-space\">\u00a0 <\/span>C\u2019est tr\u00e8s \u00e9pur\u00e9. Tout converge vers une sc\u00e8ne centrale de 55mn, en temps r\u00e9el, le temps de l\u2019audience. O\u00f9 tout le monde prend la parole l\u2019un apr\u00e8s l\u2019autre. D\u2019abord les avocats du p\u00e8re et de la m\u00e8re qui pr\u00e9sentent les faits et font leur demande. L\u2019avocat des enfants qui est sens\u00e9 \u00eatre neutre. On entend les parents l\u2019un apr\u00e8s l\u2019autre. On a tourn\u00e9 cette sc\u00e8ne avec trois cam\u00e9ras, en une seule prise, pour que les avocats puissent d\u00e9ployer leur jeu. Les acteurs ont appris mot par mot ce qu\u2019on avait \u00e9crit. Les avocats s\u2019en sont inspir\u00e9, mais ont pr\u00e9par\u00e9 leur plaidoirie comme pour une audience r\u00e9elle. On voulait que le travail naturaliste avec les avocats ait un impact sur le jeu des acteurs. Que les deux se nourrissent.<\/p>\n<p class=\"p1\"><strong>Charlotte Devillers<\/strong><\/p>\n<p class=\"p1\">La justice a de toutes fa\u00e7ons un aspect tr\u00e8s th\u00e9\u00e2tral. Les avocats ont cette aisance \u00e0 l\u2019oral. Ceux avec lesquels nous avons travaill\u00e9 avaient une exp\u00e9rience dans la protection de l\u2019enfance. Avec les com\u00e9diens, \u00e7a a \u00e9t\u00e9 une vraie rencontre, comme avec un client.\u00a0 La juge est jou\u00e9e par Natali Broods, une incroyable actrice flamande. C\u2019est Myriem Akheddiou qui joue la m\u00e8re. Laurent Capelluto joue le p\u00e8re.<\/p>\n<p class=\"p1\"><em><strong>Quel \u00e9tait le plus grand d\u00e9fi pour vous?<\/strong><\/em><\/p>\n<p class=\"p1\"><strong>Arnaud Dufeys<\/strong><\/p>\n<p class=\"p1\">Rendre digne et juste cette parole dans le d\u00e9tail. R<span style=\"font-family: -apple-system, BlinkMacSystemFont, 'Segoe UI', Roboto, Oxygen, Oxygen-Sans, Ubuntu, Cantarell, 'Helvetica Neue', 'Open Sans', Arial, sans-serif\">endre perceptible l\u2019id\u00e9e qu\u2019elle ne peut pas mentir. Il n\u2019y a pas de preuve \u00e9vidente, mais l\u2019accumulation de d\u00e9tails qui ne peuvent pas \u00eatre invent\u00e9s fait preuve.\u00a0<\/span><\/p>\n<p class=\"p1\"><strong>Charlotte Devillers<\/strong><\/p>\n<p class=\"p1\">Il fallait qu\u2019on comprenne au fur et \u00e0 mesure de l\u2019audience que \u00e7a ne peut pas \u00eatre autrement. Dire \u00ab on vous croit \u00bb, c\u2019est un verbe d\u2019action, presque. En tous cas il faut agir ensuite. Une fois qu\u2019on a dit \u00e7a, qu\u2019est-ce qui se passe?<\/p>\n<p class=\"p1\"><strong>Arnaud Dufeys<\/strong><\/p>\n<p class=\"p1\">Comme le disait Arnaud Gallais dans <em>Lib\u00e9ration<\/em> en novembre dernier, \u00ab\u00a0Apr\u00e8s Je te crois, il faut dire Je te prot\u00e8ge\u00a0\u00bb.<\/p>\n<p class=\"p1\"><strong>Charlotte Devillers<\/strong><\/p>\n<p class=\"p1\">Il faut entendre, croire, et puis agir ensemble, via la justice, l\u2019\u00e9ducation, la sant\u00e9. La soci\u00e9t\u00e9 doit bouger et mettre des choses ensemble. Ca va \u00eatre long, on le sait, mais il faut agir.<\/p>\n","protected":false},"excerpt":{"rendered":"<p>Au printemps dernier, Arnaud Dufeys et Charlotte Devillers tournaient leur premier long m\u00e9trage, On vous croit, avec Myriem Akheddiou et Laurent Capelluto. On les a rencontr\u00e9s \u00e0 la fin du montage pour parler de ce premier essai.\u00a0 L&rsquo;histoire de On vous croit? On y suit le combat d\u2019Alice, une m\u00e8re de famille de 40 ans. &hellip;<\/p>\n","protected":false},"author":343,"featured_media":262148,"comment_status":"closed","ping_status":"closed","sticky":false,"template":"","format":"standard","meta":{"ngg_post_thumbnail":0,"footnotes":""},"categories":[7134,53,12,1978,11],"tags":[],"class_list":["post-262042","post","type-post","status-publish","format-standard","has-post-thumbnail","","category-we-love-belgian-cinema","category-coming-soon","category-awards","category-interviews","category-tournages"],"yoast_head":"<!-- This site is optimized with the Yoast SEO plugin v20.4 - https:\/\/yoast.com\/wordpress\/plugins\/seo\/ -->\n<title>Retour sur le tournage de &quot;On vous croit&quot; d&#039;Arnaud Dufeys et Charlotte Devillers - We Love Cinema<\/title>\n<meta name=\"robots\" content=\"index, follow, max-snippet:-1, max-image-preview:large, max-video-preview:-1\" \/>\n<link rel=\"canonical\" href=\"https:\/\/welovecinema.be\/fr\/retour-sur-le-tournage-de-on-vous-croit-darnaud-dufeys-et-charlotte-devillers\/\" \/>\n<meta property=\"og:locale\" content=\"fr_FR\" \/>\n<meta property=\"og:type\" content=\"article\" \/>\n<meta property=\"og:title\" content=\"Retour sur le tournage de &quot;On vous croit&quot; d&#039;Arnaud Dufeys et Charlotte Devillers - We Love Cinema\" \/>\n<meta property=\"og:description\" content=\"Au printemps dernier, Arnaud Dufeys et Charlotte Devillers tournaient leur premier long m\u00e9trage, On vous croit, avec Myriem Akheddiou et Laurent Capelluto. On les a rencontr\u00e9s \u00e0 la fin du montage pour parler de ce premier essai.\u00a0 L&rsquo;histoire de On vous croit? On y suit le combat d\u2019Alice, une m\u00e8re de famille de 40 ans. &hellip;\" \/>\n<meta property=\"og:url\" content=\"https:\/\/welovecinema.be\/fr\/retour-sur-le-tournage-de-on-vous-croit-darnaud-dufeys-et-charlotte-devillers\/\" \/>\n<meta property=\"og:site_name\" content=\"We Love Cinema\" \/>\n<meta property=\"article:publisher\" content=\"https:\/\/www.facebook.com\/welovecinema.be\" \/>\n<meta property=\"article:published_time\" content=\"2024-11-26T09:53:22+00:00\" \/>\n<meta property=\"article:modified_time\" content=\"2024-11-28T13:05:48+00:00\" \/>\n<meta property=\"og:image\" content=\"https:\/\/welovecinema.be\/wp-content\/uploads\/sites\/2\/2024\/11\/ArnaudDufeysCharlotteDevillers-scaled.jpg\" \/>\n\t<meta property=\"og:image:width\" content=\"2560\" \/>\n\t<meta property=\"og:image:height\" content=\"1536\" \/>\n\t<meta property=\"og:image:type\" content=\"image\/jpeg\" \/>\n<meta name=\"author\" content=\"Aurore Engelen\" \/>\n<meta name=\"twitter:card\" content=\"summary_large_image\" \/>\n<meta name=\"twitter:label1\" content=\"\u00c9crit par\" \/>\n\t<meta name=\"twitter:data1\" content=\"Aurore Engelen\" \/>\n\t<meta name=\"twitter:label2\" content=\"Dur\u00e9e de lecture estim\u00e9e\" \/>\n\t<meta name=\"twitter:data2\" content=\"8 minutes\" \/>\n<script type=\"application\/ld+json\" class=\"yoast-schema-graph\">{\"@context\":\"https:\/\/schema.org\",\"@graph\":[{\"@type\":\"Article\",\"@id\":\"https:\/\/welovecinema.be\/fr\/retour-sur-le-tournage-de-on-vous-croit-darnaud-dufeys-et-charlotte-devillers\/#article\",\"isPartOf\":{\"@id\":\"https:\/\/welovecinema.be\/fr\/retour-sur-le-tournage-de-on-vous-croit-darnaud-dufeys-et-charlotte-devillers\/\"},\"author\":{\"name\":\"Aurore Engelen\",\"@id\":\"https:\/\/welovecinema.be\/nl\/#\/schema\/person\/8084b68c6b176142d073695c654dc7cf\"},\"headline\":\"Retour sur le tournage de \u00ab\u00a0On vous croit\u00a0\u00bb d&rsquo;Arnaud Dufeys et Charlotte Devillers\",\"datePublished\":\"2024-11-26T09:53:22+00:00\",\"dateModified\":\"2024-11-28T13:05:48+00:00\",\"mainEntityOfPage\":{\"@id\":\"https:\/\/welovecinema.be\/fr\/retour-sur-le-tournage-de-on-vous-croit-darnaud-dufeys-et-charlotte-devillers\/\"},\"wordCount\":1659,\"publisher\":{\"@id\":\"https:\/\/welovecinema.be\/nl\/#organization\"},\"articleSection\":[\"\u00a0We Love Belgian Cinema\",\"Coming soon\",\"Evenements\",\"Rencontres\",\"Tournages\"],\"inLanguage\":\"fr-FR\"},{\"@type\":\"WebPage\",\"@id\":\"https:\/\/welovecinema.be\/fr\/retour-sur-le-tournage-de-on-vous-croit-darnaud-dufeys-et-charlotte-devillers\/\",\"url\":\"https:\/\/welovecinema.be\/fr\/retour-sur-le-tournage-de-on-vous-croit-darnaud-dufeys-et-charlotte-devillers\/\",\"name\":\"Retour sur le tournage de \\\"On vous croit\\\" d'Arnaud Dufeys et Charlotte Devillers - We Love Cinema\",\"isPartOf\":{\"@id\":\"https:\/\/welovecinema.be\/nl\/#website\"},\"datePublished\":\"2024-11-26T09:53:22+00:00\",\"dateModified\":\"2024-11-28T13:05:48+00:00\",\"breadcrumb\":{\"@id\":\"https:\/\/welovecinema.be\/fr\/retour-sur-le-tournage-de-on-vous-croit-darnaud-dufeys-et-charlotte-devillers\/#breadcrumb\"},\"inLanguage\":\"fr-FR\",\"potentialAction\":[{\"@type\":\"ReadAction\",\"target\":[\"https:\/\/welovecinema.be\/fr\/retour-sur-le-tournage-de-on-vous-croit-darnaud-dufeys-et-charlotte-devillers\/\"]}]},{\"@type\":\"BreadcrumbList\",\"@id\":\"https:\/\/welovecinema.be\/fr\/retour-sur-le-tournage-de-on-vous-croit-darnaud-dufeys-et-charlotte-devillers\/#breadcrumb\",\"itemListElement\":[{\"@type\":\"ListItem\",\"position\":1,\"name\":\"Accueil\",\"item\":\"https:\/\/welovecinema.be\/fr\/\"},{\"@type\":\"ListItem\",\"position\":2,\"name\":\"Retour sur le tournage de \u00ab\u00a0On vous croit\u00a0\u00bb d&rsquo;Arnaud Dufeys et Charlotte Devillers\"}]},{\"@type\":\"WebSite\",\"@id\":\"https:\/\/welovecinema.be\/nl\/#website\",\"url\":\"https:\/\/welovecinema.be\/nl\/\",\"name\":\"We Love Cinema\",\"description\":\"Toute l\u2019information du cin\u00e9ma en Belgique\",\"publisher\":{\"@id\":\"https:\/\/welovecinema.be\/nl\/#organization\"},\"potentialAction\":[{\"@type\":\"SearchAction\",\"target\":{\"@type\":\"EntryPoint\",\"urlTemplate\":\"https:\/\/welovecinema.be\/nl\/?s={search_term_string}\"},\"query-input\":\"required name=search_term_string\"}],\"inLanguage\":\"fr-FR\"},{\"@type\":\"Organization\",\"@id\":\"https:\/\/welovecinema.be\/nl\/#organization\",\"name\":\"We Love Cinema\",\"url\":\"https:\/\/welovecinema.be\/nl\/\",\"logo\":{\"@type\":\"ImageObject\",\"inLanguage\":\"fr-FR\",\"@id\":\"https:\/\/welovecinema.be\/nl\/#\/schema\/logo\/image\/\",\"url\":\"https:\/\/welovecinema.be\/wp-content\/uploads\/sites\/2\/2023\/03\/Logo-We-Love-Cinema305x128.jpg\",\"contentUrl\":\"https:\/\/welovecinema.be\/wp-content\/uploads\/sites\/2\/2023\/03\/Logo-We-Love-Cinema305x128.jpg\",\"width\":305,\"height\":128,\"caption\":\"We Love Cinema\"},\"image\":{\"@id\":\"https:\/\/welovecinema.be\/nl\/#\/schema\/logo\/image\/\"},\"sameAs\":[\"https:\/\/www.facebook.com\/welovecinema.be\",\"https:\/\/www.youtube.com\/channel\/UCX5LYGVhnKvYauW4Nta4HJA\",\"https:\/\/www.instagram.com\/welovecinema.be\/\"]},{\"@type\":\"Person\",\"@id\":\"https:\/\/welovecinema.be\/nl\/#\/schema\/person\/8084b68c6b176142d073695c654dc7cf\",\"name\":\"Aurore Engelen\",\"url\":\"https:\/\/welovecinema.be\/fr\/author\/aurore-engelen\/\"}]}<\/script>\n<!-- \/ Yoast SEO plugin. -->","yoast_head_json":{"title":"Retour sur le tournage de \"On vous croit\" d'Arnaud Dufeys et Charlotte Devillers - We Love Cinema","robots":{"index":"index","follow":"follow","max-snippet":"max-snippet:-1","max-image-preview":"max-image-preview:large","max-video-preview":"max-video-preview:-1"},"canonical":"https:\/\/welovecinema.be\/fr\/retour-sur-le-tournage-de-on-vous-croit-darnaud-dufeys-et-charlotte-devillers\/","og_locale":"fr_FR","og_type":"article","og_title":"Retour sur le tournage de \"On vous croit\" d'Arnaud Dufeys et Charlotte Devillers - We Love Cinema","og_description":"Au printemps dernier, Arnaud Dufeys et Charlotte Devillers tournaient leur premier long m\u00e9trage, On vous croit, avec Myriem Akheddiou et Laurent Capelluto. On les a rencontr\u00e9s \u00e0 la fin du montage pour parler de ce premier essai.\u00a0 L&rsquo;histoire de On vous croit? On y suit le combat d\u2019Alice, une m\u00e8re de famille de 40 ans. &hellip;","og_url":"https:\/\/welovecinema.be\/fr\/retour-sur-le-tournage-de-on-vous-croit-darnaud-dufeys-et-charlotte-devillers\/","og_site_name":"We Love Cinema","article_publisher":"https:\/\/www.facebook.com\/welovecinema.be","article_published_time":"2024-11-26T09:53:22+00:00","article_modified_time":"2024-11-28T13:05:48+00:00","og_image":[{"width":2560,"height":1536,"url":"https:\/\/welovecinema.be\/wp-content\/uploads\/sites\/2\/2024\/11\/ArnaudDufeysCharlotteDevillers-scaled.jpg","type":"image\/jpeg"}],"author":"Aurore Engelen","twitter_card":"summary_large_image","twitter_misc":{"\u00c9crit par":"Aurore Engelen","Dur\u00e9e de lecture estim\u00e9e":"8 minutes"},"schema":{"@context":"https:\/\/schema.org","@graph":[{"@type":"Article","@id":"https:\/\/welovecinema.be\/fr\/retour-sur-le-tournage-de-on-vous-croit-darnaud-dufeys-et-charlotte-devillers\/#article","isPartOf":{"@id":"https:\/\/welovecinema.be\/fr\/retour-sur-le-tournage-de-on-vous-croit-darnaud-dufeys-et-charlotte-devillers\/"},"author":{"name":"Aurore Engelen","@id":"https:\/\/welovecinema.be\/nl\/#\/schema\/person\/8084b68c6b176142d073695c654dc7cf"},"headline":"Retour sur le tournage de \u00ab\u00a0On vous croit\u00a0\u00bb d&rsquo;Arnaud Dufeys et Charlotte Devillers","datePublished":"2024-11-26T09:53:22+00:00","dateModified":"2024-11-28T13:05:48+00:00","mainEntityOfPage":{"@id":"https:\/\/welovecinema.be\/fr\/retour-sur-le-tournage-de-on-vous-croit-darnaud-dufeys-et-charlotte-devillers\/"},"wordCount":1659,"publisher":{"@id":"https:\/\/welovecinema.be\/nl\/#organization"},"articleSection":["\u00a0We Love Belgian Cinema","Coming soon","Evenements","Rencontres","Tournages"],"inLanguage":"fr-FR"},{"@type":"WebPage","@id":"https:\/\/welovecinema.be\/fr\/retour-sur-le-tournage-de-on-vous-croit-darnaud-dufeys-et-charlotte-devillers\/","url":"https:\/\/welovecinema.be\/fr\/retour-sur-le-tournage-de-on-vous-croit-darnaud-dufeys-et-charlotte-devillers\/","name":"Retour sur le tournage de \"On vous croit\" d'Arnaud Dufeys et Charlotte Devillers - We Love Cinema","isPartOf":{"@id":"https:\/\/welovecinema.be\/nl\/#website"},"datePublished":"2024-11-26T09:53:22+00:00","dateModified":"2024-11-28T13:05:48+00:00","breadcrumb":{"@id":"https:\/\/welovecinema.be\/fr\/retour-sur-le-tournage-de-on-vous-croit-darnaud-dufeys-et-charlotte-devillers\/#breadcrumb"},"inLanguage":"fr-FR","potentialAction":[{"@type":"ReadAction","target":["https:\/\/welovecinema.be\/fr\/retour-sur-le-tournage-de-on-vous-croit-darnaud-dufeys-et-charlotte-devillers\/"]}]},{"@type":"BreadcrumbList","@id":"https:\/\/welovecinema.be\/fr\/retour-sur-le-tournage-de-on-vous-croit-darnaud-dufeys-et-charlotte-devillers\/#breadcrumb","itemListElement":[{"@type":"ListItem","position":1,"name":"Accueil","item":"https:\/\/welovecinema.be\/fr\/"},{"@type":"ListItem","position":2,"name":"Retour sur le tournage de \u00ab\u00a0On vous croit\u00a0\u00bb d&rsquo;Arnaud Dufeys et Charlotte Devillers"}]},{"@type":"WebSite","@id":"https:\/\/welovecinema.be\/nl\/#website","url":"https:\/\/welovecinema.be\/nl\/","name":"We Love Cinema","description":"Toute l\u2019information du cin\u00e9ma en Belgique","publisher":{"@id":"https:\/\/welovecinema.be\/nl\/#organization"},"potentialAction":[{"@type":"SearchAction","target":{"@type":"EntryPoint","urlTemplate":"https:\/\/welovecinema.be\/nl\/?s={search_term_string}"},"query-input":"required name=search_term_string"}],"inLanguage":"fr-FR"},{"@type":"Organization","@id":"https:\/\/welovecinema.be\/nl\/#organization","name":"We Love Cinema","url":"https:\/\/welovecinema.be\/nl\/","logo":{"@type":"ImageObject","inLanguage":"fr-FR","@id":"https:\/\/welovecinema.be\/nl\/#\/schema\/logo\/image\/","url":"https:\/\/welovecinema.be\/wp-content\/uploads\/sites\/2\/2023\/03\/Logo-We-Love-Cinema305x128.jpg","contentUrl":"https:\/\/welovecinema.be\/wp-content\/uploads\/sites\/2\/2023\/03\/Logo-We-Love-Cinema305x128.jpg","width":305,"height":128,"caption":"We Love Cinema"},"image":{"@id":"https:\/\/welovecinema.be\/nl\/#\/schema\/logo\/image\/"},"sameAs":["https:\/\/www.facebook.com\/welovecinema.be","https:\/\/www.youtube.com\/channel\/UCX5LYGVhnKvYauW4Nta4HJA","https:\/\/www.instagram.com\/welovecinema.be\/"]},{"@type":"Person","@id":"https:\/\/welovecinema.be\/nl\/#\/schema\/person\/8084b68c6b176142d073695c654dc7cf","name":"Aurore Engelen","url":"https:\/\/welovecinema.be\/fr\/author\/aurore-engelen\/"}]}},"_links":{"self":[{"href":"https:\/\/welovecinema.be\/fr\/wp-json\/wp\/v2\/posts\/262042","targetHints":{"allow":["GET"]}}],"collection":[{"href":"https:\/\/welovecinema.be\/fr\/wp-json\/wp\/v2\/posts"}],"about":[{"href":"https:\/\/welovecinema.be\/fr\/wp-json\/wp\/v2\/types\/post"}],"author":[{"embeddable":true,"href":"https:\/\/welovecinema.be\/fr\/wp-json\/wp\/v2\/users\/343"}],"replies":[{"embeddable":true,"href":"https:\/\/welovecinema.be\/fr\/wp-json\/wp\/v2\/comments?post=262042"}],"version-history":[{"count":4,"href":"https:\/\/welovecinema.be\/fr\/wp-json\/wp\/v2\/posts\/262042\/revisions"}],"predecessor-version":[{"id":262162,"href":"https:\/\/welovecinema.be\/fr\/wp-json\/wp\/v2\/posts\/262042\/revisions\/262162"}],"wp:featuredmedia":[{"embeddable":true,"href":"https:\/\/welovecinema.be\/fr\/wp-json\/wp\/v2\/media\/262148"}],"wp:attachment":[{"href":"https:\/\/welovecinema.be\/fr\/wp-json\/wp\/v2\/media?parent=262042"}],"wp:term":[{"taxonomy":"category","embeddable":true,"href":"https:\/\/welovecinema.be\/fr\/wp-json\/wp\/v2\/categories?post=262042"},{"taxonomy":"post_tag","embeddable":true,"href":"https:\/\/welovecinema.be\/fr\/wp-json\/wp\/v2\/tags?post=262042"}],"curies":[{"name":"wp","href":"https:\/\/api.w.org\/{rel}","templated":true}]}}