{"id":260759,"date":"2024-10-03T08:43:28","date_gmt":"2024-10-03T06:43:28","guid":{"rendered":"https:\/\/welovecinema.be\/?p=260759"},"modified":"2024-10-03T08:43:28","modified_gmt":"2024-10-03T06:43:28","slug":"daniel-day-lewis-reprend-du-service","status":"publish","type":"post","link":"https:\/\/welovecinema.be\/fr\/daniel-day-lewis-reprend-du-service\/","title":{"rendered":"Daniel Day-Lewis reprend du service\u00a0!"},"content":{"rendered":"<p><strong>Sept ans apr\u00e8s <em>Phantom Thread<\/em> (photo) dans la foul\u00e9e duquel il avait pourtant annonc\u00e9 sa retraite, Daniel Day-Lewis va s\u2019y remettre pour tourner dans le premier film de son fils Ronan Day-Lewis ! Sortie probable l\u2019an prochain\u2026<\/strong><\/p>\n<p>L\u2019acteur (67 ans et trois Oscars du Meilleur Acteur \u2013 record absolu\u00a0!) ne se contentera pas juste d\u2019une apparition mais occupera l\u2018un des r\u00f4les principaux dans <em>Anemone<\/em>, premi\u00e8re r\u00e9alisation de son fils de 26 ans. Ils ont \u00e9crit le film \u00e0 quatre mains, et celui-ci d\u00e9crira les relations complexes entre p\u00e8res, fils et fr\u00e8res, ainsi que la dynamique des liens familiaux. Rayon casting, Daniel sera entour\u00e9 par Sean Bean, Samantha Morton, Samuel Bottomley et Safia Oakley-Green.<\/p>\n<p><em>\u00ab\u00a0Nous sommes ravis de nous associer \u00e0 un artiste visuel brillant comme Ronan Day-Lewis pour son premier long-m\u00e9trage aux c\u00f4t\u00e9s de Daniel Day-Lewis en tant que collaborateur cr\u00e9atif. Ils ont \u00e9crit un sc\u00e9nario vraiment exceptionnel et nous sommes impatients de pr\u00e9senter leur vision commune au public\u00a0\u00bb, <\/em>\u00a0confie Focus Features, qui produira le film.<\/p>\n","protected":false},"excerpt":{"rendered":"<p>Sept ans apr\u00e8s Phantom Thread (photo) dans la foul\u00e9e duquel il avait pourtant annonc\u00e9 sa retraite, Daniel Day-Lewis va s\u2019y remettre pour tourner dans le premier film de son fils Ronan Day-Lewis ! Sortie probable l\u2019an prochain\u2026 L\u2019acteur (67 ans et trois Oscars du Meilleur Acteur \u2013 record absolu\u00a0!) ne se contentera pas juste d\u2019une &hellip;<\/p>\n","protected":false},"author":358,"featured_media":260746,"comment_status":"closed","ping_status":"closed","sticky":false,"template":"","format":"standard","meta":{"ngg_post_thumbnail":0,"footnotes":""},"categories":[7135,7],"tags":[],"class_list":["post-260759","post","type-post","status-publish","format-standard","has-post-thumbnail","","category-we-love-worldwide","category-actualites"],"yoast_head":"<!-- This site is optimized with the Yoast SEO plugin v20.4 - https:\/\/yoast.com\/wordpress\/plugins\/seo\/ -->\n<title>Daniel Day-Lewis reprend du service\u00a0! - We Love Cinema<\/title>\n<meta name=\"robots\" content=\"index, follow, max-snippet:-1, max-image-preview:large, max-video-preview:-1\" \/>\n<link rel=\"canonical\" href=\"https:\/\/welovecinema.be\/fr\/daniel-day-lewis-reprend-du-service\/\" \/>\n<meta property=\"og:locale\" content=\"fr_FR\" \/>\n<meta property=\"og:type\" content=\"article\" \/>\n<meta property=\"og:title\" content=\"Daniel Day-Lewis reprend du service\u00a0! - We Love Cinema\" \/>\n<meta property=\"og:description\" content=\"Sept ans apr\u00e8s Phantom Thread (photo) dans la foul\u00e9e duquel il avait pourtant annonc\u00e9 sa retraite, Daniel Day-Lewis va s\u2019y remettre pour tourner dans le premier film de son fils Ronan Day-Lewis ! Sortie probable l\u2019an prochain\u2026 L\u2019acteur (67 ans et trois Oscars du Meilleur Acteur \u2013 record absolu\u00a0!) ne se contentera pas juste d\u2019une &hellip;\" \/>\n<meta property=\"og:url\" content=\"https:\/\/welovecinema.be\/fr\/daniel-day-lewis-reprend-du-service\/\" \/>\n<meta property=\"og:site_name\" content=\"We Love Cinema\" \/>\n<meta property=\"article:publisher\" content=\"https:\/\/www.facebook.com\/welovecinema.be\" \/>\n<meta property=\"article:published_time\" content=\"2024-10-03T06:43:28+00:00\" \/>\n<meta property=\"og:image\" content=\"https:\/\/welovecinema.be\/wp-content\/uploads\/sites\/2\/2024\/10\/Day-Lewis.jpg\" \/>\n\t<meta property=\"og:image:width\" content=\"656\" \/>\n\t<meta property=\"og:image:height\" content=\"343\" \/>\n\t<meta property=\"og:image:type\" content=\"image\/jpeg\" \/>\n<meta name=\"author\" content=\"fred\" \/>\n<meta name=\"twitter:card\" content=\"summary_large_image\" \/>\n<meta name=\"twitter:label1\" content=\"\u00c9crit par\" \/>\n\t<meta name=\"twitter:data1\" content=\"fred\" \/>\n\t<meta name=\"twitter:label2\" content=\"Dur\u00e9e de lecture estim\u00e9e\" \/>\n\t<meta name=\"twitter:data2\" content=\"1 minute\" \/>\n<script type=\"application\/ld+json\" class=\"yoast-schema-graph\">{\"@context\":\"https:\/\/schema.org\",\"@graph\":[{\"@type\":\"Article\",\"@id\":\"https:\/\/welovecinema.be\/fr\/daniel-day-lewis-reprend-du-service\/#article\",\"isPartOf\":{\"@id\":\"https:\/\/welovecinema.be\/fr\/daniel-day-lewis-reprend-du-service\/\"},\"author\":{\"name\":\"fred\",\"@id\":\"https:\/\/welovecinema.be\/nl\/#\/schema\/person\/7620619142b6dd3c9aa19e9210ad5bd5\"},\"headline\":\"Daniel Day-Lewis reprend du service\u00a0!\",\"datePublished\":\"2024-10-03T06:43:28+00:00\",\"dateModified\":\"2024-10-03T06:43:28+00:00\",\"mainEntityOfPage\":{\"@id\":\"https:\/\/welovecinema.be\/fr\/daniel-day-lewis-reprend-du-service\/\"},\"wordCount\":184,\"publisher\":{\"@id\":\"https:\/\/welovecinema.be\/nl\/#organization\"},\"articleSection\":[\"\u00a0We Love Worldwide Cinema\",\"News\"],\"inLanguage\":\"fr-FR\"},{\"@type\":\"WebPage\",\"@id\":\"https:\/\/welovecinema.be\/fr\/daniel-day-lewis-reprend-du-service\/\",\"url\":\"https:\/\/welovecinema.be\/fr\/daniel-day-lewis-reprend-du-service\/\",\"name\":\"Daniel Day-Lewis reprend du service\u00a0! - We Love Cinema\",\"isPartOf\":{\"@id\":\"https:\/\/welovecinema.be\/nl\/#website\"},\"datePublished\":\"2024-10-03T06:43:28+00:00\",\"dateModified\":\"2024-10-03T06:43:28+00:00\",\"breadcrumb\":{\"@id\":\"https:\/\/welovecinema.be\/fr\/daniel-day-lewis-reprend-du-service\/#breadcrumb\"},\"inLanguage\":\"fr-FR\",\"potentialAction\":[{\"@type\":\"ReadAction\",\"target\":[\"https:\/\/welovecinema.be\/fr\/daniel-day-lewis-reprend-du-service\/\"]}]},{\"@type\":\"BreadcrumbList\",\"@id\":\"https:\/\/welovecinema.be\/fr\/daniel-day-lewis-reprend-du-service\/#breadcrumb\",\"itemListElement\":[{\"@type\":\"ListItem\",\"position\":1,\"name\":\"Accueil\",\"item\":\"https:\/\/welovecinema.be\/fr\/\"},{\"@type\":\"ListItem\",\"position\":2,\"name\":\"Daniel Day-Lewis reprend du service\u00a0!\"}]},{\"@type\":\"WebSite\",\"@id\":\"https:\/\/welovecinema.be\/nl\/#website\",\"url\":\"https:\/\/welovecinema.be\/nl\/\",\"name\":\"We Love Cinema\",\"description\":\"Toute l\u2019information du cin\u00e9ma en Belgique\",\"publisher\":{\"@id\":\"https:\/\/welovecinema.be\/nl\/#organization\"},\"potentialAction\":[{\"@type\":\"SearchAction\",\"target\":{\"@type\":\"EntryPoint\",\"urlTemplate\":\"https:\/\/welovecinema.be\/nl\/?s={search_term_string}\"},\"query-input\":\"required name=search_term_string\"}],\"inLanguage\":\"fr-FR\"},{\"@type\":\"Organization\",\"@id\":\"https:\/\/welovecinema.be\/nl\/#organization\",\"name\":\"We Love Cinema\",\"url\":\"https:\/\/welovecinema.be\/nl\/\",\"logo\":{\"@type\":\"ImageObject\",\"inLanguage\":\"fr-FR\",\"@id\":\"https:\/\/welovecinema.be\/nl\/#\/schema\/logo\/image\/\",\"url\":\"https:\/\/welovecinema.be\/wp-content\/uploads\/sites\/2\/2023\/03\/Logo-We-Love-Cinema305x128.jpg\",\"contentUrl\":\"https:\/\/welovecinema.be\/wp-content\/uploads\/sites\/2\/2023\/03\/Logo-We-Love-Cinema305x128.jpg\",\"width\":305,\"height\":128,\"caption\":\"We Love Cinema\"},\"image\":{\"@id\":\"https:\/\/welovecinema.be\/nl\/#\/schema\/logo\/image\/\"},\"sameAs\":[\"https:\/\/www.facebook.com\/welovecinema.be\",\"https:\/\/www.youtube.com\/channel\/UCX5LYGVhnKvYauW4Nta4HJA\",\"https:\/\/www.instagram.com\/welovecinema.be\/\"]},{\"@type\":\"Person\",\"@id\":\"https:\/\/welovecinema.be\/nl\/#\/schema\/person\/7620619142b6dd3c9aa19e9210ad5bd5\",\"name\":\"fred\",\"url\":\"https:\/\/welovecinema.be\/fr\/author\/fred\/\"}]}<\/script>\n<!-- \/ Yoast SEO plugin. -->","yoast_head_json":{"title":"Daniel Day-Lewis reprend du service\u00a0! - We Love Cinema","robots":{"index":"index","follow":"follow","max-snippet":"max-snippet:-1","max-image-preview":"max-image-preview:large","max-video-preview":"max-video-preview:-1"},"canonical":"https:\/\/welovecinema.be\/fr\/daniel-day-lewis-reprend-du-service\/","og_locale":"fr_FR","og_type":"article","og_title":"Daniel Day-Lewis reprend du service\u00a0! - We Love Cinema","og_description":"Sept ans apr\u00e8s Phantom Thread (photo) dans la foul\u00e9e duquel il avait pourtant annonc\u00e9 sa retraite, Daniel Day-Lewis va s\u2019y remettre pour tourner dans le premier film de son fils Ronan Day-Lewis ! Sortie probable l\u2019an prochain\u2026 L\u2019acteur (67 ans et trois Oscars du Meilleur Acteur \u2013 record absolu\u00a0!) ne se contentera pas juste d\u2019une &hellip;","og_url":"https:\/\/welovecinema.be\/fr\/daniel-day-lewis-reprend-du-service\/","og_site_name":"We Love Cinema","article_publisher":"https:\/\/www.facebook.com\/welovecinema.be","article_published_time":"2024-10-03T06:43:28+00:00","og_image":[{"width":656,"height":343,"url":"https:\/\/welovecinema.be\/wp-content\/uploads\/sites\/2\/2024\/10\/Day-Lewis.jpg","type":"image\/jpeg"}],"author":"fred","twitter_card":"summary_large_image","twitter_misc":{"\u00c9crit par":"fred","Dur\u00e9e de lecture estim\u00e9e":"1 minute"},"schema":{"@context":"https:\/\/schema.org","@graph":[{"@type":"Article","@id":"https:\/\/welovecinema.be\/fr\/daniel-day-lewis-reprend-du-service\/#article","isPartOf":{"@id":"https:\/\/welovecinema.be\/fr\/daniel-day-lewis-reprend-du-service\/"},"author":{"name":"fred","@id":"https:\/\/welovecinema.be\/nl\/#\/schema\/person\/7620619142b6dd3c9aa19e9210ad5bd5"},"headline":"Daniel Day-Lewis reprend du service\u00a0!","datePublished":"2024-10-03T06:43:28+00:00","dateModified":"2024-10-03T06:43:28+00:00","mainEntityOfPage":{"@id":"https:\/\/welovecinema.be\/fr\/daniel-day-lewis-reprend-du-service\/"},"wordCount":184,"publisher":{"@id":"https:\/\/welovecinema.be\/nl\/#organization"},"articleSection":["\u00a0We Love Worldwide Cinema","News"],"inLanguage":"fr-FR"},{"@type":"WebPage","@id":"https:\/\/welovecinema.be\/fr\/daniel-day-lewis-reprend-du-service\/","url":"https:\/\/welovecinema.be\/fr\/daniel-day-lewis-reprend-du-service\/","name":"Daniel Day-Lewis reprend du service\u00a0! - We Love Cinema","isPartOf":{"@id":"https:\/\/welovecinema.be\/nl\/#website"},"datePublished":"2024-10-03T06:43:28+00:00","dateModified":"2024-10-03T06:43:28+00:00","breadcrumb":{"@id":"https:\/\/welovecinema.be\/fr\/daniel-day-lewis-reprend-du-service\/#breadcrumb"},"inLanguage":"fr-FR","potentialAction":[{"@type":"ReadAction","target":["https:\/\/welovecinema.be\/fr\/daniel-day-lewis-reprend-du-service\/"]}]},{"@type":"BreadcrumbList","@id":"https:\/\/welovecinema.be\/fr\/daniel-day-lewis-reprend-du-service\/#breadcrumb","itemListElement":[{"@type":"ListItem","position":1,"name":"Accueil","item":"https:\/\/welovecinema.be\/fr\/"},{"@type":"ListItem","position":2,"name":"Daniel Day-Lewis reprend du service\u00a0!"}]},{"@type":"WebSite","@id":"https:\/\/welovecinema.be\/nl\/#website","url":"https:\/\/welovecinema.be\/nl\/","name":"We Love Cinema","description":"Toute l\u2019information du cin\u00e9ma en Belgique","publisher":{"@id":"https:\/\/welovecinema.be\/nl\/#organization"},"potentialAction":[{"@type":"SearchAction","target":{"@type":"EntryPoint","urlTemplate":"https:\/\/welovecinema.be\/nl\/?s={search_term_string}"},"query-input":"required name=search_term_string"}],"inLanguage":"fr-FR"},{"@type":"Organization","@id":"https:\/\/welovecinema.be\/nl\/#organization","name":"We Love Cinema","url":"https:\/\/welovecinema.be\/nl\/","logo":{"@type":"ImageObject","inLanguage":"fr-FR","@id":"https:\/\/welovecinema.be\/nl\/#\/schema\/logo\/image\/","url":"https:\/\/welovecinema.be\/wp-content\/uploads\/sites\/2\/2023\/03\/Logo-We-Love-Cinema305x128.jpg","contentUrl":"https:\/\/welovecinema.be\/wp-content\/uploads\/sites\/2\/2023\/03\/Logo-We-Love-Cinema305x128.jpg","width":305,"height":128,"caption":"We Love Cinema"},"image":{"@id":"https:\/\/welovecinema.be\/nl\/#\/schema\/logo\/image\/"},"sameAs":["https:\/\/www.facebook.com\/welovecinema.be","https:\/\/www.youtube.com\/channel\/UCX5LYGVhnKvYauW4Nta4HJA","https:\/\/www.instagram.com\/welovecinema.be\/"]},{"@type":"Person","@id":"https:\/\/welovecinema.be\/nl\/#\/schema\/person\/7620619142b6dd3c9aa19e9210ad5bd5","name":"fred","url":"https:\/\/welovecinema.be\/fr\/author\/fred\/"}]}},"_links":{"self":[{"href":"https:\/\/welovecinema.be\/fr\/wp-json\/wp\/v2\/posts\/260759","targetHints":{"allow":["GET"]}}],"collection":[{"href":"https:\/\/welovecinema.be\/fr\/wp-json\/wp\/v2\/posts"}],"about":[{"href":"https:\/\/welovecinema.be\/fr\/wp-json\/wp\/v2\/types\/post"}],"author":[{"embeddable":true,"href":"https:\/\/welovecinema.be\/fr\/wp-json\/wp\/v2\/users\/358"}],"replies":[{"embeddable":true,"href":"https:\/\/welovecinema.be\/fr\/wp-json\/wp\/v2\/comments?post=260759"}],"version-history":[{"count":1,"href":"https:\/\/welovecinema.be\/fr\/wp-json\/wp\/v2\/posts\/260759\/revisions"}],"predecessor-version":[{"id":260760,"href":"https:\/\/welovecinema.be\/fr\/wp-json\/wp\/v2\/posts\/260759\/revisions\/260760"}],"wp:featuredmedia":[{"embeddable":true,"href":"https:\/\/welovecinema.be\/fr\/wp-json\/wp\/v2\/media\/260746"}],"wp:attachment":[{"href":"https:\/\/welovecinema.be\/fr\/wp-json\/wp\/v2\/media?parent=260759"}],"wp:term":[{"taxonomy":"category","embeddable":true,"href":"https:\/\/welovecinema.be\/fr\/wp-json\/wp\/v2\/categories?post=260759"},{"taxonomy":"post_tag","embeddable":true,"href":"https:\/\/welovecinema.be\/fr\/wp-json\/wp\/v2\/tags?post=260759"}],"curies":[{"name":"wp","href":"https:\/\/api.w.org\/{rel}","templated":true}]}}