{"id":260599,"date":"2024-09-18T16:45:11","date_gmt":"2024-09-18T14:45:11","guid":{"rendered":"https:\/\/welovecinema.be\/?p=260599"},"modified":"2024-09-18T16:45:11","modified_gmt":"2024-09-18T14:45:11","slug":"ca-tourne-pour-kika-dalexe-poukine","status":"publish","type":"post","link":"https:\/\/welovecinema.be\/fr\/ca-tourne-pour-kika-dalexe-poukine\/","title":{"rendered":"Ca tourne pour \u00ab\u00a0Kika\u00a0\u00bb d&rsquo;Alexe Poukine"},"content":{"rendered":"<p><strong>C&rsquo;est ce lundi qu&rsquo;a d\u00e9but\u00e9 le tournage de <em>Kika<\/em>, premier long m\u00e9trage de fiction de la cin\u00e9aste bruxelloise Alexe Poukine.<\/strong><\/p>\n<p>Premier long m\u00e9trage de fiction certes, mais pas premier long m\u00e9trage tout court, puisque la cin\u00e9aste s&rsquo;est d\u00e9j\u00e0 distingu\u00e9e avec son premier documentaire, <i>Dormir, dormir dans les pierres,<\/i> dans lequel elle part du destin singulier de son oncle pour se questionner sur ce qui m\u00e8ne un homme \u00e0 devenir sans-abri. Dans Sans frapper, qui a notamment re\u00e7u le Prix Documentaire de la Scam, elle livre une r\u00e9flexion audacieuse sur la culture du viol, en faisant relater le m\u00eame r\u00e9cit par diff\u00e9rentes personnes, toutes meurtries dans leur chair \u00e0 un moment de leur vie, \u00e9clairant sous diff\u00e9rents angles une m\u00eame histoire (on en parle <a href=\"https:\/\/welovecinema.be\/fr\/sans-frapper-deconstruire-la-culture-du-viol\/\">ici<\/a>). D\u00e9but juillet, son dernier documentaire, <i>Sauve qui peut<\/i>, recevait le Grand Prix du BRIFF, ainsi que le Prix du Public. Le film se penche sur les exercices de simulation auxquels se livrent les soignants pour apprendre \u00e0 informer les patients s\u2019interroge sur la possibilit\u00e9 de rester bienveillant dans un syst\u00e8me maltraitant. On vous en parle <a href=\"https:\/\/welovecinema.be\/fr\/sauve-qui-peut-aux-cotes-des-soignants\/\">l\u00e0<\/a>.<\/p>\n<p class=\"p1\"><i>Kika<\/i> est donc le premier long m\u00e9trage de fiction d\u2019Alexe Poukine, suivant son court m\u00e9trage <i>Palma<\/i>, Prix sp\u00e9cial du Jury et Prix d\u2019interpr\u00e9tation \u00e0 Clermont-Ferrand. <i>Kika<\/i> dresse le portrait d\u2019une jeune femme dont le compagnon vient de mourir, et qui r\u00e9alise avec stup\u00e9faction qu&rsquo;elle est enceinte. Non seulement est a le c\u0153ur en bouillie, mais en plus elle est compl\u00e8tement fauch\u00e9e. Elle est donc contrainte de hi\u00e9rarchiser ses priorit\u00e9s : en premier lieu, sortir de la mouise; en deuxi\u00e8me lieu, r\u00e9fl\u00e9chir \u00e0 garder ou non cet enfant.<\/p>\n<p class=\"p1\">Dans le r\u00f4le principal, on retrouvera la com\u00e9dienne fran\u00e7aise Manon Clavel, que l\u2019on a pu voir dans \u00a0<i>La V\u00e9rit\u00e9<\/i>\u00a0de Kore Eda Hirokazu, ainsi dans\u00a0<i>Un petit fr\u00e8re<\/i>\u00a0de L\u00e9onor Serraille. Elle sera \u00e9galement bient\u00f4t au g\u00e9n\u00e9rique de la s\u00e9rie <i>Winter Palace<\/i>. Face \u00e0 elle, on retrouvera notamment l\u2019acteur fran\u00e7ais Makita Samba, r\u00e9v\u00e9lation des <i>Olympiades<\/i> de Jacques Audiard, qui sera par ailleurs le h\u00e9ros du prochain film d\u2019Abu Al Malik, <i>L\u2019Affaire de l\u2019esclave Furcy<\/i>, ainsi que le com\u00e9dien belge Thomas Coumans, qui \u00e9tait r\u00e9cemment au g\u00e9n\u00e9rique de la s\u00e9rie <i>Cristobal Balenciaga<\/i>.<\/p>\n<p class=\"p1\">Le tournage de <i>Kika<\/i>, qui a d\u00e9but\u00e9 ce 15 septembre, se d\u00e9roulera jusqu\u2019au 5 novembre prochain en r\u00e9gion bruxelloise. On en reparle bient\u00f4t!<\/p>\n","protected":false},"excerpt":{"rendered":"<p>C&rsquo;est ce lundi qu&rsquo;a d\u00e9but\u00e9 le tournage de Kika, premier long m\u00e9trage de fiction de la cin\u00e9aste bruxelloise Alexe Poukine. Premier long m\u00e9trage de fiction certes, mais pas premier long m\u00e9trage tout court, puisque la cin\u00e9aste s&rsquo;est d\u00e9j\u00e0 distingu\u00e9e avec son premier documentaire, Dormir, dormir dans les pierres, dans lequel elle part du destin singulier &hellip;<\/p>\n","protected":false},"author":343,"featured_media":260602,"comment_status":"closed","ping_status":"closed","sticky":false,"template":"","format":"standard","meta":{"ngg_post_thumbnail":0,"footnotes":""},"categories":[7134,53,1923,11],"tags":[],"class_list":["post-260599","post","type-post","status-publish","format-standard","has-post-thumbnail","","category-we-love-belgian-cinema","category-coming-soon","category-en-bref","category-tournages"],"yoast_head":"<!-- This site is optimized with the Yoast SEO plugin v20.4 - https:\/\/yoast.com\/wordpress\/plugins\/seo\/ -->\n<title>Ca tourne pour &quot;Kika&quot; d&#039;Alexe Poukine - We Love Cinema<\/title>\n<meta name=\"robots\" content=\"index, follow, max-snippet:-1, max-image-preview:large, max-video-preview:-1\" \/>\n<link rel=\"canonical\" href=\"https:\/\/welovecinema.be\/fr\/ca-tourne-pour-kika-dalexe-poukine\/\" \/>\n<meta property=\"og:locale\" content=\"fr_FR\" \/>\n<meta property=\"og:type\" content=\"article\" \/>\n<meta property=\"og:title\" content=\"Ca tourne pour &quot;Kika&quot; d&#039;Alexe Poukine - We Love Cinema\" \/>\n<meta property=\"og:description\" content=\"C&rsquo;est ce lundi qu&rsquo;a d\u00e9but\u00e9 le tournage de Kika, premier long m\u00e9trage de fiction de la cin\u00e9aste bruxelloise Alexe Poukine. Premier long m\u00e9trage de fiction certes, mais pas premier long m\u00e9trage tout court, puisque la cin\u00e9aste s&rsquo;est d\u00e9j\u00e0 distingu\u00e9e avec son premier documentaire, Dormir, dormir dans les pierres, dans lequel elle part du destin singulier &hellip;\" \/>\n<meta property=\"og:url\" content=\"https:\/\/welovecinema.be\/fr\/ca-tourne-pour-kika-dalexe-poukine\/\" \/>\n<meta property=\"og:site_name\" content=\"We Love Cinema\" \/>\n<meta property=\"article:publisher\" content=\"https:\/\/www.facebook.com\/welovecinema.be\" \/>\n<meta property=\"article:published_time\" content=\"2024-09-18T14:45:11+00:00\" \/>\n<meta property=\"og:image\" content=\"https:\/\/welovecinema.be\/wp-content\/uploads\/sites\/2\/2024\/09\/TournageKika-1.jpg\" \/>\n\t<meta property=\"og:image:width\" content=\"1200\" \/>\n\t<meta property=\"og:image:height\" content=\"600\" \/>\n\t<meta property=\"og:image:type\" content=\"image\/jpeg\" \/>\n<meta name=\"author\" content=\"Aurore Engelen\" \/>\n<meta name=\"twitter:card\" content=\"summary_large_image\" \/>\n<meta name=\"twitter:label1\" content=\"\u00c9crit par\" \/>\n\t<meta name=\"twitter:data1\" content=\"Aurore Engelen\" \/>\n\t<meta name=\"twitter:label2\" content=\"Dur\u00e9e de lecture estim\u00e9e\" \/>\n\t<meta name=\"twitter:data2\" content=\"2 minutes\" \/>\n<script type=\"application\/ld+json\" class=\"yoast-schema-graph\">{\"@context\":\"https:\/\/schema.org\",\"@graph\":[{\"@type\":\"Article\",\"@id\":\"https:\/\/welovecinema.be\/fr\/ca-tourne-pour-kika-dalexe-poukine\/#article\",\"isPartOf\":{\"@id\":\"https:\/\/welovecinema.be\/fr\/ca-tourne-pour-kika-dalexe-poukine\/\"},\"author\":{\"name\":\"Aurore Engelen\",\"@id\":\"https:\/\/welovecinema.be\/nl\/#\/schema\/person\/8084b68c6b176142d073695c654dc7cf\"},\"headline\":\"Ca tourne pour \u00ab\u00a0Kika\u00a0\u00bb d&rsquo;Alexe Poukine\",\"datePublished\":\"2024-09-18T14:45:11+00:00\",\"dateModified\":\"2024-09-18T14:45:11+00:00\",\"mainEntityOfPage\":{\"@id\":\"https:\/\/welovecinema.be\/fr\/ca-tourne-pour-kika-dalexe-poukine\/\"},\"wordCount\":448,\"publisher\":{\"@id\":\"https:\/\/welovecinema.be\/nl\/#organization\"},\"articleSection\":[\"\u00a0We Love Belgian Cinema\",\"Coming soon\",\"En bref\",\"Tournages\"],\"inLanguage\":\"fr-FR\"},{\"@type\":\"WebPage\",\"@id\":\"https:\/\/welovecinema.be\/fr\/ca-tourne-pour-kika-dalexe-poukine\/\",\"url\":\"https:\/\/welovecinema.be\/fr\/ca-tourne-pour-kika-dalexe-poukine\/\",\"name\":\"Ca tourne pour \\\"Kika\\\" d'Alexe Poukine - We Love Cinema\",\"isPartOf\":{\"@id\":\"https:\/\/welovecinema.be\/nl\/#website\"},\"datePublished\":\"2024-09-18T14:45:11+00:00\",\"dateModified\":\"2024-09-18T14:45:11+00:00\",\"breadcrumb\":{\"@id\":\"https:\/\/welovecinema.be\/fr\/ca-tourne-pour-kika-dalexe-poukine\/#breadcrumb\"},\"inLanguage\":\"fr-FR\",\"potentialAction\":[{\"@type\":\"ReadAction\",\"target\":[\"https:\/\/welovecinema.be\/fr\/ca-tourne-pour-kika-dalexe-poukine\/\"]}]},{\"@type\":\"BreadcrumbList\",\"@id\":\"https:\/\/welovecinema.be\/fr\/ca-tourne-pour-kika-dalexe-poukine\/#breadcrumb\",\"itemListElement\":[{\"@type\":\"ListItem\",\"position\":1,\"name\":\"Accueil\",\"item\":\"https:\/\/welovecinema.be\/fr\/\"},{\"@type\":\"ListItem\",\"position\":2,\"name\":\"Ca tourne pour \u00ab\u00a0Kika\u00a0\u00bb d&rsquo;Alexe Poukine\"}]},{\"@type\":\"WebSite\",\"@id\":\"https:\/\/welovecinema.be\/nl\/#website\",\"url\":\"https:\/\/welovecinema.be\/nl\/\",\"name\":\"We Love Cinema\",\"description\":\"Toute l\u2019information du cin\u00e9ma en Belgique\",\"publisher\":{\"@id\":\"https:\/\/welovecinema.be\/nl\/#organization\"},\"potentialAction\":[{\"@type\":\"SearchAction\",\"target\":{\"@type\":\"EntryPoint\",\"urlTemplate\":\"https:\/\/welovecinema.be\/nl\/?s={search_term_string}\"},\"query-input\":\"required name=search_term_string\"}],\"inLanguage\":\"fr-FR\"},{\"@type\":\"Organization\",\"@id\":\"https:\/\/welovecinema.be\/nl\/#organization\",\"name\":\"We Love Cinema\",\"url\":\"https:\/\/welovecinema.be\/nl\/\",\"logo\":{\"@type\":\"ImageObject\",\"inLanguage\":\"fr-FR\",\"@id\":\"https:\/\/welovecinema.be\/nl\/#\/schema\/logo\/image\/\",\"url\":\"https:\/\/welovecinema.be\/wp-content\/uploads\/sites\/2\/2023\/03\/Logo-We-Love-Cinema305x128.jpg\",\"contentUrl\":\"https:\/\/welovecinema.be\/wp-content\/uploads\/sites\/2\/2023\/03\/Logo-We-Love-Cinema305x128.jpg\",\"width\":305,\"height\":128,\"caption\":\"We Love Cinema\"},\"image\":{\"@id\":\"https:\/\/welovecinema.be\/nl\/#\/schema\/logo\/image\/\"},\"sameAs\":[\"https:\/\/www.facebook.com\/welovecinema.be\",\"https:\/\/www.youtube.com\/channel\/UCX5LYGVhnKvYauW4Nta4HJA\",\"https:\/\/www.instagram.com\/welovecinema.be\/\"]},{\"@type\":\"Person\",\"@id\":\"https:\/\/welovecinema.be\/nl\/#\/schema\/person\/8084b68c6b176142d073695c654dc7cf\",\"name\":\"Aurore Engelen\",\"url\":\"https:\/\/welovecinema.be\/fr\/author\/aurore-engelen\/\"}]}<\/script>\n<!-- \/ Yoast SEO plugin. -->","yoast_head_json":{"title":"Ca tourne pour \"Kika\" d'Alexe Poukine - We Love Cinema","robots":{"index":"index","follow":"follow","max-snippet":"max-snippet:-1","max-image-preview":"max-image-preview:large","max-video-preview":"max-video-preview:-1"},"canonical":"https:\/\/welovecinema.be\/fr\/ca-tourne-pour-kika-dalexe-poukine\/","og_locale":"fr_FR","og_type":"article","og_title":"Ca tourne pour \"Kika\" d'Alexe Poukine - We Love Cinema","og_description":"C&rsquo;est ce lundi qu&rsquo;a d\u00e9but\u00e9 le tournage de Kika, premier long m\u00e9trage de fiction de la cin\u00e9aste bruxelloise Alexe Poukine. Premier long m\u00e9trage de fiction certes, mais pas premier long m\u00e9trage tout court, puisque la cin\u00e9aste s&rsquo;est d\u00e9j\u00e0 distingu\u00e9e avec son premier documentaire, Dormir, dormir dans les pierres, dans lequel elle part du destin singulier &hellip;","og_url":"https:\/\/welovecinema.be\/fr\/ca-tourne-pour-kika-dalexe-poukine\/","og_site_name":"We Love Cinema","article_publisher":"https:\/\/www.facebook.com\/welovecinema.be","article_published_time":"2024-09-18T14:45:11+00:00","og_image":[{"width":1200,"height":600,"url":"https:\/\/welovecinema.be\/wp-content\/uploads\/sites\/2\/2024\/09\/TournageKika-1.jpg","type":"image\/jpeg"}],"author":"Aurore Engelen","twitter_card":"summary_large_image","twitter_misc":{"\u00c9crit par":"Aurore Engelen","Dur\u00e9e de lecture estim\u00e9e":"2 minutes"},"schema":{"@context":"https:\/\/schema.org","@graph":[{"@type":"Article","@id":"https:\/\/welovecinema.be\/fr\/ca-tourne-pour-kika-dalexe-poukine\/#article","isPartOf":{"@id":"https:\/\/welovecinema.be\/fr\/ca-tourne-pour-kika-dalexe-poukine\/"},"author":{"name":"Aurore Engelen","@id":"https:\/\/welovecinema.be\/nl\/#\/schema\/person\/8084b68c6b176142d073695c654dc7cf"},"headline":"Ca tourne pour \u00ab\u00a0Kika\u00a0\u00bb d&rsquo;Alexe Poukine","datePublished":"2024-09-18T14:45:11+00:00","dateModified":"2024-09-18T14:45:11+00:00","mainEntityOfPage":{"@id":"https:\/\/welovecinema.be\/fr\/ca-tourne-pour-kika-dalexe-poukine\/"},"wordCount":448,"publisher":{"@id":"https:\/\/welovecinema.be\/nl\/#organization"},"articleSection":["\u00a0We Love Belgian Cinema","Coming soon","En bref","Tournages"],"inLanguage":"fr-FR"},{"@type":"WebPage","@id":"https:\/\/welovecinema.be\/fr\/ca-tourne-pour-kika-dalexe-poukine\/","url":"https:\/\/welovecinema.be\/fr\/ca-tourne-pour-kika-dalexe-poukine\/","name":"Ca tourne pour \"Kika\" d'Alexe Poukine - We Love Cinema","isPartOf":{"@id":"https:\/\/welovecinema.be\/nl\/#website"},"datePublished":"2024-09-18T14:45:11+00:00","dateModified":"2024-09-18T14:45:11+00:00","breadcrumb":{"@id":"https:\/\/welovecinema.be\/fr\/ca-tourne-pour-kika-dalexe-poukine\/#breadcrumb"},"inLanguage":"fr-FR","potentialAction":[{"@type":"ReadAction","target":["https:\/\/welovecinema.be\/fr\/ca-tourne-pour-kika-dalexe-poukine\/"]}]},{"@type":"BreadcrumbList","@id":"https:\/\/welovecinema.be\/fr\/ca-tourne-pour-kika-dalexe-poukine\/#breadcrumb","itemListElement":[{"@type":"ListItem","position":1,"name":"Accueil","item":"https:\/\/welovecinema.be\/fr\/"},{"@type":"ListItem","position":2,"name":"Ca tourne pour \u00ab\u00a0Kika\u00a0\u00bb d&rsquo;Alexe Poukine"}]},{"@type":"WebSite","@id":"https:\/\/welovecinema.be\/nl\/#website","url":"https:\/\/welovecinema.be\/nl\/","name":"We Love Cinema","description":"Toute l\u2019information du cin\u00e9ma en Belgique","publisher":{"@id":"https:\/\/welovecinema.be\/nl\/#organization"},"potentialAction":[{"@type":"SearchAction","target":{"@type":"EntryPoint","urlTemplate":"https:\/\/welovecinema.be\/nl\/?s={search_term_string}"},"query-input":"required name=search_term_string"}],"inLanguage":"fr-FR"},{"@type":"Organization","@id":"https:\/\/welovecinema.be\/nl\/#organization","name":"We Love Cinema","url":"https:\/\/welovecinema.be\/nl\/","logo":{"@type":"ImageObject","inLanguage":"fr-FR","@id":"https:\/\/welovecinema.be\/nl\/#\/schema\/logo\/image\/","url":"https:\/\/welovecinema.be\/wp-content\/uploads\/sites\/2\/2023\/03\/Logo-We-Love-Cinema305x128.jpg","contentUrl":"https:\/\/welovecinema.be\/wp-content\/uploads\/sites\/2\/2023\/03\/Logo-We-Love-Cinema305x128.jpg","width":305,"height":128,"caption":"We Love Cinema"},"image":{"@id":"https:\/\/welovecinema.be\/nl\/#\/schema\/logo\/image\/"},"sameAs":["https:\/\/www.facebook.com\/welovecinema.be","https:\/\/www.youtube.com\/channel\/UCX5LYGVhnKvYauW4Nta4HJA","https:\/\/www.instagram.com\/welovecinema.be\/"]},{"@type":"Person","@id":"https:\/\/welovecinema.be\/nl\/#\/schema\/person\/8084b68c6b176142d073695c654dc7cf","name":"Aurore Engelen","url":"https:\/\/welovecinema.be\/fr\/author\/aurore-engelen\/"}]}},"_links":{"self":[{"href":"https:\/\/welovecinema.be\/fr\/wp-json\/wp\/v2\/posts\/260599","targetHints":{"allow":["GET"]}}],"collection":[{"href":"https:\/\/welovecinema.be\/fr\/wp-json\/wp\/v2\/posts"}],"about":[{"href":"https:\/\/welovecinema.be\/fr\/wp-json\/wp\/v2\/types\/post"}],"author":[{"embeddable":true,"href":"https:\/\/welovecinema.be\/fr\/wp-json\/wp\/v2\/users\/343"}],"replies":[{"embeddable":true,"href":"https:\/\/welovecinema.be\/fr\/wp-json\/wp\/v2\/comments?post=260599"}],"version-history":[{"count":1,"href":"https:\/\/welovecinema.be\/fr\/wp-json\/wp\/v2\/posts\/260599\/revisions"}],"predecessor-version":[{"id":260604,"href":"https:\/\/welovecinema.be\/fr\/wp-json\/wp\/v2\/posts\/260599\/revisions\/260604"}],"wp:featuredmedia":[{"embeddable":true,"href":"https:\/\/welovecinema.be\/fr\/wp-json\/wp\/v2\/media\/260602"}],"wp:attachment":[{"href":"https:\/\/welovecinema.be\/fr\/wp-json\/wp\/v2\/media?parent=260599"}],"wp:term":[{"taxonomy":"category","embeddable":true,"href":"https:\/\/welovecinema.be\/fr\/wp-json\/wp\/v2\/categories?post=260599"},{"taxonomy":"post_tag","embeddable":true,"href":"https:\/\/welovecinema.be\/fr\/wp-json\/wp\/v2\/tags?post=260599"}],"curies":[{"name":"wp","href":"https:\/\/api.w.org\/{rel}","templated":true}]}}