{"id":260267,"date":"2024-08-29T17:17:56","date_gmt":"2024-08-29T15:17:56","guid":{"rendered":"https:\/\/welovecinema.be\/?p=260267"},"modified":"2024-09-03T12:04:29","modified_gmt":"2024-09-03T10:04:29","slug":"ca-tourne-pour-les-baronnes-de-nabil-ben-yadir","status":"publish","type":"post","link":"https:\/\/welovecinema.be\/fr\/ca-tourne-pour-les-baronnes-de-nabil-ben-yadir\/","title":{"rendered":"Ca tourne pour \u00ab\u00a0Les Baronnes\u00a0\u00bb de Nabil Ben Yadir"},"content":{"rendered":"<p><strong><em>Les Baronnes<\/em> sont dans la place! Nabil Ben Yadir a d\u00e9but\u00e9 la semaine derni\u00e8re le tournage de son cinqui\u00e8me long m\u00e9trage, sorte de r\u00e9ponse interg\u00e9n\u00e9rationnelle \u00e0 son premier long, <em>Les Barons<\/em>.<\/strong><\/p>\n<p>Si <em>Les Barons<\/em> se penchait sur le quotidien d&rsquo;un jeune homme de Molenbeek et de ses amis, Les Baronnes a pour h\u00e9ro\u00efne Fatima, 65 ans, qui d\u00e9couvre que son mari a depuis une dizaine d\u2019ann\u00e9es une double vie au Maroc, son monde s\u2019effondre. Furieuse et d\u00e9cid\u00e9e \u00e0 ne pas se laisser faire par le destin, elle choisit de reprendre sa vie l\u00e0 o\u00f9 elle l\u2019avait laiss\u00e9e 50 ans plus t\u00f4t, quand elle devait jouer Hamlet. Avec ses meilleures amies M\u00e9riem, Romaissa et In\u00e8s, trois autres grand-m\u00e8res de Molenbeek, ces \u00ab Baronnes \u00bb vont prendre une d\u00e9cision qui va bouleverser leurs vies, celles de leur entourage, de leur quartier, de tout le pays.<\/p>\n<p>Pour imaginer cette nouvelle histoire, le cin\u00e9aste s&rsquo;est associ\u00e9 \u00e0 sa propre m\u00e8re, Mokhtaria Badaoui avec laquelle il co-r\u00e9alise le film, afin de donner vie \u00e0 ses baronnes. Au casting, on retrouve dans le r\u00f4le de Fatima l&rsquo;excellente com\u00e9dienne Saadia Bentaieb, beaucoup vue au th\u00e9\u00e2tre, et que l&rsquo;on a pu voir r\u00e9cemment dans <em>Le R\u00e8gne animal<\/em>. En 2020, elle \u00e9tait d\u00e9j\u00e0 l&rsquo;h\u00e9ro\u00efne de <em>Ghost Tropic<\/em> du r\u00e9alisateur flamand Bas Devos, coproduit justement par la soci\u00e9t\u00e9 de Nabil Ben Yadir, 10.80 Films.<\/p>\n<figure id=\"attachment_225752\" aria-describedby=\"caption-attachment-225752\" style=\"width: 618px\" class=\"wp-caption alignnone\"><img loading=\"lazy\" decoding=\"async\" class=\"size-large wp-image-225752\" src=\"https:\/\/welovecinema.be\/wp-content\/uploads\/sites\/2\/2019\/12\/V19ghosttropic07-800x450.jpg\" alt=\"ghost-tropic-bas-devos\" width=\"618\" height=\"348\" srcset=\"https:\/\/welovecinema.be\/wp-content\/uploads\/sites\/2\/2019\/12\/V19ghosttropic07-800x450.jpg 800w, https:\/\/welovecinema.be\/wp-content\/uploads\/sites\/2\/2019\/12\/V19ghosttropic07-200x113.jpg 200w, https:\/\/welovecinema.be\/wp-content\/uploads\/sites\/2\/2019\/12\/V19ghosttropic07-480x270.jpg 480w, https:\/\/welovecinema.be\/wp-content\/uploads\/sites\/2\/2019\/12\/V19ghosttropic07-768x432.jpg 768w, https:\/\/welovecinema.be\/wp-content\/uploads\/sites\/2\/2019\/12\/V19ghosttropic07-599x337.jpg 599w, https:\/\/welovecinema.be\/wp-content\/uploads\/sites\/2\/2019\/12\/V19ghosttropic07.jpg 1084w\" sizes=\"auto, (max-width: 618px) 100vw, 618px\" \/><figcaption id=\"caption-attachment-225752\" class=\"wp-caption-text\">Saadia Bentaieb dans \u00ab\u00a0Ghost Tropic\u00a0\u00bb<\/figcaption><\/figure>\n<p>Le tournage, d\u00e9but\u00e9 le 19 ao\u00fbt dernier, se d\u00e9roule \u00e0 Bruxelles et au Luxembourg. On en reparle tr\u00e8s vite!<\/p>\n","protected":false},"excerpt":{"rendered":"<p>Les Baronnes sont dans la place! Nabil Ben Yadir a d\u00e9but\u00e9 la semaine derni\u00e8re le tournage de son cinqui\u00e8me long m\u00e9trage, sorte de r\u00e9ponse interg\u00e9n\u00e9rationnelle \u00e0 son premier long, Les Barons. Si Les Barons se penchait sur le quotidien d&rsquo;un jeune homme de Molenbeek et de ses amis, Les Baronnes a pour h\u00e9ro\u00efne Fatima, 65 &hellip;<\/p>\n","protected":false},"author":343,"featured_media":260270,"comment_status":"closed","ping_status":"closed","sticky":false,"template":"","format":"standard","meta":{"ngg_post_thumbnail":0,"footnotes":""},"categories":[7134,1923,12,11],"tags":[],"class_list":["post-260267","post","type-post","status-publish","format-standard","has-post-thumbnail","","category-we-love-belgian-cinema","category-en-bref","category-awards","category-tournages"],"yoast_head":"<!-- This site is optimized with the Yoast SEO plugin v20.4 - https:\/\/yoast.com\/wordpress\/plugins\/seo\/ -->\n<title>Ca tourne pour &quot;Les Baronnes&quot; de Nabil Ben Yadir - We Love Cinema<\/title>\n<meta name=\"robots\" content=\"index, follow, max-snippet:-1, max-image-preview:large, max-video-preview:-1\" \/>\n<link rel=\"canonical\" href=\"https:\/\/welovecinema.be\/fr\/ca-tourne-pour-les-baronnes-de-nabil-ben-yadir\/\" \/>\n<meta property=\"og:locale\" content=\"fr_FR\" \/>\n<meta property=\"og:type\" content=\"article\" \/>\n<meta property=\"og:title\" content=\"Ca tourne pour &quot;Les Baronnes&quot; de Nabil Ben Yadir - We Love Cinema\" \/>\n<meta property=\"og:description\" content=\"Les Baronnes sont dans la place! Nabil Ben Yadir a d\u00e9but\u00e9 la semaine derni\u00e8re le tournage de son cinqui\u00e8me long m\u00e9trage, sorte de r\u00e9ponse interg\u00e9n\u00e9rationnelle \u00e0 son premier long, Les Barons. Si Les Barons se penchait sur le quotidien d&rsquo;un jeune homme de Molenbeek et de ses amis, Les Baronnes a pour h\u00e9ro\u00efne Fatima, 65 &hellip;\" \/>\n<meta property=\"og:url\" content=\"https:\/\/welovecinema.be\/fr\/ca-tourne-pour-les-baronnes-de-nabil-ben-yadir\/\" \/>\n<meta property=\"og:site_name\" content=\"We Love Cinema\" \/>\n<meta property=\"article:publisher\" content=\"https:\/\/www.facebook.com\/welovecinema.be\" \/>\n<meta property=\"article:published_time\" content=\"2024-08-29T15:17:56+00:00\" \/>\n<meta property=\"article:modified_time\" content=\"2024-09-03T10:04:29+00:00\" \/>\n<meta property=\"og:image\" content=\"https:\/\/welovecinema.be\/wp-content\/uploads\/sites\/2\/2024\/08\/Design-sans-titre.png\" \/>\n\t<meta property=\"og:image:width\" content=\"1200\" \/>\n\t<meta property=\"og:image:height\" content=\"600\" \/>\n\t<meta property=\"og:image:type\" content=\"image\/png\" \/>\n<meta name=\"author\" content=\"Aurore Engelen\" \/>\n<meta name=\"twitter:card\" content=\"summary_large_image\" \/>\n<meta name=\"twitter:label1\" content=\"\u00c9crit par\" \/>\n\t<meta name=\"twitter:data1\" content=\"Aurore Engelen\" \/>\n\t<meta name=\"twitter:label2\" content=\"Dur\u00e9e de lecture estim\u00e9e\" \/>\n\t<meta name=\"twitter:data2\" content=\"2 minutes\" \/>\n<script type=\"application\/ld+json\" class=\"yoast-schema-graph\">{\"@context\":\"https:\/\/schema.org\",\"@graph\":[{\"@type\":\"Article\",\"@id\":\"https:\/\/welovecinema.be\/fr\/ca-tourne-pour-les-baronnes-de-nabil-ben-yadir\/#article\",\"isPartOf\":{\"@id\":\"https:\/\/welovecinema.be\/fr\/ca-tourne-pour-les-baronnes-de-nabil-ben-yadir\/\"},\"author\":{\"name\":\"Aurore Engelen\",\"@id\":\"https:\/\/welovecinema.be\/nl\/#\/schema\/person\/8084b68c6b176142d073695c654dc7cf\"},\"headline\":\"Ca tourne pour \u00ab\u00a0Les Baronnes\u00a0\u00bb de Nabil Ben Yadir\",\"datePublished\":\"2024-08-29T15:17:56+00:00\",\"dateModified\":\"2024-09-03T10:04:29+00:00\",\"mainEntityOfPage\":{\"@id\":\"https:\/\/welovecinema.be\/fr\/ca-tourne-pour-les-baronnes-de-nabil-ben-yadir\/\"},\"wordCount\":296,\"publisher\":{\"@id\":\"https:\/\/welovecinema.be\/nl\/#organization\"},\"articleSection\":[\"\u00a0We Love Belgian Cinema\",\"En bref\",\"Evenements\",\"Tournages\"],\"inLanguage\":\"fr-FR\"},{\"@type\":\"WebPage\",\"@id\":\"https:\/\/welovecinema.be\/fr\/ca-tourne-pour-les-baronnes-de-nabil-ben-yadir\/\",\"url\":\"https:\/\/welovecinema.be\/fr\/ca-tourne-pour-les-baronnes-de-nabil-ben-yadir\/\",\"name\":\"Ca tourne pour \\\"Les Baronnes\\\" de Nabil Ben Yadir - We Love Cinema\",\"isPartOf\":{\"@id\":\"https:\/\/welovecinema.be\/nl\/#website\"},\"datePublished\":\"2024-08-29T15:17:56+00:00\",\"dateModified\":\"2024-09-03T10:04:29+00:00\",\"breadcrumb\":{\"@id\":\"https:\/\/welovecinema.be\/fr\/ca-tourne-pour-les-baronnes-de-nabil-ben-yadir\/#breadcrumb\"},\"inLanguage\":\"fr-FR\",\"potentialAction\":[{\"@type\":\"ReadAction\",\"target\":[\"https:\/\/welovecinema.be\/fr\/ca-tourne-pour-les-baronnes-de-nabil-ben-yadir\/\"]}]},{\"@type\":\"BreadcrumbList\",\"@id\":\"https:\/\/welovecinema.be\/fr\/ca-tourne-pour-les-baronnes-de-nabil-ben-yadir\/#breadcrumb\",\"itemListElement\":[{\"@type\":\"ListItem\",\"position\":1,\"name\":\"Accueil\",\"item\":\"https:\/\/welovecinema.be\/fr\/\"},{\"@type\":\"ListItem\",\"position\":2,\"name\":\"Ca tourne pour \u00ab\u00a0Les Baronnes\u00a0\u00bb de Nabil Ben Yadir\"}]},{\"@type\":\"WebSite\",\"@id\":\"https:\/\/welovecinema.be\/nl\/#website\",\"url\":\"https:\/\/welovecinema.be\/nl\/\",\"name\":\"We Love Cinema\",\"description\":\"Toute l\u2019information du cin\u00e9ma en Belgique\",\"publisher\":{\"@id\":\"https:\/\/welovecinema.be\/nl\/#organization\"},\"potentialAction\":[{\"@type\":\"SearchAction\",\"target\":{\"@type\":\"EntryPoint\",\"urlTemplate\":\"https:\/\/welovecinema.be\/nl\/?s={search_term_string}\"},\"query-input\":\"required name=search_term_string\"}],\"inLanguage\":\"fr-FR\"},{\"@type\":\"Organization\",\"@id\":\"https:\/\/welovecinema.be\/nl\/#organization\",\"name\":\"We Love Cinema\",\"url\":\"https:\/\/welovecinema.be\/nl\/\",\"logo\":{\"@type\":\"ImageObject\",\"inLanguage\":\"fr-FR\",\"@id\":\"https:\/\/welovecinema.be\/nl\/#\/schema\/logo\/image\/\",\"url\":\"https:\/\/welovecinema.be\/wp-content\/uploads\/sites\/2\/2023\/03\/Logo-We-Love-Cinema305x128.jpg\",\"contentUrl\":\"https:\/\/welovecinema.be\/wp-content\/uploads\/sites\/2\/2023\/03\/Logo-We-Love-Cinema305x128.jpg\",\"width\":305,\"height\":128,\"caption\":\"We Love Cinema\"},\"image\":{\"@id\":\"https:\/\/welovecinema.be\/nl\/#\/schema\/logo\/image\/\"},\"sameAs\":[\"https:\/\/www.facebook.com\/welovecinema.be\",\"https:\/\/www.youtube.com\/channel\/UCX5LYGVhnKvYauW4Nta4HJA\",\"https:\/\/www.instagram.com\/welovecinema.be\/\"]},{\"@type\":\"Person\",\"@id\":\"https:\/\/welovecinema.be\/nl\/#\/schema\/person\/8084b68c6b176142d073695c654dc7cf\",\"name\":\"Aurore Engelen\",\"url\":\"https:\/\/welovecinema.be\/fr\/author\/aurore-engelen\/\"}]}<\/script>\n<!-- \/ Yoast SEO plugin. -->","yoast_head_json":{"title":"Ca tourne pour \"Les Baronnes\" de Nabil Ben Yadir - We Love Cinema","robots":{"index":"index","follow":"follow","max-snippet":"max-snippet:-1","max-image-preview":"max-image-preview:large","max-video-preview":"max-video-preview:-1"},"canonical":"https:\/\/welovecinema.be\/fr\/ca-tourne-pour-les-baronnes-de-nabil-ben-yadir\/","og_locale":"fr_FR","og_type":"article","og_title":"Ca tourne pour \"Les Baronnes\" de Nabil Ben Yadir - We Love Cinema","og_description":"Les Baronnes sont dans la place! Nabil Ben Yadir a d\u00e9but\u00e9 la semaine derni\u00e8re le tournage de son cinqui\u00e8me long m\u00e9trage, sorte de r\u00e9ponse interg\u00e9n\u00e9rationnelle \u00e0 son premier long, Les Barons. Si Les Barons se penchait sur le quotidien d&rsquo;un jeune homme de Molenbeek et de ses amis, Les Baronnes a pour h\u00e9ro\u00efne Fatima, 65 &hellip;","og_url":"https:\/\/welovecinema.be\/fr\/ca-tourne-pour-les-baronnes-de-nabil-ben-yadir\/","og_site_name":"We Love Cinema","article_publisher":"https:\/\/www.facebook.com\/welovecinema.be","article_published_time":"2024-08-29T15:17:56+00:00","article_modified_time":"2024-09-03T10:04:29+00:00","og_image":[{"width":1200,"height":600,"url":"https:\/\/welovecinema.be\/wp-content\/uploads\/sites\/2\/2024\/08\/Design-sans-titre.png","type":"image\/png"}],"author":"Aurore Engelen","twitter_card":"summary_large_image","twitter_misc":{"\u00c9crit par":"Aurore Engelen","Dur\u00e9e de lecture estim\u00e9e":"2 minutes"},"schema":{"@context":"https:\/\/schema.org","@graph":[{"@type":"Article","@id":"https:\/\/welovecinema.be\/fr\/ca-tourne-pour-les-baronnes-de-nabil-ben-yadir\/#article","isPartOf":{"@id":"https:\/\/welovecinema.be\/fr\/ca-tourne-pour-les-baronnes-de-nabil-ben-yadir\/"},"author":{"name":"Aurore Engelen","@id":"https:\/\/welovecinema.be\/nl\/#\/schema\/person\/8084b68c6b176142d073695c654dc7cf"},"headline":"Ca tourne pour \u00ab\u00a0Les Baronnes\u00a0\u00bb de Nabil Ben Yadir","datePublished":"2024-08-29T15:17:56+00:00","dateModified":"2024-09-03T10:04:29+00:00","mainEntityOfPage":{"@id":"https:\/\/welovecinema.be\/fr\/ca-tourne-pour-les-baronnes-de-nabil-ben-yadir\/"},"wordCount":296,"publisher":{"@id":"https:\/\/welovecinema.be\/nl\/#organization"},"articleSection":["\u00a0We Love Belgian Cinema","En bref","Evenements","Tournages"],"inLanguage":"fr-FR"},{"@type":"WebPage","@id":"https:\/\/welovecinema.be\/fr\/ca-tourne-pour-les-baronnes-de-nabil-ben-yadir\/","url":"https:\/\/welovecinema.be\/fr\/ca-tourne-pour-les-baronnes-de-nabil-ben-yadir\/","name":"Ca tourne pour \"Les Baronnes\" de Nabil Ben Yadir - We Love Cinema","isPartOf":{"@id":"https:\/\/welovecinema.be\/nl\/#website"},"datePublished":"2024-08-29T15:17:56+00:00","dateModified":"2024-09-03T10:04:29+00:00","breadcrumb":{"@id":"https:\/\/welovecinema.be\/fr\/ca-tourne-pour-les-baronnes-de-nabil-ben-yadir\/#breadcrumb"},"inLanguage":"fr-FR","potentialAction":[{"@type":"ReadAction","target":["https:\/\/welovecinema.be\/fr\/ca-tourne-pour-les-baronnes-de-nabil-ben-yadir\/"]}]},{"@type":"BreadcrumbList","@id":"https:\/\/welovecinema.be\/fr\/ca-tourne-pour-les-baronnes-de-nabil-ben-yadir\/#breadcrumb","itemListElement":[{"@type":"ListItem","position":1,"name":"Accueil","item":"https:\/\/welovecinema.be\/fr\/"},{"@type":"ListItem","position":2,"name":"Ca tourne pour \u00ab\u00a0Les Baronnes\u00a0\u00bb de Nabil Ben Yadir"}]},{"@type":"WebSite","@id":"https:\/\/welovecinema.be\/nl\/#website","url":"https:\/\/welovecinema.be\/nl\/","name":"We Love Cinema","description":"Toute l\u2019information du cin\u00e9ma en Belgique","publisher":{"@id":"https:\/\/welovecinema.be\/nl\/#organization"},"potentialAction":[{"@type":"SearchAction","target":{"@type":"EntryPoint","urlTemplate":"https:\/\/welovecinema.be\/nl\/?s={search_term_string}"},"query-input":"required name=search_term_string"}],"inLanguage":"fr-FR"},{"@type":"Organization","@id":"https:\/\/welovecinema.be\/nl\/#organization","name":"We Love Cinema","url":"https:\/\/welovecinema.be\/nl\/","logo":{"@type":"ImageObject","inLanguage":"fr-FR","@id":"https:\/\/welovecinema.be\/nl\/#\/schema\/logo\/image\/","url":"https:\/\/welovecinema.be\/wp-content\/uploads\/sites\/2\/2023\/03\/Logo-We-Love-Cinema305x128.jpg","contentUrl":"https:\/\/welovecinema.be\/wp-content\/uploads\/sites\/2\/2023\/03\/Logo-We-Love-Cinema305x128.jpg","width":305,"height":128,"caption":"We Love Cinema"},"image":{"@id":"https:\/\/welovecinema.be\/nl\/#\/schema\/logo\/image\/"},"sameAs":["https:\/\/www.facebook.com\/welovecinema.be","https:\/\/www.youtube.com\/channel\/UCX5LYGVhnKvYauW4Nta4HJA","https:\/\/www.instagram.com\/welovecinema.be\/"]},{"@type":"Person","@id":"https:\/\/welovecinema.be\/nl\/#\/schema\/person\/8084b68c6b176142d073695c654dc7cf","name":"Aurore Engelen","url":"https:\/\/welovecinema.be\/fr\/author\/aurore-engelen\/"}]}},"_links":{"self":[{"href":"https:\/\/welovecinema.be\/fr\/wp-json\/wp\/v2\/posts\/260267","targetHints":{"allow":["GET"]}}],"collection":[{"href":"https:\/\/welovecinema.be\/fr\/wp-json\/wp\/v2\/posts"}],"about":[{"href":"https:\/\/welovecinema.be\/fr\/wp-json\/wp\/v2\/types\/post"}],"author":[{"embeddable":true,"href":"https:\/\/welovecinema.be\/fr\/wp-json\/wp\/v2\/users\/343"}],"replies":[{"embeddable":true,"href":"https:\/\/welovecinema.be\/fr\/wp-json\/wp\/v2\/comments?post=260267"}],"version-history":[{"count":4,"href":"https:\/\/welovecinema.be\/fr\/wp-json\/wp\/v2\/posts\/260267\/revisions"}],"predecessor-version":[{"id":260298,"href":"https:\/\/welovecinema.be\/fr\/wp-json\/wp\/v2\/posts\/260267\/revisions\/260298"}],"wp:featuredmedia":[{"embeddable":true,"href":"https:\/\/welovecinema.be\/fr\/wp-json\/wp\/v2\/media\/260270"}],"wp:attachment":[{"href":"https:\/\/welovecinema.be\/fr\/wp-json\/wp\/v2\/media?parent=260267"}],"wp:term":[{"taxonomy":"category","embeddable":true,"href":"https:\/\/welovecinema.be\/fr\/wp-json\/wp\/v2\/categories?post=260267"},{"taxonomy":"post_tag","embeddable":true,"href":"https:\/\/welovecinema.be\/fr\/wp-json\/wp\/v2\/tags?post=260267"}],"curies":[{"name":"wp","href":"https:\/\/api.w.org\/{rel}","templated":true}]}}