{"id":260150,"date":"2024-08-21T19:13:59","date_gmt":"2024-08-21T17:13:59","guid":{"rendered":"https:\/\/welovecinema.be\/?p=260150"},"modified":"2024-08-26T19:19:18","modified_gmt":"2024-08-26T17:19:18","slug":"le-we-love-cinema-days-sont-de-retour","status":"publish","type":"post","link":"https:\/\/welovecinema.be\/fr\/le-we-love-cinema-days-sont-de-retour\/","title":{"rendered":"Les We Love Cinema Days sont de retour!"},"content":{"rendered":"<p><strong>Avec la rentr\u00e9e reviennent les We Love Cinema Days!<\/strong><\/p>\n<p>Du 18 au 21 septembre prochains, faites le plein d&rsquo;\u00e9motions cin\u00e9matographiques pendant quatre jours, dans plus de 35 cin\u00e9mas \u00e0 travers toute la Belgique, au prix d\u00e9fiant toute concurrence de 6\u20ac par s\u00e9ance. L&rsquo;occasion d&rsquo;assister \u00e0 des avant-premi\u00e8res exclusives, de d\u00e9couvrir les nouvelles sorties, de rattraper les films de l&rsquo;\u00e9t\u00e9, et de profiter de quelques classiques ressortis pour l&rsquo;occasion, et autres \u00e9v\u00e8nements exceptionnels, notamment un marathon de cin\u00e9ma.<\/p>\n<p>Au programme par exemple c\u00f4t\u00e9 cin\u00e9ma belge? Une mini-tourn\u00e9e pour <em>TKT<\/em>, le nouveau film de Solange Cicurel, avec la nouvelle venue Lanna De Palmaert, une v\u00e9ritable d\u00e9couverte, mais aussi d&rsquo;Emilie Dequenne et St\u00e9phane De Groodt. L&rsquo;\u00e9quipe du film sera le mercredi 18 \u00e0 Mons, le jeudi 19 \u00e0 Li\u00e8ge, le vendredi 20 \u00e0 Charleroi et le samedi 21 \u00e0 Bruxelles!<\/p>\n<p><iframe loading=\"lazy\" title=\"TKT TRAILER\" width=\"618\" height=\"348\" src=\"https:\/\/www.youtube.com\/embed\/OeltKV0maKc?feature=oembed\" frameborder=\"0\" allow=\"accelerometer; autoplay; clipboard-write; encrypted-media; gyroscope; picture-in-picture; web-share\" referrerpolicy=\"strict-origin-when-cross-origin\" allowfullscreen><\/iframe><\/p>\n<p>La liste compl\u00e8te des \u00e9v\u00e9nements et des films sera d\u00e9voil\u00e9e le\u00a031 ao\u00fbt\u00a0sur\u00a0<a href=\"http:\/\/welovecinema.be\">welovecinema.be<\/a>. En attendant, d\u00e9couvrez d\u00e9j\u00e0 <a href=\"https:\/\/drive.google.com\/file\/d\/1uV9U3il9k48HzZL0Ceoecs57tOd94khw\/view\">les cin\u00e9mas partenaires<\/a>.<\/p>\n<p>&nbsp;<\/p>\n","protected":false},"excerpt":{"rendered":"<p>Avec la rentr\u00e9e reviennent les We Love Cinema Days! Du 18 au 21 septembre prochains, faites le plein d&rsquo;\u00e9motions cin\u00e9matographiques pendant quatre jours, dans plus de 35 cin\u00e9mas \u00e0 travers toute la Belgique, au prix d\u00e9fiant toute concurrence de 6\u20ac par s\u00e9ance. L&rsquo;occasion d&rsquo;assister \u00e0 des avant-premi\u00e8res exclusives, de d\u00e9couvrir les nouvelles sorties, de rattraper &hellip;<\/p>\n","protected":false},"author":343,"featured_media":260151,"comment_status":"closed","ping_status":"closed","sticky":false,"template":"","format":"standard","meta":{"ngg_post_thumbnail":0,"footnotes":""},"categories":[7134,10,53,12],"tags":[],"class_list":["post-260150","post","type-post","status-publish","format-standard","has-post-thumbnail","","category-we-love-belgian-cinema","category-a-l-affiche","category-coming-soon","category-awards"],"yoast_head":"<!-- This site is optimized with the Yoast SEO plugin v20.4 - https:\/\/yoast.com\/wordpress\/plugins\/seo\/ -->\n<title>Les We Love Cinema Days sont de retour! - We Love Cinema<\/title>\n<meta name=\"robots\" content=\"index, follow, max-snippet:-1, max-image-preview:large, max-video-preview:-1\" \/>\n<link rel=\"canonical\" href=\"https:\/\/welovecinema.be\/fr\/le-we-love-cinema-days-sont-de-retour\/\" \/>\n<meta property=\"og:locale\" content=\"fr_FR\" \/>\n<meta property=\"og:type\" content=\"article\" \/>\n<meta property=\"og:title\" content=\"Les We Love Cinema Days sont de retour! - We Love Cinema\" \/>\n<meta property=\"og:description\" content=\"Avec la rentr\u00e9e reviennent les We Love Cinema Days! Du 18 au 21 septembre prochains, faites le plein d&rsquo;\u00e9motions cin\u00e9matographiques pendant quatre jours, dans plus de 35 cin\u00e9mas \u00e0 travers toute la Belgique, au prix d\u00e9fiant toute concurrence de 6\u20ac par s\u00e9ance. L&rsquo;occasion d&rsquo;assister \u00e0 des avant-premi\u00e8res exclusives, de d\u00e9couvrir les nouvelles sorties, de rattraper &hellip;\" \/>\n<meta property=\"og:url\" content=\"https:\/\/welovecinema.be\/fr\/le-we-love-cinema-days-sont-de-retour\/\" \/>\n<meta property=\"og:site_name\" content=\"We Love Cinema\" \/>\n<meta property=\"article:publisher\" content=\"https:\/\/www.facebook.com\/welovecinema.be\" \/>\n<meta property=\"article:published_time\" content=\"2024-08-21T17:13:59+00:00\" \/>\n<meta property=\"article:modified_time\" content=\"2024-08-26T17:19:18+00:00\" \/>\n<meta property=\"og:image\" content=\"https:\/\/welovecinema.be\/wp-content\/uploads\/sites\/2\/2024\/08\/WLCDaysPaysage.png\" \/>\n\t<meta property=\"og:image:width\" content=\"1200\" \/>\n\t<meta property=\"og:image:height\" content=\"600\" \/>\n\t<meta property=\"og:image:type\" content=\"image\/png\" \/>\n<meta name=\"author\" content=\"Aurore Engelen\" \/>\n<meta name=\"twitter:card\" content=\"summary_large_image\" \/>\n<meta name=\"twitter:label1\" content=\"\u00c9crit par\" \/>\n\t<meta name=\"twitter:data1\" content=\"Aurore Engelen\" \/>\n\t<meta name=\"twitter:label2\" content=\"Dur\u00e9e de lecture estim\u00e9e\" \/>\n\t<meta name=\"twitter:data2\" content=\"1 minute\" \/>\n<script type=\"application\/ld+json\" class=\"yoast-schema-graph\">{\"@context\":\"https:\/\/schema.org\",\"@graph\":[{\"@type\":\"Article\",\"@id\":\"https:\/\/welovecinema.be\/fr\/le-we-love-cinema-days-sont-de-retour\/#article\",\"isPartOf\":{\"@id\":\"https:\/\/welovecinema.be\/fr\/le-we-love-cinema-days-sont-de-retour\/\"},\"author\":{\"name\":\"Aurore Engelen\",\"@id\":\"https:\/\/welovecinema.be\/nl\/#\/schema\/person\/8084b68c6b176142d073695c654dc7cf\"},\"headline\":\"Les We Love Cinema Days sont de retour!\",\"datePublished\":\"2024-08-21T17:13:59+00:00\",\"dateModified\":\"2024-08-26T17:19:18+00:00\",\"mainEntityOfPage\":{\"@id\":\"https:\/\/welovecinema.be\/fr\/le-we-love-cinema-days-sont-de-retour\/\"},\"wordCount\":194,\"publisher\":{\"@id\":\"https:\/\/welovecinema.be\/nl\/#organization\"},\"articleSection\":[\"\u00a0We Love Belgian Cinema\",\"A l'affiche\",\"Coming soon\",\"Evenements\"],\"inLanguage\":\"fr-FR\"},{\"@type\":\"WebPage\",\"@id\":\"https:\/\/welovecinema.be\/fr\/le-we-love-cinema-days-sont-de-retour\/\",\"url\":\"https:\/\/welovecinema.be\/fr\/le-we-love-cinema-days-sont-de-retour\/\",\"name\":\"Les We Love Cinema Days sont de retour! - We Love Cinema\",\"isPartOf\":{\"@id\":\"https:\/\/welovecinema.be\/nl\/#website\"},\"datePublished\":\"2024-08-21T17:13:59+00:00\",\"dateModified\":\"2024-08-26T17:19:18+00:00\",\"breadcrumb\":{\"@id\":\"https:\/\/welovecinema.be\/fr\/le-we-love-cinema-days-sont-de-retour\/#breadcrumb\"},\"inLanguage\":\"fr-FR\",\"potentialAction\":[{\"@type\":\"ReadAction\",\"target\":[\"https:\/\/welovecinema.be\/fr\/le-we-love-cinema-days-sont-de-retour\/\"]}]},{\"@type\":\"BreadcrumbList\",\"@id\":\"https:\/\/welovecinema.be\/fr\/le-we-love-cinema-days-sont-de-retour\/#breadcrumb\",\"itemListElement\":[{\"@type\":\"ListItem\",\"position\":1,\"name\":\"Accueil\",\"item\":\"https:\/\/welovecinema.be\/fr\/\"},{\"@type\":\"ListItem\",\"position\":2,\"name\":\"Les We Love Cinema Days sont de retour!\"}]},{\"@type\":\"WebSite\",\"@id\":\"https:\/\/welovecinema.be\/nl\/#website\",\"url\":\"https:\/\/welovecinema.be\/nl\/\",\"name\":\"We Love Cinema\",\"description\":\"Toute l\u2019information du cin\u00e9ma en Belgique\",\"publisher\":{\"@id\":\"https:\/\/welovecinema.be\/nl\/#organization\"},\"potentialAction\":[{\"@type\":\"SearchAction\",\"target\":{\"@type\":\"EntryPoint\",\"urlTemplate\":\"https:\/\/welovecinema.be\/nl\/?s={search_term_string}\"},\"query-input\":\"required name=search_term_string\"}],\"inLanguage\":\"fr-FR\"},{\"@type\":\"Organization\",\"@id\":\"https:\/\/welovecinema.be\/nl\/#organization\",\"name\":\"We Love Cinema\",\"url\":\"https:\/\/welovecinema.be\/nl\/\",\"logo\":{\"@type\":\"ImageObject\",\"inLanguage\":\"fr-FR\",\"@id\":\"https:\/\/welovecinema.be\/nl\/#\/schema\/logo\/image\/\",\"url\":\"https:\/\/welovecinema.be\/wp-content\/uploads\/sites\/2\/2023\/03\/Logo-We-Love-Cinema305x128.jpg\",\"contentUrl\":\"https:\/\/welovecinema.be\/wp-content\/uploads\/sites\/2\/2023\/03\/Logo-We-Love-Cinema305x128.jpg\",\"width\":305,\"height\":128,\"caption\":\"We Love Cinema\"},\"image\":{\"@id\":\"https:\/\/welovecinema.be\/nl\/#\/schema\/logo\/image\/\"},\"sameAs\":[\"https:\/\/www.facebook.com\/welovecinema.be\",\"https:\/\/www.youtube.com\/channel\/UCX5LYGVhnKvYauW4Nta4HJA\",\"https:\/\/www.instagram.com\/welovecinema.be\/\"]},{\"@type\":\"Person\",\"@id\":\"https:\/\/welovecinema.be\/nl\/#\/schema\/person\/8084b68c6b176142d073695c654dc7cf\",\"name\":\"Aurore Engelen\",\"url\":\"https:\/\/welovecinema.be\/fr\/author\/aurore-engelen\/\"}]}<\/script>\n<!-- \/ Yoast SEO plugin. -->","yoast_head_json":{"title":"Les We Love Cinema Days sont de retour! - We Love Cinema","robots":{"index":"index","follow":"follow","max-snippet":"max-snippet:-1","max-image-preview":"max-image-preview:large","max-video-preview":"max-video-preview:-1"},"canonical":"https:\/\/welovecinema.be\/fr\/le-we-love-cinema-days-sont-de-retour\/","og_locale":"fr_FR","og_type":"article","og_title":"Les We Love Cinema Days sont de retour! - We Love Cinema","og_description":"Avec la rentr\u00e9e reviennent les We Love Cinema Days! Du 18 au 21 septembre prochains, faites le plein d&rsquo;\u00e9motions cin\u00e9matographiques pendant quatre jours, dans plus de 35 cin\u00e9mas \u00e0 travers toute la Belgique, au prix d\u00e9fiant toute concurrence de 6\u20ac par s\u00e9ance. L&rsquo;occasion d&rsquo;assister \u00e0 des avant-premi\u00e8res exclusives, de d\u00e9couvrir les nouvelles sorties, de rattraper &hellip;","og_url":"https:\/\/welovecinema.be\/fr\/le-we-love-cinema-days-sont-de-retour\/","og_site_name":"We Love Cinema","article_publisher":"https:\/\/www.facebook.com\/welovecinema.be","article_published_time":"2024-08-21T17:13:59+00:00","article_modified_time":"2024-08-26T17:19:18+00:00","og_image":[{"width":1200,"height":600,"url":"https:\/\/welovecinema.be\/wp-content\/uploads\/sites\/2\/2024\/08\/WLCDaysPaysage.png","type":"image\/png"}],"author":"Aurore Engelen","twitter_card":"summary_large_image","twitter_misc":{"\u00c9crit par":"Aurore Engelen","Dur\u00e9e de lecture estim\u00e9e":"1 minute"},"schema":{"@context":"https:\/\/schema.org","@graph":[{"@type":"Article","@id":"https:\/\/welovecinema.be\/fr\/le-we-love-cinema-days-sont-de-retour\/#article","isPartOf":{"@id":"https:\/\/welovecinema.be\/fr\/le-we-love-cinema-days-sont-de-retour\/"},"author":{"name":"Aurore Engelen","@id":"https:\/\/welovecinema.be\/nl\/#\/schema\/person\/8084b68c6b176142d073695c654dc7cf"},"headline":"Les We Love Cinema Days sont de retour!","datePublished":"2024-08-21T17:13:59+00:00","dateModified":"2024-08-26T17:19:18+00:00","mainEntityOfPage":{"@id":"https:\/\/welovecinema.be\/fr\/le-we-love-cinema-days-sont-de-retour\/"},"wordCount":194,"publisher":{"@id":"https:\/\/welovecinema.be\/nl\/#organization"},"articleSection":["\u00a0We Love Belgian Cinema","A l'affiche","Coming soon","Evenements"],"inLanguage":"fr-FR"},{"@type":"WebPage","@id":"https:\/\/welovecinema.be\/fr\/le-we-love-cinema-days-sont-de-retour\/","url":"https:\/\/welovecinema.be\/fr\/le-we-love-cinema-days-sont-de-retour\/","name":"Les We Love Cinema Days sont de retour! - We Love Cinema","isPartOf":{"@id":"https:\/\/welovecinema.be\/nl\/#website"},"datePublished":"2024-08-21T17:13:59+00:00","dateModified":"2024-08-26T17:19:18+00:00","breadcrumb":{"@id":"https:\/\/welovecinema.be\/fr\/le-we-love-cinema-days-sont-de-retour\/#breadcrumb"},"inLanguage":"fr-FR","potentialAction":[{"@type":"ReadAction","target":["https:\/\/welovecinema.be\/fr\/le-we-love-cinema-days-sont-de-retour\/"]}]},{"@type":"BreadcrumbList","@id":"https:\/\/welovecinema.be\/fr\/le-we-love-cinema-days-sont-de-retour\/#breadcrumb","itemListElement":[{"@type":"ListItem","position":1,"name":"Accueil","item":"https:\/\/welovecinema.be\/fr\/"},{"@type":"ListItem","position":2,"name":"Les We Love Cinema Days sont de retour!"}]},{"@type":"WebSite","@id":"https:\/\/welovecinema.be\/nl\/#website","url":"https:\/\/welovecinema.be\/nl\/","name":"We Love Cinema","description":"Toute l\u2019information du cin\u00e9ma en Belgique","publisher":{"@id":"https:\/\/welovecinema.be\/nl\/#organization"},"potentialAction":[{"@type":"SearchAction","target":{"@type":"EntryPoint","urlTemplate":"https:\/\/welovecinema.be\/nl\/?s={search_term_string}"},"query-input":"required name=search_term_string"}],"inLanguage":"fr-FR"},{"@type":"Organization","@id":"https:\/\/welovecinema.be\/nl\/#organization","name":"We Love Cinema","url":"https:\/\/welovecinema.be\/nl\/","logo":{"@type":"ImageObject","inLanguage":"fr-FR","@id":"https:\/\/welovecinema.be\/nl\/#\/schema\/logo\/image\/","url":"https:\/\/welovecinema.be\/wp-content\/uploads\/sites\/2\/2023\/03\/Logo-We-Love-Cinema305x128.jpg","contentUrl":"https:\/\/welovecinema.be\/wp-content\/uploads\/sites\/2\/2023\/03\/Logo-We-Love-Cinema305x128.jpg","width":305,"height":128,"caption":"We Love Cinema"},"image":{"@id":"https:\/\/welovecinema.be\/nl\/#\/schema\/logo\/image\/"},"sameAs":["https:\/\/www.facebook.com\/welovecinema.be","https:\/\/www.youtube.com\/channel\/UCX5LYGVhnKvYauW4Nta4HJA","https:\/\/www.instagram.com\/welovecinema.be\/"]},{"@type":"Person","@id":"https:\/\/welovecinema.be\/nl\/#\/schema\/person\/8084b68c6b176142d073695c654dc7cf","name":"Aurore Engelen","url":"https:\/\/welovecinema.be\/fr\/author\/aurore-engelen\/"}]}},"_links":{"self":[{"href":"https:\/\/welovecinema.be\/fr\/wp-json\/wp\/v2\/posts\/260150","targetHints":{"allow":["GET"]}}],"collection":[{"href":"https:\/\/welovecinema.be\/fr\/wp-json\/wp\/v2\/posts"}],"about":[{"href":"https:\/\/welovecinema.be\/fr\/wp-json\/wp\/v2\/types\/post"}],"author":[{"embeddable":true,"href":"https:\/\/welovecinema.be\/fr\/wp-json\/wp\/v2\/users\/343"}],"replies":[{"embeddable":true,"href":"https:\/\/welovecinema.be\/fr\/wp-json\/wp\/v2\/comments?post=260150"}],"version-history":[{"count":2,"href":"https:\/\/welovecinema.be\/fr\/wp-json\/wp\/v2\/posts\/260150\/revisions"}],"predecessor-version":[{"id":260154,"href":"https:\/\/welovecinema.be\/fr\/wp-json\/wp\/v2\/posts\/260150\/revisions\/260154"}],"wp:featuredmedia":[{"embeddable":true,"href":"https:\/\/welovecinema.be\/fr\/wp-json\/wp\/v2\/media\/260151"}],"wp:attachment":[{"href":"https:\/\/welovecinema.be\/fr\/wp-json\/wp\/v2\/media?parent=260150"}],"wp:term":[{"taxonomy":"category","embeddable":true,"href":"https:\/\/welovecinema.be\/fr\/wp-json\/wp\/v2\/categories?post=260150"},{"taxonomy":"post_tag","embeddable":true,"href":"https:\/\/welovecinema.be\/fr\/wp-json\/wp\/v2\/tags?post=260150"}],"curies":[{"name":"wp","href":"https:\/\/api.w.org\/{rel}","templated":true}]}}