{"id":260128,"date":"2024-08-19T17:57:13","date_gmt":"2024-08-19T15:57:13","guid":{"rendered":"https:\/\/welovecinema.be\/?p=260128"},"modified":"2024-08-19T17:57:13","modified_gmt":"2024-08-19T15:57:13","slug":"participez-a-la-magie-d-insaisissables-3","status":"publish","type":"post","link":"https:\/\/welovecinema.be\/fr\/participez-a-la-magie-d-insaisissables-3\/","title":{"rendered":"Participez \u00e0 la magie d\u2019\u00ab\u00a0Insaisissables 3\u00a0\u00bb\u00a0!"},"content":{"rendered":"<p><strong>Le film <em>Insaisissables 3<\/em> se tournera en partie \u00e0 Anvers \u00e0 la fin de cet \u00e9t\u00e9. Envie de participer \u00e0 l\u2019aventure\u00a0en compagnie, peut-\u00eatre, de <\/strong><strong>Jesse Eisenberg, Woody Harrelson ou Morgan Freeman\u00a0? C\u2019est possible\u00a0! Voyez plut\u00f4t\u2026<\/strong><\/p>\n<p>La production du film, <a href=\"https:\/\/welovecinema.be\/fr\/des-precisions-sur-le-troisieme-volet-des-insaisissables\/\">dont nous vous avions d\u00e9j\u00e0 parl\u00e9<\/a>, recherche des figurants de 16 \u00e0 60 ans, de toutes origines ethniques. Messieurs, si vous avez une belle barbe, c\u2019est un plus !<\/p>\n<p>Le tournage principal aura lieu le jeudi 29 ao\u00fbt 2024, avec des possibilit\u00e9s suppl\u00e9mentaires les 28 ao\u00fbt et 1er septembre. Pr\u00e9voyez \u00e9galement un essayage costume les 26 ou 27 ao\u00fbt.<\/p>\n<p>Une r\u00e9mun\u00e9ration est pr\u00e9vue, ainsi qu\u2019une indemnit\u00e9 essayage. Et puis, m\u00eame si la sortie du film est pr\u00e9vue pour le 14 novembre 2025, vous aurez aussi la chance de le d\u00e9couvrir en avant-premi\u00e8re, c\u2019est-\u00e0-dire avant tout le monde !<\/p>\n<p>Pour tenter votre chance, envoyez vos nom, pr\u00e9nom, num\u00e9ro de t\u00e9l\u00e9phone, date de naissance, ville de r\u00e9sidence, 2-3 photos r\u00e9centes et vos disponibilit\u00e9s sur le <a href=\"https:\/\/www.facebook.com\/100077114091109\/posts\/502448532335612\/?mibextid=WC7FNe&amp;rdid=pZqaFdeFVNX7rYEd\">lien suivant<\/a>.<\/p>\n<p>Bonne chance, et que la magie soit avec vous\u2026<\/p>\n","protected":false},"excerpt":{"rendered":"<p>Le film Insaisissables 3 se tournera en partie \u00e0 Anvers \u00e0 la fin de cet \u00e9t\u00e9. Envie de participer \u00e0 l\u2019aventure\u00a0en compagnie, peut-\u00eatre, de Jesse Eisenberg, Woody Harrelson ou Morgan Freeman\u00a0? C\u2019est possible\u00a0! Voyez plut\u00f4t\u2026 La production du film, dont nous vous avions d\u00e9j\u00e0 parl\u00e9, recherche des figurants de 16 \u00e0 60 ans, de toutes &hellip;<\/p>\n","protected":false},"author":358,"featured_media":260126,"comment_status":"closed","ping_status":"closed","sticky":false,"template":"","format":"standard","meta":{"ngg_post_thumbnail":0,"footnotes":""},"categories":[7135,20],"tags":[],"class_list":["post-260128","post","type-post","status-publish","format-standard","has-post-thumbnail","","category-we-love-worldwide","category-cinejobs"],"yoast_head":"<!-- This site is optimized with the Yoast SEO plugin v20.4 - https:\/\/yoast.com\/wordpress\/plugins\/seo\/ -->\n<title>Participez \u00e0 la magie d\u2019\u00ab\u00a0Insaisissables 3\u00a0\u00bb\u00a0! - We Love Cinema<\/title>\n<meta name=\"robots\" content=\"index, follow, max-snippet:-1, max-image-preview:large, max-video-preview:-1\" \/>\n<link rel=\"canonical\" href=\"https:\/\/welovecinema.be\/fr\/participez-a-la-magie-d-insaisissables-3\/\" \/>\n<meta property=\"og:locale\" content=\"fr_FR\" \/>\n<meta property=\"og:type\" content=\"article\" \/>\n<meta property=\"og:title\" content=\"Participez \u00e0 la magie d\u2019\u00ab\u00a0Insaisissables 3\u00a0\u00bb\u00a0! - We Love Cinema\" \/>\n<meta property=\"og:description\" content=\"Le film Insaisissables 3 se tournera en partie \u00e0 Anvers \u00e0 la fin de cet \u00e9t\u00e9. Envie de participer \u00e0 l\u2019aventure\u00a0en compagnie, peut-\u00eatre, de Jesse Eisenberg, Woody Harrelson ou Morgan Freeman\u00a0? C\u2019est possible\u00a0! Voyez plut\u00f4t\u2026 La production du film, dont nous vous avions d\u00e9j\u00e0 parl\u00e9, recherche des figurants de 16 \u00e0 60 ans, de toutes &hellip;\" \/>\n<meta property=\"og:url\" content=\"https:\/\/welovecinema.be\/fr\/participez-a-la-magie-d-insaisissables-3\/\" \/>\n<meta property=\"og:site_name\" content=\"We Love Cinema\" \/>\n<meta property=\"article:publisher\" content=\"https:\/\/www.facebook.com\/welovecinema.be\" \/>\n<meta property=\"article:published_time\" content=\"2024-08-19T15:57:13+00:00\" \/>\n<meta property=\"og:image\" content=\"https:\/\/welovecinema.be\/wp-content\/uploads\/sites\/2\/2024\/08\/insaisissables-3.jpg\" \/>\n\t<meta property=\"og:image:width\" content=\"1080\" \/>\n\t<meta property=\"og:image:height\" content=\"1080\" \/>\n\t<meta property=\"og:image:type\" content=\"image\/jpeg\" \/>\n<meta name=\"author\" content=\"fred\" \/>\n<meta name=\"twitter:card\" content=\"summary_large_image\" \/>\n<meta name=\"twitter:label1\" content=\"\u00c9crit par\" \/>\n\t<meta name=\"twitter:data1\" content=\"fred\" \/>\n\t<meta name=\"twitter:label2\" content=\"Dur\u00e9e de lecture estim\u00e9e\" \/>\n\t<meta name=\"twitter:data2\" content=\"1 minute\" \/>\n<script type=\"application\/ld+json\" class=\"yoast-schema-graph\">{\"@context\":\"https:\/\/schema.org\",\"@graph\":[{\"@type\":\"Article\",\"@id\":\"https:\/\/welovecinema.be\/fr\/participez-a-la-magie-d-insaisissables-3\/#article\",\"isPartOf\":{\"@id\":\"https:\/\/welovecinema.be\/fr\/participez-a-la-magie-d-insaisissables-3\/\"},\"author\":{\"name\":\"fred\",\"@id\":\"https:\/\/welovecinema.be\/nl\/#\/schema\/person\/7620619142b6dd3c9aa19e9210ad5bd5\"},\"headline\":\"Participez \u00e0 la magie d\u2019\u00ab\u00a0Insaisissables 3\u00a0\u00bb\u00a0!\",\"datePublished\":\"2024-08-19T15:57:13+00:00\",\"dateModified\":\"2024-08-19T15:57:13+00:00\",\"mainEntityOfPage\":{\"@id\":\"https:\/\/welovecinema.be\/fr\/participez-a-la-magie-d-insaisissables-3\/\"},\"wordCount\":192,\"publisher\":{\"@id\":\"https:\/\/welovecinema.be\/nl\/#organization\"},\"articleSection\":[\"\u00a0We Love Worldwide Cinema\",\"Cinejobs\"],\"inLanguage\":\"fr-FR\"},{\"@type\":\"WebPage\",\"@id\":\"https:\/\/welovecinema.be\/fr\/participez-a-la-magie-d-insaisissables-3\/\",\"url\":\"https:\/\/welovecinema.be\/fr\/participez-a-la-magie-d-insaisissables-3\/\",\"name\":\"Participez \u00e0 la magie d\u2019\u00ab\u00a0Insaisissables 3\u00a0\u00bb\u00a0! - We Love Cinema\",\"isPartOf\":{\"@id\":\"https:\/\/welovecinema.be\/nl\/#website\"},\"datePublished\":\"2024-08-19T15:57:13+00:00\",\"dateModified\":\"2024-08-19T15:57:13+00:00\",\"breadcrumb\":{\"@id\":\"https:\/\/welovecinema.be\/fr\/participez-a-la-magie-d-insaisissables-3\/#breadcrumb\"},\"inLanguage\":\"fr-FR\",\"potentialAction\":[{\"@type\":\"ReadAction\",\"target\":[\"https:\/\/welovecinema.be\/fr\/participez-a-la-magie-d-insaisissables-3\/\"]}]},{\"@type\":\"BreadcrumbList\",\"@id\":\"https:\/\/welovecinema.be\/fr\/participez-a-la-magie-d-insaisissables-3\/#breadcrumb\",\"itemListElement\":[{\"@type\":\"ListItem\",\"position\":1,\"name\":\"Accueil\",\"item\":\"https:\/\/welovecinema.be\/fr\/\"},{\"@type\":\"ListItem\",\"position\":2,\"name\":\"Participez \u00e0 la magie d\u2019\u00ab\u00a0Insaisissables 3\u00a0\u00bb\u00a0!\"}]},{\"@type\":\"WebSite\",\"@id\":\"https:\/\/welovecinema.be\/nl\/#website\",\"url\":\"https:\/\/welovecinema.be\/nl\/\",\"name\":\"We Love Cinema\",\"description\":\"Toute l\u2019information du cin\u00e9ma en Belgique\",\"publisher\":{\"@id\":\"https:\/\/welovecinema.be\/nl\/#organization\"},\"potentialAction\":[{\"@type\":\"SearchAction\",\"target\":{\"@type\":\"EntryPoint\",\"urlTemplate\":\"https:\/\/welovecinema.be\/nl\/?s={search_term_string}\"},\"query-input\":\"required name=search_term_string\"}],\"inLanguage\":\"fr-FR\"},{\"@type\":\"Organization\",\"@id\":\"https:\/\/welovecinema.be\/nl\/#organization\",\"name\":\"We Love Cinema\",\"url\":\"https:\/\/welovecinema.be\/nl\/\",\"logo\":{\"@type\":\"ImageObject\",\"inLanguage\":\"fr-FR\",\"@id\":\"https:\/\/welovecinema.be\/nl\/#\/schema\/logo\/image\/\",\"url\":\"https:\/\/welovecinema.be\/wp-content\/uploads\/sites\/2\/2023\/03\/Logo-We-Love-Cinema305x128.jpg\",\"contentUrl\":\"https:\/\/welovecinema.be\/wp-content\/uploads\/sites\/2\/2023\/03\/Logo-We-Love-Cinema305x128.jpg\",\"width\":305,\"height\":128,\"caption\":\"We Love Cinema\"},\"image\":{\"@id\":\"https:\/\/welovecinema.be\/nl\/#\/schema\/logo\/image\/\"},\"sameAs\":[\"https:\/\/www.facebook.com\/welovecinema.be\",\"https:\/\/www.youtube.com\/channel\/UCX5LYGVhnKvYauW4Nta4HJA\",\"https:\/\/www.instagram.com\/welovecinema.be\/\"]},{\"@type\":\"Person\",\"@id\":\"https:\/\/welovecinema.be\/nl\/#\/schema\/person\/7620619142b6dd3c9aa19e9210ad5bd5\",\"name\":\"fred\",\"url\":\"https:\/\/welovecinema.be\/fr\/author\/fred\/\"}]}<\/script>\n<!-- \/ Yoast SEO plugin. -->","yoast_head_json":{"title":"Participez \u00e0 la magie d\u2019\u00ab\u00a0Insaisissables 3\u00a0\u00bb\u00a0! - We Love Cinema","robots":{"index":"index","follow":"follow","max-snippet":"max-snippet:-1","max-image-preview":"max-image-preview:large","max-video-preview":"max-video-preview:-1"},"canonical":"https:\/\/welovecinema.be\/fr\/participez-a-la-magie-d-insaisissables-3\/","og_locale":"fr_FR","og_type":"article","og_title":"Participez \u00e0 la magie d\u2019\u00ab\u00a0Insaisissables 3\u00a0\u00bb\u00a0! - We Love Cinema","og_description":"Le film Insaisissables 3 se tournera en partie \u00e0 Anvers \u00e0 la fin de cet \u00e9t\u00e9. Envie de participer \u00e0 l\u2019aventure\u00a0en compagnie, peut-\u00eatre, de Jesse Eisenberg, Woody Harrelson ou Morgan Freeman\u00a0? C\u2019est possible\u00a0! Voyez plut\u00f4t\u2026 La production du film, dont nous vous avions d\u00e9j\u00e0 parl\u00e9, recherche des figurants de 16 \u00e0 60 ans, de toutes &hellip;","og_url":"https:\/\/welovecinema.be\/fr\/participez-a-la-magie-d-insaisissables-3\/","og_site_name":"We Love Cinema","article_publisher":"https:\/\/www.facebook.com\/welovecinema.be","article_published_time":"2024-08-19T15:57:13+00:00","og_image":[{"width":1080,"height":1080,"url":"https:\/\/welovecinema.be\/wp-content\/uploads\/sites\/2\/2024\/08\/insaisissables-3.jpg","type":"image\/jpeg"}],"author":"fred","twitter_card":"summary_large_image","twitter_misc":{"\u00c9crit par":"fred","Dur\u00e9e de lecture estim\u00e9e":"1 minute"},"schema":{"@context":"https:\/\/schema.org","@graph":[{"@type":"Article","@id":"https:\/\/welovecinema.be\/fr\/participez-a-la-magie-d-insaisissables-3\/#article","isPartOf":{"@id":"https:\/\/welovecinema.be\/fr\/participez-a-la-magie-d-insaisissables-3\/"},"author":{"name":"fred","@id":"https:\/\/welovecinema.be\/nl\/#\/schema\/person\/7620619142b6dd3c9aa19e9210ad5bd5"},"headline":"Participez \u00e0 la magie d\u2019\u00ab\u00a0Insaisissables 3\u00a0\u00bb\u00a0!","datePublished":"2024-08-19T15:57:13+00:00","dateModified":"2024-08-19T15:57:13+00:00","mainEntityOfPage":{"@id":"https:\/\/welovecinema.be\/fr\/participez-a-la-magie-d-insaisissables-3\/"},"wordCount":192,"publisher":{"@id":"https:\/\/welovecinema.be\/nl\/#organization"},"articleSection":["\u00a0We Love Worldwide Cinema","Cinejobs"],"inLanguage":"fr-FR"},{"@type":"WebPage","@id":"https:\/\/welovecinema.be\/fr\/participez-a-la-magie-d-insaisissables-3\/","url":"https:\/\/welovecinema.be\/fr\/participez-a-la-magie-d-insaisissables-3\/","name":"Participez \u00e0 la magie d\u2019\u00ab\u00a0Insaisissables 3\u00a0\u00bb\u00a0! - We Love Cinema","isPartOf":{"@id":"https:\/\/welovecinema.be\/nl\/#website"},"datePublished":"2024-08-19T15:57:13+00:00","dateModified":"2024-08-19T15:57:13+00:00","breadcrumb":{"@id":"https:\/\/welovecinema.be\/fr\/participez-a-la-magie-d-insaisissables-3\/#breadcrumb"},"inLanguage":"fr-FR","potentialAction":[{"@type":"ReadAction","target":["https:\/\/welovecinema.be\/fr\/participez-a-la-magie-d-insaisissables-3\/"]}]},{"@type":"BreadcrumbList","@id":"https:\/\/welovecinema.be\/fr\/participez-a-la-magie-d-insaisissables-3\/#breadcrumb","itemListElement":[{"@type":"ListItem","position":1,"name":"Accueil","item":"https:\/\/welovecinema.be\/fr\/"},{"@type":"ListItem","position":2,"name":"Participez \u00e0 la magie d\u2019\u00ab\u00a0Insaisissables 3\u00a0\u00bb\u00a0!"}]},{"@type":"WebSite","@id":"https:\/\/welovecinema.be\/nl\/#website","url":"https:\/\/welovecinema.be\/nl\/","name":"We Love Cinema","description":"Toute l\u2019information du cin\u00e9ma en Belgique","publisher":{"@id":"https:\/\/welovecinema.be\/nl\/#organization"},"potentialAction":[{"@type":"SearchAction","target":{"@type":"EntryPoint","urlTemplate":"https:\/\/welovecinema.be\/nl\/?s={search_term_string}"},"query-input":"required name=search_term_string"}],"inLanguage":"fr-FR"},{"@type":"Organization","@id":"https:\/\/welovecinema.be\/nl\/#organization","name":"We Love Cinema","url":"https:\/\/welovecinema.be\/nl\/","logo":{"@type":"ImageObject","inLanguage":"fr-FR","@id":"https:\/\/welovecinema.be\/nl\/#\/schema\/logo\/image\/","url":"https:\/\/welovecinema.be\/wp-content\/uploads\/sites\/2\/2023\/03\/Logo-We-Love-Cinema305x128.jpg","contentUrl":"https:\/\/welovecinema.be\/wp-content\/uploads\/sites\/2\/2023\/03\/Logo-We-Love-Cinema305x128.jpg","width":305,"height":128,"caption":"We Love Cinema"},"image":{"@id":"https:\/\/welovecinema.be\/nl\/#\/schema\/logo\/image\/"},"sameAs":["https:\/\/www.facebook.com\/welovecinema.be","https:\/\/www.youtube.com\/channel\/UCX5LYGVhnKvYauW4Nta4HJA","https:\/\/www.instagram.com\/welovecinema.be\/"]},{"@type":"Person","@id":"https:\/\/welovecinema.be\/nl\/#\/schema\/person\/7620619142b6dd3c9aa19e9210ad5bd5","name":"fred","url":"https:\/\/welovecinema.be\/fr\/author\/fred\/"}]}},"_links":{"self":[{"href":"https:\/\/welovecinema.be\/fr\/wp-json\/wp\/v2\/posts\/260128","targetHints":{"allow":["GET"]}}],"collection":[{"href":"https:\/\/welovecinema.be\/fr\/wp-json\/wp\/v2\/posts"}],"about":[{"href":"https:\/\/welovecinema.be\/fr\/wp-json\/wp\/v2\/types\/post"}],"author":[{"embeddable":true,"href":"https:\/\/welovecinema.be\/fr\/wp-json\/wp\/v2\/users\/358"}],"replies":[{"embeddable":true,"href":"https:\/\/welovecinema.be\/fr\/wp-json\/wp\/v2\/comments?post=260128"}],"version-history":[{"count":1,"href":"https:\/\/welovecinema.be\/fr\/wp-json\/wp\/v2\/posts\/260128\/revisions"}],"predecessor-version":[{"id":260129,"href":"https:\/\/welovecinema.be\/fr\/wp-json\/wp\/v2\/posts\/260128\/revisions\/260129"}],"wp:featuredmedia":[{"embeddable":true,"href":"https:\/\/welovecinema.be\/fr\/wp-json\/wp\/v2\/media\/260126"}],"wp:attachment":[{"href":"https:\/\/welovecinema.be\/fr\/wp-json\/wp\/v2\/media?parent=260128"}],"wp:term":[{"taxonomy":"category","embeddable":true,"href":"https:\/\/welovecinema.be\/fr\/wp-json\/wp\/v2\/categories?post=260128"},{"taxonomy":"post_tag","embeddable":true,"href":"https:\/\/welovecinema.be\/fr\/wp-json\/wp\/v2\/tags?post=260128"}],"curies":[{"name":"wp","href":"https:\/\/api.w.org\/{rel}","templated":true}]}}