{"id":259945,"date":"2024-08-06T11:46:56","date_gmt":"2024-08-06T09:46:56","guid":{"rendered":"https:\/\/welovecinema.be\/?p=259945"},"modified":"2024-08-06T11:47:31","modified_gmt":"2024-08-06T09:47:31","slug":"le-centre-culturel-de-libramont-chevigny-recherche-une-animateurice-programmateurice","status":"publish","type":"post","link":"https:\/\/welovecinema.be\/fr\/le-centre-culturel-de-libramont-chevigny-recherche-une-animateurice-programmateurice\/","title":{"rendered":"Le Centre culturel de Libramont-Chevigny recherche un\u00b7e animateur\u00b7ice\/ programmateur\u00b7ice"},"content":{"rendered":"<p><strong>Le Centre culturel de Libramont-Chevigny recherche, dans le cadre de son d\u00e9veloppement culturel un\u00b7e animateur\u00b7ice\/ Programmateur\u00b7ice cin\u00e9ma temps plein (38h\/sem) dont le travail s\u2019inscrira dans le projet culturel global du Centre culturel de Libramont-Chevigny.<\/strong><\/p>\n<p><strong>Descriptif de fonction<\/strong><\/p>\n<p>L\u2019animateur\u00b7ice\/ Programmateur\u00b7ice cin\u00e9ma travaillera en collaboration \u00e9troite avec les autres membres de l\u2019\u00e9quipe du Centre culturel de Libramont-Chevigny.<\/p>\n<p><strong>Programmation cin\u00e9ma du Centre culturel de Libramont.<\/strong><\/p>\n<ul>\n<li>Contacts et n\u00e9gociations avec les distributeurs de films, et toutes organisations (festivals, ateliers de production, \u00e9coles, etc.) susceptibles d\u2019enrichir et de diversifier la programmation.<\/li>\n<li>Mise sur pied d\u2019une programmation scolaire annuelle en lien avec l\u2019op\u00e9ration Ecran Large sur Tableau Noir de l\u2019asbl Les Grignoux, et suivi des contacts avec les \u00e9coles (promotion et inscription, accueil\u2026)<\/li>\n<li>Organisation d\u2019\u00e9v\u00e9nements cin\u00e9matographiques exceptionnels (avant-premi\u00e8res, d\u00e9centralisations, cycles, etc).<\/li>\n<li>Conception d\u2019\u00e9v\u00e9nements cin\u00e9matographiques (ateliers, stages, etc.) dans une optique d\u2019\u00e9ducation au cin\u00e9ma et plus largement d\u2019\u00e9ducation aux m\u00e9dias.<\/li>\n<li>Animation de rencontres ou de d\u00e9bats, pr\u00e9sentations de film aux spectateur.rices lors des \u00e9v\u00e9nements.<\/li>\n<li>Suivi administratif (bordereaux de recettes, dossiers, etc.)<\/li>\n<li>Mise sur pied de collaborations avec le tissu associatif.<\/li>\n<li>Recherche de subventions.<\/li>\n<li>Gestion quotidienne logistique (r\u00e9ception des films, caisse et billetterie, confiseries, affichage, etc.)<\/li>\n<li>Travail de promotion en collaboration avec l\u2019\u00e9quipe communication du Centre culturel de Libramont.<\/li>\n<li>L\u2019animateur.rice \/programmateur.rice devra \u00e9galement et ponctuellement assurer l\u2019accueil des spectateurs et le lancement des films en journ\u00e9e et\/ou en soir\u00e9e, en semaine et\/ou les week-ends et au moins un soir par semaine.<\/li>\n<li>Soutien aux \u00e9v\u00e8nements organis\u00e9s par le centre culturel.<\/li>\n<\/ul>\n<p>38h\/semaine<\/p>\n<p>Echelon 4.1. ou 4.2. de la commission paritaire 329.02 en fonction du dipl\u00f4me.<\/p>\n<p>Entr\u00e9e en fonction au 16 septembre au plus tard.<\/p>\n<p><strong>Profil de fonction<\/strong><\/p>\n<ul>\n<li>L\u2019animateur.rice \/programmateur.rice devra faire preuve d\u2019une bonne connaissance de l\u2019actualit\u00e9 cin\u00e9matographique en se tenant au courant des sorties de films \u00e0 venir.<\/li>\n<li>L\u2019animateur.rice\/programmateur.rice travaillera en collaboration avec les 2 autres animateur.rices cin\u00e9ma. Il fera preuve d\u2019une bonne aptitude \u00e0 la m\u00e9diation culturelle.<\/li>\n<li>L\u2019animateur.rice\/programmateur.rice devra faire preuve de flexibilit\u00e9 horaire et de ponctualit\u00e9.<\/li>\n<li>Il\/elle sera capable de travailler en \u00e9quipe.<\/li>\n<li>Il\/elle sera capable de faire \u00e9voluer le projet tout en respectant le cadre de travail et la hi\u00e9rarchie.<\/li>\n<li>La connaissance du secteur des centres culturels sera appr\u00e9ci\u00e9e.<\/li>\n<li>Une exp\u00e9rience dans le domaine culturel et\/ou du cin\u00e9ma est un atout.<\/li>\n<li>Une facult\u00e9 d\u2019organisation est indispensable.<\/li>\n<li>Une attention sera port\u00e9e \u00e0 la capacit\u00e9 de gestion de projet, y compris dans ses aspects financiers.<\/li>\n<li>Une connaissance de l\u2019utilisation des r\u00e9seaux sociaux et une facult\u00e9 \u00e0 maitriser l\u2019outil informatique sont n\u00e9cessaires.<\/li>\n<\/ul>\n<p>Appel \u00e0 candidatures du 31 juillet au 25 aout 2024<\/p>\n<p>Envoyer \u00e0 <a href=\"mailto:clahaye@cclibramont.be\">clahaye@cclibramont.be<\/a><\/p>\n","protected":false},"excerpt":{"rendered":"<p>Le Centre culturel de Libramont-Chevigny recherche, dans le cadre de son d\u00e9veloppement culturel un\u00b7e animateur\u00b7ice\/ Programmateur\u00b7ice cin\u00e9ma temps plein (38h\/sem) dont le travail s\u2019inscrira dans le projet culturel global du Centre culturel de Libramont-Chevigny. Descriptif de fonction L\u2019animateur\u00b7ice\/ Programmateur\u00b7ice cin\u00e9ma travaillera en collaboration \u00e9troite avec les autres membres de l\u2019\u00e9quipe du Centre culturel de Libramont-Chevigny. &hellip;<\/p>\n","protected":false},"author":343,"featured_media":259946,"comment_status":"closed","ping_status":"closed","sticky":false,"template":"","format":"standard","meta":{"ngg_post_thumbnail":0,"footnotes":""},"categories":[7134,20],"tags":[],"class_list":["post-259945","post","type-post","status-publish","format-standard","has-post-thumbnail","","category-we-love-belgian-cinema","category-cinejobs"],"yoast_head":"<!-- This site is optimized with the Yoast SEO plugin v20.4 - https:\/\/yoast.com\/wordpress\/plugins\/seo\/ -->\n<title>Le Centre culturel de Libramont-Chevigny recherche un\u00b7e animateur\u00b7ice\/ programmateur\u00b7ice - We Love Cinema<\/title>\n<meta name=\"robots\" content=\"index, follow, max-snippet:-1, max-image-preview:large, max-video-preview:-1\" \/>\n<link rel=\"canonical\" href=\"https:\/\/welovecinema.be\/fr\/le-centre-culturel-de-libramont-chevigny-recherche-une-animateurice-programmateurice\/\" \/>\n<meta property=\"og:locale\" content=\"fr_FR\" \/>\n<meta property=\"og:type\" content=\"article\" \/>\n<meta property=\"og:title\" content=\"Le Centre culturel de Libramont-Chevigny recherche un\u00b7e animateur\u00b7ice\/ programmateur\u00b7ice - We Love Cinema\" \/>\n<meta property=\"og:description\" content=\"Le Centre culturel de Libramont-Chevigny recherche, dans le cadre de son d\u00e9veloppement culturel un\u00b7e animateur\u00b7ice\/ Programmateur\u00b7ice cin\u00e9ma temps plein (38h\/sem) dont le travail s\u2019inscrira dans le projet culturel global du Centre culturel de Libramont-Chevigny. Descriptif de fonction L\u2019animateur\u00b7ice\/ Programmateur\u00b7ice cin\u00e9ma travaillera en collaboration \u00e9troite avec les autres membres de l\u2019\u00e9quipe du Centre culturel de Libramont-Chevigny. &hellip;\" \/>\n<meta property=\"og:url\" content=\"https:\/\/welovecinema.be\/fr\/le-centre-culturel-de-libramont-chevigny-recherche-une-animateurice-programmateurice\/\" \/>\n<meta property=\"og:site_name\" content=\"We Love Cinema\" \/>\n<meta property=\"article:publisher\" content=\"https:\/\/www.facebook.com\/welovecinema.be\" \/>\n<meta property=\"article:published_time\" content=\"2024-08-06T09:46:56+00:00\" \/>\n<meta property=\"article:modified_time\" content=\"2024-08-06T09:47:31+00:00\" \/>\n<meta property=\"og:image\" content=\"https:\/\/welovecinema.be\/wp-content\/uploads\/sites\/2\/2024\/08\/AnnonceLibramont2.png\" \/>\n\t<meta property=\"og:image:width\" content=\"1200\" \/>\n\t<meta property=\"og:image:height\" content=\"600\" \/>\n\t<meta property=\"og:image:type\" content=\"image\/png\" \/>\n<meta name=\"author\" content=\"Aurore Engelen\" \/>\n<meta name=\"twitter:card\" content=\"summary_large_image\" \/>\n<meta name=\"twitter:label1\" content=\"\u00c9crit par\" \/>\n\t<meta name=\"twitter:data1\" content=\"Aurore Engelen\" \/>\n\t<meta name=\"twitter:label2\" content=\"Dur\u00e9e de lecture estim\u00e9e\" \/>\n\t<meta name=\"twitter:data2\" content=\"3 minutes\" \/>\n<script type=\"application\/ld+json\" class=\"yoast-schema-graph\">{\"@context\":\"https:\/\/schema.org\",\"@graph\":[{\"@type\":\"Article\",\"@id\":\"https:\/\/welovecinema.be\/fr\/le-centre-culturel-de-libramont-chevigny-recherche-une-animateurice-programmateurice\/#article\",\"isPartOf\":{\"@id\":\"https:\/\/welovecinema.be\/fr\/le-centre-culturel-de-libramont-chevigny-recherche-une-animateurice-programmateurice\/\"},\"author\":{\"name\":\"Aurore Engelen\",\"@id\":\"https:\/\/welovecinema.be\/nl\/#\/schema\/person\/8084b68c6b176142d073695c654dc7cf\"},\"headline\":\"Le Centre culturel de Libramont-Chevigny recherche un\u00b7e animateur\u00b7ice\/ programmateur\u00b7ice\",\"datePublished\":\"2024-08-06T09:46:56+00:00\",\"dateModified\":\"2024-08-06T09:47:31+00:00\",\"mainEntityOfPage\":{\"@id\":\"https:\/\/welovecinema.be\/fr\/le-centre-culturel-de-libramont-chevigny-recherche-une-animateurice-programmateurice\/\"},\"wordCount\":498,\"publisher\":{\"@id\":\"https:\/\/welovecinema.be\/nl\/#organization\"},\"articleSection\":[\"\u00a0We Love Belgian Cinema\",\"Cinejobs\"],\"inLanguage\":\"fr-FR\"},{\"@type\":\"WebPage\",\"@id\":\"https:\/\/welovecinema.be\/fr\/le-centre-culturel-de-libramont-chevigny-recherche-une-animateurice-programmateurice\/\",\"url\":\"https:\/\/welovecinema.be\/fr\/le-centre-culturel-de-libramont-chevigny-recherche-une-animateurice-programmateurice\/\",\"name\":\"Le Centre culturel de Libramont-Chevigny recherche un\u00b7e animateur\u00b7ice\/ programmateur\u00b7ice - We Love Cinema\",\"isPartOf\":{\"@id\":\"https:\/\/welovecinema.be\/nl\/#website\"},\"datePublished\":\"2024-08-06T09:46:56+00:00\",\"dateModified\":\"2024-08-06T09:47:31+00:00\",\"breadcrumb\":{\"@id\":\"https:\/\/welovecinema.be\/fr\/le-centre-culturel-de-libramont-chevigny-recherche-une-animateurice-programmateurice\/#breadcrumb\"},\"inLanguage\":\"fr-FR\",\"potentialAction\":[{\"@type\":\"ReadAction\",\"target\":[\"https:\/\/welovecinema.be\/fr\/le-centre-culturel-de-libramont-chevigny-recherche-une-animateurice-programmateurice\/\"]}]},{\"@type\":\"BreadcrumbList\",\"@id\":\"https:\/\/welovecinema.be\/fr\/le-centre-culturel-de-libramont-chevigny-recherche-une-animateurice-programmateurice\/#breadcrumb\",\"itemListElement\":[{\"@type\":\"ListItem\",\"position\":1,\"name\":\"Accueil\",\"item\":\"https:\/\/welovecinema.be\/fr\/\"},{\"@type\":\"ListItem\",\"position\":2,\"name\":\"Le Centre culturel de Libramont-Chevigny recherche un\u00b7e animateur\u00b7ice\/ programmateur\u00b7ice\"}]},{\"@type\":\"WebSite\",\"@id\":\"https:\/\/welovecinema.be\/nl\/#website\",\"url\":\"https:\/\/welovecinema.be\/nl\/\",\"name\":\"We Love Cinema\",\"description\":\"Toute l\u2019information du cin\u00e9ma en Belgique\",\"publisher\":{\"@id\":\"https:\/\/welovecinema.be\/nl\/#organization\"},\"potentialAction\":[{\"@type\":\"SearchAction\",\"target\":{\"@type\":\"EntryPoint\",\"urlTemplate\":\"https:\/\/welovecinema.be\/nl\/?s={search_term_string}\"},\"query-input\":\"required name=search_term_string\"}],\"inLanguage\":\"fr-FR\"},{\"@type\":\"Organization\",\"@id\":\"https:\/\/welovecinema.be\/nl\/#organization\",\"name\":\"We Love Cinema\",\"url\":\"https:\/\/welovecinema.be\/nl\/\",\"logo\":{\"@type\":\"ImageObject\",\"inLanguage\":\"fr-FR\",\"@id\":\"https:\/\/welovecinema.be\/nl\/#\/schema\/logo\/image\/\",\"url\":\"https:\/\/welovecinema.be\/wp-content\/uploads\/sites\/2\/2023\/03\/Logo-We-Love-Cinema305x128.jpg\",\"contentUrl\":\"https:\/\/welovecinema.be\/wp-content\/uploads\/sites\/2\/2023\/03\/Logo-We-Love-Cinema305x128.jpg\",\"width\":305,\"height\":128,\"caption\":\"We Love Cinema\"},\"image\":{\"@id\":\"https:\/\/welovecinema.be\/nl\/#\/schema\/logo\/image\/\"},\"sameAs\":[\"https:\/\/www.facebook.com\/welovecinema.be\",\"https:\/\/www.youtube.com\/channel\/UCX5LYGVhnKvYauW4Nta4HJA\",\"https:\/\/www.instagram.com\/welovecinema.be\/\"]},{\"@type\":\"Person\",\"@id\":\"https:\/\/welovecinema.be\/nl\/#\/schema\/person\/8084b68c6b176142d073695c654dc7cf\",\"name\":\"Aurore Engelen\",\"url\":\"https:\/\/welovecinema.be\/fr\/author\/aurore-engelen\/\"}]}<\/script>\n<!-- \/ Yoast SEO plugin. -->","yoast_head_json":{"title":"Le Centre culturel de Libramont-Chevigny recherche un\u00b7e animateur\u00b7ice\/ programmateur\u00b7ice - We Love Cinema","robots":{"index":"index","follow":"follow","max-snippet":"max-snippet:-1","max-image-preview":"max-image-preview:large","max-video-preview":"max-video-preview:-1"},"canonical":"https:\/\/welovecinema.be\/fr\/le-centre-culturel-de-libramont-chevigny-recherche-une-animateurice-programmateurice\/","og_locale":"fr_FR","og_type":"article","og_title":"Le Centre culturel de Libramont-Chevigny recherche un\u00b7e animateur\u00b7ice\/ programmateur\u00b7ice - We Love Cinema","og_description":"Le Centre culturel de Libramont-Chevigny recherche, dans le cadre de son d\u00e9veloppement culturel un\u00b7e animateur\u00b7ice\/ Programmateur\u00b7ice cin\u00e9ma temps plein (38h\/sem) dont le travail s\u2019inscrira dans le projet culturel global du Centre culturel de Libramont-Chevigny. Descriptif de fonction L\u2019animateur\u00b7ice\/ Programmateur\u00b7ice cin\u00e9ma travaillera en collaboration \u00e9troite avec les autres membres de l\u2019\u00e9quipe du Centre culturel de Libramont-Chevigny. &hellip;","og_url":"https:\/\/welovecinema.be\/fr\/le-centre-culturel-de-libramont-chevigny-recherche-une-animateurice-programmateurice\/","og_site_name":"We Love Cinema","article_publisher":"https:\/\/www.facebook.com\/welovecinema.be","article_published_time":"2024-08-06T09:46:56+00:00","article_modified_time":"2024-08-06T09:47:31+00:00","og_image":[{"width":1200,"height":600,"url":"https:\/\/welovecinema.be\/wp-content\/uploads\/sites\/2\/2024\/08\/AnnonceLibramont2.png","type":"image\/png"}],"author":"Aurore Engelen","twitter_card":"summary_large_image","twitter_misc":{"\u00c9crit par":"Aurore Engelen","Dur\u00e9e de lecture estim\u00e9e":"3 minutes"},"schema":{"@context":"https:\/\/schema.org","@graph":[{"@type":"Article","@id":"https:\/\/welovecinema.be\/fr\/le-centre-culturel-de-libramont-chevigny-recherche-une-animateurice-programmateurice\/#article","isPartOf":{"@id":"https:\/\/welovecinema.be\/fr\/le-centre-culturel-de-libramont-chevigny-recherche-une-animateurice-programmateurice\/"},"author":{"name":"Aurore Engelen","@id":"https:\/\/welovecinema.be\/nl\/#\/schema\/person\/8084b68c6b176142d073695c654dc7cf"},"headline":"Le Centre culturel de Libramont-Chevigny recherche un\u00b7e animateur\u00b7ice\/ programmateur\u00b7ice","datePublished":"2024-08-06T09:46:56+00:00","dateModified":"2024-08-06T09:47:31+00:00","mainEntityOfPage":{"@id":"https:\/\/welovecinema.be\/fr\/le-centre-culturel-de-libramont-chevigny-recherche-une-animateurice-programmateurice\/"},"wordCount":498,"publisher":{"@id":"https:\/\/welovecinema.be\/nl\/#organization"},"articleSection":["\u00a0We Love Belgian Cinema","Cinejobs"],"inLanguage":"fr-FR"},{"@type":"WebPage","@id":"https:\/\/welovecinema.be\/fr\/le-centre-culturel-de-libramont-chevigny-recherche-une-animateurice-programmateurice\/","url":"https:\/\/welovecinema.be\/fr\/le-centre-culturel-de-libramont-chevigny-recherche-une-animateurice-programmateurice\/","name":"Le Centre culturel de Libramont-Chevigny recherche un\u00b7e animateur\u00b7ice\/ programmateur\u00b7ice - We Love Cinema","isPartOf":{"@id":"https:\/\/welovecinema.be\/nl\/#website"},"datePublished":"2024-08-06T09:46:56+00:00","dateModified":"2024-08-06T09:47:31+00:00","breadcrumb":{"@id":"https:\/\/welovecinema.be\/fr\/le-centre-culturel-de-libramont-chevigny-recherche-une-animateurice-programmateurice\/#breadcrumb"},"inLanguage":"fr-FR","potentialAction":[{"@type":"ReadAction","target":["https:\/\/welovecinema.be\/fr\/le-centre-culturel-de-libramont-chevigny-recherche-une-animateurice-programmateurice\/"]}]},{"@type":"BreadcrumbList","@id":"https:\/\/welovecinema.be\/fr\/le-centre-culturel-de-libramont-chevigny-recherche-une-animateurice-programmateurice\/#breadcrumb","itemListElement":[{"@type":"ListItem","position":1,"name":"Accueil","item":"https:\/\/welovecinema.be\/fr\/"},{"@type":"ListItem","position":2,"name":"Le Centre culturel de Libramont-Chevigny recherche un\u00b7e animateur\u00b7ice\/ programmateur\u00b7ice"}]},{"@type":"WebSite","@id":"https:\/\/welovecinema.be\/nl\/#website","url":"https:\/\/welovecinema.be\/nl\/","name":"We Love Cinema","description":"Toute l\u2019information du cin\u00e9ma en Belgique","publisher":{"@id":"https:\/\/welovecinema.be\/nl\/#organization"},"potentialAction":[{"@type":"SearchAction","target":{"@type":"EntryPoint","urlTemplate":"https:\/\/welovecinema.be\/nl\/?s={search_term_string}"},"query-input":"required name=search_term_string"}],"inLanguage":"fr-FR"},{"@type":"Organization","@id":"https:\/\/welovecinema.be\/nl\/#organization","name":"We Love Cinema","url":"https:\/\/welovecinema.be\/nl\/","logo":{"@type":"ImageObject","inLanguage":"fr-FR","@id":"https:\/\/welovecinema.be\/nl\/#\/schema\/logo\/image\/","url":"https:\/\/welovecinema.be\/wp-content\/uploads\/sites\/2\/2023\/03\/Logo-We-Love-Cinema305x128.jpg","contentUrl":"https:\/\/welovecinema.be\/wp-content\/uploads\/sites\/2\/2023\/03\/Logo-We-Love-Cinema305x128.jpg","width":305,"height":128,"caption":"We Love Cinema"},"image":{"@id":"https:\/\/welovecinema.be\/nl\/#\/schema\/logo\/image\/"},"sameAs":["https:\/\/www.facebook.com\/welovecinema.be","https:\/\/www.youtube.com\/channel\/UCX5LYGVhnKvYauW4Nta4HJA","https:\/\/www.instagram.com\/welovecinema.be\/"]},{"@type":"Person","@id":"https:\/\/welovecinema.be\/nl\/#\/schema\/person\/8084b68c6b176142d073695c654dc7cf","name":"Aurore Engelen","url":"https:\/\/welovecinema.be\/fr\/author\/aurore-engelen\/"}]}},"_links":{"self":[{"href":"https:\/\/welovecinema.be\/fr\/wp-json\/wp\/v2\/posts\/259945","targetHints":{"allow":["GET"]}}],"collection":[{"href":"https:\/\/welovecinema.be\/fr\/wp-json\/wp\/v2\/posts"}],"about":[{"href":"https:\/\/welovecinema.be\/fr\/wp-json\/wp\/v2\/types\/post"}],"author":[{"embeddable":true,"href":"https:\/\/welovecinema.be\/fr\/wp-json\/wp\/v2\/users\/343"}],"replies":[{"embeddable":true,"href":"https:\/\/welovecinema.be\/fr\/wp-json\/wp\/v2\/comments?post=259945"}],"version-history":[{"count":2,"href":"https:\/\/welovecinema.be\/fr\/wp-json\/wp\/v2\/posts\/259945\/revisions"}],"predecessor-version":[{"id":259949,"href":"https:\/\/welovecinema.be\/fr\/wp-json\/wp\/v2\/posts\/259945\/revisions\/259949"}],"wp:featuredmedia":[{"embeddable":true,"href":"https:\/\/welovecinema.be\/fr\/wp-json\/wp\/v2\/media\/259946"}],"wp:attachment":[{"href":"https:\/\/welovecinema.be\/fr\/wp-json\/wp\/v2\/media?parent=259945"}],"wp:term":[{"taxonomy":"category","embeddable":true,"href":"https:\/\/welovecinema.be\/fr\/wp-json\/wp\/v2\/categories?post=259945"},{"taxonomy":"post_tag","embeddable":true,"href":"https:\/\/welovecinema.be\/fr\/wp-json\/wp\/v2\/tags?post=259945"}],"curies":[{"name":"wp","href":"https:\/\/api.w.org\/{rel}","templated":true}]}}