{"id":259939,"date":"2024-08-06T10:46:07","date_gmt":"2024-08-06T08:46:07","guid":{"rendered":"https:\/\/welovecinema.be\/?p=259939"},"modified":"2024-08-06T10:46:07","modified_gmt":"2024-08-06T08:46:07","slug":"brad-pitt-de-la-f1-a-la-sf","status":"publish","type":"post","link":"https:\/\/welovecinema.be\/fr\/brad-pitt-de-la-f1-a-la-sf\/","title":{"rendered":"Brad Pitt de la F1 \u00e0 la SF\u00a0?"},"content":{"rendered":"<p><strong>Alors qu\u2019il est en plein tournage de son film sur la F1 (ce qui lui a valu un s\u00e9jour dans nos Ardennes en marge du GP de Spa), Brad Pitt aurait d\u00e9j\u00e0 choisi son film suivant\u2026<\/strong><\/p>\n<p>Il s\u2019agirait d\u2019une dystopie sign\u00e9e Jeff Nichols (<em>The Bikeriders<\/em>) autour d\u2019une d\u00e9pression touchant les\u00a0Etats-Unis, apr\u00e8s la disparition des r\u00e9serves de p\u00e9trole. C\u2019est un vieux projet. Puisque ce <em>Land of Opportunity<\/em> est bas\u00e9 sur un script datant du d\u00e9but des ann\u00e9es 2010 pour en faire une s\u00e9rie t\u00e9l\u00e9 \u00e0 la base. Mais HBO n\u2019ayant jamais donn\u00e9 suite, Nichols voudrait aujourd&rsquo;hui reprendre son histoire sous forme de long-m\u00e9trage de cin\u00e9ma. Cette dystopie plongera dans un futur proche en Arkansas, au c\u0153ur d&rsquo;une nouvelle Grande D\u00e9pression, apr\u00e8s une \u00e9norme chute du dollar li\u00e9e \u00e0 la disparition des derni\u00e8res ressources de p\u00e9trole. Tout \u00e7a avec, en parall\u00e8le, une histoire d&rsquo;extra-terrestres !<\/p>\n<p>Nichols s\u2019est montr\u00e9 tr\u00e8s enthousiaste : \u00ab <em>J&rsquo;adorerais que ce soit ma prochaine r\u00e9alisation. Ce projet r\u00e9unit tout ce que j&rsquo;ai \u00e0 dire \u00e0 propos de l&rsquo;humanit\u00e9 de l&rsquo;univers. Ce sera un gros film. Avec une vision immense, et un grand\u00a0c\u0153ur, aussi. Croyez-le ou non, il y aura des aliens dedans. Sauf que \u00e7a se passera en Arkansas et que \u00e7a ressemblera aux pr\u00e9c\u00e9dents trucs du mec qui a fait <\/em>Mud, <em>Matthew McConaughey. Mais avec des aliens.<\/em>\u00a0\u00bb<\/p>\n<p>Tournage sans doute \u00e0 l\u2019\u00e9t\u00e9 2025 pour une sortie fin 2026<\/p>\n","protected":false},"excerpt":{"rendered":"<p>Alors qu\u2019il est en plein tournage de son film sur la F1 (ce qui lui a valu un s\u00e9jour dans nos Ardennes en marge du GP de Spa), Brad Pitt aurait d\u00e9j\u00e0 choisi son film suivant\u2026 Il s\u2019agirait d\u2019une dystopie sign\u00e9e Jeff Nichols (The Bikeriders) autour d\u2019une d\u00e9pression touchant les\u00a0Etats-Unis, apr\u00e8s la disparition des r\u00e9serves &hellip;<\/p>\n","protected":false},"author":358,"featured_media":259938,"comment_status":"closed","ping_status":"closed","sticky":false,"template":"","format":"standard","meta":{"ngg_post_thumbnail":0,"footnotes":""},"categories":[7135,7],"tags":[],"class_list":["post-259939","post","type-post","status-publish","format-standard","has-post-thumbnail","","category-we-love-worldwide","category-actualites"],"yoast_head":"<!-- This site is optimized with the Yoast SEO plugin v20.4 - https:\/\/yoast.com\/wordpress\/plugins\/seo\/ -->\n<title>Brad Pitt de la F1 \u00e0 la SF\u00a0? - We Love Cinema<\/title>\n<meta name=\"robots\" content=\"index, follow, max-snippet:-1, max-image-preview:large, max-video-preview:-1\" \/>\n<link rel=\"canonical\" href=\"https:\/\/welovecinema.be\/fr\/brad-pitt-de-la-f1-a-la-sf\/\" \/>\n<meta property=\"og:locale\" content=\"fr_FR\" \/>\n<meta property=\"og:type\" content=\"article\" \/>\n<meta property=\"og:title\" content=\"Brad Pitt de la F1 \u00e0 la SF\u00a0? - We Love Cinema\" \/>\n<meta property=\"og:description\" content=\"Alors qu\u2019il est en plein tournage de son film sur la F1 (ce qui lui a valu un s\u00e9jour dans nos Ardennes en marge du GP de Spa), Brad Pitt aurait d\u00e9j\u00e0 choisi son film suivant\u2026 Il s\u2019agirait d\u2019une dystopie sign\u00e9e Jeff Nichols (The Bikeriders) autour d\u2019une d\u00e9pression touchant les\u00a0Etats-Unis, apr\u00e8s la disparition des r\u00e9serves &hellip;\" \/>\n<meta property=\"og:url\" content=\"https:\/\/welovecinema.be\/fr\/brad-pitt-de-la-f1-a-la-sf\/\" \/>\n<meta property=\"og:site_name\" content=\"We Love Cinema\" \/>\n<meta property=\"article:publisher\" content=\"https:\/\/www.facebook.com\/welovecinema.be\" \/>\n<meta property=\"article:published_time\" content=\"2024-08-06T08:46:07+00:00\" \/>\n<meta property=\"og:image\" content=\"https:\/\/welovecinema.be\/wp-content\/uploads\/sites\/2\/2024\/08\/pitt.jpg\" \/>\n\t<meta property=\"og:image:width\" content=\"932\" \/>\n\t<meta property=\"og:image:height\" content=\"582\" \/>\n\t<meta property=\"og:image:type\" content=\"image\/jpeg\" \/>\n<meta name=\"author\" content=\"fred\" \/>\n<meta name=\"twitter:card\" content=\"summary_large_image\" \/>\n<meta name=\"twitter:label1\" content=\"\u00c9crit par\" \/>\n\t<meta name=\"twitter:data1\" content=\"fred\" \/>\n\t<meta name=\"twitter:label2\" content=\"Dur\u00e9e de lecture estim\u00e9e\" \/>\n\t<meta name=\"twitter:data2\" content=\"2 minutes\" \/>\n<script type=\"application\/ld+json\" class=\"yoast-schema-graph\">{\"@context\":\"https:\/\/schema.org\",\"@graph\":[{\"@type\":\"Article\",\"@id\":\"https:\/\/welovecinema.be\/fr\/brad-pitt-de-la-f1-a-la-sf\/#article\",\"isPartOf\":{\"@id\":\"https:\/\/welovecinema.be\/fr\/brad-pitt-de-la-f1-a-la-sf\/\"},\"author\":{\"name\":\"fred\",\"@id\":\"https:\/\/welovecinema.be\/nl\/#\/schema\/person\/7620619142b6dd3c9aa19e9210ad5bd5\"},\"headline\":\"Brad Pitt de la F1 \u00e0 la SF\u00a0?\",\"datePublished\":\"2024-08-06T08:46:07+00:00\",\"dateModified\":\"2024-08-06T08:46:07+00:00\",\"mainEntityOfPage\":{\"@id\":\"https:\/\/welovecinema.be\/fr\/brad-pitt-de-la-f1-a-la-sf\/\"},\"wordCount\":270,\"publisher\":{\"@id\":\"https:\/\/welovecinema.be\/nl\/#organization\"},\"articleSection\":[\"\u00a0We Love Worldwide Cinema\",\"News\"],\"inLanguage\":\"fr-FR\"},{\"@type\":\"WebPage\",\"@id\":\"https:\/\/welovecinema.be\/fr\/brad-pitt-de-la-f1-a-la-sf\/\",\"url\":\"https:\/\/welovecinema.be\/fr\/brad-pitt-de-la-f1-a-la-sf\/\",\"name\":\"Brad Pitt de la F1 \u00e0 la SF\u00a0? - We Love Cinema\",\"isPartOf\":{\"@id\":\"https:\/\/welovecinema.be\/nl\/#website\"},\"datePublished\":\"2024-08-06T08:46:07+00:00\",\"dateModified\":\"2024-08-06T08:46:07+00:00\",\"breadcrumb\":{\"@id\":\"https:\/\/welovecinema.be\/fr\/brad-pitt-de-la-f1-a-la-sf\/#breadcrumb\"},\"inLanguage\":\"fr-FR\",\"potentialAction\":[{\"@type\":\"ReadAction\",\"target\":[\"https:\/\/welovecinema.be\/fr\/brad-pitt-de-la-f1-a-la-sf\/\"]}]},{\"@type\":\"BreadcrumbList\",\"@id\":\"https:\/\/welovecinema.be\/fr\/brad-pitt-de-la-f1-a-la-sf\/#breadcrumb\",\"itemListElement\":[{\"@type\":\"ListItem\",\"position\":1,\"name\":\"Accueil\",\"item\":\"https:\/\/welovecinema.be\/fr\/\"},{\"@type\":\"ListItem\",\"position\":2,\"name\":\"Brad Pitt de la F1 \u00e0 la SF\u00a0?\"}]},{\"@type\":\"WebSite\",\"@id\":\"https:\/\/welovecinema.be\/nl\/#website\",\"url\":\"https:\/\/welovecinema.be\/nl\/\",\"name\":\"We Love Cinema\",\"description\":\"Toute l\u2019information du cin\u00e9ma en Belgique\",\"publisher\":{\"@id\":\"https:\/\/welovecinema.be\/nl\/#organization\"},\"potentialAction\":[{\"@type\":\"SearchAction\",\"target\":{\"@type\":\"EntryPoint\",\"urlTemplate\":\"https:\/\/welovecinema.be\/nl\/?s={search_term_string}\"},\"query-input\":\"required name=search_term_string\"}],\"inLanguage\":\"fr-FR\"},{\"@type\":\"Organization\",\"@id\":\"https:\/\/welovecinema.be\/nl\/#organization\",\"name\":\"We Love Cinema\",\"url\":\"https:\/\/welovecinema.be\/nl\/\",\"logo\":{\"@type\":\"ImageObject\",\"inLanguage\":\"fr-FR\",\"@id\":\"https:\/\/welovecinema.be\/nl\/#\/schema\/logo\/image\/\",\"url\":\"https:\/\/welovecinema.be\/wp-content\/uploads\/sites\/2\/2023\/03\/Logo-We-Love-Cinema305x128.jpg\",\"contentUrl\":\"https:\/\/welovecinema.be\/wp-content\/uploads\/sites\/2\/2023\/03\/Logo-We-Love-Cinema305x128.jpg\",\"width\":305,\"height\":128,\"caption\":\"We Love Cinema\"},\"image\":{\"@id\":\"https:\/\/welovecinema.be\/nl\/#\/schema\/logo\/image\/\"},\"sameAs\":[\"https:\/\/www.facebook.com\/welovecinema.be\",\"https:\/\/www.youtube.com\/channel\/UCX5LYGVhnKvYauW4Nta4HJA\",\"https:\/\/www.instagram.com\/welovecinema.be\/\"]},{\"@type\":\"Person\",\"@id\":\"https:\/\/welovecinema.be\/nl\/#\/schema\/person\/7620619142b6dd3c9aa19e9210ad5bd5\",\"name\":\"fred\",\"url\":\"https:\/\/welovecinema.be\/fr\/author\/fred\/\"}]}<\/script>\n<!-- \/ Yoast SEO plugin. -->","yoast_head_json":{"title":"Brad Pitt de la F1 \u00e0 la SF\u00a0? - We Love Cinema","robots":{"index":"index","follow":"follow","max-snippet":"max-snippet:-1","max-image-preview":"max-image-preview:large","max-video-preview":"max-video-preview:-1"},"canonical":"https:\/\/welovecinema.be\/fr\/brad-pitt-de-la-f1-a-la-sf\/","og_locale":"fr_FR","og_type":"article","og_title":"Brad Pitt de la F1 \u00e0 la SF\u00a0? - We Love Cinema","og_description":"Alors qu\u2019il est en plein tournage de son film sur la F1 (ce qui lui a valu un s\u00e9jour dans nos Ardennes en marge du GP de Spa), Brad Pitt aurait d\u00e9j\u00e0 choisi son film suivant\u2026 Il s\u2019agirait d\u2019une dystopie sign\u00e9e Jeff Nichols (The Bikeriders) autour d\u2019une d\u00e9pression touchant les\u00a0Etats-Unis, apr\u00e8s la disparition des r\u00e9serves &hellip;","og_url":"https:\/\/welovecinema.be\/fr\/brad-pitt-de-la-f1-a-la-sf\/","og_site_name":"We Love Cinema","article_publisher":"https:\/\/www.facebook.com\/welovecinema.be","article_published_time":"2024-08-06T08:46:07+00:00","og_image":[{"width":932,"height":582,"url":"https:\/\/welovecinema.be\/wp-content\/uploads\/sites\/2\/2024\/08\/pitt.jpg","type":"image\/jpeg"}],"author":"fred","twitter_card":"summary_large_image","twitter_misc":{"\u00c9crit par":"fred","Dur\u00e9e de lecture estim\u00e9e":"2 minutes"},"schema":{"@context":"https:\/\/schema.org","@graph":[{"@type":"Article","@id":"https:\/\/welovecinema.be\/fr\/brad-pitt-de-la-f1-a-la-sf\/#article","isPartOf":{"@id":"https:\/\/welovecinema.be\/fr\/brad-pitt-de-la-f1-a-la-sf\/"},"author":{"name":"fred","@id":"https:\/\/welovecinema.be\/nl\/#\/schema\/person\/7620619142b6dd3c9aa19e9210ad5bd5"},"headline":"Brad Pitt de la F1 \u00e0 la SF\u00a0?","datePublished":"2024-08-06T08:46:07+00:00","dateModified":"2024-08-06T08:46:07+00:00","mainEntityOfPage":{"@id":"https:\/\/welovecinema.be\/fr\/brad-pitt-de-la-f1-a-la-sf\/"},"wordCount":270,"publisher":{"@id":"https:\/\/welovecinema.be\/nl\/#organization"},"articleSection":["\u00a0We Love Worldwide Cinema","News"],"inLanguage":"fr-FR"},{"@type":"WebPage","@id":"https:\/\/welovecinema.be\/fr\/brad-pitt-de-la-f1-a-la-sf\/","url":"https:\/\/welovecinema.be\/fr\/brad-pitt-de-la-f1-a-la-sf\/","name":"Brad Pitt de la F1 \u00e0 la SF\u00a0? - We Love Cinema","isPartOf":{"@id":"https:\/\/welovecinema.be\/nl\/#website"},"datePublished":"2024-08-06T08:46:07+00:00","dateModified":"2024-08-06T08:46:07+00:00","breadcrumb":{"@id":"https:\/\/welovecinema.be\/fr\/brad-pitt-de-la-f1-a-la-sf\/#breadcrumb"},"inLanguage":"fr-FR","potentialAction":[{"@type":"ReadAction","target":["https:\/\/welovecinema.be\/fr\/brad-pitt-de-la-f1-a-la-sf\/"]}]},{"@type":"BreadcrumbList","@id":"https:\/\/welovecinema.be\/fr\/brad-pitt-de-la-f1-a-la-sf\/#breadcrumb","itemListElement":[{"@type":"ListItem","position":1,"name":"Accueil","item":"https:\/\/welovecinema.be\/fr\/"},{"@type":"ListItem","position":2,"name":"Brad Pitt de la F1 \u00e0 la SF\u00a0?"}]},{"@type":"WebSite","@id":"https:\/\/welovecinema.be\/nl\/#website","url":"https:\/\/welovecinema.be\/nl\/","name":"We Love Cinema","description":"Toute l\u2019information du cin\u00e9ma en Belgique","publisher":{"@id":"https:\/\/welovecinema.be\/nl\/#organization"},"potentialAction":[{"@type":"SearchAction","target":{"@type":"EntryPoint","urlTemplate":"https:\/\/welovecinema.be\/nl\/?s={search_term_string}"},"query-input":"required name=search_term_string"}],"inLanguage":"fr-FR"},{"@type":"Organization","@id":"https:\/\/welovecinema.be\/nl\/#organization","name":"We Love Cinema","url":"https:\/\/welovecinema.be\/nl\/","logo":{"@type":"ImageObject","inLanguage":"fr-FR","@id":"https:\/\/welovecinema.be\/nl\/#\/schema\/logo\/image\/","url":"https:\/\/welovecinema.be\/wp-content\/uploads\/sites\/2\/2023\/03\/Logo-We-Love-Cinema305x128.jpg","contentUrl":"https:\/\/welovecinema.be\/wp-content\/uploads\/sites\/2\/2023\/03\/Logo-We-Love-Cinema305x128.jpg","width":305,"height":128,"caption":"We Love Cinema"},"image":{"@id":"https:\/\/welovecinema.be\/nl\/#\/schema\/logo\/image\/"},"sameAs":["https:\/\/www.facebook.com\/welovecinema.be","https:\/\/www.youtube.com\/channel\/UCX5LYGVhnKvYauW4Nta4HJA","https:\/\/www.instagram.com\/welovecinema.be\/"]},{"@type":"Person","@id":"https:\/\/welovecinema.be\/nl\/#\/schema\/person\/7620619142b6dd3c9aa19e9210ad5bd5","name":"fred","url":"https:\/\/welovecinema.be\/fr\/author\/fred\/"}]}},"_links":{"self":[{"href":"https:\/\/welovecinema.be\/fr\/wp-json\/wp\/v2\/posts\/259939","targetHints":{"allow":["GET"]}}],"collection":[{"href":"https:\/\/welovecinema.be\/fr\/wp-json\/wp\/v2\/posts"}],"about":[{"href":"https:\/\/welovecinema.be\/fr\/wp-json\/wp\/v2\/types\/post"}],"author":[{"embeddable":true,"href":"https:\/\/welovecinema.be\/fr\/wp-json\/wp\/v2\/users\/358"}],"replies":[{"embeddable":true,"href":"https:\/\/welovecinema.be\/fr\/wp-json\/wp\/v2\/comments?post=259939"}],"version-history":[{"count":1,"href":"https:\/\/welovecinema.be\/fr\/wp-json\/wp\/v2\/posts\/259939\/revisions"}],"predecessor-version":[{"id":259940,"href":"https:\/\/welovecinema.be\/fr\/wp-json\/wp\/v2\/posts\/259939\/revisions\/259940"}],"wp:featuredmedia":[{"embeddable":true,"href":"https:\/\/welovecinema.be\/fr\/wp-json\/wp\/v2\/media\/259938"}],"wp:attachment":[{"href":"https:\/\/welovecinema.be\/fr\/wp-json\/wp\/v2\/media?parent=259939"}],"wp:term":[{"taxonomy":"category","embeddable":true,"href":"https:\/\/welovecinema.be\/fr\/wp-json\/wp\/v2\/categories?post=259939"},{"taxonomy":"post_tag","embeddable":true,"href":"https:\/\/welovecinema.be\/fr\/wp-json\/wp\/v2\/tags?post=259939"}],"curies":[{"name":"wp","href":"https:\/\/api.w.org\/{rel}","templated":true}]}}