{"id":2598,"date":"2011-09-20T21:02:32","date_gmt":"2011-09-20T21:02:32","guid":{"rendered":"http:\/\/www.cinevox.be\/?p=2598"},"modified":"2013-04-24T12:39:19","modified_gmt":"2013-04-24T12:39:19","slug":"abel-gordon-pro-vs-marge","status":"publish","type":"post","link":"https:\/\/welovecinema.be\/fr\/abel-gordon-pro-vs-marge\/","title":{"rendered":"Abel &#038; Gordon Pro vs marge"},"content":{"rendered":"<p>Cette mani\u00e8re empirique de faire du cin\u00e9ma peut sembler \u00e9trange dans un univers devenu de plus en plus commercial, de plus en plus structur\u00e9, de plus en plus codifi\u00e9. Comment Fiona et Dominique parviennent-ils d\u00e8s lors \u00e0 concilier libert\u00e9 et rigueur, po\u00e9sie et professionnalisme? Ce c\u00f4t\u00e9 foutraque qui fait le charme de leur pr\u00e9cieux petit monde et la pr\u00e9cision m\u00e9tronomique n\u00e9cessaire pour monter un film et le mener \u00e0 bien? La question nous titillait, mais pour Dominique, elle ne semble m\u00eame pas se poser, car sa vision de son art et de son travail est tr\u00e8s claire<\/p>\n<p>&nbsp;<\/p>\n","protected":false},"excerpt":{"rendered":"<p>Cette mani\u00e8re empirique de faire du cin\u00e9ma peut sembler \u00e9trange dans un univers devenu de plus en plus commercial, de plus en plus structur\u00e9, de plus en plus codifi\u00e9. Comment Fiona et Dominique parviennent-ils d\u00e8s lors \u00e0 concilier libert\u00e9 et rigueur, po\u00e9sie et professionnalisme? Ce c\u00f4t\u00e9 foutraque qui fait le charme de leur pr\u00e9cieux petit &hellip;<\/p>\n","protected":false},"author":36,"featured_media":2599,"comment_status":"closed","ping_status":"closed","sticky":false,"template":"","format":"standard","meta":{"ngg_post_thumbnail":0,"footnotes":""},"categories":[1978],"tags":[],"class_list":["post-2598","post","type-post","status-publish","format-standard","has-post-thumbnail","","category-interviews"],"yoast_head":"<!-- This site is optimized with the Yoast SEO plugin v20.4 - https:\/\/yoast.com\/wordpress\/plugins\/seo\/ -->\n<title>Abel &amp; Gordon Pro vs marge - We Love Cinema<\/title>\n<meta name=\"robots\" content=\"index, follow, max-snippet:-1, max-image-preview:large, max-video-preview:-1\" \/>\n<link rel=\"canonical\" href=\"https:\/\/welovecinema.be\/fr\/abel-gordon-pro-vs-marge\/\" \/>\n<meta property=\"og:locale\" content=\"fr_FR\" \/>\n<meta property=\"og:type\" content=\"article\" \/>\n<meta property=\"og:title\" content=\"Abel &amp; Gordon Pro vs marge - We Love Cinema\" \/>\n<meta property=\"og:description\" content=\"Cette mani\u00e8re empirique de faire du cin\u00e9ma peut sembler \u00e9trange dans un univers devenu de plus en plus commercial, de plus en plus structur\u00e9, de plus en plus codifi\u00e9. Comment Fiona et Dominique parviennent-ils d\u00e8s lors \u00e0 concilier libert\u00e9 et rigueur, po\u00e9sie et professionnalisme? Ce c\u00f4t\u00e9 foutraque qui fait le charme de leur pr\u00e9cieux petit &hellip;\" \/>\n<meta property=\"og:url\" content=\"https:\/\/welovecinema.be\/fr\/abel-gordon-pro-vs-marge\/\" \/>\n<meta property=\"og:site_name\" content=\"We Love Cinema\" \/>\n<meta property=\"article:publisher\" content=\"https:\/\/www.facebook.com\/welovecinema.be\" \/>\n<meta property=\"article:published_time\" content=\"2011-09-20T21:02:32+00:00\" \/>\n<meta property=\"article:modified_time\" content=\"2013-04-24T12:39:19+00:00\" \/>\n<meta property=\"og:image\" content=\"https:\/\/welovecinema.be\/wp-content\/uploads\/sites\/2\/2011\/06\/abel-gordon-pro-vs-marge.jpg\" \/>\n\t<meta property=\"og:image:width\" content=\"1000\" \/>\n\t<meta property=\"og:image:height\" content=\"625\" \/>\n\t<meta property=\"og:image:type\" content=\"image\/jpeg\" \/>\n<meta name=\"author\" content=\"Laurent\" \/>\n<meta name=\"twitter:card\" content=\"summary_large_image\" \/>\n<meta name=\"twitter:label1\" content=\"\u00c9crit par\" \/>\n\t<meta name=\"twitter:data1\" content=\"Laurent\" \/>\n\t<meta name=\"twitter:label2\" content=\"Dur\u00e9e de lecture estim\u00e9e\" \/>\n\t<meta name=\"twitter:data2\" content=\"1 minute\" \/>\n<script type=\"application\/ld+json\" class=\"yoast-schema-graph\">{\"@context\":\"https:\/\/schema.org\",\"@graph\":[{\"@type\":\"Article\",\"@id\":\"https:\/\/welovecinema.be\/fr\/abel-gordon-pro-vs-marge\/#article\",\"isPartOf\":{\"@id\":\"https:\/\/welovecinema.be\/fr\/abel-gordon-pro-vs-marge\/\"},\"author\":{\"name\":\"Laurent\",\"@id\":\"https:\/\/welovecinema.be\/nl\/#\/schema\/person\/a07110839d59a016cbd2294e2aca8352\"},\"headline\":\"Abel &#038; Gordon Pro vs marge\",\"datePublished\":\"2011-09-20T21:02:32+00:00\",\"dateModified\":\"2013-04-24T12:39:19+00:00\",\"mainEntityOfPage\":{\"@id\":\"https:\/\/welovecinema.be\/fr\/abel-gordon-pro-vs-marge\/\"},\"wordCount\":112,\"publisher\":{\"@id\":\"https:\/\/welovecinema.be\/nl\/#organization\"},\"articleSection\":[\"Rencontres\"],\"inLanguage\":\"fr-FR\"},{\"@type\":\"WebPage\",\"@id\":\"https:\/\/welovecinema.be\/fr\/abel-gordon-pro-vs-marge\/\",\"url\":\"https:\/\/welovecinema.be\/fr\/abel-gordon-pro-vs-marge\/\",\"name\":\"Abel & Gordon Pro vs marge - We Love Cinema\",\"isPartOf\":{\"@id\":\"https:\/\/welovecinema.be\/nl\/#website\"},\"datePublished\":\"2011-09-20T21:02:32+00:00\",\"dateModified\":\"2013-04-24T12:39:19+00:00\",\"breadcrumb\":{\"@id\":\"https:\/\/welovecinema.be\/fr\/abel-gordon-pro-vs-marge\/#breadcrumb\"},\"inLanguage\":\"fr-FR\",\"potentialAction\":[{\"@type\":\"ReadAction\",\"target\":[\"https:\/\/welovecinema.be\/fr\/abel-gordon-pro-vs-marge\/\"]}]},{\"@type\":\"BreadcrumbList\",\"@id\":\"https:\/\/welovecinema.be\/fr\/abel-gordon-pro-vs-marge\/#breadcrumb\",\"itemListElement\":[{\"@type\":\"ListItem\",\"position\":1,\"name\":\"Accueil\",\"item\":\"https:\/\/welovecinema.be\/fr\/\"},{\"@type\":\"ListItem\",\"position\":2,\"name\":\"Abel &#038; Gordon Pro vs marge\"}]},{\"@type\":\"WebSite\",\"@id\":\"https:\/\/welovecinema.be\/nl\/#website\",\"url\":\"https:\/\/welovecinema.be\/nl\/\",\"name\":\"We Love Cinema\",\"description\":\"Toute l\u2019information du cin\u00e9ma en Belgique\",\"publisher\":{\"@id\":\"https:\/\/welovecinema.be\/nl\/#organization\"},\"potentialAction\":[{\"@type\":\"SearchAction\",\"target\":{\"@type\":\"EntryPoint\",\"urlTemplate\":\"https:\/\/welovecinema.be\/nl\/?s={search_term_string}\"},\"query-input\":\"required name=search_term_string\"}],\"inLanguage\":\"fr-FR\"},{\"@type\":\"Organization\",\"@id\":\"https:\/\/welovecinema.be\/nl\/#organization\",\"name\":\"We Love Cinema\",\"url\":\"https:\/\/welovecinema.be\/nl\/\",\"logo\":{\"@type\":\"ImageObject\",\"inLanguage\":\"fr-FR\",\"@id\":\"https:\/\/welovecinema.be\/nl\/#\/schema\/logo\/image\/\",\"url\":\"https:\/\/welovecinema.be\/wp-content\/uploads\/sites\/2\/2023\/03\/Logo-We-Love-Cinema305x128.jpg\",\"contentUrl\":\"https:\/\/welovecinema.be\/wp-content\/uploads\/sites\/2\/2023\/03\/Logo-We-Love-Cinema305x128.jpg\",\"width\":305,\"height\":128,\"caption\":\"We Love Cinema\"},\"image\":{\"@id\":\"https:\/\/welovecinema.be\/nl\/#\/schema\/logo\/image\/\"},\"sameAs\":[\"https:\/\/www.facebook.com\/welovecinema.be\",\"https:\/\/www.youtube.com\/channel\/UCX5LYGVhnKvYauW4Nta4HJA\",\"https:\/\/www.instagram.com\/welovecinema.be\/\"]},{\"@type\":\"Person\",\"@id\":\"https:\/\/welovecinema.be\/nl\/#\/schema\/person\/a07110839d59a016cbd2294e2aca8352\",\"name\":\"Laurent\",\"sameAs\":[\"http:\/\/www.facebook.com\/laurent.jans\"],\"url\":\"https:\/\/welovecinema.be\/fr\/author\/laurent-jans\/\"}]}<\/script>\n<!-- \/ Yoast SEO plugin. -->","yoast_head_json":{"title":"Abel & Gordon Pro vs marge - We Love Cinema","robots":{"index":"index","follow":"follow","max-snippet":"max-snippet:-1","max-image-preview":"max-image-preview:large","max-video-preview":"max-video-preview:-1"},"canonical":"https:\/\/welovecinema.be\/fr\/abel-gordon-pro-vs-marge\/","og_locale":"fr_FR","og_type":"article","og_title":"Abel & Gordon Pro vs marge - We Love Cinema","og_description":"Cette mani\u00e8re empirique de faire du cin\u00e9ma peut sembler \u00e9trange dans un univers devenu de plus en plus commercial, de plus en plus structur\u00e9, de plus en plus codifi\u00e9. Comment Fiona et Dominique parviennent-ils d\u00e8s lors \u00e0 concilier libert\u00e9 et rigueur, po\u00e9sie et professionnalisme? Ce c\u00f4t\u00e9 foutraque qui fait le charme de leur pr\u00e9cieux petit &hellip;","og_url":"https:\/\/welovecinema.be\/fr\/abel-gordon-pro-vs-marge\/","og_site_name":"We Love Cinema","article_publisher":"https:\/\/www.facebook.com\/welovecinema.be","article_published_time":"2011-09-20T21:02:32+00:00","article_modified_time":"2013-04-24T12:39:19+00:00","og_image":[{"width":"1000","height":"625","url":"https:\/\/welovecinema.be\/wp-content\/uploads\/sites\/2\/2011\/06\/abel-gordon-pro-vs-marge.jpg","type":"image\/jpeg"}],"author":"Laurent","twitter_card":"summary_large_image","twitter_misc":{"\u00c9crit par":"Laurent","Dur\u00e9e de lecture estim\u00e9e":"1 minute"},"schema":{"@context":"https:\/\/schema.org","@graph":[{"@type":"Article","@id":"https:\/\/welovecinema.be\/fr\/abel-gordon-pro-vs-marge\/#article","isPartOf":{"@id":"https:\/\/welovecinema.be\/fr\/abel-gordon-pro-vs-marge\/"},"author":{"name":"Laurent","@id":"https:\/\/welovecinema.be\/nl\/#\/schema\/person\/a07110839d59a016cbd2294e2aca8352"},"headline":"Abel &#038; Gordon Pro vs marge","datePublished":"2011-09-20T21:02:32+00:00","dateModified":"2013-04-24T12:39:19+00:00","mainEntityOfPage":{"@id":"https:\/\/welovecinema.be\/fr\/abel-gordon-pro-vs-marge\/"},"wordCount":112,"publisher":{"@id":"https:\/\/welovecinema.be\/nl\/#organization"},"articleSection":["Rencontres"],"inLanguage":"fr-FR"},{"@type":"WebPage","@id":"https:\/\/welovecinema.be\/fr\/abel-gordon-pro-vs-marge\/","url":"https:\/\/welovecinema.be\/fr\/abel-gordon-pro-vs-marge\/","name":"Abel & Gordon Pro vs marge - We Love Cinema","isPartOf":{"@id":"https:\/\/welovecinema.be\/nl\/#website"},"datePublished":"2011-09-20T21:02:32+00:00","dateModified":"2013-04-24T12:39:19+00:00","breadcrumb":{"@id":"https:\/\/welovecinema.be\/fr\/abel-gordon-pro-vs-marge\/#breadcrumb"},"inLanguage":"fr-FR","potentialAction":[{"@type":"ReadAction","target":["https:\/\/welovecinema.be\/fr\/abel-gordon-pro-vs-marge\/"]}]},{"@type":"BreadcrumbList","@id":"https:\/\/welovecinema.be\/fr\/abel-gordon-pro-vs-marge\/#breadcrumb","itemListElement":[{"@type":"ListItem","position":1,"name":"Accueil","item":"https:\/\/welovecinema.be\/fr\/"},{"@type":"ListItem","position":2,"name":"Abel &#038; Gordon Pro vs marge"}]},{"@type":"WebSite","@id":"https:\/\/welovecinema.be\/nl\/#website","url":"https:\/\/welovecinema.be\/nl\/","name":"We Love Cinema","description":"Toute l\u2019information du cin\u00e9ma en Belgique","publisher":{"@id":"https:\/\/welovecinema.be\/nl\/#organization"},"potentialAction":[{"@type":"SearchAction","target":{"@type":"EntryPoint","urlTemplate":"https:\/\/welovecinema.be\/nl\/?s={search_term_string}"},"query-input":"required name=search_term_string"}],"inLanguage":"fr-FR"},{"@type":"Organization","@id":"https:\/\/welovecinema.be\/nl\/#organization","name":"We Love Cinema","url":"https:\/\/welovecinema.be\/nl\/","logo":{"@type":"ImageObject","inLanguage":"fr-FR","@id":"https:\/\/welovecinema.be\/nl\/#\/schema\/logo\/image\/","url":"https:\/\/welovecinema.be\/wp-content\/uploads\/sites\/2\/2023\/03\/Logo-We-Love-Cinema305x128.jpg","contentUrl":"https:\/\/welovecinema.be\/wp-content\/uploads\/sites\/2\/2023\/03\/Logo-We-Love-Cinema305x128.jpg","width":305,"height":128,"caption":"We Love Cinema"},"image":{"@id":"https:\/\/welovecinema.be\/nl\/#\/schema\/logo\/image\/"},"sameAs":["https:\/\/www.facebook.com\/welovecinema.be","https:\/\/www.youtube.com\/channel\/UCX5LYGVhnKvYauW4Nta4HJA","https:\/\/www.instagram.com\/welovecinema.be\/"]},{"@type":"Person","@id":"https:\/\/welovecinema.be\/nl\/#\/schema\/person\/a07110839d59a016cbd2294e2aca8352","name":"Laurent","sameAs":["http:\/\/www.facebook.com\/laurent.jans"],"url":"https:\/\/welovecinema.be\/fr\/author\/laurent-jans\/"}]}},"_links":{"self":[{"href":"https:\/\/welovecinema.be\/fr\/wp-json\/wp\/v2\/posts\/2598","targetHints":{"allow":["GET"]}}],"collection":[{"href":"https:\/\/welovecinema.be\/fr\/wp-json\/wp\/v2\/posts"}],"about":[{"href":"https:\/\/welovecinema.be\/fr\/wp-json\/wp\/v2\/types\/post"}],"author":[{"embeddable":true,"href":"https:\/\/welovecinema.be\/fr\/wp-json\/wp\/v2\/users\/36"}],"replies":[{"embeddable":true,"href":"https:\/\/welovecinema.be\/fr\/wp-json\/wp\/v2\/comments?post=2598"}],"version-history":[{"count":0,"href":"https:\/\/welovecinema.be\/fr\/wp-json\/wp\/v2\/posts\/2598\/revisions"}],"wp:featuredmedia":[{"embeddable":true,"href":"https:\/\/welovecinema.be\/fr\/wp-json\/wp\/v2\/media\/2599"}],"wp:attachment":[{"href":"https:\/\/welovecinema.be\/fr\/wp-json\/wp\/v2\/media?parent=2598"}],"wp:term":[{"taxonomy":"category","embeddable":true,"href":"https:\/\/welovecinema.be\/fr\/wp-json\/wp\/v2\/categories?post=2598"},{"taxonomy":"post_tag","embeddable":true,"href":"https:\/\/welovecinema.be\/fr\/wp-json\/wp\/v2\/tags?post=2598"}],"curies":[{"name":"wp","href":"https:\/\/api.w.org\/{rel}","templated":true}]}}