{"id":259741,"date":"2024-07-22T10:46:01","date_gmt":"2024-07-22T08:46:01","guid":{"rendered":"https:\/\/welovecinema.be\/?p=259741"},"modified":"2024-07-23T12:00:34","modified_gmt":"2024-07-23T10:00:34","slug":"laura-wandel-debute-le-tournage-de-linteret-dadam","status":"publish","type":"post","link":"https:\/\/welovecinema.be\/fr\/laura-wandel-debute-le-tournage-de-linteret-dadam\/","title":{"rendered":"Laura Wandel d\u00e9bute le tournage de \u00ab\u00a0L&rsquo;Int\u00e9r\u00eat d&rsquo;Adam\u00a0\u00bb"},"content":{"rendered":"<p><strong>V\u00e9ritable r\u00e9v\u00e9lation du cin\u00e9ma belge avec son premier long m\u00e9trage, <em>Un monde<\/em>, retenu en S\u00e9lection officielle au Festival de Cannes en 2021, Laura Wandel s&rsquo;appr\u00eate \u00e0 d\u00e9buter le tournage de son deuxi\u00e8me long, <em>L&rsquo;Int\u00e9r\u00eat d&rsquo;Adam<\/em>.<\/strong><\/p>\n<p>Pr\u00e9sent\u00e9 dans la section Un certain regard du Festival de Cannes \u00e0 l&rsquo;\u00e9t\u00e9 2021, o\u00f9 il remporte d&rsquo;ailleurs le Prix Fipresci, le premier long m\u00e9trage de Laura Wandel, <em>Un monde<\/em>, l&rsquo;imposait sur la sc\u00e8ne cin\u00e9matographique belge mais aussi internationale, entamant l\u00e0 une carri\u00e8re remarquable, s&rsquo;appr\u00eatant notamment \u00e0 devenir le repr\u00e9sentant de la Belgique pour la course aux Oscars, et \u00e0 recevoir pas moins de 7 Magritte du Cin\u00e9ma. La jeune cin\u00e9aste avait d\u00e9j\u00e0 connu les honneurs du festival avec son court m\u00e9trage <em>Les Corps \u00c9trangers<\/em>, jetant ainsi les bases d&rsquo;une filmographie \u00e9conome mais percutante.<\/p>\n<p>Elle est donc de retour sur les plateaux en cet \u00e9t\u00e9 2024 avec son deuxi\u00e8me long m\u00e9trage, <em>L&rsquo;Int\u00e9r\u00eat d&rsquo;Adam<\/em>, qu&rsquo;elle a en partie \u00e9crit dans le cadre de la prestigieuse r\u00e9sidence de la Cin\u00e9fondation, elle aussi orchestr\u00e9e par le Festival de Cannes.<\/p>\n<p>L&rsquo;histoire? Suite \u00e0 une d\u00e9cision de justice,\u00a0Adam, 4 ans, souffrant de malnutrition a \u00e9t\u00e9 plac\u00e9 \u00e0 l\u2019h\u00f4pital. Lucy, infirmi\u00e8re en cheffe p\u00e9diatrique, autorise Rebecca, la maman d\u2019Adam, \u00e0 rester pr\u00e8s de son fils malgr\u00e9 un temps de visite strictement limit\u00e9 par la juge. Lorsque Rebecca s\u2019ent\u00eate et refuse de quitter Adam, les choses se compliquent. Dans l\u2019int\u00e9r\u00eat de l\u2019enfant, Lucy fera tout pour venir en aide \u00e0 cette m\u00e8re en d\u00e9tresse.<\/p>\n<p>Apr\u00e8s s&rsquo;\u00eatre pench\u00e9e sur la question du harc\u00e8lement et sa difficile appr\u00e9hension dans le cadre du syst\u00e8me scolaire, la r\u00e9alisatrice se penche donc sur un autre syst\u00e8me en souffrance, celui de l&rsquo;h\u00f4pital, tout en gardant au coeur de ses pr\u00e9occupations la pr\u00e9servation de l&rsquo;enfance.<\/p>\n<figure id=\"attachment_259744\" aria-describedby=\"caption-attachment-259744\" style=\"width: 500px\" class=\"wp-caption alignnone\"><img loading=\"lazy\" decoding=\"async\" class=\"size-full wp-image-259744\" src=\"https:\/\/welovecinema.be\/wp-content\/uploads\/sites\/2\/2024\/07\/Lea-drucker-close.jpg\" alt=\"\" width=\"500\" height=\"333\" srcset=\"https:\/\/welovecinema.be\/wp-content\/uploads\/sites\/2\/2024\/07\/Lea-drucker-close.jpg 500w, https:\/\/welovecinema.be\/wp-content\/uploads\/sites\/2\/2024\/07\/Lea-drucker-close-405x270.jpg 405w, https:\/\/welovecinema.be\/wp-content\/uploads\/sites\/2\/2024\/07\/Lea-drucker-close-310x205.jpg 310w\" sizes=\"auto, (max-width: 500px) 100vw, 500px\" \/><figcaption id=\"caption-attachment-259744\" class=\"wp-caption-text\">L\u00e9a Drucker dans \u00ab\u00a0Close\u00a0\u00bb, aux c\u00f4t\u00e9s d&rsquo;Eden Dambrinne<\/figcaption><\/figure>\n<p>Dans le r\u00f4le de Lucy, on retrouvera la toujours impeccable L\u00e9a Drucker, magistrale dans <em>L&rsquo;\u00c9t\u00e9 Dernier<\/em> ou <em>Jusqu&rsquo;\u00e0 la garde<\/em>, vue \u00e9galement dans <em>Close<\/em> de Lukas Dhont. Face \u00e0 elle, dans le r\u00f4le de Rebecca, l&rsquo;actrice qui n&rsquo;en finit plus de monter, Anamaria Vartolomei, d\u00e9couverte dans <em>L&rsquo;\u00c9v\u00e8nement<\/em> d&rsquo;Audrey Diwan adapt\u00e9 d&rsquo;Annie Ernaux, Lion d&rsquo;Or \u00e0 Venise, r\u00e9cemment excellente dans des films aussi diff\u00e9rents que <em>L&rsquo;Empire<\/em> de Bruno Dumont, <em>Maria<\/em> de Jessica Palud ou<em> Le Comte de Monte-Cristo<\/em> de Matthieu Delaporte et Alexandre de La Patelli\u00e8re.<\/p>\n<figure id=\"attachment_259746\" aria-describedby=\"caption-attachment-259746\" style=\"width: 583px\" class=\"wp-caption alignnone\"><img loading=\"lazy\" decoding=\"async\" class=\" wp-image-259746\" src=\"https:\/\/welovecinema.be\/wp-content\/uploads\/sites\/2\/2024\/07\/Anamaria-Vartolomei-Maria.jpg\" alt=\"\" width=\"583\" height=\"328\" srcset=\"https:\/\/welovecinema.be\/wp-content\/uploads\/sites\/2\/2024\/07\/Anamaria-Vartolomei-Maria.jpg 800w, https:\/\/welovecinema.be\/wp-content\/uploads\/sites\/2\/2024\/07\/Anamaria-Vartolomei-Maria-480x270.jpg 480w, https:\/\/welovecinema.be\/wp-content\/uploads\/sites\/2\/2024\/07\/Anamaria-Vartolomei-Maria-200x113.jpg 200w, https:\/\/welovecinema.be\/wp-content\/uploads\/sites\/2\/2024\/07\/Anamaria-Vartolomei-Maria-768x432.jpg 768w, https:\/\/welovecinema.be\/wp-content\/uploads\/sites\/2\/2024\/07\/Anamaria-Vartolomei-Maria-599x337.jpg 599w\" sizes=\"auto, (max-width: 583px) 100vw, 583px\" \/><figcaption id=\"caption-attachment-259746\" class=\"wp-caption-text\">Anamaria Vartolomei dans \u00ab\u00a0Maria\u00a0\u00bb de Jessica Palud<\/figcaption><\/figure>\n<p>Le tournage se d\u00e9roulera du 26 juillet au 5 septembre, sous la houlette de Dragons Films, et Les Films du Fleuve, la soci\u00e9t\u00e9 de production des fr\u00e8res Dardenne, un parrainage \u00e0 l&rsquo;\u00e9vidence presque naturelle. On en reparle bient\u00f4t!<\/p>\n","protected":false},"excerpt":{"rendered":"<p>V\u00e9ritable r\u00e9v\u00e9lation du cin\u00e9ma belge avec son premier long m\u00e9trage, Un monde, retenu en S\u00e9lection officielle au Festival de Cannes en 2021, Laura Wandel s&rsquo;appr\u00eate \u00e0 d\u00e9buter le tournage de son deuxi\u00e8me long, L&rsquo;Int\u00e9r\u00eat d&rsquo;Adam. Pr\u00e9sent\u00e9 dans la section Un certain regard du Festival de Cannes \u00e0 l&rsquo;\u00e9t\u00e9 2021, o\u00f9 il remporte d&rsquo;ailleurs le Prix &hellip;<\/p>\n","protected":false},"author":343,"featured_media":259742,"comment_status":"closed","ping_status":"closed","sticky":false,"template":"","format":"standard","meta":{"ngg_post_thumbnail":0,"footnotes":""},"categories":[7134,1923,12,11],"tags":[],"class_list":["post-259741","post","type-post","status-publish","format-standard","has-post-thumbnail","","category-we-love-belgian-cinema","category-en-bref","category-awards","category-tournages"],"yoast_head":"<!-- This site is optimized with the Yoast SEO plugin v20.4 - https:\/\/yoast.com\/wordpress\/plugins\/seo\/ -->\n<title>Laura Wandel d\u00e9bute le tournage de &quot;L&#039;Int\u00e9r\u00eat d&#039;Adam&quot; - We Love Cinema<\/title>\n<meta name=\"robots\" content=\"index, follow, max-snippet:-1, max-image-preview:large, max-video-preview:-1\" \/>\n<link rel=\"canonical\" href=\"https:\/\/welovecinema.be\/fr\/laura-wandel-debute-le-tournage-de-linteret-dadam\/\" \/>\n<meta property=\"og:locale\" content=\"fr_FR\" \/>\n<meta property=\"og:type\" content=\"article\" \/>\n<meta property=\"og:title\" content=\"Laura Wandel d\u00e9bute le tournage de &quot;L&#039;Int\u00e9r\u00eat d&#039;Adam&quot; - We Love Cinema\" \/>\n<meta property=\"og:description\" content=\"V\u00e9ritable r\u00e9v\u00e9lation du cin\u00e9ma belge avec son premier long m\u00e9trage, Un monde, retenu en S\u00e9lection officielle au Festival de Cannes en 2021, Laura Wandel s&rsquo;appr\u00eate \u00e0 d\u00e9buter le tournage de son deuxi\u00e8me long, L&rsquo;Int\u00e9r\u00eat d&rsquo;Adam. Pr\u00e9sent\u00e9 dans la section Un certain regard du Festival de Cannes \u00e0 l&rsquo;\u00e9t\u00e9 2021, o\u00f9 il remporte d&rsquo;ailleurs le Prix &hellip;\" \/>\n<meta property=\"og:url\" content=\"https:\/\/welovecinema.be\/fr\/laura-wandel-debute-le-tournage-de-linteret-dadam\/\" \/>\n<meta property=\"og:site_name\" content=\"We Love Cinema\" \/>\n<meta property=\"article:publisher\" content=\"https:\/\/www.facebook.com\/welovecinema.be\" \/>\n<meta property=\"article:published_time\" content=\"2024-07-22T08:46:01+00:00\" \/>\n<meta property=\"article:modified_time\" content=\"2024-07-23T10:00:34+00:00\" \/>\n<meta property=\"og:image\" content=\"https:\/\/welovecinema.be\/wp-content\/uploads\/sites\/2\/2024\/07\/1359864_youngactressmayavanderbequewithdirectorlaurawandel_creditmaradesario_754376_crop.jpg\" \/>\n\t<meta property=\"og:image:width\" content=\"1024\" \/>\n\t<meta property=\"og:image:height\" content=\"536\" \/>\n\t<meta property=\"og:image:type\" content=\"image\/jpeg\" \/>\n<meta name=\"author\" content=\"Aurore Engelen\" \/>\n<meta name=\"twitter:card\" content=\"summary_large_image\" \/>\n<meta name=\"twitter:label1\" content=\"\u00c9crit par\" \/>\n\t<meta name=\"twitter:data1\" content=\"Aurore Engelen\" \/>\n\t<meta name=\"twitter:label2\" content=\"Dur\u00e9e de lecture estim\u00e9e\" \/>\n\t<meta name=\"twitter:data2\" content=\"3 minutes\" \/>\n<script type=\"application\/ld+json\" class=\"yoast-schema-graph\">{\"@context\":\"https:\/\/schema.org\",\"@graph\":[{\"@type\":\"Article\",\"@id\":\"https:\/\/welovecinema.be\/fr\/laura-wandel-debute-le-tournage-de-linteret-dadam\/#article\",\"isPartOf\":{\"@id\":\"https:\/\/welovecinema.be\/fr\/laura-wandel-debute-le-tournage-de-linteret-dadam\/\"},\"author\":{\"name\":\"Aurore Engelen\",\"@id\":\"https:\/\/welovecinema.be\/nl\/#\/schema\/person\/8084b68c6b176142d073695c654dc7cf\"},\"headline\":\"Laura Wandel d\u00e9bute le tournage de \u00ab\u00a0L&rsquo;Int\u00e9r\u00eat d&rsquo;Adam\u00a0\u00bb\",\"datePublished\":\"2024-07-22T08:46:01+00:00\",\"dateModified\":\"2024-07-23T10:00:34+00:00\",\"mainEntityOfPage\":{\"@id\":\"https:\/\/welovecinema.be\/fr\/laura-wandel-debute-le-tournage-de-linteret-dadam\/\"},\"wordCount\":528,\"publisher\":{\"@id\":\"https:\/\/welovecinema.be\/nl\/#organization\"},\"articleSection\":[\"\u00a0We Love Belgian Cinema\",\"En bref\",\"Evenements\",\"Tournages\"],\"inLanguage\":\"fr-FR\"},{\"@type\":\"WebPage\",\"@id\":\"https:\/\/welovecinema.be\/fr\/laura-wandel-debute-le-tournage-de-linteret-dadam\/\",\"url\":\"https:\/\/welovecinema.be\/fr\/laura-wandel-debute-le-tournage-de-linteret-dadam\/\",\"name\":\"Laura Wandel d\u00e9bute le tournage de \\\"L'Int\u00e9r\u00eat d'Adam\\\" - We Love Cinema\",\"isPartOf\":{\"@id\":\"https:\/\/welovecinema.be\/nl\/#website\"},\"datePublished\":\"2024-07-22T08:46:01+00:00\",\"dateModified\":\"2024-07-23T10:00:34+00:00\",\"breadcrumb\":{\"@id\":\"https:\/\/welovecinema.be\/fr\/laura-wandel-debute-le-tournage-de-linteret-dadam\/#breadcrumb\"},\"inLanguage\":\"fr-FR\",\"potentialAction\":[{\"@type\":\"ReadAction\",\"target\":[\"https:\/\/welovecinema.be\/fr\/laura-wandel-debute-le-tournage-de-linteret-dadam\/\"]}]},{\"@type\":\"BreadcrumbList\",\"@id\":\"https:\/\/welovecinema.be\/fr\/laura-wandel-debute-le-tournage-de-linteret-dadam\/#breadcrumb\",\"itemListElement\":[{\"@type\":\"ListItem\",\"position\":1,\"name\":\"Accueil\",\"item\":\"https:\/\/welovecinema.be\/fr\/\"},{\"@type\":\"ListItem\",\"position\":2,\"name\":\"Laura Wandel d\u00e9bute le tournage de \u00ab\u00a0L&rsquo;Int\u00e9r\u00eat d&rsquo;Adam\u00a0\u00bb\"}]},{\"@type\":\"WebSite\",\"@id\":\"https:\/\/welovecinema.be\/nl\/#website\",\"url\":\"https:\/\/welovecinema.be\/nl\/\",\"name\":\"We Love Cinema\",\"description\":\"Toute l\u2019information du cin\u00e9ma en Belgique\",\"publisher\":{\"@id\":\"https:\/\/welovecinema.be\/nl\/#organization\"},\"potentialAction\":[{\"@type\":\"SearchAction\",\"target\":{\"@type\":\"EntryPoint\",\"urlTemplate\":\"https:\/\/welovecinema.be\/nl\/?s={search_term_string}\"},\"query-input\":\"required name=search_term_string\"}],\"inLanguage\":\"fr-FR\"},{\"@type\":\"Organization\",\"@id\":\"https:\/\/welovecinema.be\/nl\/#organization\",\"name\":\"We Love Cinema\",\"url\":\"https:\/\/welovecinema.be\/nl\/\",\"logo\":{\"@type\":\"ImageObject\",\"inLanguage\":\"fr-FR\",\"@id\":\"https:\/\/welovecinema.be\/nl\/#\/schema\/logo\/image\/\",\"url\":\"https:\/\/welovecinema.be\/wp-content\/uploads\/sites\/2\/2023\/03\/Logo-We-Love-Cinema305x128.jpg\",\"contentUrl\":\"https:\/\/welovecinema.be\/wp-content\/uploads\/sites\/2\/2023\/03\/Logo-We-Love-Cinema305x128.jpg\",\"width\":305,\"height\":128,\"caption\":\"We Love Cinema\"},\"image\":{\"@id\":\"https:\/\/welovecinema.be\/nl\/#\/schema\/logo\/image\/\"},\"sameAs\":[\"https:\/\/www.facebook.com\/welovecinema.be\",\"https:\/\/www.youtube.com\/channel\/UCX5LYGVhnKvYauW4Nta4HJA\",\"https:\/\/www.instagram.com\/welovecinema.be\/\"]},{\"@type\":\"Person\",\"@id\":\"https:\/\/welovecinema.be\/nl\/#\/schema\/person\/8084b68c6b176142d073695c654dc7cf\",\"name\":\"Aurore Engelen\",\"url\":\"https:\/\/welovecinema.be\/fr\/author\/aurore-engelen\/\"}]}<\/script>\n<!-- \/ Yoast SEO plugin. -->","yoast_head_json":{"title":"Laura Wandel d\u00e9bute le tournage de \"L'Int\u00e9r\u00eat d'Adam\" - We Love Cinema","robots":{"index":"index","follow":"follow","max-snippet":"max-snippet:-1","max-image-preview":"max-image-preview:large","max-video-preview":"max-video-preview:-1"},"canonical":"https:\/\/welovecinema.be\/fr\/laura-wandel-debute-le-tournage-de-linteret-dadam\/","og_locale":"fr_FR","og_type":"article","og_title":"Laura Wandel d\u00e9bute le tournage de \"L'Int\u00e9r\u00eat d'Adam\" - We Love Cinema","og_description":"V\u00e9ritable r\u00e9v\u00e9lation du cin\u00e9ma belge avec son premier long m\u00e9trage, Un monde, retenu en S\u00e9lection officielle au Festival de Cannes en 2021, Laura Wandel s&rsquo;appr\u00eate \u00e0 d\u00e9buter le tournage de son deuxi\u00e8me long, L&rsquo;Int\u00e9r\u00eat d&rsquo;Adam. Pr\u00e9sent\u00e9 dans la section Un certain regard du Festival de Cannes \u00e0 l&rsquo;\u00e9t\u00e9 2021, o\u00f9 il remporte d&rsquo;ailleurs le Prix &hellip;","og_url":"https:\/\/welovecinema.be\/fr\/laura-wandel-debute-le-tournage-de-linteret-dadam\/","og_site_name":"We Love Cinema","article_publisher":"https:\/\/www.facebook.com\/welovecinema.be","article_published_time":"2024-07-22T08:46:01+00:00","article_modified_time":"2024-07-23T10:00:34+00:00","og_image":[{"width":1024,"height":536,"url":"https:\/\/welovecinema.be\/wp-content\/uploads\/sites\/2\/2024\/07\/1359864_youngactressmayavanderbequewithdirectorlaurawandel_creditmaradesario_754376_crop.jpg","type":"image\/jpeg"}],"author":"Aurore Engelen","twitter_card":"summary_large_image","twitter_misc":{"\u00c9crit par":"Aurore Engelen","Dur\u00e9e de lecture estim\u00e9e":"3 minutes"},"schema":{"@context":"https:\/\/schema.org","@graph":[{"@type":"Article","@id":"https:\/\/welovecinema.be\/fr\/laura-wandel-debute-le-tournage-de-linteret-dadam\/#article","isPartOf":{"@id":"https:\/\/welovecinema.be\/fr\/laura-wandel-debute-le-tournage-de-linteret-dadam\/"},"author":{"name":"Aurore Engelen","@id":"https:\/\/welovecinema.be\/nl\/#\/schema\/person\/8084b68c6b176142d073695c654dc7cf"},"headline":"Laura Wandel d\u00e9bute le tournage de \u00ab\u00a0L&rsquo;Int\u00e9r\u00eat d&rsquo;Adam\u00a0\u00bb","datePublished":"2024-07-22T08:46:01+00:00","dateModified":"2024-07-23T10:00:34+00:00","mainEntityOfPage":{"@id":"https:\/\/welovecinema.be\/fr\/laura-wandel-debute-le-tournage-de-linteret-dadam\/"},"wordCount":528,"publisher":{"@id":"https:\/\/welovecinema.be\/nl\/#organization"},"articleSection":["\u00a0We Love Belgian Cinema","En bref","Evenements","Tournages"],"inLanguage":"fr-FR"},{"@type":"WebPage","@id":"https:\/\/welovecinema.be\/fr\/laura-wandel-debute-le-tournage-de-linteret-dadam\/","url":"https:\/\/welovecinema.be\/fr\/laura-wandel-debute-le-tournage-de-linteret-dadam\/","name":"Laura Wandel d\u00e9bute le tournage de \"L'Int\u00e9r\u00eat d'Adam\" - We Love Cinema","isPartOf":{"@id":"https:\/\/welovecinema.be\/nl\/#website"},"datePublished":"2024-07-22T08:46:01+00:00","dateModified":"2024-07-23T10:00:34+00:00","breadcrumb":{"@id":"https:\/\/welovecinema.be\/fr\/laura-wandel-debute-le-tournage-de-linteret-dadam\/#breadcrumb"},"inLanguage":"fr-FR","potentialAction":[{"@type":"ReadAction","target":["https:\/\/welovecinema.be\/fr\/laura-wandel-debute-le-tournage-de-linteret-dadam\/"]}]},{"@type":"BreadcrumbList","@id":"https:\/\/welovecinema.be\/fr\/laura-wandel-debute-le-tournage-de-linteret-dadam\/#breadcrumb","itemListElement":[{"@type":"ListItem","position":1,"name":"Accueil","item":"https:\/\/welovecinema.be\/fr\/"},{"@type":"ListItem","position":2,"name":"Laura Wandel d\u00e9bute le tournage de \u00ab\u00a0L&rsquo;Int\u00e9r\u00eat d&rsquo;Adam\u00a0\u00bb"}]},{"@type":"WebSite","@id":"https:\/\/welovecinema.be\/nl\/#website","url":"https:\/\/welovecinema.be\/nl\/","name":"We Love Cinema","description":"Toute l\u2019information du cin\u00e9ma en Belgique","publisher":{"@id":"https:\/\/welovecinema.be\/nl\/#organization"},"potentialAction":[{"@type":"SearchAction","target":{"@type":"EntryPoint","urlTemplate":"https:\/\/welovecinema.be\/nl\/?s={search_term_string}"},"query-input":"required name=search_term_string"}],"inLanguage":"fr-FR"},{"@type":"Organization","@id":"https:\/\/welovecinema.be\/nl\/#organization","name":"We Love Cinema","url":"https:\/\/welovecinema.be\/nl\/","logo":{"@type":"ImageObject","inLanguage":"fr-FR","@id":"https:\/\/welovecinema.be\/nl\/#\/schema\/logo\/image\/","url":"https:\/\/welovecinema.be\/wp-content\/uploads\/sites\/2\/2023\/03\/Logo-We-Love-Cinema305x128.jpg","contentUrl":"https:\/\/welovecinema.be\/wp-content\/uploads\/sites\/2\/2023\/03\/Logo-We-Love-Cinema305x128.jpg","width":305,"height":128,"caption":"We Love Cinema"},"image":{"@id":"https:\/\/welovecinema.be\/nl\/#\/schema\/logo\/image\/"},"sameAs":["https:\/\/www.facebook.com\/welovecinema.be","https:\/\/www.youtube.com\/channel\/UCX5LYGVhnKvYauW4Nta4HJA","https:\/\/www.instagram.com\/welovecinema.be\/"]},{"@type":"Person","@id":"https:\/\/welovecinema.be\/nl\/#\/schema\/person\/8084b68c6b176142d073695c654dc7cf","name":"Aurore Engelen","url":"https:\/\/welovecinema.be\/fr\/author\/aurore-engelen\/"}]}},"_links":{"self":[{"href":"https:\/\/welovecinema.be\/fr\/wp-json\/wp\/v2\/posts\/259741","targetHints":{"allow":["GET"]}}],"collection":[{"href":"https:\/\/welovecinema.be\/fr\/wp-json\/wp\/v2\/posts"}],"about":[{"href":"https:\/\/welovecinema.be\/fr\/wp-json\/wp\/v2\/types\/post"}],"author":[{"embeddable":true,"href":"https:\/\/welovecinema.be\/fr\/wp-json\/wp\/v2\/users\/343"}],"replies":[{"embeddable":true,"href":"https:\/\/welovecinema.be\/fr\/wp-json\/wp\/v2\/comments?post=259741"}],"version-history":[{"count":1,"href":"https:\/\/welovecinema.be\/fr\/wp-json\/wp\/v2\/posts\/259741\/revisions"}],"predecessor-version":[{"id":259748,"href":"https:\/\/welovecinema.be\/fr\/wp-json\/wp\/v2\/posts\/259741\/revisions\/259748"}],"wp:featuredmedia":[{"embeddable":true,"href":"https:\/\/welovecinema.be\/fr\/wp-json\/wp\/v2\/media\/259742"}],"wp:attachment":[{"href":"https:\/\/welovecinema.be\/fr\/wp-json\/wp\/v2\/media?parent=259741"}],"wp:term":[{"taxonomy":"category","embeddable":true,"href":"https:\/\/welovecinema.be\/fr\/wp-json\/wp\/v2\/categories?post=259741"},{"taxonomy":"post_tag","embeddable":true,"href":"https:\/\/welovecinema.be\/fr\/wp-json\/wp\/v2\/tags?post=259741"}],"curies":[{"name":"wp","href":"https:\/\/api.w.org\/{rel}","templated":true}]}}