{"id":259652,"date":"2024-07-10T11:19:10","date_gmt":"2024-07-10T09:19:10","guid":{"rendered":"https:\/\/welovecinema.be\/?p=259652"},"modified":"2024-07-10T13:00:09","modified_gmt":"2024-07-10T11:00:09","slug":"capsule-127-michiel-blanchart-et-greg-berlanti","status":"publish","type":"post","link":"https:\/\/welovecinema.be\/fr\/capsule-127-michiel-blanchart-et-greg-berlanti\/","title":{"rendered":"Capsule #127: Michiel Blanchart et Greg Berlanti"},"content":{"rendered":"<p><strong>Rendez-vous dans cette 127e capsule avec Greg Berlanti, r\u00e9alisateur de <em>To the Moon<\/em>, et Michiel Blanchart, jeune cin\u00e9aste belge dont le palpitant premier long m\u00e9trage <em>La nuit se traine<\/em> sort le 4 septembre prochain.<\/strong><\/p>\n","protected":false},"excerpt":{"rendered":"<p>Rendez-vous dans cette 127e capsule avec Greg Berlanti, r\u00e9alisateur de To the Moon, et Michiel Blanchart, jeune cin\u00e9aste belge dont le palpitant premier long m\u00e9trage La nuit se traine sort le 4 septembre prochain.<\/p>\n","protected":false},"author":343,"featured_media":259653,"comment_status":"closed","ping_status":"closed","sticky":false,"template":"","format":"standard","meta":{"ngg_post_thumbnail":0,"footnotes":""},"categories":[7134,1886],"tags":[],"class_list":["post-259652","post","type-post","status-publish","format-standard","has-post-thumbnail","","category-we-love-belgian-cinema","category-cinema-belge"],"yoast_head":"<!-- This site is optimized with the Yoast SEO plugin v20.4 - https:\/\/yoast.com\/wordpress\/plugins\/seo\/ -->\n<title>Capsule #127: Michiel Blanchart et Greg Berlanti - We Love Cinema<\/title>\n<meta name=\"robots\" content=\"index, follow, max-snippet:-1, max-image-preview:large, max-video-preview:-1\" \/>\n<link rel=\"canonical\" href=\"https:\/\/welovecinema.be\/fr\/capsule-127-michiel-blanchart-et-greg-berlanti\/\" \/>\n<meta property=\"og:locale\" content=\"fr_FR\" \/>\n<meta property=\"og:type\" content=\"article\" \/>\n<meta property=\"og:title\" content=\"Capsule #127: Michiel Blanchart et Greg Berlanti - We Love Cinema\" \/>\n<meta property=\"og:description\" content=\"Rendez-vous dans cette 127e capsule avec Greg Berlanti, r\u00e9alisateur de To the Moon, et Michiel Blanchart, jeune cin\u00e9aste belge dont le palpitant premier long m\u00e9trage La nuit se traine sort le 4 septembre prochain.\" \/>\n<meta property=\"og:url\" content=\"https:\/\/welovecinema.be\/fr\/capsule-127-michiel-blanchart-et-greg-berlanti\/\" \/>\n<meta property=\"og:site_name\" content=\"We Love Cinema\" \/>\n<meta property=\"article:publisher\" content=\"https:\/\/www.facebook.com\/welovecinema.be\" \/>\n<meta property=\"article:published_time\" content=\"2024-07-10T09:19:10+00:00\" \/>\n<meta property=\"article:modified_time\" content=\"2024-07-10T11:00:09+00:00\" \/>\n<meta property=\"og:image\" content=\"https:\/\/welovecinema.be\/wp-content\/uploads\/sites\/2\/2024\/07\/Capture-decran-2024-07-10-a-11.12.11-800x447.png\" \/>\n\t<meta property=\"og:image:width\" content=\"800\" \/>\n\t<meta property=\"og:image:height\" content=\"447\" \/>\n\t<meta property=\"og:image:type\" content=\"image\/png\" \/>\n<meta name=\"author\" content=\"Aurore Engelen\" \/>\n<meta name=\"twitter:card\" content=\"summary_large_image\" \/>\n<meta name=\"twitter:label1\" content=\"\u00c9crit par\" \/>\n\t<meta name=\"twitter:data1\" content=\"Aurore Engelen\" \/>\n\t<meta name=\"twitter:label2\" content=\"Dur\u00e9e de lecture estim\u00e9e\" \/>\n\t<meta name=\"twitter:data2\" content=\"1 minute\" \/>\n<script type=\"application\/ld+json\" class=\"yoast-schema-graph\">{\"@context\":\"https:\/\/schema.org\",\"@graph\":[{\"@type\":\"Article\",\"@id\":\"https:\/\/welovecinema.be\/fr\/capsule-127-michiel-blanchart-et-greg-berlanti\/#article\",\"isPartOf\":{\"@id\":\"https:\/\/welovecinema.be\/fr\/capsule-127-michiel-blanchart-et-greg-berlanti\/\"},\"author\":{\"name\":\"Aurore Engelen\",\"@id\":\"https:\/\/welovecinema.be\/nl\/#\/schema\/person\/8084b68c6b176142d073695c654dc7cf\"},\"headline\":\"Capsule #127: Michiel Blanchart et Greg Berlanti\",\"datePublished\":\"2024-07-10T09:19:10+00:00\",\"dateModified\":\"2024-07-10T11:00:09+00:00\",\"mainEntityOfPage\":{\"@id\":\"https:\/\/welovecinema.be\/fr\/capsule-127-michiel-blanchart-et-greg-berlanti\/\"},\"wordCount\":42,\"publisher\":{\"@id\":\"https:\/\/welovecinema.be\/nl\/#organization\"},\"articleSection\":[\"\u00a0We Love Belgian Cinema\",\"Cin\u00e9Belge en salle\"],\"inLanguage\":\"fr-FR\"},{\"@type\":\"WebPage\",\"@id\":\"https:\/\/welovecinema.be\/fr\/capsule-127-michiel-blanchart-et-greg-berlanti\/\",\"url\":\"https:\/\/welovecinema.be\/fr\/capsule-127-michiel-blanchart-et-greg-berlanti\/\",\"name\":\"Capsule #127: Michiel Blanchart et Greg Berlanti - We Love Cinema\",\"isPartOf\":{\"@id\":\"https:\/\/welovecinema.be\/nl\/#website\"},\"datePublished\":\"2024-07-10T09:19:10+00:00\",\"dateModified\":\"2024-07-10T11:00:09+00:00\",\"breadcrumb\":{\"@id\":\"https:\/\/welovecinema.be\/fr\/capsule-127-michiel-blanchart-et-greg-berlanti\/#breadcrumb\"},\"inLanguage\":\"fr-FR\",\"potentialAction\":[{\"@type\":\"ReadAction\",\"target\":[\"https:\/\/welovecinema.be\/fr\/capsule-127-michiel-blanchart-et-greg-berlanti\/\"]}]},{\"@type\":\"BreadcrumbList\",\"@id\":\"https:\/\/welovecinema.be\/fr\/capsule-127-michiel-blanchart-et-greg-berlanti\/#breadcrumb\",\"itemListElement\":[{\"@type\":\"ListItem\",\"position\":1,\"name\":\"Accueil\",\"item\":\"https:\/\/welovecinema.be\/fr\/\"},{\"@type\":\"ListItem\",\"position\":2,\"name\":\"Capsule #127: Michiel Blanchart et Greg Berlanti\"}]},{\"@type\":\"WebSite\",\"@id\":\"https:\/\/welovecinema.be\/nl\/#website\",\"url\":\"https:\/\/welovecinema.be\/nl\/\",\"name\":\"We Love Cinema\",\"description\":\"Toute l\u2019information du cin\u00e9ma en Belgique\",\"publisher\":{\"@id\":\"https:\/\/welovecinema.be\/nl\/#organization\"},\"potentialAction\":[{\"@type\":\"SearchAction\",\"target\":{\"@type\":\"EntryPoint\",\"urlTemplate\":\"https:\/\/welovecinema.be\/nl\/?s={search_term_string}\"},\"query-input\":\"required name=search_term_string\"}],\"inLanguage\":\"fr-FR\"},{\"@type\":\"Organization\",\"@id\":\"https:\/\/welovecinema.be\/nl\/#organization\",\"name\":\"We Love Cinema\",\"url\":\"https:\/\/welovecinema.be\/nl\/\",\"logo\":{\"@type\":\"ImageObject\",\"inLanguage\":\"fr-FR\",\"@id\":\"https:\/\/welovecinema.be\/nl\/#\/schema\/logo\/image\/\",\"url\":\"https:\/\/welovecinema.be\/wp-content\/uploads\/sites\/2\/2023\/03\/Logo-We-Love-Cinema305x128.jpg\",\"contentUrl\":\"https:\/\/welovecinema.be\/wp-content\/uploads\/sites\/2\/2023\/03\/Logo-We-Love-Cinema305x128.jpg\",\"width\":305,\"height\":128,\"caption\":\"We Love Cinema\"},\"image\":{\"@id\":\"https:\/\/welovecinema.be\/nl\/#\/schema\/logo\/image\/\"},\"sameAs\":[\"https:\/\/www.facebook.com\/welovecinema.be\",\"https:\/\/www.youtube.com\/channel\/UCX5LYGVhnKvYauW4Nta4HJA\",\"https:\/\/www.instagram.com\/welovecinema.be\/\"]},{\"@type\":\"Person\",\"@id\":\"https:\/\/welovecinema.be\/nl\/#\/schema\/person\/8084b68c6b176142d073695c654dc7cf\",\"name\":\"Aurore Engelen\",\"url\":\"https:\/\/welovecinema.be\/fr\/author\/aurore-engelen\/\"}]}<\/script>\n<!-- \/ Yoast SEO plugin. -->","yoast_head_json":{"title":"Capsule #127: Michiel Blanchart et Greg Berlanti - We Love Cinema","robots":{"index":"index","follow":"follow","max-snippet":"max-snippet:-1","max-image-preview":"max-image-preview:large","max-video-preview":"max-video-preview:-1"},"canonical":"https:\/\/welovecinema.be\/fr\/capsule-127-michiel-blanchart-et-greg-berlanti\/","og_locale":"fr_FR","og_type":"article","og_title":"Capsule #127: Michiel Blanchart et Greg Berlanti - We Love Cinema","og_description":"Rendez-vous dans cette 127e capsule avec Greg Berlanti, r\u00e9alisateur de To the Moon, et Michiel Blanchart, jeune cin\u00e9aste belge dont le palpitant premier long m\u00e9trage La nuit se traine sort le 4 septembre prochain.","og_url":"https:\/\/welovecinema.be\/fr\/capsule-127-michiel-blanchart-et-greg-berlanti\/","og_site_name":"We Love Cinema","article_publisher":"https:\/\/www.facebook.com\/welovecinema.be","article_published_time":"2024-07-10T09:19:10+00:00","article_modified_time":"2024-07-10T11:00:09+00:00","og_image":[{"width":800,"height":447,"url":"https:\/\/welovecinema.be\/wp-content\/uploads\/sites\/2\/2024\/07\/Capture-decran-2024-07-10-a-11.12.11-800x447.png","type":"image\/png"}],"author":"Aurore Engelen","twitter_card":"summary_large_image","twitter_misc":{"\u00c9crit par":"Aurore Engelen","Dur\u00e9e de lecture estim\u00e9e":"1 minute"},"schema":{"@context":"https:\/\/schema.org","@graph":[{"@type":"Article","@id":"https:\/\/welovecinema.be\/fr\/capsule-127-michiel-blanchart-et-greg-berlanti\/#article","isPartOf":{"@id":"https:\/\/welovecinema.be\/fr\/capsule-127-michiel-blanchart-et-greg-berlanti\/"},"author":{"name":"Aurore Engelen","@id":"https:\/\/welovecinema.be\/nl\/#\/schema\/person\/8084b68c6b176142d073695c654dc7cf"},"headline":"Capsule #127: Michiel Blanchart et Greg Berlanti","datePublished":"2024-07-10T09:19:10+00:00","dateModified":"2024-07-10T11:00:09+00:00","mainEntityOfPage":{"@id":"https:\/\/welovecinema.be\/fr\/capsule-127-michiel-blanchart-et-greg-berlanti\/"},"wordCount":42,"publisher":{"@id":"https:\/\/welovecinema.be\/nl\/#organization"},"articleSection":["\u00a0We Love Belgian Cinema","Cin\u00e9Belge en salle"],"inLanguage":"fr-FR"},{"@type":"WebPage","@id":"https:\/\/welovecinema.be\/fr\/capsule-127-michiel-blanchart-et-greg-berlanti\/","url":"https:\/\/welovecinema.be\/fr\/capsule-127-michiel-blanchart-et-greg-berlanti\/","name":"Capsule #127: Michiel Blanchart et Greg Berlanti - We Love Cinema","isPartOf":{"@id":"https:\/\/welovecinema.be\/nl\/#website"},"datePublished":"2024-07-10T09:19:10+00:00","dateModified":"2024-07-10T11:00:09+00:00","breadcrumb":{"@id":"https:\/\/welovecinema.be\/fr\/capsule-127-michiel-blanchart-et-greg-berlanti\/#breadcrumb"},"inLanguage":"fr-FR","potentialAction":[{"@type":"ReadAction","target":["https:\/\/welovecinema.be\/fr\/capsule-127-michiel-blanchart-et-greg-berlanti\/"]}]},{"@type":"BreadcrumbList","@id":"https:\/\/welovecinema.be\/fr\/capsule-127-michiel-blanchart-et-greg-berlanti\/#breadcrumb","itemListElement":[{"@type":"ListItem","position":1,"name":"Accueil","item":"https:\/\/welovecinema.be\/fr\/"},{"@type":"ListItem","position":2,"name":"Capsule #127: Michiel Blanchart et Greg Berlanti"}]},{"@type":"WebSite","@id":"https:\/\/welovecinema.be\/nl\/#website","url":"https:\/\/welovecinema.be\/nl\/","name":"We Love Cinema","description":"Toute l\u2019information du cin\u00e9ma en Belgique","publisher":{"@id":"https:\/\/welovecinema.be\/nl\/#organization"},"potentialAction":[{"@type":"SearchAction","target":{"@type":"EntryPoint","urlTemplate":"https:\/\/welovecinema.be\/nl\/?s={search_term_string}"},"query-input":"required name=search_term_string"}],"inLanguage":"fr-FR"},{"@type":"Organization","@id":"https:\/\/welovecinema.be\/nl\/#organization","name":"We Love Cinema","url":"https:\/\/welovecinema.be\/nl\/","logo":{"@type":"ImageObject","inLanguage":"fr-FR","@id":"https:\/\/welovecinema.be\/nl\/#\/schema\/logo\/image\/","url":"https:\/\/welovecinema.be\/wp-content\/uploads\/sites\/2\/2023\/03\/Logo-We-Love-Cinema305x128.jpg","contentUrl":"https:\/\/welovecinema.be\/wp-content\/uploads\/sites\/2\/2023\/03\/Logo-We-Love-Cinema305x128.jpg","width":305,"height":128,"caption":"We Love Cinema"},"image":{"@id":"https:\/\/welovecinema.be\/nl\/#\/schema\/logo\/image\/"},"sameAs":["https:\/\/www.facebook.com\/welovecinema.be","https:\/\/www.youtube.com\/channel\/UCX5LYGVhnKvYauW4Nta4HJA","https:\/\/www.instagram.com\/welovecinema.be\/"]},{"@type":"Person","@id":"https:\/\/welovecinema.be\/nl\/#\/schema\/person\/8084b68c6b176142d073695c654dc7cf","name":"Aurore Engelen","url":"https:\/\/welovecinema.be\/fr\/author\/aurore-engelen\/"}]}},"_links":{"self":[{"href":"https:\/\/welovecinema.be\/fr\/wp-json\/wp\/v2\/posts\/259652","targetHints":{"allow":["GET"]}}],"collection":[{"href":"https:\/\/welovecinema.be\/fr\/wp-json\/wp\/v2\/posts"}],"about":[{"href":"https:\/\/welovecinema.be\/fr\/wp-json\/wp\/v2\/types\/post"}],"author":[{"embeddable":true,"href":"https:\/\/welovecinema.be\/fr\/wp-json\/wp\/v2\/users\/343"}],"replies":[{"embeddable":true,"href":"https:\/\/welovecinema.be\/fr\/wp-json\/wp\/v2\/comments?post=259652"}],"version-history":[{"count":1,"href":"https:\/\/welovecinema.be\/fr\/wp-json\/wp\/v2\/posts\/259652\/revisions"}],"predecessor-version":[{"id":259655,"href":"https:\/\/welovecinema.be\/fr\/wp-json\/wp\/v2\/posts\/259652\/revisions\/259655"}],"wp:featuredmedia":[{"embeddable":true,"href":"https:\/\/welovecinema.be\/fr\/wp-json\/wp\/v2\/media\/259653"}],"wp:attachment":[{"href":"https:\/\/welovecinema.be\/fr\/wp-json\/wp\/v2\/media?parent=259652"}],"wp:term":[{"taxonomy":"category","embeddable":true,"href":"https:\/\/welovecinema.be\/fr\/wp-json\/wp\/v2\/categories?post=259652"},{"taxonomy":"post_tag","embeddable":true,"href":"https:\/\/welovecinema.be\/fr\/wp-json\/wp\/v2\/tags?post=259652"}],"curies":[{"name":"wp","href":"https:\/\/api.w.org\/{rel}","templated":true}]}}