{"id":259402,"date":"2024-06-18T11:18:08","date_gmt":"2024-06-18T09:18:08","guid":{"rendered":"https:\/\/welovecinema.be\/?p=259402"},"modified":"2024-06-24T08:59:28","modified_gmt":"2024-06-24T06:59:28","slug":"mozar","status":"publish","type":"post","link":"https:\/\/welovecinema.be\/fr\/mozar\/","title":{"rendered":"\u00ab\u00a0Mo&rsquo;zar\u00a0\u00bb: l&rsquo;\u00e9mancipation par la musique"},"content":{"rendered":"<p><strong>Avec <em>Mo&rsquo;zar<\/em>, S\u00e9bastien Petretti nous fait d\u00e9couvrir un atelier de musique singulier au coeur de Port Louis, capitale de Maurice, dans les traces de la jeune Nolwenn, qui trouve une joie et un sens dans ce lieu si particulier.<\/strong><\/p>\n<p><em>\u00ab\u00a0Fly Me to the Moon\u00a0\u00bb<\/em>, chante Nolwenn, et au-del\u00e0 encore&#8230; En 1995, le musicien de jazz \u00e0 la renomm\u00e9e internationale Jos\u00e9 Th\u00e9r\u00e8se rentre chez lui, \u00e0 Port-Louis apr\u00e8s 10 ans d&rsquo;exil, et cr\u00e9e dans les ann\u00e9es qui suivent ce qu&rsquo;il appelle \u00e0 l&rsquo;\u00e9poque \u00ab\u00a0un petit projet\u00a0\u00bb, un atelier de musique destin\u00e9 aux enfants des quartiers d\u00e9favoris\u00e9s. 30 ans plus tard, le petit atelier est devenu un v\u00e9ritable orchestre, invit\u00e9 \u00e0 jouer \u00e0 la capitale, devant le chef de l&rsquo;\u00e9tat.<\/p>\n<p><img loading=\"lazy\" decoding=\"async\" class=\"alignnone size-large wp-image-259405\" src=\"https:\/\/welovecinema.be\/wp-content\/uploads\/sites\/2\/2024\/06\/mozar2-800x402.jpeg\" alt=\"\" width=\"618\" height=\"311\" srcset=\"https:\/\/welovecinema.be\/wp-content\/uploads\/sites\/2\/2024\/06\/mozar2-800x402.jpeg 800w, https:\/\/welovecinema.be\/wp-content\/uploads\/sites\/2\/2024\/06\/mozar2-480x241.jpeg 480w, https:\/\/welovecinema.be\/wp-content\/uploads\/sites\/2\/2024\/06\/mozar2-768x386.jpeg 768w, https:\/\/welovecinema.be\/wp-content\/uploads\/sites\/2\/2024\/06\/mozar2.jpeg 996w\" sizes=\"auto, (max-width: 618px) 100vw, 618px\" \/><\/p>\n<p>Pour rencontrer ce projet et les \u00e2mes qui l&rsquo;animent, le cin\u00e9aste choisit de se centrer sur Nolwenn, petite fille en proie au harc\u00e8lement scolaire, qui trouve le salut dans la musique. Vivant seule avec sa m\u00e8re et ses fr\u00e8res et soeurs dans un bidonville, le chant est pour elle tout autant une passion qu&rsquo;un moteur. Dans la pi\u00e8ce de vie, on trouve dans quelques m\u00e8tres carr\u00e9s \u00e0 peine un lit superpos\u00e9 et une cuisini\u00e8re, mais aussi une tablette, un micro et une petite enceinte qui permettent \u00e0 l&rsquo;enfant d&rsquo;\u00e9prouver sa passion. On va suivre son quotidien, \u00e0 la maison et \u00e0 l&rsquo;\u00e9cole, t\u00e9moins de son bonheur (<em>\u00ab\u00a0je suis tr\u00e8s tr\u00e8s heureuse, peut-\u00eatre plus heureuse que vous\u00a0\u00bb<\/em>, confie-t-elle \u00e0 al professeure qui l&rsquo;accompagne), et de son application.<\/p>\n<p>L&rsquo;\u00e9cole, pour Nolwenn comme pour les autres \u00e9l\u00e8ves, est une bulle hors de la mis\u00e8re. Dans sa famille, il y a l&rsquo;amour, fort, mais aussi l&rsquo;\u00e9lectricit\u00e9 qu&rsquo;on ne peut pas payer et que l&rsquo;on emprunte aux voisins pour alimenter le piano dont elle a besoin pour progresser. Les enfants du quartier de Roche-Bobois trouvent dans l&rsquo;art mais aussi dans la communaut\u00e9 et la solidarit\u00e9 de l&rsquo;orchestre une porte de sortie, et une pr\u00e9cieuse \u00e9mancipation.<\/p>\n<p>Avec simplicit\u00e9 et sinc\u00e9rit\u00e9, <em>Mo&rsquo;zar<\/em> met en lumi\u00e8re (et en notes) les brass\u00e9es de joie et d&rsquo;espoir soulev\u00e9es par cet \u00e9cole et celles et ceux qui la rendent possible pour lutter contre l&rsquo;exclusion et la pauvret\u00e9 par la musique. Le film sort ce mercredi 19 juin en Belgique.<\/p>\n<p><iframe loading=\"lazy\" title=\"Mo&#039;zar Teaser fr.\" src=\"https:\/\/player.vimeo.com\/video\/915187298?dnt=1&amp;app_id=122963\" width=\"618\" height=\"348\" frameborder=\"0\" allow=\"autoplay; fullscreen; picture-in-picture; clipboard-write; encrypted-media\"><\/iframe><\/p>\n","protected":false},"excerpt":{"rendered":"<p>Avec Mo&rsquo;zar, S\u00e9bastien Petretti nous fait d\u00e9couvrir un atelier de musique singulier au coeur de Port Louis, capitale de Maurice, dans les traces de la jeune Nolwenn, qui trouve une joie et un sens dans ce lieu si particulier. \u00ab\u00a0Fly Me to the Moon\u00a0\u00bb, chante Nolwenn, et au-del\u00e0 encore&#8230; En 1995, le musicien de jazz &hellip;<\/p>\n","protected":false},"author":343,"featured_media":259403,"comment_status":"closed","ping_status":"closed","sticky":false,"template":"","format":"standard","meta":{"ngg_post_thumbnail":0,"footnotes":""},"categories":[7134,10],"tags":[],"class_list":["post-259402","post","type-post","status-publish","format-standard","has-post-thumbnail","","category-we-love-belgian-cinema","category-a-l-affiche"],"yoast_head":"<!-- This site is optimized with the Yoast SEO plugin v20.4 - https:\/\/yoast.com\/wordpress\/plugins\/seo\/ -->\n<title>&quot;Mo&#039;zar&quot;: l&#039;\u00e9mancipation par la musique - We Love Cinema<\/title>\n<meta name=\"robots\" content=\"index, follow, max-snippet:-1, max-image-preview:large, max-video-preview:-1\" \/>\n<link rel=\"canonical\" href=\"https:\/\/welovecinema.be\/fr\/mozar\/\" \/>\n<meta property=\"og:locale\" content=\"fr_FR\" \/>\n<meta property=\"og:type\" content=\"article\" \/>\n<meta property=\"og:title\" content=\"&quot;Mo&#039;zar&quot;: l&#039;\u00e9mancipation par la musique - We Love Cinema\" \/>\n<meta property=\"og:description\" content=\"Avec Mo&rsquo;zar, S\u00e9bastien Petretti nous fait d\u00e9couvrir un atelier de musique singulier au coeur de Port Louis, capitale de Maurice, dans les traces de la jeune Nolwenn, qui trouve une joie et un sens dans ce lieu si particulier. \u00ab\u00a0Fly Me to the Moon\u00a0\u00bb, chante Nolwenn, et au-del\u00e0 encore&#8230; En 1995, le musicien de jazz &hellip;\" \/>\n<meta property=\"og:url\" content=\"https:\/\/welovecinema.be\/fr\/mozar\/\" \/>\n<meta property=\"og:site_name\" content=\"We Love Cinema\" \/>\n<meta property=\"article:publisher\" content=\"https:\/\/www.facebook.com\/welovecinema.be\" \/>\n<meta property=\"article:published_time\" content=\"2024-06-18T09:18:08+00:00\" \/>\n<meta property=\"article:modified_time\" content=\"2024-06-24T06:59:28+00:00\" \/>\n<meta property=\"og:image\" content=\"https:\/\/welovecinema.be\/wp-content\/uploads\/sites\/2\/2024\/06\/Mozar.jpeg\" \/>\n\t<meta property=\"og:image:width\" content=\"864\" \/>\n\t<meta property=\"og:image:height\" content=\"486\" \/>\n\t<meta property=\"og:image:type\" content=\"image\/jpeg\" \/>\n<meta name=\"author\" content=\"Aurore Engelen\" \/>\n<meta name=\"twitter:card\" content=\"summary_large_image\" \/>\n<meta name=\"twitter:label1\" content=\"\u00c9crit par\" \/>\n\t<meta name=\"twitter:data1\" content=\"Aurore Engelen\" \/>\n\t<meta name=\"twitter:label2\" content=\"Dur\u00e9e de lecture estim\u00e9e\" \/>\n\t<meta name=\"twitter:data2\" content=\"3 minutes\" \/>\n<script type=\"application\/ld+json\" class=\"yoast-schema-graph\">{\"@context\":\"https:\/\/schema.org\",\"@graph\":[{\"@type\":\"Article\",\"@id\":\"https:\/\/welovecinema.be\/fr\/mozar\/#article\",\"isPartOf\":{\"@id\":\"https:\/\/welovecinema.be\/fr\/mozar\/\"},\"author\":{\"name\":\"Aurore Engelen\",\"@id\":\"https:\/\/welovecinema.be\/nl\/#\/schema\/person\/8084b68c6b176142d073695c654dc7cf\"},\"headline\":\"\u00ab\u00a0Mo&rsquo;zar\u00a0\u00bb: l&rsquo;\u00e9mancipation par la musique\",\"datePublished\":\"2024-06-18T09:18:08+00:00\",\"dateModified\":\"2024-06-24T06:59:28+00:00\",\"mainEntityOfPage\":{\"@id\":\"https:\/\/welovecinema.be\/fr\/mozar\/\"},\"wordCount\":413,\"publisher\":{\"@id\":\"https:\/\/welovecinema.be\/nl\/#organization\"},\"articleSection\":[\"\u00a0We Love Belgian Cinema\",\"A l'affiche\"],\"inLanguage\":\"fr-FR\"},{\"@type\":\"WebPage\",\"@id\":\"https:\/\/welovecinema.be\/fr\/mozar\/\",\"url\":\"https:\/\/welovecinema.be\/fr\/mozar\/\",\"name\":\"\\\"Mo'zar\\\": l'\u00e9mancipation par la musique - We Love Cinema\",\"isPartOf\":{\"@id\":\"https:\/\/welovecinema.be\/nl\/#website\"},\"datePublished\":\"2024-06-18T09:18:08+00:00\",\"dateModified\":\"2024-06-24T06:59:28+00:00\",\"breadcrumb\":{\"@id\":\"https:\/\/welovecinema.be\/fr\/mozar\/#breadcrumb\"},\"inLanguage\":\"fr-FR\",\"potentialAction\":[{\"@type\":\"ReadAction\",\"target\":[\"https:\/\/welovecinema.be\/fr\/mozar\/\"]}]},{\"@type\":\"BreadcrumbList\",\"@id\":\"https:\/\/welovecinema.be\/fr\/mozar\/#breadcrumb\",\"itemListElement\":[{\"@type\":\"ListItem\",\"position\":1,\"name\":\"Accueil\",\"item\":\"https:\/\/welovecinema.be\/fr\/\"},{\"@type\":\"ListItem\",\"position\":2,\"name\":\"\u00ab\u00a0Mo&rsquo;zar\u00a0\u00bb: l&rsquo;\u00e9mancipation par la musique\"}]},{\"@type\":\"WebSite\",\"@id\":\"https:\/\/welovecinema.be\/nl\/#website\",\"url\":\"https:\/\/welovecinema.be\/nl\/\",\"name\":\"We Love Cinema\",\"description\":\"Toute l\u2019information du cin\u00e9ma en Belgique\",\"publisher\":{\"@id\":\"https:\/\/welovecinema.be\/nl\/#organization\"},\"potentialAction\":[{\"@type\":\"SearchAction\",\"target\":{\"@type\":\"EntryPoint\",\"urlTemplate\":\"https:\/\/welovecinema.be\/nl\/?s={search_term_string}\"},\"query-input\":\"required name=search_term_string\"}],\"inLanguage\":\"fr-FR\"},{\"@type\":\"Organization\",\"@id\":\"https:\/\/welovecinema.be\/nl\/#organization\",\"name\":\"We Love Cinema\",\"url\":\"https:\/\/welovecinema.be\/nl\/\",\"logo\":{\"@type\":\"ImageObject\",\"inLanguage\":\"fr-FR\",\"@id\":\"https:\/\/welovecinema.be\/nl\/#\/schema\/logo\/image\/\",\"url\":\"https:\/\/welovecinema.be\/wp-content\/uploads\/sites\/2\/2023\/03\/Logo-We-Love-Cinema305x128.jpg\",\"contentUrl\":\"https:\/\/welovecinema.be\/wp-content\/uploads\/sites\/2\/2023\/03\/Logo-We-Love-Cinema305x128.jpg\",\"width\":305,\"height\":128,\"caption\":\"We Love Cinema\"},\"image\":{\"@id\":\"https:\/\/welovecinema.be\/nl\/#\/schema\/logo\/image\/\"},\"sameAs\":[\"https:\/\/www.facebook.com\/welovecinema.be\",\"https:\/\/www.youtube.com\/channel\/UCX5LYGVhnKvYauW4Nta4HJA\",\"https:\/\/www.instagram.com\/welovecinema.be\/\"]},{\"@type\":\"Person\",\"@id\":\"https:\/\/welovecinema.be\/nl\/#\/schema\/person\/8084b68c6b176142d073695c654dc7cf\",\"name\":\"Aurore Engelen\",\"url\":\"https:\/\/welovecinema.be\/fr\/author\/aurore-engelen\/\"}]}<\/script>\n<!-- \/ Yoast SEO plugin. -->","yoast_head_json":{"title":"\"Mo'zar\": l'\u00e9mancipation par la musique - We Love Cinema","robots":{"index":"index","follow":"follow","max-snippet":"max-snippet:-1","max-image-preview":"max-image-preview:large","max-video-preview":"max-video-preview:-1"},"canonical":"https:\/\/welovecinema.be\/fr\/mozar\/","og_locale":"fr_FR","og_type":"article","og_title":"\"Mo'zar\": l'\u00e9mancipation par la musique - We Love Cinema","og_description":"Avec Mo&rsquo;zar, S\u00e9bastien Petretti nous fait d\u00e9couvrir un atelier de musique singulier au coeur de Port Louis, capitale de Maurice, dans les traces de la jeune Nolwenn, qui trouve une joie et un sens dans ce lieu si particulier. \u00ab\u00a0Fly Me to the Moon\u00a0\u00bb, chante Nolwenn, et au-del\u00e0 encore&#8230; En 1995, le musicien de jazz &hellip;","og_url":"https:\/\/welovecinema.be\/fr\/mozar\/","og_site_name":"We Love Cinema","article_publisher":"https:\/\/www.facebook.com\/welovecinema.be","article_published_time":"2024-06-18T09:18:08+00:00","article_modified_time":"2024-06-24T06:59:28+00:00","og_image":[{"width":864,"height":486,"url":"https:\/\/welovecinema.be\/wp-content\/uploads\/sites\/2\/2024\/06\/Mozar.jpeg","type":"image\/jpeg"}],"author":"Aurore Engelen","twitter_card":"summary_large_image","twitter_misc":{"\u00c9crit par":"Aurore Engelen","Dur\u00e9e de lecture estim\u00e9e":"3 minutes"},"schema":{"@context":"https:\/\/schema.org","@graph":[{"@type":"Article","@id":"https:\/\/welovecinema.be\/fr\/mozar\/#article","isPartOf":{"@id":"https:\/\/welovecinema.be\/fr\/mozar\/"},"author":{"name":"Aurore Engelen","@id":"https:\/\/welovecinema.be\/nl\/#\/schema\/person\/8084b68c6b176142d073695c654dc7cf"},"headline":"\u00ab\u00a0Mo&rsquo;zar\u00a0\u00bb: l&rsquo;\u00e9mancipation par la musique","datePublished":"2024-06-18T09:18:08+00:00","dateModified":"2024-06-24T06:59:28+00:00","mainEntityOfPage":{"@id":"https:\/\/welovecinema.be\/fr\/mozar\/"},"wordCount":413,"publisher":{"@id":"https:\/\/welovecinema.be\/nl\/#organization"},"articleSection":["\u00a0We Love Belgian Cinema","A l'affiche"],"inLanguage":"fr-FR"},{"@type":"WebPage","@id":"https:\/\/welovecinema.be\/fr\/mozar\/","url":"https:\/\/welovecinema.be\/fr\/mozar\/","name":"\"Mo'zar\": l'\u00e9mancipation par la musique - We Love Cinema","isPartOf":{"@id":"https:\/\/welovecinema.be\/nl\/#website"},"datePublished":"2024-06-18T09:18:08+00:00","dateModified":"2024-06-24T06:59:28+00:00","breadcrumb":{"@id":"https:\/\/welovecinema.be\/fr\/mozar\/#breadcrumb"},"inLanguage":"fr-FR","potentialAction":[{"@type":"ReadAction","target":["https:\/\/welovecinema.be\/fr\/mozar\/"]}]},{"@type":"BreadcrumbList","@id":"https:\/\/welovecinema.be\/fr\/mozar\/#breadcrumb","itemListElement":[{"@type":"ListItem","position":1,"name":"Accueil","item":"https:\/\/welovecinema.be\/fr\/"},{"@type":"ListItem","position":2,"name":"\u00ab\u00a0Mo&rsquo;zar\u00a0\u00bb: l&rsquo;\u00e9mancipation par la musique"}]},{"@type":"WebSite","@id":"https:\/\/welovecinema.be\/nl\/#website","url":"https:\/\/welovecinema.be\/nl\/","name":"We Love Cinema","description":"Toute l\u2019information du cin\u00e9ma en Belgique","publisher":{"@id":"https:\/\/welovecinema.be\/nl\/#organization"},"potentialAction":[{"@type":"SearchAction","target":{"@type":"EntryPoint","urlTemplate":"https:\/\/welovecinema.be\/nl\/?s={search_term_string}"},"query-input":"required name=search_term_string"}],"inLanguage":"fr-FR"},{"@type":"Organization","@id":"https:\/\/welovecinema.be\/nl\/#organization","name":"We Love Cinema","url":"https:\/\/welovecinema.be\/nl\/","logo":{"@type":"ImageObject","inLanguage":"fr-FR","@id":"https:\/\/welovecinema.be\/nl\/#\/schema\/logo\/image\/","url":"https:\/\/welovecinema.be\/wp-content\/uploads\/sites\/2\/2023\/03\/Logo-We-Love-Cinema305x128.jpg","contentUrl":"https:\/\/welovecinema.be\/wp-content\/uploads\/sites\/2\/2023\/03\/Logo-We-Love-Cinema305x128.jpg","width":305,"height":128,"caption":"We Love Cinema"},"image":{"@id":"https:\/\/welovecinema.be\/nl\/#\/schema\/logo\/image\/"},"sameAs":["https:\/\/www.facebook.com\/welovecinema.be","https:\/\/www.youtube.com\/channel\/UCX5LYGVhnKvYauW4Nta4HJA","https:\/\/www.instagram.com\/welovecinema.be\/"]},{"@type":"Person","@id":"https:\/\/welovecinema.be\/nl\/#\/schema\/person\/8084b68c6b176142d073695c654dc7cf","name":"Aurore Engelen","url":"https:\/\/welovecinema.be\/fr\/author\/aurore-engelen\/"}]}},"_links":{"self":[{"href":"https:\/\/welovecinema.be\/fr\/wp-json\/wp\/v2\/posts\/259402","targetHints":{"allow":["GET"]}}],"collection":[{"href":"https:\/\/welovecinema.be\/fr\/wp-json\/wp\/v2\/posts"}],"about":[{"href":"https:\/\/welovecinema.be\/fr\/wp-json\/wp\/v2\/types\/post"}],"author":[{"embeddable":true,"href":"https:\/\/welovecinema.be\/fr\/wp-json\/wp\/v2\/users\/343"}],"replies":[{"embeddable":true,"href":"https:\/\/welovecinema.be\/fr\/wp-json\/wp\/v2\/comments?post=259402"}],"version-history":[{"count":4,"href":"https:\/\/welovecinema.be\/fr\/wp-json\/wp\/v2\/posts\/259402\/revisions"}],"predecessor-version":[{"id":259423,"href":"https:\/\/welovecinema.be\/fr\/wp-json\/wp\/v2\/posts\/259402\/revisions\/259423"}],"wp:featuredmedia":[{"embeddable":true,"href":"https:\/\/welovecinema.be\/fr\/wp-json\/wp\/v2\/media\/259403"}],"wp:attachment":[{"href":"https:\/\/welovecinema.be\/fr\/wp-json\/wp\/v2\/media?parent=259402"}],"wp:term":[{"taxonomy":"category","embeddable":true,"href":"https:\/\/welovecinema.be\/fr\/wp-json\/wp\/v2\/categories?post=259402"},{"taxonomy":"post_tag","embeddable":true,"href":"https:\/\/welovecinema.be\/fr\/wp-json\/wp\/v2\/tags?post=259402"}],"curies":[{"name":"wp","href":"https:\/\/api.w.org\/{rel}","templated":true}]}}