{"id":259201,"date":"2024-05-26T09:50:19","date_gmt":"2024-05-26T07:50:19","guid":{"rendered":"https:\/\/welovecinema.be\/?p=259201"},"modified":"2024-05-26T09:50:19","modified_gmt":"2024-05-26T07:50:19","slug":"clap-de-debut-pour-sauvons-les-meubles-de-catherine-cosme","status":"publish","type":"post","link":"https:\/\/welovecinema.be\/fr\/clap-de-debut-pour-sauvons-les-meubles-de-catherine-cosme\/","title":{"rendered":"Clap de d\u00e9but pour \u00ab\u00a0Sauvons les meubles\u00a0\u00bb de Catherine Cosme"},"content":{"rendered":"<p><strong>Catherine Cosme a d\u00e9but\u00e9 la semaine derni\u00e8re le tournage de son premier long m\u00e9trage de fiction, <em>Sauvons les meubles<\/em>, avec Vimala Pons et Yoann Zimmer.\u00a0<\/strong><\/p>\n<p>Catherine Cosme, la r\u00e9alisatrice, s&rsquo;est faite remarquer avec deux courts m\u00e9trages aux atmosph\u00e8res tr\u00e8s diff\u00e9rentes qui ont tourn\u00e9 dans le monde entier. <em>Les Amoureuses<\/em> (2015) racontait l&rsquo;histoire inattendue de trois femmes qui tombaient amoureuses du m\u00eame homme, le temps d&rsquo;un \u00e9t\u00e9. Trois femmes d&rsquo;\u00e2ges diff\u00e9rents, une m\u00e8re, son adolescente, et sa petite fille. <em>Famille<\/em> (2018) suivait les interrogations d&rsquo;une m\u00e8re c\u00e9libataire qui accueille chez elle une famille somalienne en attente de r\u00e9gularisation.<\/p>\n<p>Mais Catherine Cosme s&rsquo;est \u00e9galement largement distingu\u00e9e en tant que directrice artistique, et sa cr\u00e9ation de d\u00e9cors et de costumes pour le cin\u00e9ma, au service de talents aussi divers que Stephan Streker, Rachel Lang, St\u00e9phane Demoustier, Matthieu Donck, Laurent Micheli (elle a d&rsquo;ailleurs remport\u00e9 le Magritte des Meilleurs d\u00e9cors pour<em> Lola vers la mer<\/em> en 2020) ou plus r\u00e9cemment Emmanuelle Nicot (pour <em>Dalva<\/em>) ou Michiel Blanchart (pour <em>La Nuit se traine<\/em>).<\/p>\n<p>Elle a commenc\u00e9 la semaine derni\u00e8re dans le Sud-Ouest de la France le tournage de son premier long m\u00e9trage, <em>Sauvons les meubles<\/em>. On y retrouve des th\u00e9matiques d\u00e9j\u00e0 pr\u00e9sentes dans ses courts m\u00e9trages, la famille, les fratries. Le film se penche sur <span class=\"size\">Lucile et Paul, la quarantaine, qui sont appele\u0301s chez leurs parents car leur me\u0300re est mourante. Ils ignoraient la maladie mais de\u0301couvrent un autre secret : leur me\u0300re a usurpe\u0301 l\u2019identite\u0301 de Lucile pour s\u2019endetter lourdement. <\/span><span class=\"size\">Dans cette urgence, avant que leur me\u0300re ne disparaisse, Lucile et Paul vont devoir trouver le chemin du pardon et sauver bien plus que des meubles.<\/span><\/p>\n<figure id=\"attachment_259205\" aria-describedby=\"caption-attachment-259205\" style=\"width: 618px\" class=\"wp-caption alignnone\"><img loading=\"lazy\" decoding=\"async\" class=\"size-large wp-image-259205\" src=\"https:\/\/welovecinema.be\/wp-content\/uploads\/sites\/2\/2024\/05\/Yoann-Zimmer-800x600.jpeg\" alt=\"\" width=\"618\" height=\"464\" srcset=\"https:\/\/welovecinema.be\/wp-content\/uploads\/sites\/2\/2024\/05\/Yoann-Zimmer-800x600.jpeg 800w, https:\/\/welovecinema.be\/wp-content\/uploads\/sites\/2\/2024\/05\/Yoann-Zimmer-360x270.jpeg 360w, https:\/\/welovecinema.be\/wp-content\/uploads\/sites\/2\/2024\/05\/Yoann-Zimmer-768x576.jpeg 768w, https:\/\/welovecinema.be\/wp-content\/uploads\/sites\/2\/2024\/05\/Yoann-Zimmer-1536x1152.jpeg 1536w, https:\/\/welovecinema.be\/wp-content\/uploads\/sites\/2\/2024\/05\/Yoann-Zimmer-2048x1536.jpeg 2048w\" sizes=\"auto, (max-width: 618px) 100vw, 618px\" \/><figcaption id=\"caption-attachment-259205\" class=\"wp-caption-text\">Yoann Zimmer<\/figcaption><\/figure>\n<p>Dans les r\u00f4les principaux, on retrouve l&rsquo;excellente com\u00e9dienne fran\u00e7aise Vimala Pons (vue r\u00e9cemment dans <em>Vincent doit mourir<\/em> ou <em>Youssef Salem a du succ\u00e8s<\/em>), mais aussi le com\u00e9dien belge Yoann Zimmer, impressionnant dans <em>Des hommes<\/em> de Lucas Belvaux, r\u00e9cemment nomm\u00e9 aux Magritte pour son r\u00f4le dans <em>Retour \u00e0 S\u00e9oul<\/em> de Davy Chou. A leurs c\u00f4t\u00e9s, on verra \u00e9galement dans le r\u00f4le du p\u00e8re un autre com\u00e9dien belge Jean-Luc Piraux, qui excelle en g\u00e9n\u00e9ral au th\u00e9\u00e2tre, et la Fran\u00e7aise Guilaine Londez.<\/p>\n<p>Le film, qui se tourne jusqu&rsquo;au 19 juin prochain, est produit par Julie Esparbes pour H\u00e9licotronc.<\/p>\n","protected":false},"excerpt":{"rendered":"<p>Catherine Cosme a d\u00e9but\u00e9 la semaine derni\u00e8re le tournage de son premier long m\u00e9trage de fiction, Sauvons les meubles, avec Vimala Pons et Yoann Zimmer.\u00a0 Catherine Cosme, la r\u00e9alisatrice, s&rsquo;est faite remarquer avec deux courts m\u00e9trages aux atmosph\u00e8res tr\u00e8s diff\u00e9rentes qui ont tourn\u00e9 dans le monde entier. Les Amoureuses (2015) racontait l&rsquo;histoire inattendue de trois &hellip;<\/p>\n","protected":false},"author":343,"featured_media":259203,"comment_status":"closed","ping_status":"closed","sticky":false,"template":"","format":"standard","meta":{"ngg_post_thumbnail":0,"footnotes":""},"categories":[12,11],"tags":[],"class_list":["post-259201","post","type-post","status-publish","format-standard","has-post-thumbnail","","category-awards","category-tournages"],"yoast_head":"<!-- This site is optimized with the Yoast SEO plugin v20.4 - https:\/\/yoast.com\/wordpress\/plugins\/seo\/ -->\n<title>Clap de d\u00e9but pour &quot;Sauvons les meubles&quot; de Catherine Cosme - We Love Cinema<\/title>\n<meta name=\"robots\" content=\"index, follow, max-snippet:-1, max-image-preview:large, max-video-preview:-1\" \/>\n<link rel=\"canonical\" href=\"https:\/\/welovecinema.be\/fr\/clap-de-debut-pour-sauvons-les-meubles-de-catherine-cosme\/\" \/>\n<meta property=\"og:locale\" content=\"fr_FR\" \/>\n<meta property=\"og:type\" content=\"article\" \/>\n<meta property=\"og:title\" content=\"Clap de d\u00e9but pour &quot;Sauvons les meubles&quot; de Catherine Cosme - We Love Cinema\" \/>\n<meta property=\"og:description\" content=\"Catherine Cosme a d\u00e9but\u00e9 la semaine derni\u00e8re le tournage de son premier long m\u00e9trage de fiction, Sauvons les meubles, avec Vimala Pons et Yoann Zimmer.\u00a0 Catherine Cosme, la r\u00e9alisatrice, s&rsquo;est faite remarquer avec deux courts m\u00e9trages aux atmosph\u00e8res tr\u00e8s diff\u00e9rentes qui ont tourn\u00e9 dans le monde entier. Les Amoureuses (2015) racontait l&rsquo;histoire inattendue de trois &hellip;\" \/>\n<meta property=\"og:url\" content=\"https:\/\/welovecinema.be\/fr\/clap-de-debut-pour-sauvons-les-meubles-de-catherine-cosme\/\" \/>\n<meta property=\"og:site_name\" content=\"We Love Cinema\" \/>\n<meta property=\"article:publisher\" content=\"https:\/\/www.facebook.com\/welovecinema.be\" \/>\n<meta property=\"article:published_time\" content=\"2024-05-26T07:50:19+00:00\" \/>\n<meta property=\"og:image\" content=\"https:\/\/welovecinema.be\/wp-content\/uploads\/sites\/2\/2024\/05\/ClapSauvonsLesMeubles.jpg\" \/>\n\t<meta property=\"og:image:width\" content=\"1200\" \/>\n\t<meta property=\"og:image:height\" content=\"600\" \/>\n\t<meta property=\"og:image:type\" content=\"image\/jpeg\" \/>\n<meta name=\"author\" content=\"Aurore Engelen\" \/>\n<meta name=\"twitter:card\" content=\"summary_large_image\" \/>\n<meta name=\"twitter:label1\" content=\"\u00c9crit par\" \/>\n\t<meta name=\"twitter:data1\" content=\"Aurore Engelen\" \/>\n\t<meta name=\"twitter:label2\" content=\"Dur\u00e9e de lecture estim\u00e9e\" \/>\n\t<meta name=\"twitter:data2\" content=\"3 minutes\" \/>\n<script type=\"application\/ld+json\" class=\"yoast-schema-graph\">{\"@context\":\"https:\/\/schema.org\",\"@graph\":[{\"@type\":\"Article\",\"@id\":\"https:\/\/welovecinema.be\/fr\/clap-de-debut-pour-sauvons-les-meubles-de-catherine-cosme\/#article\",\"isPartOf\":{\"@id\":\"https:\/\/welovecinema.be\/fr\/clap-de-debut-pour-sauvons-les-meubles-de-catherine-cosme\/\"},\"author\":{\"name\":\"Aurore Engelen\",\"@id\":\"https:\/\/welovecinema.be\/nl\/#\/schema\/person\/8084b68c6b176142d073695c654dc7cf\"},\"headline\":\"Clap de d\u00e9but pour \u00ab\u00a0Sauvons les meubles\u00a0\u00bb de Catherine Cosme\",\"datePublished\":\"2024-05-26T07:50:19+00:00\",\"dateModified\":\"2024-05-26T07:50:19+00:00\",\"mainEntityOfPage\":{\"@id\":\"https:\/\/welovecinema.be\/fr\/clap-de-debut-pour-sauvons-les-meubles-de-catherine-cosme\/\"},\"wordCount\":443,\"publisher\":{\"@id\":\"https:\/\/welovecinema.be\/nl\/#organization\"},\"articleSection\":[\"Evenements\",\"Tournages\"],\"inLanguage\":\"fr-FR\"},{\"@type\":\"WebPage\",\"@id\":\"https:\/\/welovecinema.be\/fr\/clap-de-debut-pour-sauvons-les-meubles-de-catherine-cosme\/\",\"url\":\"https:\/\/welovecinema.be\/fr\/clap-de-debut-pour-sauvons-les-meubles-de-catherine-cosme\/\",\"name\":\"Clap de d\u00e9but pour \\\"Sauvons les meubles\\\" de Catherine Cosme - We Love Cinema\",\"isPartOf\":{\"@id\":\"https:\/\/welovecinema.be\/nl\/#website\"},\"datePublished\":\"2024-05-26T07:50:19+00:00\",\"dateModified\":\"2024-05-26T07:50:19+00:00\",\"breadcrumb\":{\"@id\":\"https:\/\/welovecinema.be\/fr\/clap-de-debut-pour-sauvons-les-meubles-de-catherine-cosme\/#breadcrumb\"},\"inLanguage\":\"fr-FR\",\"potentialAction\":[{\"@type\":\"ReadAction\",\"target\":[\"https:\/\/welovecinema.be\/fr\/clap-de-debut-pour-sauvons-les-meubles-de-catherine-cosme\/\"]}]},{\"@type\":\"BreadcrumbList\",\"@id\":\"https:\/\/welovecinema.be\/fr\/clap-de-debut-pour-sauvons-les-meubles-de-catherine-cosme\/#breadcrumb\",\"itemListElement\":[{\"@type\":\"ListItem\",\"position\":1,\"name\":\"Accueil\",\"item\":\"https:\/\/welovecinema.be\/fr\/\"},{\"@type\":\"ListItem\",\"position\":2,\"name\":\"Clap de d\u00e9but pour \u00ab\u00a0Sauvons les meubles\u00a0\u00bb de Catherine Cosme\"}]},{\"@type\":\"WebSite\",\"@id\":\"https:\/\/welovecinema.be\/nl\/#website\",\"url\":\"https:\/\/welovecinema.be\/nl\/\",\"name\":\"We Love Cinema\",\"description\":\"Toute l\u2019information du cin\u00e9ma en Belgique\",\"publisher\":{\"@id\":\"https:\/\/welovecinema.be\/nl\/#organization\"},\"potentialAction\":[{\"@type\":\"SearchAction\",\"target\":{\"@type\":\"EntryPoint\",\"urlTemplate\":\"https:\/\/welovecinema.be\/nl\/?s={search_term_string}\"},\"query-input\":\"required name=search_term_string\"}],\"inLanguage\":\"fr-FR\"},{\"@type\":\"Organization\",\"@id\":\"https:\/\/welovecinema.be\/nl\/#organization\",\"name\":\"We Love Cinema\",\"url\":\"https:\/\/welovecinema.be\/nl\/\",\"logo\":{\"@type\":\"ImageObject\",\"inLanguage\":\"fr-FR\",\"@id\":\"https:\/\/welovecinema.be\/nl\/#\/schema\/logo\/image\/\",\"url\":\"https:\/\/welovecinema.be\/wp-content\/uploads\/sites\/2\/2023\/03\/Logo-We-Love-Cinema305x128.jpg\",\"contentUrl\":\"https:\/\/welovecinema.be\/wp-content\/uploads\/sites\/2\/2023\/03\/Logo-We-Love-Cinema305x128.jpg\",\"width\":305,\"height\":128,\"caption\":\"We Love Cinema\"},\"image\":{\"@id\":\"https:\/\/welovecinema.be\/nl\/#\/schema\/logo\/image\/\"},\"sameAs\":[\"https:\/\/www.facebook.com\/welovecinema.be\",\"https:\/\/www.youtube.com\/channel\/UCX5LYGVhnKvYauW4Nta4HJA\",\"https:\/\/www.instagram.com\/welovecinema.be\/\"]},{\"@type\":\"Person\",\"@id\":\"https:\/\/welovecinema.be\/nl\/#\/schema\/person\/8084b68c6b176142d073695c654dc7cf\",\"name\":\"Aurore Engelen\",\"url\":\"https:\/\/welovecinema.be\/fr\/author\/aurore-engelen\/\"}]}<\/script>\n<!-- \/ Yoast SEO plugin. -->","yoast_head_json":{"title":"Clap de d\u00e9but pour \"Sauvons les meubles\" de Catherine Cosme - We Love Cinema","robots":{"index":"index","follow":"follow","max-snippet":"max-snippet:-1","max-image-preview":"max-image-preview:large","max-video-preview":"max-video-preview:-1"},"canonical":"https:\/\/welovecinema.be\/fr\/clap-de-debut-pour-sauvons-les-meubles-de-catherine-cosme\/","og_locale":"fr_FR","og_type":"article","og_title":"Clap de d\u00e9but pour \"Sauvons les meubles\" de Catherine Cosme - We Love Cinema","og_description":"Catherine Cosme a d\u00e9but\u00e9 la semaine derni\u00e8re le tournage de son premier long m\u00e9trage de fiction, Sauvons les meubles, avec Vimala Pons et Yoann Zimmer.\u00a0 Catherine Cosme, la r\u00e9alisatrice, s&rsquo;est faite remarquer avec deux courts m\u00e9trages aux atmosph\u00e8res tr\u00e8s diff\u00e9rentes qui ont tourn\u00e9 dans le monde entier. Les Amoureuses (2015) racontait l&rsquo;histoire inattendue de trois &hellip;","og_url":"https:\/\/welovecinema.be\/fr\/clap-de-debut-pour-sauvons-les-meubles-de-catherine-cosme\/","og_site_name":"We Love Cinema","article_publisher":"https:\/\/www.facebook.com\/welovecinema.be","article_published_time":"2024-05-26T07:50:19+00:00","og_image":[{"width":1200,"height":600,"url":"https:\/\/welovecinema.be\/wp-content\/uploads\/sites\/2\/2024\/05\/ClapSauvonsLesMeubles.jpg","type":"image\/jpeg"}],"author":"Aurore Engelen","twitter_card":"summary_large_image","twitter_misc":{"\u00c9crit par":"Aurore Engelen","Dur\u00e9e de lecture estim\u00e9e":"3 minutes"},"schema":{"@context":"https:\/\/schema.org","@graph":[{"@type":"Article","@id":"https:\/\/welovecinema.be\/fr\/clap-de-debut-pour-sauvons-les-meubles-de-catherine-cosme\/#article","isPartOf":{"@id":"https:\/\/welovecinema.be\/fr\/clap-de-debut-pour-sauvons-les-meubles-de-catherine-cosme\/"},"author":{"name":"Aurore Engelen","@id":"https:\/\/welovecinema.be\/nl\/#\/schema\/person\/8084b68c6b176142d073695c654dc7cf"},"headline":"Clap de d\u00e9but pour \u00ab\u00a0Sauvons les meubles\u00a0\u00bb de Catherine Cosme","datePublished":"2024-05-26T07:50:19+00:00","dateModified":"2024-05-26T07:50:19+00:00","mainEntityOfPage":{"@id":"https:\/\/welovecinema.be\/fr\/clap-de-debut-pour-sauvons-les-meubles-de-catherine-cosme\/"},"wordCount":443,"publisher":{"@id":"https:\/\/welovecinema.be\/nl\/#organization"},"articleSection":["Evenements","Tournages"],"inLanguage":"fr-FR"},{"@type":"WebPage","@id":"https:\/\/welovecinema.be\/fr\/clap-de-debut-pour-sauvons-les-meubles-de-catherine-cosme\/","url":"https:\/\/welovecinema.be\/fr\/clap-de-debut-pour-sauvons-les-meubles-de-catherine-cosme\/","name":"Clap de d\u00e9but pour \"Sauvons les meubles\" de Catherine Cosme - We Love Cinema","isPartOf":{"@id":"https:\/\/welovecinema.be\/nl\/#website"},"datePublished":"2024-05-26T07:50:19+00:00","dateModified":"2024-05-26T07:50:19+00:00","breadcrumb":{"@id":"https:\/\/welovecinema.be\/fr\/clap-de-debut-pour-sauvons-les-meubles-de-catherine-cosme\/#breadcrumb"},"inLanguage":"fr-FR","potentialAction":[{"@type":"ReadAction","target":["https:\/\/welovecinema.be\/fr\/clap-de-debut-pour-sauvons-les-meubles-de-catherine-cosme\/"]}]},{"@type":"BreadcrumbList","@id":"https:\/\/welovecinema.be\/fr\/clap-de-debut-pour-sauvons-les-meubles-de-catherine-cosme\/#breadcrumb","itemListElement":[{"@type":"ListItem","position":1,"name":"Accueil","item":"https:\/\/welovecinema.be\/fr\/"},{"@type":"ListItem","position":2,"name":"Clap de d\u00e9but pour \u00ab\u00a0Sauvons les meubles\u00a0\u00bb de Catherine Cosme"}]},{"@type":"WebSite","@id":"https:\/\/welovecinema.be\/nl\/#website","url":"https:\/\/welovecinema.be\/nl\/","name":"We Love Cinema","description":"Toute l\u2019information du cin\u00e9ma en Belgique","publisher":{"@id":"https:\/\/welovecinema.be\/nl\/#organization"},"potentialAction":[{"@type":"SearchAction","target":{"@type":"EntryPoint","urlTemplate":"https:\/\/welovecinema.be\/nl\/?s={search_term_string}"},"query-input":"required name=search_term_string"}],"inLanguage":"fr-FR"},{"@type":"Organization","@id":"https:\/\/welovecinema.be\/nl\/#organization","name":"We Love Cinema","url":"https:\/\/welovecinema.be\/nl\/","logo":{"@type":"ImageObject","inLanguage":"fr-FR","@id":"https:\/\/welovecinema.be\/nl\/#\/schema\/logo\/image\/","url":"https:\/\/welovecinema.be\/wp-content\/uploads\/sites\/2\/2023\/03\/Logo-We-Love-Cinema305x128.jpg","contentUrl":"https:\/\/welovecinema.be\/wp-content\/uploads\/sites\/2\/2023\/03\/Logo-We-Love-Cinema305x128.jpg","width":305,"height":128,"caption":"We Love Cinema"},"image":{"@id":"https:\/\/welovecinema.be\/nl\/#\/schema\/logo\/image\/"},"sameAs":["https:\/\/www.facebook.com\/welovecinema.be","https:\/\/www.youtube.com\/channel\/UCX5LYGVhnKvYauW4Nta4HJA","https:\/\/www.instagram.com\/welovecinema.be\/"]},{"@type":"Person","@id":"https:\/\/welovecinema.be\/nl\/#\/schema\/person\/8084b68c6b176142d073695c654dc7cf","name":"Aurore Engelen","url":"https:\/\/welovecinema.be\/fr\/author\/aurore-engelen\/"}]}},"_links":{"self":[{"href":"https:\/\/welovecinema.be\/fr\/wp-json\/wp\/v2\/posts\/259201","targetHints":{"allow":["GET"]}}],"collection":[{"href":"https:\/\/welovecinema.be\/fr\/wp-json\/wp\/v2\/posts"}],"about":[{"href":"https:\/\/welovecinema.be\/fr\/wp-json\/wp\/v2\/types\/post"}],"author":[{"embeddable":true,"href":"https:\/\/welovecinema.be\/fr\/wp-json\/wp\/v2\/users\/343"}],"replies":[{"embeddable":true,"href":"https:\/\/welovecinema.be\/fr\/wp-json\/wp\/v2\/comments?post=259201"}],"version-history":[{"count":1,"href":"https:\/\/welovecinema.be\/fr\/wp-json\/wp\/v2\/posts\/259201\/revisions"}],"predecessor-version":[{"id":259207,"href":"https:\/\/welovecinema.be\/fr\/wp-json\/wp\/v2\/posts\/259201\/revisions\/259207"}],"wp:featuredmedia":[{"embeddable":true,"href":"https:\/\/welovecinema.be\/fr\/wp-json\/wp\/v2\/media\/259203"}],"wp:attachment":[{"href":"https:\/\/welovecinema.be\/fr\/wp-json\/wp\/v2\/media?parent=259201"}],"wp:term":[{"taxonomy":"category","embeddable":true,"href":"https:\/\/welovecinema.be\/fr\/wp-json\/wp\/v2\/categories?post=259201"},{"taxonomy":"post_tag","embeddable":true,"href":"https:\/\/welovecinema.be\/fr\/wp-json\/wp\/v2\/tags?post=259201"}],"curies":[{"name":"wp","href":"https:\/\/api.w.org\/{rel}","templated":true}]}}