{"id":259198,"date":"2024-05-26T09:26:50","date_gmt":"2024-05-26T07:26:50","guid":{"rendered":"https:\/\/welovecinema.be\/?p=259198"},"modified":"2024-05-29T08:56:48","modified_gmt":"2024-05-29T06:56:48","slug":"cannes-2024-le-palmares-complet","status":"publish","type":"post","link":"https:\/\/welovecinema.be\/fr\/cannes-2024-le-palmares-complet\/","title":{"rendered":"Cannes 2024:\u00a0le palmar\u00e8s complet\u2026"},"content":{"rendered":"<p><strong>Cette fois, c\u2019est fini pour cette ann\u00e9e. Le g\u00e9n\u00e9rique final du Festival de Cannes est tomb\u00e9 sous forme de la traditionnelle soir\u00e9e des troph\u00e9es. And the winners are\u2026<\/strong><\/p>\n<p><strong>Palme d\u2019Or <\/strong><\/p>\n<p><em>Anora <\/em>(photo), de Sean Baker.<\/p>\n<p><strong>Grand Prix<\/strong><\/p>\n<p>Payal Kapadia pour <em>All We Imagine as Light<\/em>.<\/p>\n<p><strong>Prix du jury<\/strong><\/p>\n<p><em>Emilia Perez<\/em>, de Jacques Audiard.<\/p>\n<p><strong>Prix de la mise en sc\u00e8ne\u00a0<\/strong><\/p>\n<p>Miguel Gomes pour <em>Grand Tour<\/em>.<\/p>\n<p><strong>Prix sp\u00e9cial du jury<\/strong><\/p>\n<p>Mohammad Rasoulof pour <em>Les Graines du figuier sauvage<\/em>.<\/p>\n<p><strong>Prix d\u2019interpr\u00e9tation masculine<\/strong><\/p>\n<p>Jesse Plemons pour <em>Kinds of Kindness<\/em>, de Yorgos Lanthimos.<\/p>\n<p><strong>Prix d\u2019interpr\u00e9tation f\u00e9minine\u00a0<\/strong><\/p>\n<p>Les trois actrices du film de Jacques Audiard <em>Emiliano P\u00e9rez,<\/em> Selena Gomez, Karla Sofia Gascon et Zoe Saldana sont les laur\u00e9ates de la r\u00e9compense.<\/p>\n<p><strong>Cam\u00e9ra d\u2019Or\u00a0<\/strong><\/p>\n<p><em>Armand<\/em>, de Halfdan Ullmann Tondel.<\/p>\n<p><strong>Prix du meilleur sc\u00e9nario<\/strong><\/p>\n<p><em>The Substance<\/em>, de Coralie Fargeat.<\/p>\n<p><strong>Palme d\u2019Or du Court-M\u00e9trage<\/strong><\/p>\n<p><em>L\u2019Homme qui ne se taisait pas<\/em>, de Nebojsa Slijepcevic.<\/p>\n<p>&nbsp;<\/p>\n","protected":false},"excerpt":{"rendered":"<p>Cette fois, c\u2019est fini pour cette ann\u00e9e. Le g\u00e9n\u00e9rique final du Festival de Cannes est tomb\u00e9 sous forme de la traditionnelle soir\u00e9e des troph\u00e9es. And the winners are\u2026 Palme d\u2019Or Anora (photo), de Sean Baker. Grand Prix Payal Kapadia pour All We Imagine as Light. Prix du jury Emilia Perez, de Jacques Audiard. Prix de &hellip;<\/p>\n","protected":false},"author":358,"featured_media":259196,"comment_status":"closed","ping_status":"closed","sticky":false,"template":"","format":"standard","meta":{"ngg_post_thumbnail":0,"footnotes":""},"categories":[7135,1923,12],"tags":[],"class_list":["post-259198","post","type-post","status-publish","format-standard","has-post-thumbnail","","category-we-love-worldwide","category-en-bref","category-awards"],"yoast_head":"<!-- This site is optimized with the Yoast SEO plugin v20.4 - https:\/\/yoast.com\/wordpress\/plugins\/seo\/ -->\n<title>Cannes 2024:\u00a0le palmar\u00e8s complet\u2026 - We Love Cinema<\/title>\n<meta name=\"robots\" content=\"index, follow, max-snippet:-1, max-image-preview:large, max-video-preview:-1\" \/>\n<link rel=\"canonical\" href=\"https:\/\/welovecinema.be\/fr\/cannes-2024-le-palmares-complet\/\" \/>\n<meta property=\"og:locale\" content=\"fr_FR\" \/>\n<meta property=\"og:type\" content=\"article\" \/>\n<meta property=\"og:title\" content=\"Cannes 2024:\u00a0le palmar\u00e8s complet\u2026 - We Love Cinema\" \/>\n<meta property=\"og:description\" content=\"Cette fois, c\u2019est fini pour cette ann\u00e9e. Le g\u00e9n\u00e9rique final du Festival de Cannes est tomb\u00e9 sous forme de la traditionnelle soir\u00e9e des troph\u00e9es. And the winners are\u2026 Palme d\u2019Or Anora (photo), de Sean Baker. Grand Prix Payal Kapadia pour All We Imagine as Light. Prix du jury Emilia Perez, de Jacques Audiard. Prix de &hellip;\" \/>\n<meta property=\"og:url\" content=\"https:\/\/welovecinema.be\/fr\/cannes-2024-le-palmares-complet\/\" \/>\n<meta property=\"og:site_name\" content=\"We Love Cinema\" \/>\n<meta property=\"article:publisher\" content=\"https:\/\/www.facebook.com\/welovecinema.be\" \/>\n<meta property=\"article:published_time\" content=\"2024-05-26T07:26:50+00:00\" \/>\n<meta property=\"article:modified_time\" content=\"2024-05-29T06:56:48+00:00\" \/>\n<meta property=\"og:image\" content=\"https:\/\/welovecinema.be\/wp-content\/uploads\/sites\/2\/2024\/05\/anora-cannes.jpg\" \/>\n\t<meta property=\"og:image:width\" content=\"1280\" \/>\n\t<meta property=\"og:image:height\" content=\"720\" \/>\n\t<meta property=\"og:image:type\" content=\"image\/jpeg\" \/>\n<meta name=\"author\" content=\"fred\" \/>\n<meta name=\"twitter:card\" content=\"summary_large_image\" \/>\n<meta name=\"twitter:label1\" content=\"\u00c9crit par\" \/>\n\t<meta name=\"twitter:data1\" content=\"fred\" \/>\n\t<meta name=\"twitter:label2\" content=\"Dur\u00e9e de lecture estim\u00e9e\" \/>\n\t<meta name=\"twitter:data2\" content=\"1 minute\" \/>\n<script type=\"application\/ld+json\" class=\"yoast-schema-graph\">{\"@context\":\"https:\/\/schema.org\",\"@graph\":[{\"@type\":\"Article\",\"@id\":\"https:\/\/welovecinema.be\/fr\/cannes-2024-le-palmares-complet\/#article\",\"isPartOf\":{\"@id\":\"https:\/\/welovecinema.be\/fr\/cannes-2024-le-palmares-complet\/\"},\"author\":{\"name\":\"fred\",\"@id\":\"https:\/\/welovecinema.be\/nl\/#\/schema\/person\/7620619142b6dd3c9aa19e9210ad5bd5\"},\"headline\":\"Cannes 2024:\u00a0le palmar\u00e8s complet\u2026\",\"datePublished\":\"2024-05-26T07:26:50+00:00\",\"dateModified\":\"2024-05-29T06:56:48+00:00\",\"mainEntityOfPage\":{\"@id\":\"https:\/\/welovecinema.be\/fr\/cannes-2024-le-palmares-complet\/\"},\"wordCount\":173,\"publisher\":{\"@id\":\"https:\/\/welovecinema.be\/nl\/#organization\"},\"articleSection\":[\"\u00a0We Love Worldwide Cinema\",\"En bref\",\"Evenements\"],\"inLanguage\":\"fr-FR\"},{\"@type\":\"WebPage\",\"@id\":\"https:\/\/welovecinema.be\/fr\/cannes-2024-le-palmares-complet\/\",\"url\":\"https:\/\/welovecinema.be\/fr\/cannes-2024-le-palmares-complet\/\",\"name\":\"Cannes 2024:\u00a0le palmar\u00e8s complet\u2026 - We Love Cinema\",\"isPartOf\":{\"@id\":\"https:\/\/welovecinema.be\/nl\/#website\"},\"datePublished\":\"2024-05-26T07:26:50+00:00\",\"dateModified\":\"2024-05-29T06:56:48+00:00\",\"breadcrumb\":{\"@id\":\"https:\/\/welovecinema.be\/fr\/cannes-2024-le-palmares-complet\/#breadcrumb\"},\"inLanguage\":\"fr-FR\",\"potentialAction\":[{\"@type\":\"ReadAction\",\"target\":[\"https:\/\/welovecinema.be\/fr\/cannes-2024-le-palmares-complet\/\"]}]},{\"@type\":\"BreadcrumbList\",\"@id\":\"https:\/\/welovecinema.be\/fr\/cannes-2024-le-palmares-complet\/#breadcrumb\",\"itemListElement\":[{\"@type\":\"ListItem\",\"position\":1,\"name\":\"Accueil\",\"item\":\"https:\/\/welovecinema.be\/fr\/\"},{\"@type\":\"ListItem\",\"position\":2,\"name\":\"Cannes 2024:\u00a0le palmar\u00e8s complet\u2026\"}]},{\"@type\":\"WebSite\",\"@id\":\"https:\/\/welovecinema.be\/nl\/#website\",\"url\":\"https:\/\/welovecinema.be\/nl\/\",\"name\":\"We Love Cinema\",\"description\":\"Toute l\u2019information du cin\u00e9ma en Belgique\",\"publisher\":{\"@id\":\"https:\/\/welovecinema.be\/nl\/#organization\"},\"potentialAction\":[{\"@type\":\"SearchAction\",\"target\":{\"@type\":\"EntryPoint\",\"urlTemplate\":\"https:\/\/welovecinema.be\/nl\/?s={search_term_string}\"},\"query-input\":\"required name=search_term_string\"}],\"inLanguage\":\"fr-FR\"},{\"@type\":\"Organization\",\"@id\":\"https:\/\/welovecinema.be\/nl\/#organization\",\"name\":\"We Love Cinema\",\"url\":\"https:\/\/welovecinema.be\/nl\/\",\"logo\":{\"@type\":\"ImageObject\",\"inLanguage\":\"fr-FR\",\"@id\":\"https:\/\/welovecinema.be\/nl\/#\/schema\/logo\/image\/\",\"url\":\"https:\/\/welovecinema.be\/wp-content\/uploads\/sites\/2\/2023\/03\/Logo-We-Love-Cinema305x128.jpg\",\"contentUrl\":\"https:\/\/welovecinema.be\/wp-content\/uploads\/sites\/2\/2023\/03\/Logo-We-Love-Cinema305x128.jpg\",\"width\":305,\"height\":128,\"caption\":\"We Love Cinema\"},\"image\":{\"@id\":\"https:\/\/welovecinema.be\/nl\/#\/schema\/logo\/image\/\"},\"sameAs\":[\"https:\/\/www.facebook.com\/welovecinema.be\",\"https:\/\/www.youtube.com\/channel\/UCX5LYGVhnKvYauW4Nta4HJA\",\"https:\/\/www.instagram.com\/welovecinema.be\/\"]},{\"@type\":\"Person\",\"@id\":\"https:\/\/welovecinema.be\/nl\/#\/schema\/person\/7620619142b6dd3c9aa19e9210ad5bd5\",\"name\":\"fred\",\"url\":\"https:\/\/welovecinema.be\/fr\/author\/fred\/\"}]}<\/script>\n<!-- \/ Yoast SEO plugin. -->","yoast_head_json":{"title":"Cannes 2024:\u00a0le palmar\u00e8s complet\u2026 - We Love Cinema","robots":{"index":"index","follow":"follow","max-snippet":"max-snippet:-1","max-image-preview":"max-image-preview:large","max-video-preview":"max-video-preview:-1"},"canonical":"https:\/\/welovecinema.be\/fr\/cannes-2024-le-palmares-complet\/","og_locale":"fr_FR","og_type":"article","og_title":"Cannes 2024:\u00a0le palmar\u00e8s complet\u2026 - We Love Cinema","og_description":"Cette fois, c\u2019est fini pour cette ann\u00e9e. Le g\u00e9n\u00e9rique final du Festival de Cannes est tomb\u00e9 sous forme de la traditionnelle soir\u00e9e des troph\u00e9es. And the winners are\u2026 Palme d\u2019Or Anora (photo), de Sean Baker. Grand Prix Payal Kapadia pour All We Imagine as Light. Prix du jury Emilia Perez, de Jacques Audiard. Prix de &hellip;","og_url":"https:\/\/welovecinema.be\/fr\/cannes-2024-le-palmares-complet\/","og_site_name":"We Love Cinema","article_publisher":"https:\/\/www.facebook.com\/welovecinema.be","article_published_time":"2024-05-26T07:26:50+00:00","article_modified_time":"2024-05-29T06:56:48+00:00","og_image":[{"width":1280,"height":720,"url":"https:\/\/welovecinema.be\/wp-content\/uploads\/sites\/2\/2024\/05\/anora-cannes.jpg","type":"image\/jpeg"}],"author":"fred","twitter_card":"summary_large_image","twitter_misc":{"\u00c9crit par":"fred","Dur\u00e9e de lecture estim\u00e9e":"1 minute"},"schema":{"@context":"https:\/\/schema.org","@graph":[{"@type":"Article","@id":"https:\/\/welovecinema.be\/fr\/cannes-2024-le-palmares-complet\/#article","isPartOf":{"@id":"https:\/\/welovecinema.be\/fr\/cannes-2024-le-palmares-complet\/"},"author":{"name":"fred","@id":"https:\/\/welovecinema.be\/nl\/#\/schema\/person\/7620619142b6dd3c9aa19e9210ad5bd5"},"headline":"Cannes 2024:\u00a0le palmar\u00e8s complet\u2026","datePublished":"2024-05-26T07:26:50+00:00","dateModified":"2024-05-29T06:56:48+00:00","mainEntityOfPage":{"@id":"https:\/\/welovecinema.be\/fr\/cannes-2024-le-palmares-complet\/"},"wordCount":173,"publisher":{"@id":"https:\/\/welovecinema.be\/nl\/#organization"},"articleSection":["\u00a0We Love Worldwide Cinema","En bref","Evenements"],"inLanguage":"fr-FR"},{"@type":"WebPage","@id":"https:\/\/welovecinema.be\/fr\/cannes-2024-le-palmares-complet\/","url":"https:\/\/welovecinema.be\/fr\/cannes-2024-le-palmares-complet\/","name":"Cannes 2024:\u00a0le palmar\u00e8s complet\u2026 - We Love Cinema","isPartOf":{"@id":"https:\/\/welovecinema.be\/nl\/#website"},"datePublished":"2024-05-26T07:26:50+00:00","dateModified":"2024-05-29T06:56:48+00:00","breadcrumb":{"@id":"https:\/\/welovecinema.be\/fr\/cannes-2024-le-palmares-complet\/#breadcrumb"},"inLanguage":"fr-FR","potentialAction":[{"@type":"ReadAction","target":["https:\/\/welovecinema.be\/fr\/cannes-2024-le-palmares-complet\/"]}]},{"@type":"BreadcrumbList","@id":"https:\/\/welovecinema.be\/fr\/cannes-2024-le-palmares-complet\/#breadcrumb","itemListElement":[{"@type":"ListItem","position":1,"name":"Accueil","item":"https:\/\/welovecinema.be\/fr\/"},{"@type":"ListItem","position":2,"name":"Cannes 2024:\u00a0le palmar\u00e8s complet\u2026"}]},{"@type":"WebSite","@id":"https:\/\/welovecinema.be\/nl\/#website","url":"https:\/\/welovecinema.be\/nl\/","name":"We Love Cinema","description":"Toute l\u2019information du cin\u00e9ma en Belgique","publisher":{"@id":"https:\/\/welovecinema.be\/nl\/#organization"},"potentialAction":[{"@type":"SearchAction","target":{"@type":"EntryPoint","urlTemplate":"https:\/\/welovecinema.be\/nl\/?s={search_term_string}"},"query-input":"required name=search_term_string"}],"inLanguage":"fr-FR"},{"@type":"Organization","@id":"https:\/\/welovecinema.be\/nl\/#organization","name":"We Love Cinema","url":"https:\/\/welovecinema.be\/nl\/","logo":{"@type":"ImageObject","inLanguage":"fr-FR","@id":"https:\/\/welovecinema.be\/nl\/#\/schema\/logo\/image\/","url":"https:\/\/welovecinema.be\/wp-content\/uploads\/sites\/2\/2023\/03\/Logo-We-Love-Cinema305x128.jpg","contentUrl":"https:\/\/welovecinema.be\/wp-content\/uploads\/sites\/2\/2023\/03\/Logo-We-Love-Cinema305x128.jpg","width":305,"height":128,"caption":"We Love Cinema"},"image":{"@id":"https:\/\/welovecinema.be\/nl\/#\/schema\/logo\/image\/"},"sameAs":["https:\/\/www.facebook.com\/welovecinema.be","https:\/\/www.youtube.com\/channel\/UCX5LYGVhnKvYauW4Nta4HJA","https:\/\/www.instagram.com\/welovecinema.be\/"]},{"@type":"Person","@id":"https:\/\/welovecinema.be\/nl\/#\/schema\/person\/7620619142b6dd3c9aa19e9210ad5bd5","name":"fred","url":"https:\/\/welovecinema.be\/fr\/author\/fred\/"}]}},"_links":{"self":[{"href":"https:\/\/welovecinema.be\/fr\/wp-json\/wp\/v2\/posts\/259198","targetHints":{"allow":["GET"]}}],"collection":[{"href":"https:\/\/welovecinema.be\/fr\/wp-json\/wp\/v2\/posts"}],"about":[{"href":"https:\/\/welovecinema.be\/fr\/wp-json\/wp\/v2\/types\/post"}],"author":[{"embeddable":true,"href":"https:\/\/welovecinema.be\/fr\/wp-json\/wp\/v2\/users\/358"}],"replies":[{"embeddable":true,"href":"https:\/\/welovecinema.be\/fr\/wp-json\/wp\/v2\/comments?post=259198"}],"version-history":[{"count":1,"href":"https:\/\/welovecinema.be\/fr\/wp-json\/wp\/v2\/posts\/259198\/revisions"}],"predecessor-version":[{"id":259199,"href":"https:\/\/welovecinema.be\/fr\/wp-json\/wp\/v2\/posts\/259198\/revisions\/259199"}],"wp:featuredmedia":[{"embeddable":true,"href":"https:\/\/welovecinema.be\/fr\/wp-json\/wp\/v2\/media\/259196"}],"wp:attachment":[{"href":"https:\/\/welovecinema.be\/fr\/wp-json\/wp\/v2\/media?parent=259198"}],"wp:term":[{"taxonomy":"category","embeddable":true,"href":"https:\/\/welovecinema.be\/fr\/wp-json\/wp\/v2\/categories?post=259198"},{"taxonomy":"post_tag","embeddable":true,"href":"https:\/\/welovecinema.be\/fr\/wp-json\/wp\/v2\/tags?post=259198"}],"curies":[{"name":"wp","href":"https:\/\/api.w.org\/{rel}","templated":true}]}}