{"id":259163,"date":"2024-05-24T07:13:30","date_gmt":"2024-05-24T05:13:30","guid":{"rendered":"https:\/\/welovecinema.be\/?p=259163"},"modified":"2024-05-24T07:13:30","modified_gmt":"2024-05-24T05:13:30","slug":"ghibli-celebre-a-cannes-enfin","status":"publish","type":"post","link":"https:\/\/welovecinema.be\/fr\/ghibli-celebre-a-cannes-enfin\/","title":{"rendered":"Ghibli c\u00e9l\u00e9br\u00e9 \u00e0 Cannes\u2026 enfin\u00a0!"},"content":{"rendered":"<p><strong>Il \u00e9tait temps que Cannes c\u00e9l\u00e8bre enfin officiellement le studio Ghibli, jamais s\u00e9lectionn\u00e9 en Comp\u00e9tition officielle. C\u2019est donc par un juste retour des choses que Ghibli, cofond\u00e9 par Hayao Miyazaki en 1985, a re\u00e7u une Palme d\u2019Or d\u2019Honneur. Et c\u2019est Goro Miyazaki (celui avec des lunettes sur la photo de \u00a9JP.Malherbe\/N.L.P.), fils de Hayao et aussi r\u00e9alisateur (trois films dont <em>Aya La Sorci\u00e8re<\/em>), qui a fait le d\u00e9placement sur la Croisette pour recevoir ce prix. <\/strong><\/p>\n<p>Si Hayao ne s\u2019est pas rendu sur place, il a quand-m\u00eame g\u00e2t\u00e9 les festivaliers en permettant la diffusion de quatre courts-m\u00e9trages, dont trois totalement in\u00e9dits en Europe.<\/p>\n<p>Tr\u00e8s avare de sa parole, Hayao Miyazaki s\u2019\u00e9tait confi\u00e9 au quotidien \u00ab\u00a0Lib\u00e9ration\u00a0\u00bb voil\u00e0 dix ans, notamment sur la fa\u00e7on dont il en \u00e9tait venu au cin\u00e9ma: \u00ab\u00a0<em>Dans les faits, je n\u2019ai pas beaucoup \u00e9tudi\u00e9 le cin\u00e9ma. Et pour vous dire la v\u00e9rit\u00e9, m\u00eame lorsque j\u2019admire des films, je ne me souviens jamais tr\u00e8s bien de qui a fait quoi. Je me souviens tr\u00e8s bien des sc\u00e8nes mais tr\u00e8s peu des titres et des r\u00e9alisateurs. Bien s\u00fbr, quand je vois Kurosawa \u00e9crit en grand, je le note. Mais, en g\u00e9n\u00e9ral, je ne retiens que les images. Pour<\/em> <em>Le vent se l\u00e8ve, par exemple, <\/em><em>d\u2019innombrables sc\u00e8nes monochromes issues de films du pass\u00e9 me sont revenues. Je me suis souvenu des films d\u2019Ozu ou de Naruse, qui ont toujours \u00e9t\u00e9 parmi mes favoris, et qui montraient les conditions tr\u00e8s dures dans lesquelles \u00e9voluait la soci\u00e9t\u00e9\u00a0japonaise d\u2019avant-guerre. Moins connu, Tomu Uchida m\u2019a aussi beaucoup marqu\u00e9. Mais m\u00eame avec les films que j(appr\u00e9cie le plus, je m\u00e9lange toujours un peu dans ma t\u00eate qui a r\u00e9alis\u00e9 quoi. Je ne me suis jamais d\u00e9fini comme r\u00e9alisateur ou cin\u00e9aste. Il existe des milliers et des milliers de films d\u2019animation au Japon, et les n\u00f4tres ne sont qu\u2019une goutte d\u2019eau dans cet oc\u00e9an. Je ne sais pas ce que les autres pensent de moi ou comment ils me d\u00e9finissent. <\/em><em>Mais n\u2019arr\u00eate en tout cas pas de me poser des questions de mise en sc\u00e8ne: ce sont des questions que je pose aussit\u00f4t \u00e0 mon \u00e9quipe, des probl\u00e8mes que je leur soumets et que nous tentons de r\u00e9soudre ensemble, avec toute mon \u00e9quipe. Il m\u2019arrive m\u00eame parfois de demander \u00e0 mon \u00e9quipe de \u00ab mentir\u00bb techniquement, avec des effets qui sont purement du cin\u00e9ma. Je ne sais pas comment les choses se passent dans le cadre du cin\u00e9ma normal, en prises de vues r\u00e9elles, mais nous, nous d\u00e9cidons de tout ensemble. Tout est tranch\u00e9, pr\u00e9vu et planifi\u00e9 en amont.\u00a0<\/em>\u00bb<\/p>\n<p>Par ailleurs, l\u2019occasion est belle de se replonger dans cinq des fils marquants usin\u00e9s chez Ghibli. Les dates de sortie renseign\u00e9es sont celles o\u00f9 le film est sorti au Japon, pr\u00e9c\u00e9dant parfois de plusieurs ann\u00e9es une sortie chez nous.<\/p>\n<p>Mon Voisin Totoro (1988)<\/p>\n<p><iframe loading=\"lazy\" title=\"MY NEIGHBOR TOTORO | Official English Trailer\" width=\"618\" height=\"348\" src=\"https:\/\/www.youtube.com\/embed\/HaLISMAGdOE?feature=oembed\" frameborder=\"0\" allow=\"accelerometer; autoplay; clipboard-write; encrypted-media; gyroscope; picture-in-picture; web-share\" referrerpolicy=\"strict-origin-when-cross-origin\" allowfullscreen><\/iframe><\/p>\n<p>Le Tombeau des Lucioles (1988)<\/p>\n<p><iframe loading=\"lazy\" title=\"Grave of the Fireflies - Official Trailer\" width=\"618\" height=\"348\" src=\"https:\/\/www.youtube.com\/embed\/4vPeTSRd580?feature=oembed\" frameborder=\"0\" allow=\"accelerometer; autoplay; clipboard-write; encrypted-media; gyroscope; picture-in-picture; web-share\" referrerpolicy=\"strict-origin-when-cross-origin\" allowfullscreen><\/iframe><\/p>\n<p>Princesse Mononok\u00e9 (1997)<\/p>\n<p><iframe loading=\"lazy\" title=\"Princess Mononoke - Official Trailer\" width=\"618\" height=\"348\" src=\"https:\/\/www.youtube.com\/embed\/4OiMOHRDs14?feature=oembed\" frameborder=\"0\" allow=\"accelerometer; autoplay; clipboard-write; encrypted-media; gyroscope; picture-in-picture; web-share\" referrerpolicy=\"strict-origin-when-cross-origin\" allowfullscreen><\/iframe><\/p>\n<p>Le Vent se L\u00e8ve (2013)<\/p>\n<p><iframe loading=\"lazy\" title=\"The Wind Rises - Official Trailer\" width=\"618\" height=\"348\" src=\"https:\/\/www.youtube.com\/embed\/RzSpDgiF5y8?feature=oembed\" frameborder=\"0\" allow=\"accelerometer; autoplay; clipboard-write; encrypted-media; gyroscope; picture-in-picture; web-share\" referrerpolicy=\"strict-origin-when-cross-origin\" allowfullscreen><\/iframe><\/p>\n<p>Le Gar\u00e7on et le H\u00e9ron (2023)<\/p>\n<p><iframe loading=\"lazy\" title=\"The Boy And The Heron | Official English Dubbed Trailer\" width=\"618\" height=\"348\" src=\"https:\/\/www.youtube.com\/embed\/658aukjP5G0?feature=oembed\" frameborder=\"0\" allow=\"accelerometer; autoplay; clipboard-write; encrypted-media; gyroscope; picture-in-picture; web-share\" referrerpolicy=\"strict-origin-when-cross-origin\" allowfullscreen><\/iframe><\/p>\n","protected":false},"excerpt":{"rendered":"<p>Il \u00e9tait temps que Cannes c\u00e9l\u00e8bre enfin officiellement le studio Ghibli, jamais s\u00e9lectionn\u00e9 en Comp\u00e9tition officielle. C\u2019est donc par un juste retour des choses que Ghibli, cofond\u00e9 par Hayao Miyazaki en 1985, a re\u00e7u une Palme d\u2019Or d\u2019Honneur. Et c\u2019est Goro Miyazaki (celui avec des lunettes sur la photo de \u00a9JP.Malherbe\/N.L.P.), fils de Hayao et &hellip;<\/p>\n","protected":false},"author":358,"featured_media":259126,"comment_status":"closed","ping_status":"closed","sticky":false,"template":"","format":"standard","meta":{"ngg_post_thumbnail":0,"footnotes":""},"categories":[7135,7],"tags":[],"class_list":["post-259163","post","type-post","status-publish","format-standard","has-post-thumbnail","","category-we-love-worldwide","category-actualites"],"yoast_head":"<!-- This site is optimized with the Yoast SEO plugin v20.4 - https:\/\/yoast.com\/wordpress\/plugins\/seo\/ -->\n<title>Ghibli c\u00e9l\u00e9br\u00e9 \u00e0 Cannes\u2026 enfin\u00a0! - We Love Cinema<\/title>\n<meta name=\"robots\" content=\"index, follow, max-snippet:-1, max-image-preview:large, max-video-preview:-1\" \/>\n<link rel=\"canonical\" href=\"https:\/\/welovecinema.be\/fr\/ghibli-celebre-a-cannes-enfin\/\" \/>\n<meta property=\"og:locale\" content=\"fr_FR\" \/>\n<meta property=\"og:type\" content=\"article\" \/>\n<meta property=\"og:title\" content=\"Ghibli c\u00e9l\u00e9br\u00e9 \u00e0 Cannes\u2026 enfin\u00a0! - We Love Cinema\" \/>\n<meta property=\"og:description\" content=\"Il \u00e9tait temps que Cannes c\u00e9l\u00e8bre enfin officiellement le studio Ghibli, jamais s\u00e9lectionn\u00e9 en Comp\u00e9tition officielle. C\u2019est donc par un juste retour des choses que Ghibli, cofond\u00e9 par Hayao Miyazaki en 1985, a re\u00e7u une Palme d\u2019Or d\u2019Honneur. Et c\u2019est Goro Miyazaki (celui avec des lunettes sur la photo de \u00a9JP.Malherbe\/N.L.P.), fils de Hayao et &hellip;\" \/>\n<meta property=\"og:url\" content=\"https:\/\/welovecinema.be\/fr\/ghibli-celebre-a-cannes-enfin\/\" \/>\n<meta property=\"og:site_name\" content=\"We Love Cinema\" \/>\n<meta property=\"article:publisher\" content=\"https:\/\/www.facebook.com\/welovecinema.be\" \/>\n<meta property=\"article:published_time\" content=\"2024-05-24T05:13:30+00:00\" \/>\n<meta property=\"og:image\" content=\"https:\/\/welovecinema.be\/wp-content\/uploads\/sites\/2\/2024\/05\/Ghibli-scaled.jpg\" \/>\n\t<meta property=\"og:image:width\" content=\"2560\" \/>\n\t<meta property=\"og:image:height\" content=\"1440\" \/>\n\t<meta property=\"og:image:type\" content=\"image\/jpeg\" \/>\n<meta name=\"author\" content=\"fred\" \/>\n<meta name=\"twitter:card\" content=\"summary_large_image\" \/>\n<meta name=\"twitter:label1\" content=\"\u00c9crit par\" \/>\n\t<meta name=\"twitter:data1\" content=\"fred\" \/>\n\t<meta name=\"twitter:label2\" content=\"Dur\u00e9e de lecture estim\u00e9e\" \/>\n\t<meta name=\"twitter:data2\" content=\"3 minutes\" \/>\n<script type=\"application\/ld+json\" class=\"yoast-schema-graph\">{\"@context\":\"https:\/\/schema.org\",\"@graph\":[{\"@type\":\"Article\",\"@id\":\"https:\/\/welovecinema.be\/fr\/ghibli-celebre-a-cannes-enfin\/#article\",\"isPartOf\":{\"@id\":\"https:\/\/welovecinema.be\/fr\/ghibli-celebre-a-cannes-enfin\/\"},\"author\":{\"name\":\"fred\",\"@id\":\"https:\/\/welovecinema.be\/nl\/#\/schema\/person\/7620619142b6dd3c9aa19e9210ad5bd5\"},\"headline\":\"Ghibli c\u00e9l\u00e9br\u00e9 \u00e0 Cannes\u2026 enfin\u00a0!\",\"datePublished\":\"2024-05-24T05:13:30+00:00\",\"dateModified\":\"2024-05-24T05:13:30+00:00\",\"mainEntityOfPage\":{\"@id\":\"https:\/\/welovecinema.be\/fr\/ghibli-celebre-a-cannes-enfin\/\"},\"wordCount\":603,\"publisher\":{\"@id\":\"https:\/\/welovecinema.be\/nl\/#organization\"},\"articleSection\":[\"\u00a0We Love Worldwide Cinema\",\"News\"],\"inLanguage\":\"fr-FR\"},{\"@type\":\"WebPage\",\"@id\":\"https:\/\/welovecinema.be\/fr\/ghibli-celebre-a-cannes-enfin\/\",\"url\":\"https:\/\/welovecinema.be\/fr\/ghibli-celebre-a-cannes-enfin\/\",\"name\":\"Ghibli c\u00e9l\u00e9br\u00e9 \u00e0 Cannes\u2026 enfin\u00a0! - We Love Cinema\",\"isPartOf\":{\"@id\":\"https:\/\/welovecinema.be\/nl\/#website\"},\"datePublished\":\"2024-05-24T05:13:30+00:00\",\"dateModified\":\"2024-05-24T05:13:30+00:00\",\"breadcrumb\":{\"@id\":\"https:\/\/welovecinema.be\/fr\/ghibli-celebre-a-cannes-enfin\/#breadcrumb\"},\"inLanguage\":\"fr-FR\",\"potentialAction\":[{\"@type\":\"ReadAction\",\"target\":[\"https:\/\/welovecinema.be\/fr\/ghibli-celebre-a-cannes-enfin\/\"]}]},{\"@type\":\"BreadcrumbList\",\"@id\":\"https:\/\/welovecinema.be\/fr\/ghibli-celebre-a-cannes-enfin\/#breadcrumb\",\"itemListElement\":[{\"@type\":\"ListItem\",\"position\":1,\"name\":\"Accueil\",\"item\":\"https:\/\/welovecinema.be\/fr\/\"},{\"@type\":\"ListItem\",\"position\":2,\"name\":\"Ghibli c\u00e9l\u00e9br\u00e9 \u00e0 Cannes\u2026 enfin\u00a0!\"}]},{\"@type\":\"WebSite\",\"@id\":\"https:\/\/welovecinema.be\/nl\/#website\",\"url\":\"https:\/\/welovecinema.be\/nl\/\",\"name\":\"We Love Cinema\",\"description\":\"Toute l\u2019information du cin\u00e9ma en Belgique\",\"publisher\":{\"@id\":\"https:\/\/welovecinema.be\/nl\/#organization\"},\"potentialAction\":[{\"@type\":\"SearchAction\",\"target\":{\"@type\":\"EntryPoint\",\"urlTemplate\":\"https:\/\/welovecinema.be\/nl\/?s={search_term_string}\"},\"query-input\":\"required name=search_term_string\"}],\"inLanguage\":\"fr-FR\"},{\"@type\":\"Organization\",\"@id\":\"https:\/\/welovecinema.be\/nl\/#organization\",\"name\":\"We Love Cinema\",\"url\":\"https:\/\/welovecinema.be\/nl\/\",\"logo\":{\"@type\":\"ImageObject\",\"inLanguage\":\"fr-FR\",\"@id\":\"https:\/\/welovecinema.be\/nl\/#\/schema\/logo\/image\/\",\"url\":\"https:\/\/welovecinema.be\/wp-content\/uploads\/sites\/2\/2023\/03\/Logo-We-Love-Cinema305x128.jpg\",\"contentUrl\":\"https:\/\/welovecinema.be\/wp-content\/uploads\/sites\/2\/2023\/03\/Logo-We-Love-Cinema305x128.jpg\",\"width\":305,\"height\":128,\"caption\":\"We Love Cinema\"},\"image\":{\"@id\":\"https:\/\/welovecinema.be\/nl\/#\/schema\/logo\/image\/\"},\"sameAs\":[\"https:\/\/www.facebook.com\/welovecinema.be\",\"https:\/\/www.youtube.com\/channel\/UCX5LYGVhnKvYauW4Nta4HJA\",\"https:\/\/www.instagram.com\/welovecinema.be\/\"]},{\"@type\":\"Person\",\"@id\":\"https:\/\/welovecinema.be\/nl\/#\/schema\/person\/7620619142b6dd3c9aa19e9210ad5bd5\",\"name\":\"fred\",\"url\":\"https:\/\/welovecinema.be\/fr\/author\/fred\/\"}]}<\/script>\n<!-- \/ Yoast SEO plugin. -->","yoast_head_json":{"title":"Ghibli c\u00e9l\u00e9br\u00e9 \u00e0 Cannes\u2026 enfin\u00a0! - We Love Cinema","robots":{"index":"index","follow":"follow","max-snippet":"max-snippet:-1","max-image-preview":"max-image-preview:large","max-video-preview":"max-video-preview:-1"},"canonical":"https:\/\/welovecinema.be\/fr\/ghibli-celebre-a-cannes-enfin\/","og_locale":"fr_FR","og_type":"article","og_title":"Ghibli c\u00e9l\u00e9br\u00e9 \u00e0 Cannes\u2026 enfin\u00a0! - We Love Cinema","og_description":"Il \u00e9tait temps que Cannes c\u00e9l\u00e8bre enfin officiellement le studio Ghibli, jamais s\u00e9lectionn\u00e9 en Comp\u00e9tition officielle. C\u2019est donc par un juste retour des choses que Ghibli, cofond\u00e9 par Hayao Miyazaki en 1985, a re\u00e7u une Palme d\u2019Or d\u2019Honneur. Et c\u2019est Goro Miyazaki (celui avec des lunettes sur la photo de \u00a9JP.Malherbe\/N.L.P.), fils de Hayao et &hellip;","og_url":"https:\/\/welovecinema.be\/fr\/ghibli-celebre-a-cannes-enfin\/","og_site_name":"We Love Cinema","article_publisher":"https:\/\/www.facebook.com\/welovecinema.be","article_published_time":"2024-05-24T05:13:30+00:00","og_image":[{"width":2560,"height":1440,"url":"https:\/\/welovecinema.be\/wp-content\/uploads\/sites\/2\/2024\/05\/Ghibli-scaled.jpg","type":"image\/jpeg"}],"author":"fred","twitter_card":"summary_large_image","twitter_misc":{"\u00c9crit par":"fred","Dur\u00e9e de lecture estim\u00e9e":"3 minutes"},"schema":{"@context":"https:\/\/schema.org","@graph":[{"@type":"Article","@id":"https:\/\/welovecinema.be\/fr\/ghibli-celebre-a-cannes-enfin\/#article","isPartOf":{"@id":"https:\/\/welovecinema.be\/fr\/ghibli-celebre-a-cannes-enfin\/"},"author":{"name":"fred","@id":"https:\/\/welovecinema.be\/nl\/#\/schema\/person\/7620619142b6dd3c9aa19e9210ad5bd5"},"headline":"Ghibli c\u00e9l\u00e9br\u00e9 \u00e0 Cannes\u2026 enfin\u00a0!","datePublished":"2024-05-24T05:13:30+00:00","dateModified":"2024-05-24T05:13:30+00:00","mainEntityOfPage":{"@id":"https:\/\/welovecinema.be\/fr\/ghibli-celebre-a-cannes-enfin\/"},"wordCount":603,"publisher":{"@id":"https:\/\/welovecinema.be\/nl\/#organization"},"articleSection":["\u00a0We Love Worldwide Cinema","News"],"inLanguage":"fr-FR"},{"@type":"WebPage","@id":"https:\/\/welovecinema.be\/fr\/ghibli-celebre-a-cannes-enfin\/","url":"https:\/\/welovecinema.be\/fr\/ghibli-celebre-a-cannes-enfin\/","name":"Ghibli c\u00e9l\u00e9br\u00e9 \u00e0 Cannes\u2026 enfin\u00a0! - We Love Cinema","isPartOf":{"@id":"https:\/\/welovecinema.be\/nl\/#website"},"datePublished":"2024-05-24T05:13:30+00:00","dateModified":"2024-05-24T05:13:30+00:00","breadcrumb":{"@id":"https:\/\/welovecinema.be\/fr\/ghibli-celebre-a-cannes-enfin\/#breadcrumb"},"inLanguage":"fr-FR","potentialAction":[{"@type":"ReadAction","target":["https:\/\/welovecinema.be\/fr\/ghibli-celebre-a-cannes-enfin\/"]}]},{"@type":"BreadcrumbList","@id":"https:\/\/welovecinema.be\/fr\/ghibli-celebre-a-cannes-enfin\/#breadcrumb","itemListElement":[{"@type":"ListItem","position":1,"name":"Accueil","item":"https:\/\/welovecinema.be\/fr\/"},{"@type":"ListItem","position":2,"name":"Ghibli c\u00e9l\u00e9br\u00e9 \u00e0 Cannes\u2026 enfin\u00a0!"}]},{"@type":"WebSite","@id":"https:\/\/welovecinema.be\/nl\/#website","url":"https:\/\/welovecinema.be\/nl\/","name":"We Love Cinema","description":"Toute l\u2019information du cin\u00e9ma en Belgique","publisher":{"@id":"https:\/\/welovecinema.be\/nl\/#organization"},"potentialAction":[{"@type":"SearchAction","target":{"@type":"EntryPoint","urlTemplate":"https:\/\/welovecinema.be\/nl\/?s={search_term_string}"},"query-input":"required name=search_term_string"}],"inLanguage":"fr-FR"},{"@type":"Organization","@id":"https:\/\/welovecinema.be\/nl\/#organization","name":"We Love Cinema","url":"https:\/\/welovecinema.be\/nl\/","logo":{"@type":"ImageObject","inLanguage":"fr-FR","@id":"https:\/\/welovecinema.be\/nl\/#\/schema\/logo\/image\/","url":"https:\/\/welovecinema.be\/wp-content\/uploads\/sites\/2\/2023\/03\/Logo-We-Love-Cinema305x128.jpg","contentUrl":"https:\/\/welovecinema.be\/wp-content\/uploads\/sites\/2\/2023\/03\/Logo-We-Love-Cinema305x128.jpg","width":305,"height":128,"caption":"We Love Cinema"},"image":{"@id":"https:\/\/welovecinema.be\/nl\/#\/schema\/logo\/image\/"},"sameAs":["https:\/\/www.facebook.com\/welovecinema.be","https:\/\/www.youtube.com\/channel\/UCX5LYGVhnKvYauW4Nta4HJA","https:\/\/www.instagram.com\/welovecinema.be\/"]},{"@type":"Person","@id":"https:\/\/welovecinema.be\/nl\/#\/schema\/person\/7620619142b6dd3c9aa19e9210ad5bd5","name":"fred","url":"https:\/\/welovecinema.be\/fr\/author\/fred\/"}]}},"_links":{"self":[{"href":"https:\/\/welovecinema.be\/fr\/wp-json\/wp\/v2\/posts\/259163","targetHints":{"allow":["GET"]}}],"collection":[{"href":"https:\/\/welovecinema.be\/fr\/wp-json\/wp\/v2\/posts"}],"about":[{"href":"https:\/\/welovecinema.be\/fr\/wp-json\/wp\/v2\/types\/post"}],"author":[{"embeddable":true,"href":"https:\/\/welovecinema.be\/fr\/wp-json\/wp\/v2\/users\/358"}],"replies":[{"embeddable":true,"href":"https:\/\/welovecinema.be\/fr\/wp-json\/wp\/v2\/comments?post=259163"}],"version-history":[{"count":1,"href":"https:\/\/welovecinema.be\/fr\/wp-json\/wp\/v2\/posts\/259163\/revisions"}],"predecessor-version":[{"id":259164,"href":"https:\/\/welovecinema.be\/fr\/wp-json\/wp\/v2\/posts\/259163\/revisions\/259164"}],"wp:featuredmedia":[{"embeddable":true,"href":"https:\/\/welovecinema.be\/fr\/wp-json\/wp\/v2\/media\/259126"}],"wp:attachment":[{"href":"https:\/\/welovecinema.be\/fr\/wp-json\/wp\/v2\/media?parent=259163"}],"wp:term":[{"taxonomy":"category","embeddable":true,"href":"https:\/\/welovecinema.be\/fr\/wp-json\/wp\/v2\/categories?post=259163"},{"taxonomy":"post_tag","embeddable":true,"href":"https:\/\/welovecinema.be\/fr\/wp-json\/wp\/v2\/tags?post=259163"}],"curies":[{"name":"wp","href":"https:\/\/api.w.org\/{rel}","templated":true}]}}