{"id":259133,"date":"2024-05-22T15:13:48","date_gmt":"2024-05-22T13:13:48","guid":{"rendered":"https:\/\/welovecinema.be\/?p=259133"},"modified":"2024-05-22T15:13:48","modified_gmt":"2024-05-22T13:13:48","slug":"histoires-damerique-food-family-and-philosophy","status":"publish","type":"post","link":"https:\/\/welovecinema.be\/fr\/histoires-damerique-food-family-and-philosophy\/","title":{"rendered":"\u00ab\u00a0Histoires d&rsquo;Am\u00e9rique: Food, Family and Philosophy\u00a0\u00bb"},"content":{"rendered":"<p><strong>La Quinzaine des Cin\u00e9astes rendait hommage cette ann\u00e9e \u00e0 Chantal Akerman, avec la projection de la copie restaur\u00e9e d&rsquo;<em>Histoires d&rsquo;Am\u00e9rique: Food, Family and Philosophy<\/em>, \u00e0 d\u00e9couvrir le 30 mai prochain \u00e0 la Cinematek.<\/strong><\/p>\n<p>Les lueurs de la ville brillent dans la nuit qui tombe. Des voix chuchot\u00e9es nimbent de myst\u00e8re le halo lumineux, yiddish, russe et polonais se m\u00ealent. Ce sont autant d&rsquo;histoires qui se font \u00e9cho, et qui vont se r\u00e9pondre, tour \u00e0 tour tragiques et comiques, comme deux faces aussi compl\u00e9mentaires qu&rsquo;indissociables d&rsquo;une m\u00eame pi\u00e8ce.<\/p>\n<p><img loading=\"lazy\" decoding=\"async\" class=\"alignnone size-large wp-image-259136\" src=\"https:\/\/welovecinema.be\/wp-content\/uploads\/sites\/2\/2024\/05\/Histoireamerique5-800x450.jpeg\" alt=\"\" width=\"618\" height=\"348\" srcset=\"https:\/\/welovecinema.be\/wp-content\/uploads\/sites\/2\/2024\/05\/Histoireamerique5-800x450.jpeg 800w, https:\/\/welovecinema.be\/wp-content\/uploads\/sites\/2\/2024\/05\/Histoireamerique5-480x270.jpeg 480w, https:\/\/welovecinema.be\/wp-content\/uploads\/sites\/2\/2024\/05\/Histoireamerique5-200x113.jpeg 200w, https:\/\/welovecinema.be\/wp-content\/uploads\/sites\/2\/2024\/05\/Histoireamerique5-768x432.jpeg 768w, https:\/\/welovecinema.be\/wp-content\/uploads\/sites\/2\/2024\/05\/Histoireamerique5-599x337.jpeg 599w, https:\/\/welovecinema.be\/wp-content\/uploads\/sites\/2\/2024\/05\/Histoireamerique5.jpeg 1024w\" sizes=\"auto, (max-width: 618px) 100vw, 618px\" \/><\/p>\n<p>Au fil d&rsquo;une nuit new yorkaise alternent monologues dramatiques et dialogues comiques, tous film\u00e9s en plans fixes, enrob\u00e9s dans le noir de la ville, moments de pause, de recul et de r\u00e9trospection. Il n&rsquo;y a pas d&rsquo;histoire dans le film, mais des histoires, et \u00e0 travers elles peut-\u00eatre m\u00eame toutes les histoires de la diaspora juive \u00e0 travers le monde.<\/p>\n<p>Les r\u00e9cits biographiques qui se succ\u00e8dent racontent les pogroms, les camps, l&rsquo;exil, la difficult\u00e9 d&rsquo;aimer, de faire famille, de vivre et de survivre. Les interm\u00e8des dialogu\u00e9s sont autant de petites sayn\u00e8tes infus\u00e9es d&rsquo;humour juif &#8211; soit des blagues existentialistes, regards aussi malicieux que meurtris port\u00e9s sur soi-m\u00eame et sur le monde. Chantal Akerman expliquait \u00e0 propos de ce film vouloir <em>\u00ab\u00a0survivre \u00e0 l&rsquo;histoire par le rire\u00a0\u00bb<\/em>, un rire <em>\u00ab\u00a0qui prend source dans la d\u00e9tresse m\u00eame.\u00a0\u00bb<\/em> Elle parle d&rsquo;un endroit qui a nourri le cin\u00e9ma et la litt\u00e9rature du XXe si\u00e8cle, elle parle avec la voix des enfants des survivants, elle raconte <em>\u00ab\u00a0les histoires rest\u00e9es en travers de la gorge des parents.\u00a0\u00bb\u00a0<\/em><\/p>\n<p><img loading=\"lazy\" decoding=\"async\" class=\"alignnone size-large wp-image-259138\" src=\"https:\/\/welovecinema.be\/wp-content\/uploads\/sites\/2\/2024\/05\/Histoireamerique2-800x450.jpeg\" alt=\"\" width=\"618\" height=\"348\" srcset=\"https:\/\/welovecinema.be\/wp-content\/uploads\/sites\/2\/2024\/05\/Histoireamerique2-800x450.jpeg 800w, https:\/\/welovecinema.be\/wp-content\/uploads\/sites\/2\/2024\/05\/Histoireamerique2-480x270.jpeg 480w, https:\/\/welovecinema.be\/wp-content\/uploads\/sites\/2\/2024\/05\/Histoireamerique2-200x113.jpeg 200w, https:\/\/welovecinema.be\/wp-content\/uploads\/sites\/2\/2024\/05\/Histoireamerique2-768x432.jpeg 768w, https:\/\/welovecinema.be\/wp-content\/uploads\/sites\/2\/2024\/05\/Histoireamerique2-599x337.jpeg 599w, https:\/\/welovecinema.be\/wp-content\/uploads\/sites\/2\/2024\/05\/Histoireamerique2.jpeg 1024w\" sizes=\"auto, (max-width: 618px) 100vw, 618px\" \/><\/p>\n<p><em>Histoires d&rsquo;Am\u00e9rique<\/em> est un film \u00e0 la fois sombre et lumineux, dont la mise en sc\u00e8ne \u00e9pur\u00e9e met en valeur des bribes d&rsquo;histoires tir\u00e9es de destins singuliers qui dessinent les contours de la grande histoire de la diaspora juive.<\/p>\n<p>&nbsp;<\/p>\n","protected":false},"excerpt":{"rendered":"<p>La Quinzaine des Cin\u00e9astes rendait hommage cette ann\u00e9e \u00e0 Chantal Akerman, avec la projection de la copie restaur\u00e9e d&rsquo;Histoires d&rsquo;Am\u00e9rique: Food, Family and Philosophy, \u00e0 d\u00e9couvrir le 30 mai prochain \u00e0 la Cinematek. Les lueurs de la ville brillent dans la nuit qui tombe. Des voix chuchot\u00e9es nimbent de myst\u00e8re le halo lumineux, yiddish, russe &hellip;<\/p>\n","protected":false},"author":343,"featured_media":259134,"comment_status":"closed","ping_status":"closed","sticky":false,"template":"","format":"standard","meta":{"ngg_post_thumbnail":0,"footnotes":""},"categories":[7134,10,53,12],"tags":[],"class_list":["post-259133","post","type-post","status-publish","format-standard","has-post-thumbnail","","category-we-love-belgian-cinema","category-a-l-affiche","category-coming-soon","category-awards"],"yoast_head":"<!-- This site is optimized with the Yoast SEO plugin v20.4 - https:\/\/yoast.com\/wordpress\/plugins\/seo\/ -->\n<title>&quot;Histoires d&#039;Am\u00e9rique: Food, Family and Philosophy&quot; - We Love Cinema<\/title>\n<meta name=\"robots\" content=\"index, follow, max-snippet:-1, max-image-preview:large, max-video-preview:-1\" \/>\n<link rel=\"canonical\" href=\"https:\/\/welovecinema.be\/fr\/histoires-damerique-food-family-and-philosophy\/\" \/>\n<meta property=\"og:locale\" content=\"fr_FR\" \/>\n<meta property=\"og:type\" content=\"article\" \/>\n<meta property=\"og:title\" content=\"&quot;Histoires d&#039;Am\u00e9rique: Food, Family and Philosophy&quot; - We Love Cinema\" \/>\n<meta property=\"og:description\" content=\"La Quinzaine des Cin\u00e9astes rendait hommage cette ann\u00e9e \u00e0 Chantal Akerman, avec la projection de la copie restaur\u00e9e d&rsquo;Histoires d&rsquo;Am\u00e9rique: Food, Family and Philosophy, \u00e0 d\u00e9couvrir le 30 mai prochain \u00e0 la Cinematek. Les lueurs de la ville brillent dans la nuit qui tombe. Des voix chuchot\u00e9es nimbent de myst\u00e8re le halo lumineux, yiddish, russe &hellip;\" \/>\n<meta property=\"og:url\" content=\"https:\/\/welovecinema.be\/fr\/histoires-damerique-food-family-and-philosophy\/\" \/>\n<meta property=\"og:site_name\" content=\"We Love Cinema\" \/>\n<meta property=\"article:publisher\" content=\"https:\/\/www.facebook.com\/welovecinema.be\" \/>\n<meta property=\"article:published_time\" content=\"2024-05-22T13:13:48+00:00\" \/>\n<meta property=\"og:image\" content=\"https:\/\/welovecinema.be\/wp-content\/uploads\/sites\/2\/2024\/05\/Histoireamerique4.jpeg\" \/>\n\t<meta property=\"og:image:width\" content=\"1024\" \/>\n\t<meta property=\"og:image:height\" content=\"576\" \/>\n\t<meta property=\"og:image:type\" content=\"image\/jpeg\" \/>\n<meta name=\"author\" content=\"Aurore Engelen\" \/>\n<meta name=\"twitter:card\" content=\"summary_large_image\" \/>\n<meta name=\"twitter:label1\" content=\"\u00c9crit par\" \/>\n\t<meta name=\"twitter:data1\" content=\"Aurore Engelen\" \/>\n\t<meta name=\"twitter:label2\" content=\"Dur\u00e9e de lecture estim\u00e9e\" \/>\n\t<meta name=\"twitter:data2\" content=\"2 minutes\" \/>\n<script type=\"application\/ld+json\" class=\"yoast-schema-graph\">{\"@context\":\"https:\/\/schema.org\",\"@graph\":[{\"@type\":\"Article\",\"@id\":\"https:\/\/welovecinema.be\/fr\/histoires-damerique-food-family-and-philosophy\/#article\",\"isPartOf\":{\"@id\":\"https:\/\/welovecinema.be\/fr\/histoires-damerique-food-family-and-philosophy\/\"},\"author\":{\"name\":\"Aurore Engelen\",\"@id\":\"https:\/\/welovecinema.be\/nl\/#\/schema\/person\/8084b68c6b176142d073695c654dc7cf\"},\"headline\":\"\u00ab\u00a0Histoires d&rsquo;Am\u00e9rique: Food, Family and Philosophy\u00a0\u00bb\",\"datePublished\":\"2024-05-22T13:13:48+00:00\",\"dateModified\":\"2024-05-22T13:13:48+00:00\",\"mainEntityOfPage\":{\"@id\":\"https:\/\/welovecinema.be\/fr\/histoires-damerique-food-family-and-philosophy\/\"},\"wordCount\":346,\"publisher\":{\"@id\":\"https:\/\/welovecinema.be\/nl\/#organization\"},\"articleSection\":[\"\u00a0We Love Belgian Cinema\",\"A l'affiche\",\"Coming soon\",\"Evenements\"],\"inLanguage\":\"fr-FR\"},{\"@type\":\"WebPage\",\"@id\":\"https:\/\/welovecinema.be\/fr\/histoires-damerique-food-family-and-philosophy\/\",\"url\":\"https:\/\/welovecinema.be\/fr\/histoires-damerique-food-family-and-philosophy\/\",\"name\":\"\\\"Histoires d'Am\u00e9rique: Food, Family and Philosophy\\\" - We Love Cinema\",\"isPartOf\":{\"@id\":\"https:\/\/welovecinema.be\/nl\/#website\"},\"datePublished\":\"2024-05-22T13:13:48+00:00\",\"dateModified\":\"2024-05-22T13:13:48+00:00\",\"breadcrumb\":{\"@id\":\"https:\/\/welovecinema.be\/fr\/histoires-damerique-food-family-and-philosophy\/#breadcrumb\"},\"inLanguage\":\"fr-FR\",\"potentialAction\":[{\"@type\":\"ReadAction\",\"target\":[\"https:\/\/welovecinema.be\/fr\/histoires-damerique-food-family-and-philosophy\/\"]}]},{\"@type\":\"BreadcrumbList\",\"@id\":\"https:\/\/welovecinema.be\/fr\/histoires-damerique-food-family-and-philosophy\/#breadcrumb\",\"itemListElement\":[{\"@type\":\"ListItem\",\"position\":1,\"name\":\"Accueil\",\"item\":\"https:\/\/welovecinema.be\/fr\/\"},{\"@type\":\"ListItem\",\"position\":2,\"name\":\"\u00ab\u00a0Histoires d&rsquo;Am\u00e9rique: Food, Family and Philosophy\u00a0\u00bb\"}]},{\"@type\":\"WebSite\",\"@id\":\"https:\/\/welovecinema.be\/nl\/#website\",\"url\":\"https:\/\/welovecinema.be\/nl\/\",\"name\":\"We Love Cinema\",\"description\":\"Toute l\u2019information du cin\u00e9ma en Belgique\",\"publisher\":{\"@id\":\"https:\/\/welovecinema.be\/nl\/#organization\"},\"potentialAction\":[{\"@type\":\"SearchAction\",\"target\":{\"@type\":\"EntryPoint\",\"urlTemplate\":\"https:\/\/welovecinema.be\/nl\/?s={search_term_string}\"},\"query-input\":\"required name=search_term_string\"}],\"inLanguage\":\"fr-FR\"},{\"@type\":\"Organization\",\"@id\":\"https:\/\/welovecinema.be\/nl\/#organization\",\"name\":\"We Love Cinema\",\"url\":\"https:\/\/welovecinema.be\/nl\/\",\"logo\":{\"@type\":\"ImageObject\",\"inLanguage\":\"fr-FR\",\"@id\":\"https:\/\/welovecinema.be\/nl\/#\/schema\/logo\/image\/\",\"url\":\"https:\/\/welovecinema.be\/wp-content\/uploads\/sites\/2\/2023\/03\/Logo-We-Love-Cinema305x128.jpg\",\"contentUrl\":\"https:\/\/welovecinema.be\/wp-content\/uploads\/sites\/2\/2023\/03\/Logo-We-Love-Cinema305x128.jpg\",\"width\":305,\"height\":128,\"caption\":\"We Love Cinema\"},\"image\":{\"@id\":\"https:\/\/welovecinema.be\/nl\/#\/schema\/logo\/image\/\"},\"sameAs\":[\"https:\/\/www.facebook.com\/welovecinema.be\",\"https:\/\/www.youtube.com\/channel\/UCX5LYGVhnKvYauW4Nta4HJA\",\"https:\/\/www.instagram.com\/welovecinema.be\/\"]},{\"@type\":\"Person\",\"@id\":\"https:\/\/welovecinema.be\/nl\/#\/schema\/person\/8084b68c6b176142d073695c654dc7cf\",\"name\":\"Aurore Engelen\",\"url\":\"https:\/\/welovecinema.be\/fr\/author\/aurore-engelen\/\"}]}<\/script>\n<!-- \/ Yoast SEO plugin. -->","yoast_head_json":{"title":"\"Histoires d'Am\u00e9rique: Food, Family and Philosophy\" - We Love Cinema","robots":{"index":"index","follow":"follow","max-snippet":"max-snippet:-1","max-image-preview":"max-image-preview:large","max-video-preview":"max-video-preview:-1"},"canonical":"https:\/\/welovecinema.be\/fr\/histoires-damerique-food-family-and-philosophy\/","og_locale":"fr_FR","og_type":"article","og_title":"\"Histoires d'Am\u00e9rique: Food, Family and Philosophy\" - We Love Cinema","og_description":"La Quinzaine des Cin\u00e9astes rendait hommage cette ann\u00e9e \u00e0 Chantal Akerman, avec la projection de la copie restaur\u00e9e d&rsquo;Histoires d&rsquo;Am\u00e9rique: Food, Family and Philosophy, \u00e0 d\u00e9couvrir le 30 mai prochain \u00e0 la Cinematek. Les lueurs de la ville brillent dans la nuit qui tombe. Des voix chuchot\u00e9es nimbent de myst\u00e8re le halo lumineux, yiddish, russe &hellip;","og_url":"https:\/\/welovecinema.be\/fr\/histoires-damerique-food-family-and-philosophy\/","og_site_name":"We Love Cinema","article_publisher":"https:\/\/www.facebook.com\/welovecinema.be","article_published_time":"2024-05-22T13:13:48+00:00","og_image":[{"width":1024,"height":576,"url":"https:\/\/welovecinema.be\/wp-content\/uploads\/sites\/2\/2024\/05\/Histoireamerique4.jpeg","type":"image\/jpeg"}],"author":"Aurore Engelen","twitter_card":"summary_large_image","twitter_misc":{"\u00c9crit par":"Aurore Engelen","Dur\u00e9e de lecture estim\u00e9e":"2 minutes"},"schema":{"@context":"https:\/\/schema.org","@graph":[{"@type":"Article","@id":"https:\/\/welovecinema.be\/fr\/histoires-damerique-food-family-and-philosophy\/#article","isPartOf":{"@id":"https:\/\/welovecinema.be\/fr\/histoires-damerique-food-family-and-philosophy\/"},"author":{"name":"Aurore Engelen","@id":"https:\/\/welovecinema.be\/nl\/#\/schema\/person\/8084b68c6b176142d073695c654dc7cf"},"headline":"\u00ab\u00a0Histoires d&rsquo;Am\u00e9rique: Food, Family and Philosophy\u00a0\u00bb","datePublished":"2024-05-22T13:13:48+00:00","dateModified":"2024-05-22T13:13:48+00:00","mainEntityOfPage":{"@id":"https:\/\/welovecinema.be\/fr\/histoires-damerique-food-family-and-philosophy\/"},"wordCount":346,"publisher":{"@id":"https:\/\/welovecinema.be\/nl\/#organization"},"articleSection":["\u00a0We Love Belgian Cinema","A l'affiche","Coming soon","Evenements"],"inLanguage":"fr-FR"},{"@type":"WebPage","@id":"https:\/\/welovecinema.be\/fr\/histoires-damerique-food-family-and-philosophy\/","url":"https:\/\/welovecinema.be\/fr\/histoires-damerique-food-family-and-philosophy\/","name":"\"Histoires d'Am\u00e9rique: Food, Family and Philosophy\" - We Love Cinema","isPartOf":{"@id":"https:\/\/welovecinema.be\/nl\/#website"},"datePublished":"2024-05-22T13:13:48+00:00","dateModified":"2024-05-22T13:13:48+00:00","breadcrumb":{"@id":"https:\/\/welovecinema.be\/fr\/histoires-damerique-food-family-and-philosophy\/#breadcrumb"},"inLanguage":"fr-FR","potentialAction":[{"@type":"ReadAction","target":["https:\/\/welovecinema.be\/fr\/histoires-damerique-food-family-and-philosophy\/"]}]},{"@type":"BreadcrumbList","@id":"https:\/\/welovecinema.be\/fr\/histoires-damerique-food-family-and-philosophy\/#breadcrumb","itemListElement":[{"@type":"ListItem","position":1,"name":"Accueil","item":"https:\/\/welovecinema.be\/fr\/"},{"@type":"ListItem","position":2,"name":"\u00ab\u00a0Histoires d&rsquo;Am\u00e9rique: Food, Family and Philosophy\u00a0\u00bb"}]},{"@type":"WebSite","@id":"https:\/\/welovecinema.be\/nl\/#website","url":"https:\/\/welovecinema.be\/nl\/","name":"We Love Cinema","description":"Toute l\u2019information du cin\u00e9ma en Belgique","publisher":{"@id":"https:\/\/welovecinema.be\/nl\/#organization"},"potentialAction":[{"@type":"SearchAction","target":{"@type":"EntryPoint","urlTemplate":"https:\/\/welovecinema.be\/nl\/?s={search_term_string}"},"query-input":"required name=search_term_string"}],"inLanguage":"fr-FR"},{"@type":"Organization","@id":"https:\/\/welovecinema.be\/nl\/#organization","name":"We Love Cinema","url":"https:\/\/welovecinema.be\/nl\/","logo":{"@type":"ImageObject","inLanguage":"fr-FR","@id":"https:\/\/welovecinema.be\/nl\/#\/schema\/logo\/image\/","url":"https:\/\/welovecinema.be\/wp-content\/uploads\/sites\/2\/2023\/03\/Logo-We-Love-Cinema305x128.jpg","contentUrl":"https:\/\/welovecinema.be\/wp-content\/uploads\/sites\/2\/2023\/03\/Logo-We-Love-Cinema305x128.jpg","width":305,"height":128,"caption":"We Love Cinema"},"image":{"@id":"https:\/\/welovecinema.be\/nl\/#\/schema\/logo\/image\/"},"sameAs":["https:\/\/www.facebook.com\/welovecinema.be","https:\/\/www.youtube.com\/channel\/UCX5LYGVhnKvYauW4Nta4HJA","https:\/\/www.instagram.com\/welovecinema.be\/"]},{"@type":"Person","@id":"https:\/\/welovecinema.be\/nl\/#\/schema\/person\/8084b68c6b176142d073695c654dc7cf","name":"Aurore Engelen","url":"https:\/\/welovecinema.be\/fr\/author\/aurore-engelen\/"}]}},"_links":{"self":[{"href":"https:\/\/welovecinema.be\/fr\/wp-json\/wp\/v2\/posts\/259133","targetHints":{"allow":["GET"]}}],"collection":[{"href":"https:\/\/welovecinema.be\/fr\/wp-json\/wp\/v2\/posts"}],"about":[{"href":"https:\/\/welovecinema.be\/fr\/wp-json\/wp\/v2\/types\/post"}],"author":[{"embeddable":true,"href":"https:\/\/welovecinema.be\/fr\/wp-json\/wp\/v2\/users\/343"}],"replies":[{"embeddable":true,"href":"https:\/\/welovecinema.be\/fr\/wp-json\/wp\/v2\/comments?post=259133"}],"version-history":[{"count":1,"href":"https:\/\/welovecinema.be\/fr\/wp-json\/wp\/v2\/posts\/259133\/revisions"}],"predecessor-version":[{"id":259140,"href":"https:\/\/welovecinema.be\/fr\/wp-json\/wp\/v2\/posts\/259133\/revisions\/259140"}],"wp:featuredmedia":[{"embeddable":true,"href":"https:\/\/welovecinema.be\/fr\/wp-json\/wp\/v2\/media\/259134"}],"wp:attachment":[{"href":"https:\/\/welovecinema.be\/fr\/wp-json\/wp\/v2\/media?parent=259133"}],"wp:term":[{"taxonomy":"category","embeddable":true,"href":"https:\/\/welovecinema.be\/fr\/wp-json\/wp\/v2\/categories?post=259133"},{"taxonomy":"post_tag","embeddable":true,"href":"https:\/\/welovecinema.be\/fr\/wp-json\/wp\/v2\/tags?post=259133"}],"curies":[{"name":"wp","href":"https:\/\/api.w.org\/{rel}","templated":true}]}}