{"id":259099,"date":"2024-05-20T10:45:11","date_gmt":"2024-05-20T08:45:11","guid":{"rendered":"https:\/\/welovecinema.be\/?p=259099"},"modified":"2024-05-20T10:45:11","modified_gmt":"2024-05-20T08:45:11","slug":"la-ballade-de-kirill-serebrennikov-le-mene-a-cannes","status":"publish","type":"post","link":"https:\/\/welovecinema.be\/fr\/la-ballade-de-kirill-serebrennikov-le-mene-a-cannes\/","title":{"rendered":"\u00ab\u00a0La ballade\u00a0\u00bb de Kirill Serebrennikov le m\u00e8ne \u00e0 Cannes\u00a0!"},"content":{"rendered":"<p><strong>Adapt\u00e9 du roman \u00e0 succ\u00e8s d\u2019Emmanuel Carr\u00e8re, <em>Limonov, The Ballad<\/em>, le nouveau film du cin\u00e9aste russe a \u00e9t\u00e9 pr\u00e9sent\u00e9 au Festival de Cannes (photo \u00a9 JP.Malherbe\/N.L.P.). Un juste et fameux retour des choses pour Limonov (d\u00e9c\u00e9d\u00e9 en 2020) qui, avant la sortie du livre (en 2011), \u00e9tait m\u00e9pris\u00e9 depuis un moment par le petit milieu de l\u2019\u00e9dition fran\u00e7aise.<\/strong><\/p>\n<p>Edouard Limonov d\u00e9clarait ainsi, via une fameuse saillie d\u2019ego aussi, il faut bien le dire, dans la foul\u00e9e de la sortie du livre: \u00ab\u00a0<em>Le monde compass\u00e9 des lettres fran\u00e7aises me snobe depuis vingt ans. Et voici que je m\u2019impose \u00e0 nouveau \u00e0 lui, en tant que h\u00e9ros d\u2019un roman populaire. C\u2019est non seulement tr\u00e8s agr\u00e9able. Mais aussi, cela d\u00e9montre que je reste int\u00e9ressant pour les Fran\u00e7ais. C\u2019est logique: la France est un grand pays litt\u00e9raire ; et, moi, je suis un grand \u00e9crivain, comparable \u00e0 C\u00e9line et \u00e0 Jean Genet. Le plus beau est que je m\u2019impose \u00e0 nouveau sans avoir rien reni\u00e9 de moi-m\u00eame. Je n\u2019ai pas pli\u00e9, ni c\u00e9d\u00e9, ni mis un genou \u00e0 terre: le bouquin de Carr\u00e8re est une reconnaissance de ma personne dans sa totalit\u00e9. Vous \u00eates oblig\u00e9 de m\u2019accepter tel que je suis.<\/em><em> Je suis un peu comme Bakounine, le th\u00e9oricien de l\u2019anarchisme qui a pos\u00e9 les bases du socialisme libertaire. Sa notori\u00e9t\u00e9 aga\u00e7ait beaucoup son contemporain Karl Marx. Pourtant, ce dernier n\u2019a pas eu d\u2019autre choix que de constater l\u2019importance de Bakounine, reconnu dans le monde entier. Il para\u00eet que, selon\u00a0<\/em>Le Canard encha\u00een\u00e9, <em>Nicolas Sarkozy a recommand\u00e9 \u00e0 son entourage de lire\u00a0<\/em>Limonov<em>\u00a0<\/em><em>d\u2019Emmanuel Carr\u00e8re<\/em>. \u00ab\u00a0Je vous le conseille pour comprendre la Russie\u00a0<em>\u00bb, a-t-il dit.<\/em> \u00ab\u00a0Il ne faut pas oublier que ce pays, c\u2019est trente fois la France.\u00a0\u00bb <em>C\u2019est tout de m\u00eame une bonne indication de ma popularit\u00e9 que j\u2019\u00e9value \u00e0 50-50 : la moiti\u00e9 des gens m\u2019ex\u00e8cre, l\u2019autre moiti\u00e9 m\u2019admire. \u00c7a me va: moi je ne cherche pas l\u2019admiration, ni ne me pr\u00e9occupe de la haine de certains<\/em>.\u00a0\u00bb<\/p>\n<p>Le film raconte donc la vie d\u2019Edouard Limonov, tout \u00e0 la fois militant, r\u00e9volutionnaire, dandy, voyou, majordome ou sans abri. Il fut un po\u00e8te enrag\u00e9 et belliqueux, un agitateur politique et le romancier de sa propre grandeur. Cette existence, comme une train\u00e9e de soufre, est un voyage \u00e0 travers les rues agit\u00e9es de Moscou et gratte-ciels de New-York, des ruelles de Paris au c\u0153ur des ge\u00f4les de Sib\u00e9rie pendant la seconde moiti\u00e9 du XXe si\u00e8cle.<\/p>\n<p>Pas encore de date de sortie belge, mais on vous tient au courant\u2026<\/p>\n","protected":false},"excerpt":{"rendered":"<p>Adapt\u00e9 du roman \u00e0 succ\u00e8s d\u2019Emmanuel Carr\u00e8re, Limonov, The Ballad, le nouveau film du cin\u00e9aste russe a \u00e9t\u00e9 pr\u00e9sent\u00e9 au Festival de Cannes (photo \u00a9 JP.Malherbe\/N.L.P.). Un juste et fameux retour des choses pour Limonov (d\u00e9c\u00e9d\u00e9 en 2020) qui, avant la sortie du livre (en 2011), \u00e9tait m\u00e9pris\u00e9 depuis un moment par le petit milieu &hellip;<\/p>\n","protected":false},"author":358,"featured_media":259097,"comment_status":"closed","ping_status":"closed","sticky":false,"template":"","format":"standard","meta":{"ngg_post_thumbnail":0,"footnotes":""},"categories":[7135,7],"tags":[],"class_list":["post-259099","post","type-post","status-publish","format-standard","has-post-thumbnail","","category-we-love-worldwide","category-actualites"],"yoast_head":"<!-- This site is optimized with the Yoast SEO plugin v20.4 - https:\/\/yoast.com\/wordpress\/plugins\/seo\/ -->\n<title>\u00ab\u00a0La ballade\u00a0\u00bb de Kirill Serebrennikov le m\u00e8ne \u00e0 Cannes\u00a0! - We Love Cinema<\/title>\n<meta name=\"robots\" content=\"index, follow, max-snippet:-1, max-image-preview:large, max-video-preview:-1\" \/>\n<link rel=\"canonical\" href=\"https:\/\/welovecinema.be\/fr\/la-ballade-de-kirill-serebrennikov-le-mene-a-cannes\/\" \/>\n<meta property=\"og:locale\" content=\"fr_FR\" \/>\n<meta property=\"og:type\" content=\"article\" \/>\n<meta property=\"og:title\" content=\"\u00ab\u00a0La ballade\u00a0\u00bb de Kirill Serebrennikov le m\u00e8ne \u00e0 Cannes\u00a0! - We Love Cinema\" \/>\n<meta property=\"og:description\" content=\"Adapt\u00e9 du roman \u00e0 succ\u00e8s d\u2019Emmanuel Carr\u00e8re, Limonov, The Ballad, le nouveau film du cin\u00e9aste russe a \u00e9t\u00e9 pr\u00e9sent\u00e9 au Festival de Cannes (photo \u00a9 JP.Malherbe\/N.L.P.). Un juste et fameux retour des choses pour Limonov (d\u00e9c\u00e9d\u00e9 en 2020) qui, avant la sortie du livre (en 2011), \u00e9tait m\u00e9pris\u00e9 depuis un moment par le petit milieu &hellip;\" \/>\n<meta property=\"og:url\" content=\"https:\/\/welovecinema.be\/fr\/la-ballade-de-kirill-serebrennikov-le-mene-a-cannes\/\" \/>\n<meta property=\"og:site_name\" content=\"We Love Cinema\" \/>\n<meta property=\"article:publisher\" content=\"https:\/\/www.facebook.com\/welovecinema.be\" \/>\n<meta property=\"article:published_time\" content=\"2024-05-20T08:45:11+00:00\" \/>\n<meta property=\"og:image\" content=\"https:\/\/welovecinema.be\/wp-content\/uploads\/sites\/2\/2024\/05\/DSC08071-scaled.jpg\" \/>\n\t<meta property=\"og:image:width\" content=\"2560\" \/>\n\t<meta property=\"og:image:height\" content=\"1704\" \/>\n\t<meta property=\"og:image:type\" content=\"image\/jpeg\" \/>\n<meta name=\"author\" content=\"fred\" \/>\n<meta name=\"twitter:card\" content=\"summary_large_image\" \/>\n<meta name=\"twitter:label1\" content=\"\u00c9crit par\" \/>\n\t<meta name=\"twitter:data1\" content=\"fred\" \/>\n\t<meta name=\"twitter:label2\" content=\"Dur\u00e9e de lecture estim\u00e9e\" \/>\n\t<meta name=\"twitter:data2\" content=\"3 minutes\" \/>\n<script type=\"application\/ld+json\" class=\"yoast-schema-graph\">{\"@context\":\"https:\/\/schema.org\",\"@graph\":[{\"@type\":\"Article\",\"@id\":\"https:\/\/welovecinema.be\/fr\/la-ballade-de-kirill-serebrennikov-le-mene-a-cannes\/#article\",\"isPartOf\":{\"@id\":\"https:\/\/welovecinema.be\/fr\/la-ballade-de-kirill-serebrennikov-le-mene-a-cannes\/\"},\"author\":{\"name\":\"fred\",\"@id\":\"https:\/\/welovecinema.be\/nl\/#\/schema\/person\/7620619142b6dd3c9aa19e9210ad5bd5\"},\"headline\":\"\u00ab\u00a0La ballade\u00a0\u00bb de Kirill Serebrennikov le m\u00e8ne \u00e0 Cannes\u00a0!\",\"datePublished\":\"2024-05-20T08:45:11+00:00\",\"dateModified\":\"2024-05-20T08:45:11+00:00\",\"mainEntityOfPage\":{\"@id\":\"https:\/\/welovecinema.be\/fr\/la-ballade-de-kirill-serebrennikov-le-mene-a-cannes\/\"},\"wordCount\":472,\"publisher\":{\"@id\":\"https:\/\/welovecinema.be\/nl\/#organization\"},\"articleSection\":[\"\u00a0We Love Worldwide Cinema\",\"News\"],\"inLanguage\":\"fr-FR\"},{\"@type\":\"WebPage\",\"@id\":\"https:\/\/welovecinema.be\/fr\/la-ballade-de-kirill-serebrennikov-le-mene-a-cannes\/\",\"url\":\"https:\/\/welovecinema.be\/fr\/la-ballade-de-kirill-serebrennikov-le-mene-a-cannes\/\",\"name\":\"\u00ab\u00a0La ballade\u00a0\u00bb de Kirill Serebrennikov le m\u00e8ne \u00e0 Cannes\u00a0! - We Love Cinema\",\"isPartOf\":{\"@id\":\"https:\/\/welovecinema.be\/nl\/#website\"},\"datePublished\":\"2024-05-20T08:45:11+00:00\",\"dateModified\":\"2024-05-20T08:45:11+00:00\",\"breadcrumb\":{\"@id\":\"https:\/\/welovecinema.be\/fr\/la-ballade-de-kirill-serebrennikov-le-mene-a-cannes\/#breadcrumb\"},\"inLanguage\":\"fr-FR\",\"potentialAction\":[{\"@type\":\"ReadAction\",\"target\":[\"https:\/\/welovecinema.be\/fr\/la-ballade-de-kirill-serebrennikov-le-mene-a-cannes\/\"]}]},{\"@type\":\"BreadcrumbList\",\"@id\":\"https:\/\/welovecinema.be\/fr\/la-ballade-de-kirill-serebrennikov-le-mene-a-cannes\/#breadcrumb\",\"itemListElement\":[{\"@type\":\"ListItem\",\"position\":1,\"name\":\"Accueil\",\"item\":\"https:\/\/welovecinema.be\/fr\/\"},{\"@type\":\"ListItem\",\"position\":2,\"name\":\"\u00ab\u00a0La ballade\u00a0\u00bb de Kirill Serebrennikov le m\u00e8ne \u00e0 Cannes\u00a0!\"}]},{\"@type\":\"WebSite\",\"@id\":\"https:\/\/welovecinema.be\/nl\/#website\",\"url\":\"https:\/\/welovecinema.be\/nl\/\",\"name\":\"We Love Cinema\",\"description\":\"Toute l\u2019information du cin\u00e9ma en Belgique\",\"publisher\":{\"@id\":\"https:\/\/welovecinema.be\/nl\/#organization\"},\"potentialAction\":[{\"@type\":\"SearchAction\",\"target\":{\"@type\":\"EntryPoint\",\"urlTemplate\":\"https:\/\/welovecinema.be\/nl\/?s={search_term_string}\"},\"query-input\":\"required name=search_term_string\"}],\"inLanguage\":\"fr-FR\"},{\"@type\":\"Organization\",\"@id\":\"https:\/\/welovecinema.be\/nl\/#organization\",\"name\":\"We Love Cinema\",\"url\":\"https:\/\/welovecinema.be\/nl\/\",\"logo\":{\"@type\":\"ImageObject\",\"inLanguage\":\"fr-FR\",\"@id\":\"https:\/\/welovecinema.be\/nl\/#\/schema\/logo\/image\/\",\"url\":\"https:\/\/welovecinema.be\/wp-content\/uploads\/sites\/2\/2023\/03\/Logo-We-Love-Cinema305x128.jpg\",\"contentUrl\":\"https:\/\/welovecinema.be\/wp-content\/uploads\/sites\/2\/2023\/03\/Logo-We-Love-Cinema305x128.jpg\",\"width\":305,\"height\":128,\"caption\":\"We Love Cinema\"},\"image\":{\"@id\":\"https:\/\/welovecinema.be\/nl\/#\/schema\/logo\/image\/\"},\"sameAs\":[\"https:\/\/www.facebook.com\/welovecinema.be\",\"https:\/\/www.youtube.com\/channel\/UCX5LYGVhnKvYauW4Nta4HJA\",\"https:\/\/www.instagram.com\/welovecinema.be\/\"]},{\"@type\":\"Person\",\"@id\":\"https:\/\/welovecinema.be\/nl\/#\/schema\/person\/7620619142b6dd3c9aa19e9210ad5bd5\",\"name\":\"fred\",\"url\":\"https:\/\/welovecinema.be\/fr\/author\/fred\/\"}]}<\/script>\n<!-- \/ Yoast SEO plugin. -->","yoast_head_json":{"title":"\u00ab\u00a0La ballade\u00a0\u00bb de Kirill Serebrennikov le m\u00e8ne \u00e0 Cannes\u00a0! - We Love Cinema","robots":{"index":"index","follow":"follow","max-snippet":"max-snippet:-1","max-image-preview":"max-image-preview:large","max-video-preview":"max-video-preview:-1"},"canonical":"https:\/\/welovecinema.be\/fr\/la-ballade-de-kirill-serebrennikov-le-mene-a-cannes\/","og_locale":"fr_FR","og_type":"article","og_title":"\u00ab\u00a0La ballade\u00a0\u00bb de Kirill Serebrennikov le m\u00e8ne \u00e0 Cannes\u00a0! - We Love Cinema","og_description":"Adapt\u00e9 du roman \u00e0 succ\u00e8s d\u2019Emmanuel Carr\u00e8re, Limonov, The Ballad, le nouveau film du cin\u00e9aste russe a \u00e9t\u00e9 pr\u00e9sent\u00e9 au Festival de Cannes (photo \u00a9 JP.Malherbe\/N.L.P.). Un juste et fameux retour des choses pour Limonov (d\u00e9c\u00e9d\u00e9 en 2020) qui, avant la sortie du livre (en 2011), \u00e9tait m\u00e9pris\u00e9 depuis un moment par le petit milieu &hellip;","og_url":"https:\/\/welovecinema.be\/fr\/la-ballade-de-kirill-serebrennikov-le-mene-a-cannes\/","og_site_name":"We Love Cinema","article_publisher":"https:\/\/www.facebook.com\/welovecinema.be","article_published_time":"2024-05-20T08:45:11+00:00","og_image":[{"width":2560,"height":1704,"url":"https:\/\/welovecinema.be\/wp-content\/uploads\/sites\/2\/2024\/05\/DSC08071-scaled.jpg","type":"image\/jpeg"}],"author":"fred","twitter_card":"summary_large_image","twitter_misc":{"\u00c9crit par":"fred","Dur\u00e9e de lecture estim\u00e9e":"3 minutes"},"schema":{"@context":"https:\/\/schema.org","@graph":[{"@type":"Article","@id":"https:\/\/welovecinema.be\/fr\/la-ballade-de-kirill-serebrennikov-le-mene-a-cannes\/#article","isPartOf":{"@id":"https:\/\/welovecinema.be\/fr\/la-ballade-de-kirill-serebrennikov-le-mene-a-cannes\/"},"author":{"name":"fred","@id":"https:\/\/welovecinema.be\/nl\/#\/schema\/person\/7620619142b6dd3c9aa19e9210ad5bd5"},"headline":"\u00ab\u00a0La ballade\u00a0\u00bb de Kirill Serebrennikov le m\u00e8ne \u00e0 Cannes\u00a0!","datePublished":"2024-05-20T08:45:11+00:00","dateModified":"2024-05-20T08:45:11+00:00","mainEntityOfPage":{"@id":"https:\/\/welovecinema.be\/fr\/la-ballade-de-kirill-serebrennikov-le-mene-a-cannes\/"},"wordCount":472,"publisher":{"@id":"https:\/\/welovecinema.be\/nl\/#organization"},"articleSection":["\u00a0We Love Worldwide Cinema","News"],"inLanguage":"fr-FR"},{"@type":"WebPage","@id":"https:\/\/welovecinema.be\/fr\/la-ballade-de-kirill-serebrennikov-le-mene-a-cannes\/","url":"https:\/\/welovecinema.be\/fr\/la-ballade-de-kirill-serebrennikov-le-mene-a-cannes\/","name":"\u00ab\u00a0La ballade\u00a0\u00bb de Kirill Serebrennikov le m\u00e8ne \u00e0 Cannes\u00a0! - We Love Cinema","isPartOf":{"@id":"https:\/\/welovecinema.be\/nl\/#website"},"datePublished":"2024-05-20T08:45:11+00:00","dateModified":"2024-05-20T08:45:11+00:00","breadcrumb":{"@id":"https:\/\/welovecinema.be\/fr\/la-ballade-de-kirill-serebrennikov-le-mene-a-cannes\/#breadcrumb"},"inLanguage":"fr-FR","potentialAction":[{"@type":"ReadAction","target":["https:\/\/welovecinema.be\/fr\/la-ballade-de-kirill-serebrennikov-le-mene-a-cannes\/"]}]},{"@type":"BreadcrumbList","@id":"https:\/\/welovecinema.be\/fr\/la-ballade-de-kirill-serebrennikov-le-mene-a-cannes\/#breadcrumb","itemListElement":[{"@type":"ListItem","position":1,"name":"Accueil","item":"https:\/\/welovecinema.be\/fr\/"},{"@type":"ListItem","position":2,"name":"\u00ab\u00a0La ballade\u00a0\u00bb de Kirill Serebrennikov le m\u00e8ne \u00e0 Cannes\u00a0!"}]},{"@type":"WebSite","@id":"https:\/\/welovecinema.be\/nl\/#website","url":"https:\/\/welovecinema.be\/nl\/","name":"We Love Cinema","description":"Toute l\u2019information du cin\u00e9ma en Belgique","publisher":{"@id":"https:\/\/welovecinema.be\/nl\/#organization"},"potentialAction":[{"@type":"SearchAction","target":{"@type":"EntryPoint","urlTemplate":"https:\/\/welovecinema.be\/nl\/?s={search_term_string}"},"query-input":"required name=search_term_string"}],"inLanguage":"fr-FR"},{"@type":"Organization","@id":"https:\/\/welovecinema.be\/nl\/#organization","name":"We Love Cinema","url":"https:\/\/welovecinema.be\/nl\/","logo":{"@type":"ImageObject","inLanguage":"fr-FR","@id":"https:\/\/welovecinema.be\/nl\/#\/schema\/logo\/image\/","url":"https:\/\/welovecinema.be\/wp-content\/uploads\/sites\/2\/2023\/03\/Logo-We-Love-Cinema305x128.jpg","contentUrl":"https:\/\/welovecinema.be\/wp-content\/uploads\/sites\/2\/2023\/03\/Logo-We-Love-Cinema305x128.jpg","width":305,"height":128,"caption":"We Love Cinema"},"image":{"@id":"https:\/\/welovecinema.be\/nl\/#\/schema\/logo\/image\/"},"sameAs":["https:\/\/www.facebook.com\/welovecinema.be","https:\/\/www.youtube.com\/channel\/UCX5LYGVhnKvYauW4Nta4HJA","https:\/\/www.instagram.com\/welovecinema.be\/"]},{"@type":"Person","@id":"https:\/\/welovecinema.be\/nl\/#\/schema\/person\/7620619142b6dd3c9aa19e9210ad5bd5","name":"fred","url":"https:\/\/welovecinema.be\/fr\/author\/fred\/"}]}},"_links":{"self":[{"href":"https:\/\/welovecinema.be\/fr\/wp-json\/wp\/v2\/posts\/259099","targetHints":{"allow":["GET"]}}],"collection":[{"href":"https:\/\/welovecinema.be\/fr\/wp-json\/wp\/v2\/posts"}],"about":[{"href":"https:\/\/welovecinema.be\/fr\/wp-json\/wp\/v2\/types\/post"}],"author":[{"embeddable":true,"href":"https:\/\/welovecinema.be\/fr\/wp-json\/wp\/v2\/users\/358"}],"replies":[{"embeddable":true,"href":"https:\/\/welovecinema.be\/fr\/wp-json\/wp\/v2\/comments?post=259099"}],"version-history":[{"count":1,"href":"https:\/\/welovecinema.be\/fr\/wp-json\/wp\/v2\/posts\/259099\/revisions"}],"predecessor-version":[{"id":259100,"href":"https:\/\/welovecinema.be\/fr\/wp-json\/wp\/v2\/posts\/259099\/revisions\/259100"}],"wp:featuredmedia":[{"embeddable":true,"href":"https:\/\/welovecinema.be\/fr\/wp-json\/wp\/v2\/media\/259097"}],"wp:attachment":[{"href":"https:\/\/welovecinema.be\/fr\/wp-json\/wp\/v2\/media?parent=259099"}],"wp:term":[{"taxonomy":"category","embeddable":true,"href":"https:\/\/welovecinema.be\/fr\/wp-json\/wp\/v2\/categories?post=259099"},{"taxonomy":"post_tag","embeddable":true,"href":"https:\/\/welovecinema.be\/fr\/wp-json\/wp\/v2\/tags?post=259099"}],"curies":[{"name":"wp","href":"https:\/\/api.w.org\/{rel}","templated":true}]}}