{"id":259080,"date":"2024-05-19T14:38:21","date_gmt":"2024-05-19T12:38:21","guid":{"rendered":"https:\/\/welovecinema.be\/?p=259080"},"modified":"2024-05-21T09:43:15","modified_gmt":"2024-05-21T07:43:15","slug":"rencontre-avec-lequipe-de-julie-zwijgt","status":"publish","type":"post","link":"https:\/\/welovecinema.be\/fr\/rencontre-avec-lequipe-de-julie-zwijgt\/","title":{"rendered":"Rencontre avec l&rsquo;\u00e9quipe de \u00ab\u00a0Julie zwijgt\u00a0\u00bb"},"content":{"rendered":"<p><strong>Ce samedi avait lieu la premi\u00e8re mondiale du premier long m\u00e9trage de Leonardo van Dijl, <em>Julie zwijgt<\/em>, pr\u00e9sent\u00e9 en Comp\u00e9titon \u00e0 la Semaine de la Critique. Une projection charg\u00e9e en \u00e9motion, en applaudissements, et bien s\u00fbr, en larmes &#8211; de joie et d&rsquo;\u00e9motion. A l&rsquo;issue de la s\u00e9ance, on a pu croiser l&rsquo;\u00e9quipe du film, encore sur un nuage, sous le soleil et le ciel bleu de Cannes.<\/strong><\/p>\n<p><em>\u00ab\u00a0C&rsquo;est un peu la fin d&rsquo;un tr\u00e8s beau voyage pour nous cette projection,\u00a0\u00bb<\/em> confirme Pierre Gervais, qui joue Backie, le nouvel entra\u00eeneur de Julie. <em>\u00ab\u00a0C&rsquo;\u00e9tait magnifique, j&rsquo;ai beaucoup pleur\u00e9.\u00a0\u00bb \u00ab\u00a0On a senti ce matin que la salle \u00e9tait profond\u00e9ment \u00e9mue,\u00a0\u00bb<\/em> poursuit Koen De Bouw, qui joue le p\u00e8re de l&rsquo;h\u00e9ro\u00efne. <em>\u00ab\u00a0Je pense que beaucoup de gens peuvent se retrouver dans ce qui se passe dans le film. Ce qui me touche particuli\u00e8rement dans le film, c&rsquo;est la fa\u00e7on dont Leo fait de la place \u00e0 l&rsquo;absence, ce qui fait \u00e9cho au silence, et \u00e0 l&rsquo;isolement de Julie. Il est tr\u00e8s fort pour enlever des choses en fait. Il ne reste plus que l&rsquo;essentiel \u00e0 l&rsquo;\u00e9cran, et je crois que c&rsquo;est l&rsquo;une des forces du film. Il arrive \u00e0 faire ressentir le silence.\u00a0\u00bb<\/em> C&rsquo;est en effet l&rsquo;un des accomplissements du film, la fa\u00e7on dont la tr\u00e8s intelligente r\u00e9alisation de Leonardo van Dijl nous donne \u00e0 entendre, mais aussi \u00e0 voir et ressentir le silence de son h\u00e9ro\u00efne. Celle-ci, joueuse de tennis prodige, voit sa pr\u00e9paration boulevers\u00e9e quand son coach est suspendu suite au suicide d&rsquo;une jeune joueuse. Les \u00e9l\u00e8ves de l&rsquo;Acad\u00e9mie sont invit\u00e9s \u00e0 t\u00e9moigner de leur relation avec l&rsquo;entraineur, mais Julie refuse. Elle se tait, se concentre sur les \u00e9ch\u00e9ances \u00e0 venir. Jour apr\u00e8s jour, son silence devient de plus en plus \u00e9pais, et de plus en plus bouleversant pour son entourage.<\/p>\n<figure id=\"attachment_259086\" aria-describedby=\"caption-attachment-259086\" style=\"width: 450px\" class=\"wp-caption alignnone\"><img loading=\"lazy\" decoding=\"async\" class=\"wp-image-259086 size-large\" src=\"https:\/\/welovecinema.be\/wp-content\/uploads\/sites\/2\/2024\/05\/Leonardo-van-dijl-tessa-van-den-broek-450x600.jpg\" alt=\"\" width=\"450\" height=\"600\" srcset=\"https:\/\/welovecinema.be\/wp-content\/uploads\/sites\/2\/2024\/05\/Leonardo-van-dijl-tessa-van-den-broek-450x600.jpg 450w, https:\/\/welovecinema.be\/wp-content\/uploads\/sites\/2\/2024\/05\/Leonardo-van-dijl-tessa-van-den-broek-202x270.jpg 202w, https:\/\/welovecinema.be\/wp-content\/uploads\/sites\/2\/2024\/05\/Leonardo-van-dijl-tessa-van-den-broek-768x1024.jpg 768w, https:\/\/welovecinema.be\/wp-content\/uploads\/sites\/2\/2024\/05\/Leonardo-van-dijl-tessa-van-den-broek-1152x1536.jpg 1152w, https:\/\/welovecinema.be\/wp-content\/uploads\/sites\/2\/2024\/05\/Leonardo-van-dijl-tessa-van-den-broek-1536x2048.jpg 1536w, https:\/\/welovecinema.be\/wp-content\/uploads\/sites\/2\/2024\/05\/Leonardo-van-dijl-tessa-van-den-broek-scaled.jpg 1920w\" sizes=\"auto, (max-width: 450px) 100vw, 450px\" \/><figcaption id=\"caption-attachment-259086\" class=\"wp-caption-text\">Leonardo van Dijl et Tessa van den Broeck<\/figcaption><\/figure>\n<p>Le film s&rsquo;inscrit donc dans une conversation plus vaste, sur les \u00e9crans et hors des \u00e9crans du monde entier, une conversation entam\u00e9e il y a quelques ann\u00e9es, amplifi\u00e9e depuis la d\u00e9flagration #metoo, autour de la lib\u00e9ration de la parole. Leonardo van Dijl explique: <em>\u00ab\u00a0Chaque silence a besoin d&rsquo;un certain temps avant de pouvoir \u00eatre rompu. Parfois une heure, une semaine, une d\u00e9cennie. J&rsquo;avais l&rsquo;impression que jusqu&rsquo;ici, on avait beaucoup racont\u00e9 le moment o\u00f9 les gens parlent, mais peu le silence qui pr\u00e9c\u00e8de la parole. Finalement, ce que je raconte, c&rsquo;est un peu un prequel de cette parole.\u00a0\u00bb<\/em><\/p>\n<p>Sa co-sc\u00e9nariste, Ruth Becquart, qui joue aussi le r\u00f4le de la m\u00e8re de Julie, insiste quant \u00e0 elle sur la fa\u00e7on dont le silence de Julie a une r\u00e9sonance plus large: <em>\u00ab\u00a0Ce n&rsquo;est pas une histoire individuelle enti\u00e8rement centr\u00e9e sur la souffrance de Julie, c&rsquo;est une histoire collective. C&rsquo;est aussi l&rsquo;histoire des camarades de Julie, de ses parents. Nous, les autres, on a aussi une responsabilit\u00e9, on doit entendre le silence de Julie. Une fois qu&rsquo;on l&rsquo;entend, on est \u00e0 son niveau, en \u00e9quilibre, et son processus de gu\u00e9rison peut commencer. Le psychiatre Peter Adriaenssens qui a vu le film avec nous la semaine derni\u00e8re \u00e0 Anvers nous a dit: \u00ab\u00a0Le silence est une langue \u00e0 condition que les autres l&rsquo;entendent.\u00a0\u00bb Ca m&rsquo;a beaucoup touch\u00e9e. \u00ab\u00a0<\/em><\/p>\n<p>Pour le cin\u00e9aste, <em>\u00ab\u00a0Julie est une h\u00e9ro\u00efne, une Antigone des temps modernes, elle dit non, elle challenge le monde. En ne parlant pas, elle lance un d\u00e9fi. Je pense que parler est tr\u00e8s important, mais on devrait aussi devoir pouvoir choisir \u00e0 qui on veut parler. On a une responsabilit\u00e9 collective, en tant que soci\u00e9t\u00e9, de prot\u00e9ger les jeunes g\u00e9n\u00e9rations. Il font cr\u00e9er de la s\u00e9curit\u00e9 pour la jeunesse.\u00a0\u00bb\u00a0<\/em><\/p>\n<figure id=\"attachment_259088\" aria-describedby=\"caption-attachment-259088\" style=\"width: 450px\" class=\"wp-caption alignnone\"><img loading=\"lazy\" decoding=\"async\" class=\"size-large wp-image-259088\" src=\"https:\/\/welovecinema.be\/wp-content\/uploads\/sites\/2\/2024\/05\/Koen-De-Bouw-Pierre-Gervais-Ruth-Becquaert-450x600.jpg\" alt=\"\" width=\"450\" height=\"600\" srcset=\"https:\/\/welovecinema.be\/wp-content\/uploads\/sites\/2\/2024\/05\/Koen-De-Bouw-Pierre-Gervais-Ruth-Becquaert-450x600.jpg 450w, https:\/\/welovecinema.be\/wp-content\/uploads\/sites\/2\/2024\/05\/Koen-De-Bouw-Pierre-Gervais-Ruth-Becquaert-203x270.jpg 203w, https:\/\/welovecinema.be\/wp-content\/uploads\/sites\/2\/2024\/05\/Koen-De-Bouw-Pierre-Gervais-Ruth-Becquaert-768x1024.jpg 768w, https:\/\/welovecinema.be\/wp-content\/uploads\/sites\/2\/2024\/05\/Koen-De-Bouw-Pierre-Gervais-Ruth-Becquaert-1152x1536.jpg 1152w, https:\/\/welovecinema.be\/wp-content\/uploads\/sites\/2\/2024\/05\/Koen-De-Bouw-Pierre-Gervais-Ruth-Becquaert-1536x2048.jpg 1536w, https:\/\/welovecinema.be\/wp-content\/uploads\/sites\/2\/2024\/05\/Koen-De-Bouw-Pierre-Gervais-Ruth-Becquaert-scaled.jpg 1920w\" sizes=\"auto, (max-width: 450px) 100vw, 450px\" \/><figcaption id=\"caption-attachment-259088\" class=\"wp-caption-text\">Koen De Bouw, Pierre Gervais et Ruth Becquart<\/figcaption><\/figure>\n<p>Tessa Van den Broeck, joueuse de tennis \u00e9m\u00e9rite qui fait ici ses premiers pas au cin\u00e9ma est encore sur un nuage quand on la croise. Entre l&rsquo;excitation de pr\u00e9senter au monde ce projet incroyable, de partager cette aventure avec des gens qui sont devenus <em>\u00ab\u00a0comme une famille\u00a0\u00bb<\/em>, de d\u00e9couvrir le fascinant petit th\u00e9\u00e2tre cannois, de s&rsquo;exprimer sur l&rsquo;implication de Naomi Osaka qui soutient activement le film, <em>\u00ab\u00a0une h\u00e9ro\u00efne!\u00a0\u00bb<\/em> s&rsquo;exclame-t-elle avec des \u00e9toiles dans les yeux, la jeune femme plane un peu et sourit beaucoup, toute \u00e0 sa joie d&rsquo;\u00eatre l\u00e0 et de vivre intens\u00e9ment le moment pr\u00e9sent. Si elle confie ne pas avoir v\u00e9cu la m\u00eame situation que Julie, elle a pu s&rsquo;appuyer sur la pression psychologique qu&rsquo;elle conna\u00eet en tant que joueuse, des moments o\u00f9 l&rsquo;on peut se sentir d\u00e9pass\u00e9, d\u00e9stabilis\u00e9, o\u00f9 le tennis recentre. <em>\u00ab\u00a0J&rsquo;ai pu m&rsquo;accrocher \u00e0 ce sentiment-l\u00e0\u00a0\u00bb,<\/em> continue-t-elle. Bien s\u00fbr, le cin\u00e9ma \u00e9tait nouveau pour elle, <em>\u00ab\u00a0<span style=\"font-family: -apple-system, BlinkMacSystemFont, 'Segoe UI', Roboto, Oxygen, Oxygen-Sans, Ubuntu, Cantarell, 'Helvetica Neue', 'Open Sans', Arial, sans-serif\">mais on \u00e9tait tr\u00e8s pr\u00e9par\u00e9, Leo a pris le temps de m&rsquo;expliquer comment les choses fonctionnaient, comment nous allions proc\u00e9der, je me suis sentie tr\u00e8s en confiance. C&rsquo;\u00e9tait tr\u00e8s amusant, comme une grande famille aussi. Et puis j&rsquo;ai ador\u00e9 tourn\u00e9 les sc\u00e8nes de tennis en fait!\u00a0\u00bb\u00a0<\/span><\/em><\/p>\n<p>Le cin\u00e9aste ne souhaitait pas n\u00e9cessairement s&rsquo;\u00e9tendre sur ce qu&rsquo;a v\u00e9cu Julie, mais plut\u00f4t sur son pr\u00e9sent. Pierre Gervais explique: <em>\u00ab\u00a0Leo ne m&rsquo;avait pas donn\u00e9 toutes les informations sur l&rsquo;histoire de Julie. Il pr\u00e9f\u00e9rait laisser planer une sorte d&rsquo;opacit\u00e9. Il m&rsquo;a encourag\u00e9 non pas \u00e0 pr\u00e9parer le r\u00f4le en m&rsquo;interrogeant sur son parcours, mais plut\u00f4t \u00e0 \u00eatre attentif \u00e0 son silence, \u00e0 l&rsquo;\u00e9couter.\u00a0\u00bb\u00a0<\/em><\/p>\n<p>On sent aussi \u00e0 les \u00e9couter parler la d\u00e9termination du jeune cin\u00e9aste, son assurance aussi, et la vision tr\u00e8s claire qu&rsquo;il avait d\u00e8s le d\u00e9part de la fa\u00e7on dont il voulait raconter son histoire, m\u00eame si lui recourt \u00e0 des images qu&rsquo;il juge plus \u00ab\u00a0abstraites\u00a0\u00bb:\u00a0 <em>\u00ab\u00a0Parfois je disais que je voulais que le film soit comme un repas japonais, avec des recettes tr\u00e8s pr\u00e9cises mais avec tr\u00e8s peu d&rsquo;ingr\u00e9dients, dont on ressort en se sentant l\u00e9ger, et avec l&rsquo;impression d&rsquo;avoir v\u00e9cu quelque chose de sp\u00e9cial.\u00a0\u00bb<\/em> Le film a \u00e9t\u00e9 tourn\u00e9 en pellicule, ce qui implique une certaine \u00e9conomie dans le nombre de prises, et donc beaucoup de pr\u00e9paration et de r\u00e9p\u00e9titions.<em>\u00ab\u00a0Les r\u00e9p\u00e9titions ont \u00e9t\u00e9 tr\u00e8s b\u00e9n\u00e9fiques pour les jeunes com\u00e9dien\u00b7nes,\u00a0\u00bb<\/em> constate Leonardo,<em> \u00ab\u00a0qui ont pu se familiariser avec le plateau de cin\u00e9ma qu&rsquo;ils rencontraient pour la premi\u00e8re fois. Et puis la pellicule rend le silence de Julie encore plus important, car tout doit \u00eatre tr\u00e8s pr\u00e9cis, tr\u00e8s pr\u00e9par\u00e9. On ne peut pas se permettre de faire dix prises pour voir. Le montage commence d\u00e9j\u00e0 sur le plateau. On ne voulait pas exploiter exag\u00e9r\u00e9ment l&rsquo;aspect dramatique. Chaque larme que l&rsquo;on monte est n\u00e9cessaire.\u00a0\u00bb<\/em><\/p>\n<p>Face \u00e0 une telle m\u00e9canique de pr\u00e9cision, on se demande comment le cin\u00e9aste a pu trouver un exutoire, et on croit avoir la r\u00e9ponse: dans le tennis! Ainsi, avant de reprendre le cours des obligations cannoises, il nous \u00e9claire sur son rapport au tennis, qui est pour lui <em>\u00ab\u00a0comme de la m\u00e9ditation\u00a0\u00bb<\/em>, ce que nous avait d\u00e9j\u00e0 laiss\u00e9 entendre Pierre Gervais, qui a longtemps jou\u00e9 avec lui.<em> \u00ab\u00a0Sur le court, je suis seul avec moi-m\u00eame.\u00a0\u00bb\u00a0<\/em><\/p>\n<p>Un espace d&rsquo;introspection donc, et de r\u00e9flexion qu&rsquo;il a su partager, le temps d&rsquo;un film, avec son h\u00e9ro\u00efne.<\/p>\n<p><em>Julie zwijgt<\/em> sortira en octobre prochain en Belgique.<\/p>\n<p><strong>A LIRE AUSSI<\/strong><\/p>\n<p><a href=\"https:\/\/welovecinema.be\/fr\/julie-zwijgt-to-speak-or-not-to-speak\/\"><em>Julie zwijgt<\/em>: to speak or not to speak<\/a><\/p>\n","protected":false},"excerpt":{"rendered":"<p>Ce samedi avait lieu la premi\u00e8re mondiale du premier long m\u00e9trage de Leonardo van Dijl, Julie zwijgt, pr\u00e9sent\u00e9 en Comp\u00e9titon \u00e0 la Semaine de la Critique. Une projection charg\u00e9e en \u00e9motion, en applaudissements, et bien s\u00fbr, en larmes &#8211; de joie et d&rsquo;\u00e9motion. A l&rsquo;issue de la s\u00e9ance, on a pu croiser l&rsquo;\u00e9quipe du film, &hellip;<\/p>\n","protected":false},"author":343,"featured_media":259084,"comment_status":"closed","ping_status":"closed","sticky":false,"template":"","format":"standard","meta":{"ngg_post_thumbnail":0,"footnotes":""},"categories":[7134,1978],"tags":[],"class_list":["post-259080","post","type-post","status-publish","format-standard","has-post-thumbnail","","category-we-love-belgian-cinema","category-interviews"],"yoast_head":"<!-- This site is optimized with the Yoast SEO plugin v20.4 - https:\/\/yoast.com\/wordpress\/plugins\/seo\/ -->\n<title>Rencontre avec l&#039;\u00e9quipe de &quot;Julie zwijgt&quot; - We Love Cinema<\/title>\n<meta name=\"robots\" content=\"index, follow, max-snippet:-1, max-image-preview:large, max-video-preview:-1\" \/>\n<link rel=\"canonical\" href=\"https:\/\/welovecinema.be\/fr\/rencontre-avec-lequipe-de-julie-zwijgt\/\" \/>\n<meta property=\"og:locale\" content=\"fr_FR\" \/>\n<meta property=\"og:type\" content=\"article\" \/>\n<meta property=\"og:title\" content=\"Rencontre avec l&#039;\u00e9quipe de &quot;Julie zwijgt&quot; - We Love Cinema\" \/>\n<meta property=\"og:description\" content=\"Ce samedi avait lieu la premi\u00e8re mondiale du premier long m\u00e9trage de Leonardo van Dijl, Julie zwijgt, pr\u00e9sent\u00e9 en Comp\u00e9titon \u00e0 la Semaine de la Critique. Une projection charg\u00e9e en \u00e9motion, en applaudissements, et bien s\u00fbr, en larmes &#8211; de joie et d&rsquo;\u00e9motion. A l&rsquo;issue de la s\u00e9ance, on a pu croiser l&rsquo;\u00e9quipe du film, &hellip;\" \/>\n<meta property=\"og:url\" content=\"https:\/\/welovecinema.be\/fr\/rencontre-avec-lequipe-de-julie-zwijgt\/\" \/>\n<meta property=\"og:site_name\" content=\"We Love Cinema\" \/>\n<meta property=\"article:publisher\" content=\"https:\/\/www.facebook.com\/welovecinema.be\" \/>\n<meta property=\"article:published_time\" content=\"2024-05-19T12:38:21+00:00\" \/>\n<meta property=\"article:modified_time\" content=\"2024-05-21T07:43:15+00:00\" \/>\n<meta property=\"og:image\" content=\"https:\/\/welovecinema.be\/wp-content\/uploads\/sites\/2\/2024\/05\/Leonardo-van-dijl-tessa-van-den-broeck.jpg\" \/>\n\t<meta property=\"og:image:width\" content=\"1200\" \/>\n\t<meta property=\"og:image:height\" content=\"600\" \/>\n\t<meta property=\"og:image:type\" content=\"image\/jpeg\" \/>\n<meta name=\"author\" content=\"Aurore Engelen\" \/>\n<meta name=\"twitter:card\" content=\"summary_large_image\" \/>\n<meta name=\"twitter:label1\" content=\"\u00c9crit par\" \/>\n\t<meta name=\"twitter:data1\" content=\"Aurore Engelen\" \/>\n\t<meta name=\"twitter:label2\" content=\"Dur\u00e9e de lecture estim\u00e9e\" \/>\n\t<meta name=\"twitter:data2\" content=\"7 minutes\" \/>\n<script type=\"application\/ld+json\" class=\"yoast-schema-graph\">{\"@context\":\"https:\/\/schema.org\",\"@graph\":[{\"@type\":\"Article\",\"@id\":\"https:\/\/welovecinema.be\/fr\/rencontre-avec-lequipe-de-julie-zwijgt\/#article\",\"isPartOf\":{\"@id\":\"https:\/\/welovecinema.be\/fr\/rencontre-avec-lequipe-de-julie-zwijgt\/\"},\"author\":{\"name\":\"Aurore Engelen\",\"@id\":\"https:\/\/welovecinema.be\/nl\/#\/schema\/person\/8084b68c6b176142d073695c654dc7cf\"},\"headline\":\"Rencontre avec l&rsquo;\u00e9quipe de \u00ab\u00a0Julie zwijgt\u00a0\u00bb\",\"datePublished\":\"2024-05-19T12:38:21+00:00\",\"dateModified\":\"2024-05-21T07:43:15+00:00\",\"mainEntityOfPage\":{\"@id\":\"https:\/\/welovecinema.be\/fr\/rencontre-avec-lequipe-de-julie-zwijgt\/\"},\"wordCount\":1370,\"publisher\":{\"@id\":\"https:\/\/welovecinema.be\/nl\/#organization\"},\"articleSection\":[\"\u00a0We Love Belgian Cinema\",\"Rencontres\"],\"inLanguage\":\"fr-FR\"},{\"@type\":\"WebPage\",\"@id\":\"https:\/\/welovecinema.be\/fr\/rencontre-avec-lequipe-de-julie-zwijgt\/\",\"url\":\"https:\/\/welovecinema.be\/fr\/rencontre-avec-lequipe-de-julie-zwijgt\/\",\"name\":\"Rencontre avec l'\u00e9quipe de \\\"Julie zwijgt\\\" - We Love Cinema\",\"isPartOf\":{\"@id\":\"https:\/\/welovecinema.be\/nl\/#website\"},\"datePublished\":\"2024-05-19T12:38:21+00:00\",\"dateModified\":\"2024-05-21T07:43:15+00:00\",\"breadcrumb\":{\"@id\":\"https:\/\/welovecinema.be\/fr\/rencontre-avec-lequipe-de-julie-zwijgt\/#breadcrumb\"},\"inLanguage\":\"fr-FR\",\"potentialAction\":[{\"@type\":\"ReadAction\",\"target\":[\"https:\/\/welovecinema.be\/fr\/rencontre-avec-lequipe-de-julie-zwijgt\/\"]}]},{\"@type\":\"BreadcrumbList\",\"@id\":\"https:\/\/welovecinema.be\/fr\/rencontre-avec-lequipe-de-julie-zwijgt\/#breadcrumb\",\"itemListElement\":[{\"@type\":\"ListItem\",\"position\":1,\"name\":\"Accueil\",\"item\":\"https:\/\/welovecinema.be\/fr\/\"},{\"@type\":\"ListItem\",\"position\":2,\"name\":\"Rencontre avec l&rsquo;\u00e9quipe de \u00ab\u00a0Julie zwijgt\u00a0\u00bb\"}]},{\"@type\":\"WebSite\",\"@id\":\"https:\/\/welovecinema.be\/nl\/#website\",\"url\":\"https:\/\/welovecinema.be\/nl\/\",\"name\":\"We Love Cinema\",\"description\":\"Toute l\u2019information du cin\u00e9ma en Belgique\",\"publisher\":{\"@id\":\"https:\/\/welovecinema.be\/nl\/#organization\"},\"potentialAction\":[{\"@type\":\"SearchAction\",\"target\":{\"@type\":\"EntryPoint\",\"urlTemplate\":\"https:\/\/welovecinema.be\/nl\/?s={search_term_string}\"},\"query-input\":\"required name=search_term_string\"}],\"inLanguage\":\"fr-FR\"},{\"@type\":\"Organization\",\"@id\":\"https:\/\/welovecinema.be\/nl\/#organization\",\"name\":\"We Love Cinema\",\"url\":\"https:\/\/welovecinema.be\/nl\/\",\"logo\":{\"@type\":\"ImageObject\",\"inLanguage\":\"fr-FR\",\"@id\":\"https:\/\/welovecinema.be\/nl\/#\/schema\/logo\/image\/\",\"url\":\"https:\/\/welovecinema.be\/wp-content\/uploads\/sites\/2\/2023\/03\/Logo-We-Love-Cinema305x128.jpg\",\"contentUrl\":\"https:\/\/welovecinema.be\/wp-content\/uploads\/sites\/2\/2023\/03\/Logo-We-Love-Cinema305x128.jpg\",\"width\":305,\"height\":128,\"caption\":\"We Love Cinema\"},\"image\":{\"@id\":\"https:\/\/welovecinema.be\/nl\/#\/schema\/logo\/image\/\"},\"sameAs\":[\"https:\/\/www.facebook.com\/welovecinema.be\",\"https:\/\/www.youtube.com\/channel\/UCX5LYGVhnKvYauW4Nta4HJA\",\"https:\/\/www.instagram.com\/welovecinema.be\/\"]},{\"@type\":\"Person\",\"@id\":\"https:\/\/welovecinema.be\/nl\/#\/schema\/person\/8084b68c6b176142d073695c654dc7cf\",\"name\":\"Aurore Engelen\",\"url\":\"https:\/\/welovecinema.be\/fr\/author\/aurore-engelen\/\"}]}<\/script>\n<!-- \/ Yoast SEO plugin. -->","yoast_head_json":{"title":"Rencontre avec l'\u00e9quipe de \"Julie zwijgt\" - We Love Cinema","robots":{"index":"index","follow":"follow","max-snippet":"max-snippet:-1","max-image-preview":"max-image-preview:large","max-video-preview":"max-video-preview:-1"},"canonical":"https:\/\/welovecinema.be\/fr\/rencontre-avec-lequipe-de-julie-zwijgt\/","og_locale":"fr_FR","og_type":"article","og_title":"Rencontre avec l'\u00e9quipe de \"Julie zwijgt\" - We Love Cinema","og_description":"Ce samedi avait lieu la premi\u00e8re mondiale du premier long m\u00e9trage de Leonardo van Dijl, Julie zwijgt, pr\u00e9sent\u00e9 en Comp\u00e9titon \u00e0 la Semaine de la Critique. Une projection charg\u00e9e en \u00e9motion, en applaudissements, et bien s\u00fbr, en larmes &#8211; de joie et d&rsquo;\u00e9motion. A l&rsquo;issue de la s\u00e9ance, on a pu croiser l&rsquo;\u00e9quipe du film, &hellip;","og_url":"https:\/\/welovecinema.be\/fr\/rencontre-avec-lequipe-de-julie-zwijgt\/","og_site_name":"We Love Cinema","article_publisher":"https:\/\/www.facebook.com\/welovecinema.be","article_published_time":"2024-05-19T12:38:21+00:00","article_modified_time":"2024-05-21T07:43:15+00:00","og_image":[{"width":1200,"height":600,"url":"https:\/\/welovecinema.be\/wp-content\/uploads\/sites\/2\/2024\/05\/Leonardo-van-dijl-tessa-van-den-broeck.jpg","type":"image\/jpeg"}],"author":"Aurore Engelen","twitter_card":"summary_large_image","twitter_misc":{"\u00c9crit par":"Aurore Engelen","Dur\u00e9e de lecture estim\u00e9e":"7 minutes"},"schema":{"@context":"https:\/\/schema.org","@graph":[{"@type":"Article","@id":"https:\/\/welovecinema.be\/fr\/rencontre-avec-lequipe-de-julie-zwijgt\/#article","isPartOf":{"@id":"https:\/\/welovecinema.be\/fr\/rencontre-avec-lequipe-de-julie-zwijgt\/"},"author":{"name":"Aurore Engelen","@id":"https:\/\/welovecinema.be\/nl\/#\/schema\/person\/8084b68c6b176142d073695c654dc7cf"},"headline":"Rencontre avec l&rsquo;\u00e9quipe de \u00ab\u00a0Julie zwijgt\u00a0\u00bb","datePublished":"2024-05-19T12:38:21+00:00","dateModified":"2024-05-21T07:43:15+00:00","mainEntityOfPage":{"@id":"https:\/\/welovecinema.be\/fr\/rencontre-avec-lequipe-de-julie-zwijgt\/"},"wordCount":1370,"publisher":{"@id":"https:\/\/welovecinema.be\/nl\/#organization"},"articleSection":["\u00a0We Love Belgian Cinema","Rencontres"],"inLanguage":"fr-FR"},{"@type":"WebPage","@id":"https:\/\/welovecinema.be\/fr\/rencontre-avec-lequipe-de-julie-zwijgt\/","url":"https:\/\/welovecinema.be\/fr\/rencontre-avec-lequipe-de-julie-zwijgt\/","name":"Rencontre avec l'\u00e9quipe de \"Julie zwijgt\" - We Love Cinema","isPartOf":{"@id":"https:\/\/welovecinema.be\/nl\/#website"},"datePublished":"2024-05-19T12:38:21+00:00","dateModified":"2024-05-21T07:43:15+00:00","breadcrumb":{"@id":"https:\/\/welovecinema.be\/fr\/rencontre-avec-lequipe-de-julie-zwijgt\/#breadcrumb"},"inLanguage":"fr-FR","potentialAction":[{"@type":"ReadAction","target":["https:\/\/welovecinema.be\/fr\/rencontre-avec-lequipe-de-julie-zwijgt\/"]}]},{"@type":"BreadcrumbList","@id":"https:\/\/welovecinema.be\/fr\/rencontre-avec-lequipe-de-julie-zwijgt\/#breadcrumb","itemListElement":[{"@type":"ListItem","position":1,"name":"Accueil","item":"https:\/\/welovecinema.be\/fr\/"},{"@type":"ListItem","position":2,"name":"Rencontre avec l&rsquo;\u00e9quipe de \u00ab\u00a0Julie zwijgt\u00a0\u00bb"}]},{"@type":"WebSite","@id":"https:\/\/welovecinema.be\/nl\/#website","url":"https:\/\/welovecinema.be\/nl\/","name":"We Love Cinema","description":"Toute l\u2019information du cin\u00e9ma en Belgique","publisher":{"@id":"https:\/\/welovecinema.be\/nl\/#organization"},"potentialAction":[{"@type":"SearchAction","target":{"@type":"EntryPoint","urlTemplate":"https:\/\/welovecinema.be\/nl\/?s={search_term_string}"},"query-input":"required name=search_term_string"}],"inLanguage":"fr-FR"},{"@type":"Organization","@id":"https:\/\/welovecinema.be\/nl\/#organization","name":"We Love Cinema","url":"https:\/\/welovecinema.be\/nl\/","logo":{"@type":"ImageObject","inLanguage":"fr-FR","@id":"https:\/\/welovecinema.be\/nl\/#\/schema\/logo\/image\/","url":"https:\/\/welovecinema.be\/wp-content\/uploads\/sites\/2\/2023\/03\/Logo-We-Love-Cinema305x128.jpg","contentUrl":"https:\/\/welovecinema.be\/wp-content\/uploads\/sites\/2\/2023\/03\/Logo-We-Love-Cinema305x128.jpg","width":305,"height":128,"caption":"We Love Cinema"},"image":{"@id":"https:\/\/welovecinema.be\/nl\/#\/schema\/logo\/image\/"},"sameAs":["https:\/\/www.facebook.com\/welovecinema.be","https:\/\/www.youtube.com\/channel\/UCX5LYGVhnKvYauW4Nta4HJA","https:\/\/www.instagram.com\/welovecinema.be\/"]},{"@type":"Person","@id":"https:\/\/welovecinema.be\/nl\/#\/schema\/person\/8084b68c6b176142d073695c654dc7cf","name":"Aurore Engelen","url":"https:\/\/welovecinema.be\/fr\/author\/aurore-engelen\/"}]}},"_links":{"self":[{"href":"https:\/\/welovecinema.be\/fr\/wp-json\/wp\/v2\/posts\/259080","targetHints":{"allow":["GET"]}}],"collection":[{"href":"https:\/\/welovecinema.be\/fr\/wp-json\/wp\/v2\/posts"}],"about":[{"href":"https:\/\/welovecinema.be\/fr\/wp-json\/wp\/v2\/types\/post"}],"author":[{"embeddable":true,"href":"https:\/\/welovecinema.be\/fr\/wp-json\/wp\/v2\/users\/343"}],"replies":[{"embeddable":true,"href":"https:\/\/welovecinema.be\/fr\/wp-json\/wp\/v2\/comments?post=259080"}],"version-history":[{"count":4,"href":"https:\/\/welovecinema.be\/fr\/wp-json\/wp\/v2\/posts\/259080\/revisions"}],"predecessor-version":[{"id":259091,"href":"https:\/\/welovecinema.be\/fr\/wp-json\/wp\/v2\/posts\/259080\/revisions\/259091"}],"wp:featuredmedia":[{"embeddable":true,"href":"https:\/\/welovecinema.be\/fr\/wp-json\/wp\/v2\/media\/259084"}],"wp:attachment":[{"href":"https:\/\/welovecinema.be\/fr\/wp-json\/wp\/v2\/media?parent=259080"}],"wp:term":[{"taxonomy":"category","embeddable":true,"href":"https:\/\/welovecinema.be\/fr\/wp-json\/wp\/v2\/categories?post=259080"},{"taxonomy":"post_tag","embeddable":true,"href":"https:\/\/welovecinema.be\/fr\/wp-json\/wp\/v2\/tags?post=259080"}],"curies":[{"name":"wp","href":"https:\/\/api.w.org\/{rel}","templated":true}]}}