{"id":258762,"date":"2024-04-25T09:13:18","date_gmt":"2024-04-25T07:13:18","guid":{"rendered":"https:\/\/welovecinema.be\/?p=258762"},"modified":"2024-04-25T09:13:18","modified_gmt":"2024-04-25T07:13:18","slug":"tom-holland-confirme-un-spider-man-4","status":"publish","type":"post","link":"https:\/\/welovecinema.be\/fr\/tom-holland-confirme-un-spider-man-4\/","title":{"rendered":"Tom Holland confirme un \u00ab\u00a0Spider-Man 4\u00a0\u00bb"},"content":{"rendered":"<p><strong>Pas encore de date de sortie, l\u2019histoire \u00e9tant pour le moment en d\u00e9veloppement. Mais Tom Holland est \u00ab\u00a0<em>tr\u00e8s impliqu\u00e9\u00a0<\/em>\u00bb dans le projet.<\/strong><\/p>\n<p>Il vient de le confirmer sans ambigu\u00eft\u00e9 dans une interview: \u00ab\u00a0<em>La r\u00e9ponse simple, c\u2019est oui, je vais revenir. J\u2019aurai\u00a0toujours envie de faire des films <\/em>Spider-Man<em>. Je dois ma vie et ma carri\u00e8re \u00e0 <\/em>Spider-Man<em>.<\/em><em> Donc, j\u2019aurai toujours envie d\u2019en faire plus. <\/em><em>Nous avons les meilleurs gars de l\u2018industrie qui travaillent sur l\u2019histoire de <\/em>Spider-Man 4<em> en<\/em><em> ce moment. Mais jusqu\u2019\u00e0 ce que nous ayons trouv\u00e9 la bonne histoire \u00e0 raconter, nous avons un h\u00e9ritage \u00e0 prot\u00e9ger. Le troisi\u00e8me film \u00e9tait si sp\u00e9cial \u00e0 bien des \u00e9gards, que nous devons nous assurer de faire les bons choix. C\u2019est la premi\u00e8re fois que je participe \u00e0 la cr\u00e9ation si t\u00f4t. C\u2019est juste un processus o\u00f9 j\u2019observe et j\u2019apprends. C\u2019est amusant pour moi de voir tout \u00e7a. En r\u00e9sum\u00e9<\/em>: t<em>out le monde veut que le film se fasse. Mais nous devons nous assurer de ne pas simplement refaire les m\u00eames choses en plus excessif.\u00a0\u00bb<\/em><\/p>\n<p>D\u00e9but du tournage normalement cette ann\u00e9e encore, on vous tient au courant\u2026<\/p>\n","protected":false},"excerpt":{"rendered":"<p>Pas encore de date de sortie, l\u2019histoire \u00e9tant pour le moment en d\u00e9veloppement. Mais Tom Holland est \u00ab\u00a0tr\u00e8s impliqu\u00e9\u00a0\u00bb dans le projet. Il vient de le confirmer sans ambigu\u00eft\u00e9 dans une interview: \u00ab\u00a0La r\u00e9ponse simple, c\u2019est oui, je vais revenir. J\u2019aurai\u00a0toujours envie de faire des films Spider-Man. Je dois ma vie et ma carri\u00e8re \u00e0 &hellip;<\/p>\n","protected":false},"author":358,"featured_media":258744,"comment_status":"closed","ping_status":"closed","sticky":false,"template":"","format":"standard","meta":{"ngg_post_thumbnail":0,"footnotes":""},"categories":[7135,7],"tags":[],"class_list":["post-258762","post","type-post","status-publish","format-standard","has-post-thumbnail","","category-we-love-worldwide","category-actualites"],"yoast_head":"<!-- This site is optimized with the Yoast SEO plugin v20.4 - https:\/\/yoast.com\/wordpress\/plugins\/seo\/ -->\n<title>Tom Holland confirme un \u00ab\u00a0Spider-Man 4\u00a0\u00bb - We Love Cinema<\/title>\n<meta name=\"robots\" content=\"index, follow, max-snippet:-1, max-image-preview:large, max-video-preview:-1\" \/>\n<link rel=\"canonical\" href=\"https:\/\/welovecinema.be\/fr\/tom-holland-confirme-un-spider-man-4\/\" \/>\n<meta property=\"og:locale\" content=\"fr_FR\" \/>\n<meta property=\"og:type\" content=\"article\" \/>\n<meta property=\"og:title\" content=\"Tom Holland confirme un \u00ab\u00a0Spider-Man 4\u00a0\u00bb - We Love Cinema\" \/>\n<meta property=\"og:description\" content=\"Pas encore de date de sortie, l\u2019histoire \u00e9tant pour le moment en d\u00e9veloppement. Mais Tom Holland est \u00ab\u00a0tr\u00e8s impliqu\u00e9\u00a0\u00bb dans le projet. Il vient de le confirmer sans ambigu\u00eft\u00e9 dans une interview: \u00ab\u00a0La r\u00e9ponse simple, c\u2019est oui, je vais revenir. J\u2019aurai\u00a0toujours envie de faire des films Spider-Man. Je dois ma vie et ma carri\u00e8re \u00e0 &hellip;\" \/>\n<meta property=\"og:url\" content=\"https:\/\/welovecinema.be\/fr\/tom-holland-confirme-un-spider-man-4\/\" \/>\n<meta property=\"og:site_name\" content=\"We Love Cinema\" \/>\n<meta property=\"article:publisher\" content=\"https:\/\/www.facebook.com\/welovecinema.be\" \/>\n<meta property=\"article:published_time\" content=\"2024-04-25T07:13:18+00:00\" \/>\n<meta property=\"og:image\" content=\"https:\/\/welovecinema.be\/wp-content\/uploads\/sites\/2\/2024\/04\/spider-man.jpg\" \/>\n\t<meta property=\"og:image:width\" content=\"770\" \/>\n\t<meta property=\"og:image:height\" content=\"433\" \/>\n\t<meta property=\"og:image:type\" content=\"image\/jpeg\" \/>\n<meta name=\"author\" content=\"fred\" \/>\n<meta name=\"twitter:card\" content=\"summary_large_image\" \/>\n<meta name=\"twitter:label1\" content=\"\u00c9crit par\" \/>\n\t<meta name=\"twitter:data1\" content=\"fred\" \/>\n\t<meta name=\"twitter:label2\" content=\"Dur\u00e9e de lecture estim\u00e9e\" \/>\n\t<meta name=\"twitter:data2\" content=\"1 minute\" \/>\n<script type=\"application\/ld+json\" class=\"yoast-schema-graph\">{\"@context\":\"https:\/\/schema.org\",\"@graph\":[{\"@type\":\"Article\",\"@id\":\"https:\/\/welovecinema.be\/fr\/tom-holland-confirme-un-spider-man-4\/#article\",\"isPartOf\":{\"@id\":\"https:\/\/welovecinema.be\/fr\/tom-holland-confirme-un-spider-man-4\/\"},\"author\":{\"name\":\"fred\",\"@id\":\"https:\/\/welovecinema.be\/nl\/#\/schema\/person\/7620619142b6dd3c9aa19e9210ad5bd5\"},\"headline\":\"Tom Holland confirme un \u00ab\u00a0Spider-Man 4\u00a0\u00bb\",\"datePublished\":\"2024-04-25T07:13:18+00:00\",\"dateModified\":\"2024-04-25T07:13:18+00:00\",\"mainEntityOfPage\":{\"@id\":\"https:\/\/welovecinema.be\/fr\/tom-holland-confirme-un-spider-man-4\/\"},\"wordCount\":213,\"publisher\":{\"@id\":\"https:\/\/welovecinema.be\/nl\/#organization\"},\"articleSection\":[\"\u00a0We Love Worldwide Cinema\",\"News\"],\"inLanguage\":\"fr-FR\"},{\"@type\":\"WebPage\",\"@id\":\"https:\/\/welovecinema.be\/fr\/tom-holland-confirme-un-spider-man-4\/\",\"url\":\"https:\/\/welovecinema.be\/fr\/tom-holland-confirme-un-spider-man-4\/\",\"name\":\"Tom Holland confirme un \u00ab\u00a0Spider-Man 4\u00a0\u00bb - We Love Cinema\",\"isPartOf\":{\"@id\":\"https:\/\/welovecinema.be\/nl\/#website\"},\"datePublished\":\"2024-04-25T07:13:18+00:00\",\"dateModified\":\"2024-04-25T07:13:18+00:00\",\"breadcrumb\":{\"@id\":\"https:\/\/welovecinema.be\/fr\/tom-holland-confirme-un-spider-man-4\/#breadcrumb\"},\"inLanguage\":\"fr-FR\",\"potentialAction\":[{\"@type\":\"ReadAction\",\"target\":[\"https:\/\/welovecinema.be\/fr\/tom-holland-confirme-un-spider-man-4\/\"]}]},{\"@type\":\"BreadcrumbList\",\"@id\":\"https:\/\/welovecinema.be\/fr\/tom-holland-confirme-un-spider-man-4\/#breadcrumb\",\"itemListElement\":[{\"@type\":\"ListItem\",\"position\":1,\"name\":\"Accueil\",\"item\":\"https:\/\/welovecinema.be\/fr\/\"},{\"@type\":\"ListItem\",\"position\":2,\"name\":\"Tom Holland confirme un \u00ab\u00a0Spider-Man 4\u00a0\u00bb\"}]},{\"@type\":\"WebSite\",\"@id\":\"https:\/\/welovecinema.be\/nl\/#website\",\"url\":\"https:\/\/welovecinema.be\/nl\/\",\"name\":\"We Love Cinema\",\"description\":\"Toute l\u2019information du cin\u00e9ma en Belgique\",\"publisher\":{\"@id\":\"https:\/\/welovecinema.be\/nl\/#organization\"},\"potentialAction\":[{\"@type\":\"SearchAction\",\"target\":{\"@type\":\"EntryPoint\",\"urlTemplate\":\"https:\/\/welovecinema.be\/nl\/?s={search_term_string}\"},\"query-input\":\"required name=search_term_string\"}],\"inLanguage\":\"fr-FR\"},{\"@type\":\"Organization\",\"@id\":\"https:\/\/welovecinema.be\/nl\/#organization\",\"name\":\"We Love Cinema\",\"url\":\"https:\/\/welovecinema.be\/nl\/\",\"logo\":{\"@type\":\"ImageObject\",\"inLanguage\":\"fr-FR\",\"@id\":\"https:\/\/welovecinema.be\/nl\/#\/schema\/logo\/image\/\",\"url\":\"https:\/\/welovecinema.be\/wp-content\/uploads\/sites\/2\/2023\/03\/Logo-We-Love-Cinema305x128.jpg\",\"contentUrl\":\"https:\/\/welovecinema.be\/wp-content\/uploads\/sites\/2\/2023\/03\/Logo-We-Love-Cinema305x128.jpg\",\"width\":305,\"height\":128,\"caption\":\"We Love Cinema\"},\"image\":{\"@id\":\"https:\/\/welovecinema.be\/nl\/#\/schema\/logo\/image\/\"},\"sameAs\":[\"https:\/\/www.facebook.com\/welovecinema.be\",\"https:\/\/www.youtube.com\/channel\/UCX5LYGVhnKvYauW4Nta4HJA\",\"https:\/\/www.instagram.com\/welovecinema.be\/\"]},{\"@type\":\"Person\",\"@id\":\"https:\/\/welovecinema.be\/nl\/#\/schema\/person\/7620619142b6dd3c9aa19e9210ad5bd5\",\"name\":\"fred\",\"url\":\"https:\/\/welovecinema.be\/fr\/author\/fred\/\"}]}<\/script>\n<!-- \/ Yoast SEO plugin. -->","yoast_head_json":{"title":"Tom Holland confirme un \u00ab\u00a0Spider-Man 4\u00a0\u00bb - We Love Cinema","robots":{"index":"index","follow":"follow","max-snippet":"max-snippet:-1","max-image-preview":"max-image-preview:large","max-video-preview":"max-video-preview:-1"},"canonical":"https:\/\/welovecinema.be\/fr\/tom-holland-confirme-un-spider-man-4\/","og_locale":"fr_FR","og_type":"article","og_title":"Tom Holland confirme un \u00ab\u00a0Spider-Man 4\u00a0\u00bb - We Love Cinema","og_description":"Pas encore de date de sortie, l\u2019histoire \u00e9tant pour le moment en d\u00e9veloppement. Mais Tom Holland est \u00ab\u00a0tr\u00e8s impliqu\u00e9\u00a0\u00bb dans le projet. Il vient de le confirmer sans ambigu\u00eft\u00e9 dans une interview: \u00ab\u00a0La r\u00e9ponse simple, c\u2019est oui, je vais revenir. J\u2019aurai\u00a0toujours envie de faire des films Spider-Man. Je dois ma vie et ma carri\u00e8re \u00e0 &hellip;","og_url":"https:\/\/welovecinema.be\/fr\/tom-holland-confirme-un-spider-man-4\/","og_site_name":"We Love Cinema","article_publisher":"https:\/\/www.facebook.com\/welovecinema.be","article_published_time":"2024-04-25T07:13:18+00:00","og_image":[{"width":770,"height":433,"url":"https:\/\/welovecinema.be\/wp-content\/uploads\/sites\/2\/2024\/04\/spider-man.jpg","type":"image\/jpeg"}],"author":"fred","twitter_card":"summary_large_image","twitter_misc":{"\u00c9crit par":"fred","Dur\u00e9e de lecture estim\u00e9e":"1 minute"},"schema":{"@context":"https:\/\/schema.org","@graph":[{"@type":"Article","@id":"https:\/\/welovecinema.be\/fr\/tom-holland-confirme-un-spider-man-4\/#article","isPartOf":{"@id":"https:\/\/welovecinema.be\/fr\/tom-holland-confirme-un-spider-man-4\/"},"author":{"name":"fred","@id":"https:\/\/welovecinema.be\/nl\/#\/schema\/person\/7620619142b6dd3c9aa19e9210ad5bd5"},"headline":"Tom Holland confirme un \u00ab\u00a0Spider-Man 4\u00a0\u00bb","datePublished":"2024-04-25T07:13:18+00:00","dateModified":"2024-04-25T07:13:18+00:00","mainEntityOfPage":{"@id":"https:\/\/welovecinema.be\/fr\/tom-holland-confirme-un-spider-man-4\/"},"wordCount":213,"publisher":{"@id":"https:\/\/welovecinema.be\/nl\/#organization"},"articleSection":["\u00a0We Love Worldwide Cinema","News"],"inLanguage":"fr-FR"},{"@type":"WebPage","@id":"https:\/\/welovecinema.be\/fr\/tom-holland-confirme-un-spider-man-4\/","url":"https:\/\/welovecinema.be\/fr\/tom-holland-confirme-un-spider-man-4\/","name":"Tom Holland confirme un \u00ab\u00a0Spider-Man 4\u00a0\u00bb - We Love Cinema","isPartOf":{"@id":"https:\/\/welovecinema.be\/nl\/#website"},"datePublished":"2024-04-25T07:13:18+00:00","dateModified":"2024-04-25T07:13:18+00:00","breadcrumb":{"@id":"https:\/\/welovecinema.be\/fr\/tom-holland-confirme-un-spider-man-4\/#breadcrumb"},"inLanguage":"fr-FR","potentialAction":[{"@type":"ReadAction","target":["https:\/\/welovecinema.be\/fr\/tom-holland-confirme-un-spider-man-4\/"]}]},{"@type":"BreadcrumbList","@id":"https:\/\/welovecinema.be\/fr\/tom-holland-confirme-un-spider-man-4\/#breadcrumb","itemListElement":[{"@type":"ListItem","position":1,"name":"Accueil","item":"https:\/\/welovecinema.be\/fr\/"},{"@type":"ListItem","position":2,"name":"Tom Holland confirme un \u00ab\u00a0Spider-Man 4\u00a0\u00bb"}]},{"@type":"WebSite","@id":"https:\/\/welovecinema.be\/nl\/#website","url":"https:\/\/welovecinema.be\/nl\/","name":"We Love Cinema","description":"Toute l\u2019information du cin\u00e9ma en Belgique","publisher":{"@id":"https:\/\/welovecinema.be\/nl\/#organization"},"potentialAction":[{"@type":"SearchAction","target":{"@type":"EntryPoint","urlTemplate":"https:\/\/welovecinema.be\/nl\/?s={search_term_string}"},"query-input":"required name=search_term_string"}],"inLanguage":"fr-FR"},{"@type":"Organization","@id":"https:\/\/welovecinema.be\/nl\/#organization","name":"We Love Cinema","url":"https:\/\/welovecinema.be\/nl\/","logo":{"@type":"ImageObject","inLanguage":"fr-FR","@id":"https:\/\/welovecinema.be\/nl\/#\/schema\/logo\/image\/","url":"https:\/\/welovecinema.be\/wp-content\/uploads\/sites\/2\/2023\/03\/Logo-We-Love-Cinema305x128.jpg","contentUrl":"https:\/\/welovecinema.be\/wp-content\/uploads\/sites\/2\/2023\/03\/Logo-We-Love-Cinema305x128.jpg","width":305,"height":128,"caption":"We Love Cinema"},"image":{"@id":"https:\/\/welovecinema.be\/nl\/#\/schema\/logo\/image\/"},"sameAs":["https:\/\/www.facebook.com\/welovecinema.be","https:\/\/www.youtube.com\/channel\/UCX5LYGVhnKvYauW4Nta4HJA","https:\/\/www.instagram.com\/welovecinema.be\/"]},{"@type":"Person","@id":"https:\/\/welovecinema.be\/nl\/#\/schema\/person\/7620619142b6dd3c9aa19e9210ad5bd5","name":"fred","url":"https:\/\/welovecinema.be\/fr\/author\/fred\/"}]}},"_links":{"self":[{"href":"https:\/\/welovecinema.be\/fr\/wp-json\/wp\/v2\/posts\/258762","targetHints":{"allow":["GET"]}}],"collection":[{"href":"https:\/\/welovecinema.be\/fr\/wp-json\/wp\/v2\/posts"}],"about":[{"href":"https:\/\/welovecinema.be\/fr\/wp-json\/wp\/v2\/types\/post"}],"author":[{"embeddable":true,"href":"https:\/\/welovecinema.be\/fr\/wp-json\/wp\/v2\/users\/358"}],"replies":[{"embeddable":true,"href":"https:\/\/welovecinema.be\/fr\/wp-json\/wp\/v2\/comments?post=258762"}],"version-history":[{"count":1,"href":"https:\/\/welovecinema.be\/fr\/wp-json\/wp\/v2\/posts\/258762\/revisions"}],"predecessor-version":[{"id":258763,"href":"https:\/\/welovecinema.be\/fr\/wp-json\/wp\/v2\/posts\/258762\/revisions\/258763"}],"wp:featuredmedia":[{"embeddable":true,"href":"https:\/\/welovecinema.be\/fr\/wp-json\/wp\/v2\/media\/258744"}],"wp:attachment":[{"href":"https:\/\/welovecinema.be\/fr\/wp-json\/wp\/v2\/media?parent=258762"}],"wp:term":[{"taxonomy":"category","embeddable":true,"href":"https:\/\/welovecinema.be\/fr\/wp-json\/wp\/v2\/categories?post=258762"},{"taxonomy":"post_tag","embeddable":true,"href":"https:\/\/welovecinema.be\/fr\/wp-json\/wp\/v2\/tags?post=258762"}],"curies":[{"name":"wp","href":"https:\/\/api.w.org\/{rel}","templated":true}]}}