{"id":258647,"date":"2024-04-22T11:12:03","date_gmt":"2024-04-22T09:12:03","guid":{"rendered":"https:\/\/welovecinema.be\/?p=258647"},"modified":"2024-04-25T11:31:32","modified_gmt":"2024-04-25T09:31:32","slug":"sur-le-tournage-de-filles-du-ciel","status":"publish","type":"post","link":"https:\/\/welovecinema.be\/fr\/sur-le-tournage-de-filles-du-ciel\/","title":{"rendered":"Sur le tournage de&#8230; \u00ab\u00a0Filles du ciel\u00a0\u00bb"},"content":{"rendered":"<p><strong>Le 4 avril dernier s&rsquo;est achev\u00e9 le tournage de <em>Filles du Ciel<\/em>, le premier long m\u00e9trage de la cin\u00e9aste et com\u00e9dienne belge B\u00e9rang\u00e8re McNeese.<\/strong><\/p>\n<p>Remarqu\u00e9e avec ses courts m\u00e9trages, <em>Le Sommeil des Amazones, Les Corps Purs<\/em>, et surtout <em>Matriochkas<\/em> (qui lui vaut le Magritte du Meilleur court m\u00e9trage en 2020), et vue sur tous les \u00e9crans r\u00e9cemment, aussi bien au cin\u00e9ma dans <em>Ailleurs si j&rsquo;y suis<\/em> de Fran\u00e7ois Pirot que sur les plateformes (<em>Braqueurs<\/em> sur Netflix) ou \u00e0 la t\u00e9l\u00e9vision (inoubliable Linda dans <em>Des gens bien<\/em> diffus\u00e9 sur Arte et la RTBF, elle est aussi de la tr\u00e8s appr\u00e9ci\u00e9e bande de <em>HPI<\/em> sur TF1, et sera bient\u00f4t dans <em>Terminal<\/em>, la sitcom new generation de Jamel Debbouze sur Canal +), elle s&rsquo;essaie donc au format long avec ce projet qui s&rsquo;inscrit avec fluidit\u00e9 dans les th\u00e9matiques qui la travaillent.<\/p>\n<p>On la rencontre quelques jours apr\u00e8s le clap de fin, alors qu&rsquo;elle vient de d\u00e9buter le montage du film. Et pour commencer, on lui demande de quoi parle le film&#8230; <em>\u00ab\u00a0Je dirais que c&rsquo;est le coming-of-age d&rsquo;une jeune fille en pleine fugue, aupr\u00e8s de jeunes femmes un peu plus \u00e2g\u00e9es qu&rsquo;elle. Ca parle de sororit\u00e9, mais \u00e7a questionne aussi le groupe dans ce qu&rsquo;il peut avoir de merveilleux et soutenant, mais de dangereux aussi. C&rsquo;est une histoire de reconstruction, on s&rsquo;y demande comment faire pour avancer si on d\u00e9cide de rester en guerre.\u00a0\u00bb<\/em><\/p>\n<figure id=\"attachment_258708\" aria-describedby=\"caption-attachment-258708\" style=\"width: 618px\" class=\"wp-caption alignnone\"><img loading=\"lazy\" decoding=\"async\" class=\"size-large wp-image-258708\" src=\"https:\/\/welovecinema.be\/wp-content\/uploads\/sites\/2\/2024\/04\/TournageFillesDuCiel-800x513.jpg\" alt=\"Filles du Ciel\" width=\"618\" height=\"396\" srcset=\"https:\/\/welovecinema.be\/wp-content\/uploads\/sites\/2\/2024\/04\/TournageFillesDuCiel-800x513.jpg 800w, https:\/\/welovecinema.be\/wp-content\/uploads\/sites\/2\/2024\/04\/TournageFillesDuCiel-421x270.jpg 421w, https:\/\/welovecinema.be\/wp-content\/uploads\/sites\/2\/2024\/04\/TournageFillesDuCiel-768x492.jpg 768w, https:\/\/welovecinema.be\/wp-content\/uploads\/sites\/2\/2024\/04\/TournageFillesDuCiel-1536x984.jpg 1536w, https:\/\/welovecinema.be\/wp-content\/uploads\/sites\/2\/2024\/04\/TournageFillesDuCiel-2048x1312.jpg 2048w\" sizes=\"auto, (max-width: 618px) 100vw, 618px\" \/><figcaption id=\"caption-attachment-258708\" class=\"wp-caption-text\">Shirel Nataf, H\u00e9lo\u00efse Volle et B\u00e9rang\u00e8re McNeese (Photo: Kris Dewitte)<\/figcaption><\/figure>\n<p>L&rsquo;histoire du film, c&rsquo;est celle d&rsquo;H\u00e9lo\u00efse, qui une nuit se retrouve seule dans une ville qui n\u2019est pas la sienne et n\u2019a nulle part o\u00f9 aller. Elle fait la rencontre de Mallorie, qui la ram\u00e8ne chez elle, o\u00f9 elle vit d\u00e9j\u00e0 avec une petite fille et deux autres jeunes femmes. Elles forment une tribu, o\u00f9 tout est partag\u00e9 et se prot\u00e8gent les unes et les autres. Mais l\u2019omerta sur leurs blessures pass\u00e9es p\u00e8se de plus en plus lourd sur ces femmes si solides et pourtant si fragiles.<\/p>\n<p><em> \u00ab\u00a0Le film parle aussi de col\u00e8re,<\/em> poursuit B\u00e9rang\u00e8re McNeese. <em>\u00c7a se passe dans le monde de la nuit, que je connais pour y avoir travaill\u00e9, o\u00f9 le rapport d&rsquo;une jeune femme \u00e0 son corps est fondamental. Il y a encore une vraie marchandisation de la s\u00e9duction et des femmes dans ce milieu. Quand j&rsquo;ai commenc\u00e9 \u00e0 bosser en bo\u00eete de nuit, je trouvais \u00e7a hyper lib\u00e9rateur, j&rsquo;avais l&rsquo;impression de pouvoir y porter le masque que je voulais, de pouvoir m&rsquo;y affranchir. En m\u00eame temps, avec le recul, je jouais beaucoup avec les codes de la s\u00e9duction et de la f\u00e9minit\u00e9, pour en faire une monnaie d&rsquo;\u00e9change dans mon int\u00e9r\u00eat. C&rsquo;est ce qui fascine H\u00e9lo\u00efse chez les filles, c&rsquo;est qu&rsquo;elles ont ing\u00e9r\u00e9 les codes pour les utiliser \u00e0 leur propre avantage. C&rsquo;est peut-\u00eatre un peu cynique, mais c&rsquo;est aussi une vraie force, dans une qu\u00eate d&rsquo;ind\u00e9pendance. Et puis la bo\u00eete de nuit, c&rsquo;est une pi\u00e8ce qui offre un \u00e9cho monumental \u00e0 leur col\u00e8re. Elles sont dans un mouvement paradoxal o\u00f9 elles se jouent de ces codes sans pour autant s&rsquo;en d\u00e9faire.\u00a0\u00bb<\/em><\/p>\n<p>Ce groupe de jeunes femmes \u00e9tait d\u00e9j\u00e0 un motif fort dans le premier film de la cin\u00e9aste,<em> Le Sommeil des Amazones<\/em>, qui trouve ici un \u00e9cho, influenc\u00e9 par l&rsquo;\u00e9volution \u00e0 grande vitesse que conna\u00eet la soci\u00e9t\u00e9 sur ces th\u00e9matiques qui passionnent la cin\u00e9aste: <em>\u00ab\u00a0il y a clairement des sujets charni\u00e8res pour moi, et les traiter sur le temps long, avec les ann\u00e9es qui passent, mon \u00e9volution comme celle de la soci\u00e9t\u00e9, c&rsquo;est passionnant. J&rsquo;ai d&rsquo;ailleurs beaucoup r\u00e9\u00e9crit le film, pour me sentir plus en phase. Le regard de la soci\u00e9t\u00e9 sur ces sujets-l\u00e0 change en permanence, tu ne peux pas \u00eatre en retard, ou dire quelque chose qui a d\u00e9j\u00e0 \u00e9t\u00e9 dit. Aujourd&rsquo;hui, c&rsquo;est surement plus int\u00e9ressant de parler d&rsquo;apr\u00e8s la col\u00e8re, comment on fait pour vivre ensemble.\u00a0\u00bb<\/em><\/p>\n<p>Un autre \u00e9cho puissant \u00e0 la filmographie pass\u00e9e de la r\u00e9alisatrice s&rsquo;incarne \u00e0 travers le personnage d&rsquo;H\u00e9lo\u00efse. Ce n&rsquo;est pas un hasard si le personnage porte le m\u00eame nom que son actrice, H\u00e9lo\u00efse Volle, qui \u00e9tait d\u00e9j\u00e0 l&rsquo;h\u00e9ro\u00efne du pr\u00e9c\u00e9dent court m\u00e9trage de McNeese, <em>Matriochkas<\/em>. Tout au long de l&rsquo;\u00e9criture, elle pense \u00e0 la jeune com\u00e9dienne, tout en se l&rsquo;interdisant, ne sachant pas quand le tournage aura lieu, si l&rsquo;\u00e2ge de la com\u00e9dienne co\u00efncidera toujours avec celui du personnage. Et puis les astres sont cl\u00e9ments, la rencontre, \u00e9vidente, devient possible. <em>\u00ab\u00a0Le casting \u00e9tait essentiel pour moi, il \u00e9tait important que les personnages empruntent de la personnalit\u00e9 des com\u00e9diennes, on l&rsquo;a donc fait tr\u00e8s en amont. Il fallait qu&rsquo;il y ait des choses qui puissent leur \u00e9chapper, tout en correspondant aux personnages. J&rsquo;avais H\u00e9lo\u00efse en t\u00eate bien s\u00fbr, mais il fallait encore trouver mes trois autres h\u00e9ro\u00efnes.\u00a0\u00bb <\/em>Ce sont finalement Shirel Nataf, Mona B\u00e9rard et Yowa-Ang\u00e9lys Tshikaya qui incarnent ce gang de filles.<\/p>\n<figure id=\"attachment_225559\" aria-describedby=\"caption-attachment-225559\" style=\"width: 618px\" class=\"wp-caption alignnone\"><img loading=\"lazy\" decoding=\"async\" class=\"size-large wp-image-225559\" src=\"https:\/\/welovecinema.be\/wp-content\/uploads\/sites\/2\/2019\/12\/Matriochkas_Still-HQ_TC-01-05-54-23_1.1.6-800x433.jpg\" alt=\"Matriochkas-Berangere-McNeese\" width=\"618\" height=\"334\" srcset=\"https:\/\/welovecinema.be\/wp-content\/uploads\/sites\/2\/2019\/12\/Matriochkas_Still-HQ_TC-01-05-54-23_1.1.6-800x433.jpg 800w, https:\/\/welovecinema.be\/wp-content\/uploads\/sites\/2\/2019\/12\/Matriochkas_Still-HQ_TC-01-05-54-23_1.1.6-480x260.jpg 480w, https:\/\/welovecinema.be\/wp-content\/uploads\/sites\/2\/2019\/12\/Matriochkas_Still-HQ_TC-01-05-54-23_1.1.6-768x415.jpg 768w, https:\/\/welovecinema.be\/wp-content\/uploads\/sites\/2\/2019\/12\/Matriochkas_Still-HQ_TC-01-05-54-23_1.1.6.jpg 1000w\" sizes=\"auto, (max-width: 618px) 100vw, 618px\" \/><figcaption id=\"caption-attachment-225559\" class=\"wp-caption-text\">H\u00e9lo\u00efse Volle dans \u00ab\u00a0Matriochkas\u00a0\u00bb<\/figcaption><\/figure>\n<p><em>\u00ab\u00a0Le vrai challenge, pour moi, c&rsquo;\u00e9tait de suivre le mouvement des sc\u00e8nes et des com\u00e9diennes. C&rsquo;\u00e9tait leur premier grand r\u00f4le, il fallait \u00eatre avec elles, parfois r\u00e9\u00e9crire les sc\u00e8nes pour s&rsquo;adapter \u00e0 leurs \u00e9nergies. L\u00e2cher du lest parfois. On les suit \u00e0 l&rsquo;\u00e9paule, m\u00eame si quelques sc\u00e8nes sont plus install\u00e9es. On est tr\u00e8s proche d&rsquo;elles, pour saisir la fa\u00e7on dont elles exp\u00e9rimentent la vie, le voir et le sentir. Vraiment ces filles, je veux qu&rsquo;on les aime, et pour \u00e7a, il fallait rester proches d&rsquo;elles, rajouter de l&rsquo;humour, montrer \u00e0 quel point elles sont fines, elles sont malines. Le cin\u00e9ma, c&rsquo;est vraiment le medium de l&#8217;empathie, l&rsquo;endroit o\u00f9 peut marcher dans les chaussures de quelqu&rsquo;un d&rsquo;autre, et c&rsquo;est une grande force pour parler de sujets soci\u00e9taux. En se mettant dans la peau de ces jeunes filles pendant une heure et demie, on comprend leur col\u00e8re, sans forc\u00e9ment \u00eatre d&rsquo;accord avec ce qu&rsquo;elles font d&rsquo;ailleurs, mais en ayant un peu le sentiment de ce que c&rsquo;est que d&rsquo;\u00eatre elles. Ce qui m&rsquo;importe le plus, c&rsquo;est qu&rsquo;on essaie de les comprendre. Et ce qui \u00e9tait tr\u00e8s important pour moi aussi, c&rsquo;\u00e9tait de ne pas filmer<\/em> Filles du Ciel <em>comme un film de filles. J&rsquo;en ai beaucoup parl\u00e9 avec mon chef op\u00e9rateur, Olivier Boonjing. On rentre dans leur monde, donc c&rsquo;est forc\u00e9ment tr\u00e8s f\u00e9minin \u00e0 cet \u00e9gard, mais c&rsquo;est aussi un film un peu violent, cru. Je ne voulais pas que le film soit doux. Je voulais filmer ce groupe de filles comme on filmerait un groupe de mecs, en mouvement, avec beaucoup de contrastes \u00e0 l&rsquo;image, et en assumant le sombre.\u00a0\u00bb<\/em><\/p>\n<p>Le montage, qui a commenc\u00e9 il y a deux semaines, est pr\u00e9vu sur 15 semaines. C&rsquo;est une p\u00e9riode cruciale, o\u00f9 le mantra de la r\u00e9alisatrice, c&rsquo;est de coller \u00e0 l&rsquo;\u00e9nergie de ses personnages. C&rsquo;est aussi un autre type de rapport \u00e0 l&rsquo;objet film, loin de l&rsquo;effervescence du plateau, moins dans l&rsquo;action et plus dans la r\u00e9flexion. Une fois le montage termin\u00e9, B\u00e9rang\u00e8re McNeese retrouvera les plateaux comme com\u00e9dienne, mais aussi la page blanche. <em>\u00ab\u00a0Je vais me remettre au d\u00e9veloppement de mon deuxi\u00e8me long m\u00e9trage, un film d&rsquo;\u00e9poque, un peu plus mystique. En fait je crois que j&rsquo;ai h\u00e2te de me remettre \u00e0 l&rsquo;\u00e9criture. J&rsquo;ai trouv\u00e9 l&rsquo;exp\u00e9rience du tournage incroyablement enrichissante, c&rsquo;est une aventure humaine compl\u00e8tement folle, mais mon c\u00f4t\u00e9 introverti en a pris un coup, j&rsquo;ai surement un peu besoin de me retrouver seule devant une feuille.\u00a0\u00bb<\/em><\/p>\n<p>Et nous, on a h\u00e2te de nous retrouver devant le grand \u00e9cran pour d\u00e9couvrir ses <em>Filles du Ciel<\/em>.<\/p>\n","protected":false},"excerpt":{"rendered":"<p>Le 4 avril dernier s&rsquo;est achev\u00e9 le tournage de Filles du Ciel, le premier long m\u00e9trage de la cin\u00e9aste et com\u00e9dienne belge B\u00e9rang\u00e8re McNeese. Remarqu\u00e9e avec ses courts m\u00e9trages, Le Sommeil des Amazones, Les Corps Purs, et surtout Matriochkas (qui lui vaut le Magritte du Meilleur court m\u00e9trage en 2020), et vue sur tous les &hellip;<\/p>\n","protected":false},"author":343,"featured_media":258708,"comment_status":"closed","ping_status":"closed","sticky":false,"template":"","format":"standard","meta":{"ngg_post_thumbnail":0,"footnotes":""},"categories":[7134,53,12,11],"tags":[],"class_list":["post-258647","post","type-post","status-publish","format-standard","has-post-thumbnail","","category-we-love-belgian-cinema","category-coming-soon","category-awards","category-tournages"],"yoast_head":"<!-- This site is optimized with the Yoast SEO plugin v20.4 - https:\/\/yoast.com\/wordpress\/plugins\/seo\/ -->\n<title>Sur le tournage de... &quot;Filles du ciel&quot; - We Love Cinema<\/title>\n<meta name=\"robots\" content=\"index, follow, max-snippet:-1, max-image-preview:large, max-video-preview:-1\" \/>\n<link rel=\"canonical\" href=\"https:\/\/welovecinema.be\/fr\/sur-le-tournage-de-filles-du-ciel\/\" \/>\n<meta property=\"og:locale\" content=\"fr_FR\" \/>\n<meta property=\"og:type\" content=\"article\" \/>\n<meta property=\"og:title\" content=\"Sur le tournage de... &quot;Filles du ciel&quot; - We Love Cinema\" \/>\n<meta property=\"og:description\" content=\"Le 4 avril dernier s&rsquo;est achev\u00e9 le tournage de Filles du Ciel, le premier long m\u00e9trage de la cin\u00e9aste et com\u00e9dienne belge B\u00e9rang\u00e8re McNeese. Remarqu\u00e9e avec ses courts m\u00e9trages, Le Sommeil des Amazones, Les Corps Purs, et surtout Matriochkas (qui lui vaut le Magritte du Meilleur court m\u00e9trage en 2020), et vue sur tous les &hellip;\" \/>\n<meta property=\"og:url\" content=\"https:\/\/welovecinema.be\/fr\/sur-le-tournage-de-filles-du-ciel\/\" \/>\n<meta property=\"og:site_name\" content=\"We Love Cinema\" \/>\n<meta property=\"article:publisher\" content=\"https:\/\/www.facebook.com\/welovecinema.be\" \/>\n<meta property=\"article:published_time\" content=\"2024-04-22T09:12:03+00:00\" \/>\n<meta property=\"article:modified_time\" content=\"2024-04-25T09:31:32+00:00\" \/>\n<meta property=\"og:image\" content=\"https:\/\/welovecinema.be\/wp-content\/uploads\/sites\/2\/2024\/04\/TournageFillesDuCiel-scaled.jpg\" \/>\n\t<meta property=\"og:image:width\" content=\"2560\" \/>\n\t<meta property=\"og:image:height\" content=\"1640\" \/>\n\t<meta property=\"og:image:type\" content=\"image\/jpeg\" \/>\n<meta name=\"author\" content=\"Aurore Engelen\" \/>\n<meta name=\"twitter:card\" content=\"summary_large_image\" \/>\n<meta name=\"twitter:label1\" content=\"\u00c9crit par\" \/>\n\t<meta name=\"twitter:data1\" content=\"Aurore Engelen\" \/>\n\t<meta name=\"twitter:label2\" content=\"Dur\u00e9e de lecture estim\u00e9e\" \/>\n\t<meta name=\"twitter:data2\" content=\"7 minutes\" \/>\n<script type=\"application\/ld+json\" class=\"yoast-schema-graph\">{\"@context\":\"https:\/\/schema.org\",\"@graph\":[{\"@type\":\"Article\",\"@id\":\"https:\/\/welovecinema.be\/fr\/sur-le-tournage-de-filles-du-ciel\/#article\",\"isPartOf\":{\"@id\":\"https:\/\/welovecinema.be\/fr\/sur-le-tournage-de-filles-du-ciel\/\"},\"author\":{\"name\":\"Aurore Engelen\",\"@id\":\"https:\/\/welovecinema.be\/nl\/#\/schema\/person\/8084b68c6b176142d073695c654dc7cf\"},\"headline\":\"Sur le tournage de&#8230; \u00ab\u00a0Filles du ciel\u00a0\u00bb\",\"datePublished\":\"2024-04-22T09:12:03+00:00\",\"dateModified\":\"2024-04-25T09:31:32+00:00\",\"mainEntityOfPage\":{\"@id\":\"https:\/\/welovecinema.be\/fr\/sur-le-tournage-de-filles-du-ciel\/\"},\"wordCount\":1451,\"publisher\":{\"@id\":\"https:\/\/welovecinema.be\/nl\/#organization\"},\"articleSection\":[\"\u00a0We Love Belgian Cinema\",\"Coming soon\",\"Evenements\",\"Tournages\"],\"inLanguage\":\"fr-FR\"},{\"@type\":\"WebPage\",\"@id\":\"https:\/\/welovecinema.be\/fr\/sur-le-tournage-de-filles-du-ciel\/\",\"url\":\"https:\/\/welovecinema.be\/fr\/sur-le-tournage-de-filles-du-ciel\/\",\"name\":\"Sur le tournage de... \\\"Filles du ciel\\\" - We Love Cinema\",\"isPartOf\":{\"@id\":\"https:\/\/welovecinema.be\/nl\/#website\"},\"datePublished\":\"2024-04-22T09:12:03+00:00\",\"dateModified\":\"2024-04-25T09:31:32+00:00\",\"breadcrumb\":{\"@id\":\"https:\/\/welovecinema.be\/fr\/sur-le-tournage-de-filles-du-ciel\/#breadcrumb\"},\"inLanguage\":\"fr-FR\",\"potentialAction\":[{\"@type\":\"ReadAction\",\"target\":[\"https:\/\/welovecinema.be\/fr\/sur-le-tournage-de-filles-du-ciel\/\"]}]},{\"@type\":\"BreadcrumbList\",\"@id\":\"https:\/\/welovecinema.be\/fr\/sur-le-tournage-de-filles-du-ciel\/#breadcrumb\",\"itemListElement\":[{\"@type\":\"ListItem\",\"position\":1,\"name\":\"Accueil\",\"item\":\"https:\/\/welovecinema.be\/fr\/\"},{\"@type\":\"ListItem\",\"position\":2,\"name\":\"Sur le tournage de&#8230; \u00ab\u00a0Filles du ciel\u00a0\u00bb\"}]},{\"@type\":\"WebSite\",\"@id\":\"https:\/\/welovecinema.be\/nl\/#website\",\"url\":\"https:\/\/welovecinema.be\/nl\/\",\"name\":\"We Love Cinema\",\"description\":\"Toute l\u2019information du cin\u00e9ma en Belgique\",\"publisher\":{\"@id\":\"https:\/\/welovecinema.be\/nl\/#organization\"},\"potentialAction\":[{\"@type\":\"SearchAction\",\"target\":{\"@type\":\"EntryPoint\",\"urlTemplate\":\"https:\/\/welovecinema.be\/nl\/?s={search_term_string}\"},\"query-input\":\"required name=search_term_string\"}],\"inLanguage\":\"fr-FR\"},{\"@type\":\"Organization\",\"@id\":\"https:\/\/welovecinema.be\/nl\/#organization\",\"name\":\"We Love Cinema\",\"url\":\"https:\/\/welovecinema.be\/nl\/\",\"logo\":{\"@type\":\"ImageObject\",\"inLanguage\":\"fr-FR\",\"@id\":\"https:\/\/welovecinema.be\/nl\/#\/schema\/logo\/image\/\",\"url\":\"https:\/\/welovecinema.be\/wp-content\/uploads\/sites\/2\/2023\/03\/Logo-We-Love-Cinema305x128.jpg\",\"contentUrl\":\"https:\/\/welovecinema.be\/wp-content\/uploads\/sites\/2\/2023\/03\/Logo-We-Love-Cinema305x128.jpg\",\"width\":305,\"height\":128,\"caption\":\"We Love Cinema\"},\"image\":{\"@id\":\"https:\/\/welovecinema.be\/nl\/#\/schema\/logo\/image\/\"},\"sameAs\":[\"https:\/\/www.facebook.com\/welovecinema.be\",\"https:\/\/www.youtube.com\/channel\/UCX5LYGVhnKvYauW4Nta4HJA\",\"https:\/\/www.instagram.com\/welovecinema.be\/\"]},{\"@type\":\"Person\",\"@id\":\"https:\/\/welovecinema.be\/nl\/#\/schema\/person\/8084b68c6b176142d073695c654dc7cf\",\"name\":\"Aurore Engelen\",\"url\":\"https:\/\/welovecinema.be\/fr\/author\/aurore-engelen\/\"}]}<\/script>\n<!-- \/ Yoast SEO plugin. -->","yoast_head_json":{"title":"Sur le tournage de... \"Filles du ciel\" - We Love Cinema","robots":{"index":"index","follow":"follow","max-snippet":"max-snippet:-1","max-image-preview":"max-image-preview:large","max-video-preview":"max-video-preview:-1"},"canonical":"https:\/\/welovecinema.be\/fr\/sur-le-tournage-de-filles-du-ciel\/","og_locale":"fr_FR","og_type":"article","og_title":"Sur le tournage de... \"Filles du ciel\" - We Love Cinema","og_description":"Le 4 avril dernier s&rsquo;est achev\u00e9 le tournage de Filles du Ciel, le premier long m\u00e9trage de la cin\u00e9aste et com\u00e9dienne belge B\u00e9rang\u00e8re McNeese. Remarqu\u00e9e avec ses courts m\u00e9trages, Le Sommeil des Amazones, Les Corps Purs, et surtout Matriochkas (qui lui vaut le Magritte du Meilleur court m\u00e9trage en 2020), et vue sur tous les &hellip;","og_url":"https:\/\/welovecinema.be\/fr\/sur-le-tournage-de-filles-du-ciel\/","og_site_name":"We Love Cinema","article_publisher":"https:\/\/www.facebook.com\/welovecinema.be","article_published_time":"2024-04-22T09:12:03+00:00","article_modified_time":"2024-04-25T09:31:32+00:00","og_image":[{"width":2560,"height":1640,"url":"https:\/\/welovecinema.be\/wp-content\/uploads\/sites\/2\/2024\/04\/TournageFillesDuCiel-scaled.jpg","type":"image\/jpeg"}],"author":"Aurore Engelen","twitter_card":"summary_large_image","twitter_misc":{"\u00c9crit par":"Aurore Engelen","Dur\u00e9e de lecture estim\u00e9e":"7 minutes"},"schema":{"@context":"https:\/\/schema.org","@graph":[{"@type":"Article","@id":"https:\/\/welovecinema.be\/fr\/sur-le-tournage-de-filles-du-ciel\/#article","isPartOf":{"@id":"https:\/\/welovecinema.be\/fr\/sur-le-tournage-de-filles-du-ciel\/"},"author":{"name":"Aurore Engelen","@id":"https:\/\/welovecinema.be\/nl\/#\/schema\/person\/8084b68c6b176142d073695c654dc7cf"},"headline":"Sur le tournage de&#8230; \u00ab\u00a0Filles du ciel\u00a0\u00bb","datePublished":"2024-04-22T09:12:03+00:00","dateModified":"2024-04-25T09:31:32+00:00","mainEntityOfPage":{"@id":"https:\/\/welovecinema.be\/fr\/sur-le-tournage-de-filles-du-ciel\/"},"wordCount":1451,"publisher":{"@id":"https:\/\/welovecinema.be\/nl\/#organization"},"articleSection":["\u00a0We Love Belgian Cinema","Coming soon","Evenements","Tournages"],"inLanguage":"fr-FR"},{"@type":"WebPage","@id":"https:\/\/welovecinema.be\/fr\/sur-le-tournage-de-filles-du-ciel\/","url":"https:\/\/welovecinema.be\/fr\/sur-le-tournage-de-filles-du-ciel\/","name":"Sur le tournage de... \"Filles du ciel\" - We Love Cinema","isPartOf":{"@id":"https:\/\/welovecinema.be\/nl\/#website"},"datePublished":"2024-04-22T09:12:03+00:00","dateModified":"2024-04-25T09:31:32+00:00","breadcrumb":{"@id":"https:\/\/welovecinema.be\/fr\/sur-le-tournage-de-filles-du-ciel\/#breadcrumb"},"inLanguage":"fr-FR","potentialAction":[{"@type":"ReadAction","target":["https:\/\/welovecinema.be\/fr\/sur-le-tournage-de-filles-du-ciel\/"]}]},{"@type":"BreadcrumbList","@id":"https:\/\/welovecinema.be\/fr\/sur-le-tournage-de-filles-du-ciel\/#breadcrumb","itemListElement":[{"@type":"ListItem","position":1,"name":"Accueil","item":"https:\/\/welovecinema.be\/fr\/"},{"@type":"ListItem","position":2,"name":"Sur le tournage de&#8230; \u00ab\u00a0Filles du ciel\u00a0\u00bb"}]},{"@type":"WebSite","@id":"https:\/\/welovecinema.be\/nl\/#website","url":"https:\/\/welovecinema.be\/nl\/","name":"We Love Cinema","description":"Toute l\u2019information du cin\u00e9ma en Belgique","publisher":{"@id":"https:\/\/welovecinema.be\/nl\/#organization"},"potentialAction":[{"@type":"SearchAction","target":{"@type":"EntryPoint","urlTemplate":"https:\/\/welovecinema.be\/nl\/?s={search_term_string}"},"query-input":"required name=search_term_string"}],"inLanguage":"fr-FR"},{"@type":"Organization","@id":"https:\/\/welovecinema.be\/nl\/#organization","name":"We Love Cinema","url":"https:\/\/welovecinema.be\/nl\/","logo":{"@type":"ImageObject","inLanguage":"fr-FR","@id":"https:\/\/welovecinema.be\/nl\/#\/schema\/logo\/image\/","url":"https:\/\/welovecinema.be\/wp-content\/uploads\/sites\/2\/2023\/03\/Logo-We-Love-Cinema305x128.jpg","contentUrl":"https:\/\/welovecinema.be\/wp-content\/uploads\/sites\/2\/2023\/03\/Logo-We-Love-Cinema305x128.jpg","width":305,"height":128,"caption":"We Love Cinema"},"image":{"@id":"https:\/\/welovecinema.be\/nl\/#\/schema\/logo\/image\/"},"sameAs":["https:\/\/www.facebook.com\/welovecinema.be","https:\/\/www.youtube.com\/channel\/UCX5LYGVhnKvYauW4Nta4HJA","https:\/\/www.instagram.com\/welovecinema.be\/"]},{"@type":"Person","@id":"https:\/\/welovecinema.be\/nl\/#\/schema\/person\/8084b68c6b176142d073695c654dc7cf","name":"Aurore Engelen","url":"https:\/\/welovecinema.be\/fr\/author\/aurore-engelen\/"}]}},"_links":{"self":[{"href":"https:\/\/welovecinema.be\/fr\/wp-json\/wp\/v2\/posts\/258647","targetHints":{"allow":["GET"]}}],"collection":[{"href":"https:\/\/welovecinema.be\/fr\/wp-json\/wp\/v2\/posts"}],"about":[{"href":"https:\/\/welovecinema.be\/fr\/wp-json\/wp\/v2\/types\/post"}],"author":[{"embeddable":true,"href":"https:\/\/welovecinema.be\/fr\/wp-json\/wp\/v2\/users\/343"}],"replies":[{"embeddable":true,"href":"https:\/\/welovecinema.be\/fr\/wp-json\/wp\/v2\/comments?post=258647"}],"version-history":[{"count":4,"href":"https:\/\/welovecinema.be\/fr\/wp-json\/wp\/v2\/posts\/258647\/revisions"}],"predecessor-version":[{"id":258712,"href":"https:\/\/welovecinema.be\/fr\/wp-json\/wp\/v2\/posts\/258647\/revisions\/258712"}],"wp:featuredmedia":[{"embeddable":true,"href":"https:\/\/welovecinema.be\/fr\/wp-json\/wp\/v2\/media\/258708"}],"wp:attachment":[{"href":"https:\/\/welovecinema.be\/fr\/wp-json\/wp\/v2\/media?parent=258647"}],"wp:term":[{"taxonomy":"category","embeddable":true,"href":"https:\/\/welovecinema.be\/fr\/wp-json\/wp\/v2\/categories?post=258647"},{"taxonomy":"post_tag","embeddable":true,"href":"https:\/\/welovecinema.be\/fr\/wp-json\/wp\/v2\/tags?post=258647"}],"curies":[{"name":"wp","href":"https:\/\/api.w.org\/{rel}","templated":true}]}}