{"id":258403,"date":"2024-04-02T17:29:43","date_gmt":"2024-04-02T15:29:43","guid":{"rendered":"https:\/\/welovecinema.be\/?p=258403"},"modified":"2024-04-04T12:12:10","modified_gmt":"2024-04-04T10:12:10","slug":"sur-le-tournage-de-mode-avion","status":"publish","type":"post","link":"https:\/\/welovecinema.be\/fr\/sur-le-tournage-de-mode-avion\/","title":{"rendered":"Sur le tournage de&#8230; \u00ab\u00a0Mode avion\u00a0\u00bb"},"content":{"rendered":"<p><strong>Visite sur le plateau du nouveau projet de Samuel Tilman, <em>Mode avion<\/em>, film de genre au casting all\u00e9chant: Karim Barras, Camille Sansterre, Laura S\u00e9pul et F\u00e9lix Vannoorenberghe.<\/strong><\/p>\n<p>Mars 2024, on arrive au bout d&rsquo;un chemin bois\u00e9 devant une maison familiale un peu d\u00e9fra\u00eechie, o\u00f9 s&rsquo;active depuis deux semaines l&rsquo;\u00e9quipe de <em>Mode avion<\/em>, le nouveau film de Samuel Tilman. Apr\u00e8s s&rsquo;\u00eatre distingu\u00e9 dans les domaines du documentaire (<em>Mfumu Matensi, Black Heart, White Men<\/em>), du court m\u00e9trage (<em>Voie de garage, Nuit Blanche<\/em>), du docu-fiction (<em>Le Dernier Gaulois<\/em>) et du long m\u00e9trage de fiction (<em>Une part d&rsquo;ombre<\/em>), Samuel Tilman s&rsquo;essaie \u00e0 un nouveau genre, un film de genre, justement, destin\u00e9 \u00e0 une diffusion \u00e0 l&rsquo;automne sur Proximus puis Tipik.<\/p>\n<p>L&rsquo;histoire de <em>Mode avion<\/em>? Celle de quatre personnages que tout ou presque oppose mais r\u00e9unis par une situation tragique (un kidnapping) et un myst\u00e8re qu&rsquo;il leur faudra percer pour survivre. Ils se r\u00e9veillent un matin sur une \u00eele d\u00e9serte, sans comprendre pourquoi. Le tout observ\u00e9 (et film\u00e9!) \u00e0 travers l&rsquo;oeil d&rsquo;une poign\u00e9e de cam\u00e9ras de surveillance, et de quelques smartphones par un ravisseur qui leur donne des consignes \u00e0 respecter. Une incursion stylistique du c\u00f4t\u00e9 du whodunnit, de la fiction d&rsquo;enfermement et du found footage genre <em>Blair Witch Project<\/em>, avec une dose d&rsquo;humour un peu acide assur\u00e9e par un casting prometteur&#8230; mais on y reviendra!<\/p>\n<p><em>\u00ab\u00a0A l&rsquo;origine, ce n&rsquo;est pas mon id\u00e9e,<\/em> nous explique Samuel Tilman. <em>Apr\u00e8s avoir tourn\u00e9<\/em> Une part d&rsquo;ombre <em>avec Baptiste Lalieu, il est revenu vers moi en me disant d&rsquo;abord que ce serait chouette de tourner un film avec peu de com\u00e9diens. Puis avec une id\u00e9e plus pr\u00e9cise, quatre personnes isol\u00e9es dans un lieu, qui n&rsquo;ont acc\u00e8s \u00e0 une connexion internet que de fa\u00e7on tr\u00e8s courte et al\u00e9atoire, une minute une fois par jour. Je me suis dit qu&rsquo;il y avait moyen de faire un truc avec cette base, et ce qui m&rsquo;int\u00e9ressait, c&rsquo;\u00e9tait de savoir pourquoi ils \u00e9taient bloqu\u00e9s, d&rsquo;imaginer leur backstory, et puis de faire le tout en mode found footage<\/em> (ndlr: des enregistrements videos retrouv\u00e9s a posteriori),<em> avec des cam\u00e9ras de surveillance et des smartphones. On a commenc\u00e9 \u00e0 co-\u00e9crire le projet ensemble. La RTBF nous a aid\u00e9s en d\u00e9veloppement. C&rsquo;est un vrai-faux huis clos, il y a quelques ext\u00e9rieurs en Bretagne, mais on a pu monter le film avec un financement l\u00e9ger.\u00a0\u00bb<\/em><\/p>\n<p><em>\u00ab\u00a0Moi, j&rsquo;avais envie de tourner,<\/em> s&rsquo;enthousiasme le cin\u00e9aste. <em>J&rsquo;ai un projet de long m\u00e9trage qui prend du temps, et l\u00e0, on a pu monter le film en moins de 18 mois, il sera pr\u00eat pour l&rsquo;automne. C&rsquo;est un film de plateforme, et s&rsquo;il est r\u00e9ussi, il peut faire des festivals de niche, \u00eatre vu sur de nombreux territoires.<\/em> <em>En fait, on peut se permettre de faire plein de choses qu&rsquo;on ne ferait pas sur grand \u00e9cran. C&rsquo;est un film de split screen, on joue sur les formats verticaux et horizontaux. Les t\u00e9l\u00e9phones permettent une certaine libert\u00e9, il y a des accidents quand les com\u00e9diens sont leur propre cadreur, on peut voler des moments.\u00a0\u00bb<\/em><\/p>\n<p>On ne dirait pas comme \u00e7a, mais tourner avec des cam\u00e9ras de surveillance, c&rsquo;est un sacr\u00e9 d\u00e9fi technique. D&rsquo;abord, il faut se cacher pour \u00eatre hors du champ de la cam\u00e9ra, t\u00e2che d&rsquo;autant plus ardue que le d\u00e9cor unique (une maison en attente de r\u00e9novations, que l&rsquo;\u00e9quipe d\u00e9co a pu modifier &#8211; et massacrer &#8211; \u00e0 sa guise) dispose de nombreuses ouvertures. <em>\u00ab\u00a0On a travaill\u00e9 avec des lumi\u00e8res int\u00e9gr\u00e9es au d\u00e9cor, tout est apparent, mais on a quand m\u00eame r\u00e9fl\u00e9chi des tableaux de couleur au fur et \u00e0 mesure que le r\u00e9cit avance\u00a0\u00bb.<\/em> Ensuite, <em>\u00ab\u00a0les com\u00e9diens ne savent pas d&rsquo;o\u00f9 ils sont film\u00e9s, ce qui les d\u00e9stabilise,\u00a0\u00bb e<\/em>xplique Samuel Tilman, ce qu&rsquo;ils nous confirmeront d&rsquo;ailleurs plus tard. Le r\u00e9alisateur lui se r\u00e9jouit de l&rsquo;\u00e9nergie que cette pression apporte. <em>\u00ab\u00a0M\u00eame si parfois il faut un peu les replacer, car m\u00eame si on peut zoomer (comme le ravisseur) via les cam\u00e9ras num\u00e9riques, ce sont quand m\u00eame beaucoup de plans larges o\u00f9 mieux vaut que les com\u00e9diens ne soient pas trop \u00e9loign\u00e9s pour saisir leurs expressions. Mais jouer sans point de vue, \u00e7a oblige \u00e0 jouer de partout. Pour le chef op\u00e9rateur, Jean-Fran\u00e7ois Metz, c&rsquo;\u00e9tait aussi un incroyable challenge, de tourner en 360 degr\u00e9s. On a fait beaucoup de vrais faux plans s\u00e9quences, tout en tenant compte du fait que l&rsquo;espace est compl\u00e8tement destructur\u00e9, entre vertical et horizontal. Et puis j&rsquo;ai quasiment mont\u00e9 en direct, pendant le tournage.\u00a0\u00bb<\/em><\/p>\n<p>Le cin\u00e9ma de genre, c&rsquo;est aussi une fa\u00e7on particuli\u00e8re de cr\u00e9er et alimenter la tension. <em>\u00ab\u00a0C&rsquo;\u00e9tait vraiment int\u00e9ressant d&rsquo;observer la dynamique de groupe \u00e0 l&rsquo;oeuvre, de les voir se demander quoi faire du peu de connexion dont ils disposent, de voir aussi quel est le poids du lien avec l&rsquo;ext\u00e9rieur. <\/em>Il y a une tension permanente, sans aller dans l&rsquo;hyst\u00e9rie, il y a une vraie parano\u00efa.\u00a0\u00bb<\/p>\n<p>Et bien s\u00fbr, une bonne part de la r\u00e9ussite du projet repose sur son incarnation. <em>\u00ab\u00a0Pour le casting, il fallait que l&rsquo;alchimie prenne entre les quatre, qu&rsquo;ils ne soient pas tous dans la m\u00eame \u00e9nergie. Et puis j&rsquo;adore travailler avec des com\u00e9diens belges, et avoir le loisir de leur offrir de vraies partitions, ce sont quatre premiers r\u00f4les. Le plus grand d\u00e9fi, c&rsquo;est que l&rsquo;on s&rsquo;attache aux personnages. Il fallait vraiment que la sauce prenne entre les com\u00e9diens, pour que cela ne tourne pas \u00e0 l&rsquo;exercice de style, et que l&rsquo;on arrive \u00e0 mettre de l&rsquo;\u00e9motion dans le genre.\u00a0\u00bb <\/em><\/p>\n<p>On a h\u00e2te de voir \u00e7a, et une fois n&rsquo;est pas coutume, les choses devraient vite s&rsquo;encha\u00eener&#8230;<\/p>\n<figure id=\"attachment_258407\" aria-describedby=\"caption-attachment-258407\" style=\"width: 618px\" class=\"wp-caption alignnone\"><img loading=\"lazy\" decoding=\"async\" class=\"size-large wp-image-258407\" src=\"https:\/\/welovecinema.be\/wp-content\/uploads\/sites\/2\/2024\/04\/Felix-Karim-800x600.jpg\" alt=\"F\u00e9lix Vannoorenberghe &amp; Karim Barras\" width=\"618\" height=\"464\" srcset=\"https:\/\/welovecinema.be\/wp-content\/uploads\/sites\/2\/2024\/04\/Felix-Karim-800x600.jpg 800w, https:\/\/welovecinema.be\/wp-content\/uploads\/sites\/2\/2024\/04\/Felix-Karim-360x270.jpg 360w, https:\/\/welovecinema.be\/wp-content\/uploads\/sites\/2\/2024\/04\/Felix-Karim-768x576.jpg 768w, https:\/\/welovecinema.be\/wp-content\/uploads\/sites\/2\/2024\/04\/Felix-Karim-1536x1152.jpg 1536w, https:\/\/welovecinema.be\/wp-content\/uploads\/sites\/2\/2024\/04\/Felix-Karim-2048x1536.jpg 2048w\" sizes=\"auto, (max-width: 618px) 100vw, 618px\" \/><figcaption id=\"caption-attachment-258407\" class=\"wp-caption-text\">F\u00e9lix Vannoorenberghe &amp; Karim Barras<\/figcaption><\/figure>\n<p><strong>Felix Vannoorenberghe:<\/strong> Je joue un influenceur qui a une petite trentaine d&rsquo;ann\u00e9es, il donne une image tr\u00e8s cool, mais c&rsquo;est un vrai petit chef d&rsquo;entreprise. Il vit dans la crainte d&rsquo;\u00eatre has been trop vite, et il est pr\u00eat \u00e0 beaucoup pour conserver sa communaut\u00e9. Ce qui le secoue le plus, c&rsquo;est qu&rsquo;il se dit que c&rsquo;est peut-\u00eatre un canular, une t\u00e9l\u00e9r\u00e9alit\u00e9 un peu foireuse, vu qu&rsquo;il a une petite notori\u00e9t\u00e9. Mais \u00e7a ne l&rsquo;arrange pas trop, car il est \u00e0 un moment critique de sa carri\u00e8re. Ne plus avoir de connexion, c&rsquo;est vraiment malvenu. Et puis il a conscience d&rsquo;\u00eatre film\u00e9, plus que les autres. Il y a un c\u00f4t\u00e9 murder mystery, Cluedo, on cherche&#8230; sans avoir les cl\u00e9s de l&rsquo;enqu\u00eate. Le tournage \u00e0 360\u00b0, c&rsquo;est un gros d\u00e9fi technique, mais en m\u00eame temps \u00e7a nous lib\u00e8re. On n&rsquo;est pas constamment coup\u00e9. C&rsquo;est un peu comme quand on r\u00e9p\u00e8te de longues sc\u00e8nes au th\u00e9\u00e2tre, qu&rsquo;on coupe un peu l&rsquo;espace. Ca permet de jouer longtemps, et tout le temps, il n&rsquo;y a pas de trous de jeu. On est \u00e0 fond avec ses partenaires, dans le plaisir du jeu, de cr\u00e9er ensemble sur un temps long.<\/p>\n<p><em>Les projets de Felix:<\/em> Beaucoup de th\u00e9\u00e2tre l&rsquo;ann\u00e9e prochaine avec Georges Lini, au Th\u00e9\u00e2tre de Poche et au Th\u00e9\u00e2tre Vilar notamment, et un long m\u00e9trage en tournage dans quelques mois.<\/p>\n<p><strong>Karim Barras:<\/strong> \u00ab\u00a0Mon personnages travaille dans la cybercriminalit\u00e9, et je suis le seul \u00e0 essayer d&rsquo;enqu\u00eater s\u00e9rieusement, sans \u00eatre sp\u00e9cialement aid\u00e9 par mes partenaires. Bien s\u00fbr, mon personnage a un secret, que je ne vous dirai pas&#8230; Il est assez pragmatique. Il essaie de poser les choses sans panique. Mais il est vite d\u00e9sagr\u00e9able. Dans un premier temps, il a l&rsquo;air de ma\u00eetriser les choses. Ce projet, ses conditions, c&rsquo;est un vrai d\u00e9fi, c&rsquo;est assez excitant. Le genre, c&rsquo;est toujours int\u00e9ressant, car cela permet d&rsquo;explorer des endroits que l&rsquo;on explore pas d&rsquo;habitude. Cela permet aussi de pousser le jeu et le travail d&rsquo;acteur, de faire des propositions un peu plus folles. Avec le tournage 360\u00b0, on n&rsquo;a pas les m\u00eames rep\u00e8res, du coup on se pr\u00e9occupe moins de la cam\u00e9ra. Il me semble qu&rsquo;on est plus d\u00e9tendu, on ma\u00eetrise encore moins que d&rsquo;habitude, et on se dit qu&rsquo;on verra bien! On donne un maximum de propositions, on tente d&rsquo;amener beaucoup de mati\u00e8re, sachant que le film s&rsquo;\u00e9crira beaucoup au montage. Ca devrait \u00eatre un film assez prenant, et assez amusant \u00e0 regarder!<\/p>\n<p><em>Les projets de Karim:<\/em> Je viens de tourner une s\u00e9rie en suisse pour Netflix, <em>Winter Palace.<\/em> J&rsquo;ai aussi tourn\u00e9 dans un film qui est en cours de montage de J\u00e9r\u00f4me Vandewattyne, avec qui j&rsquo;ai d\u00e9j\u00e0 travaill\u00e9 pour <em>The Belgian Wave<\/em>. Et avec Baptiste Sornin, avec qui j&rsquo;ai co-\u00e9crit et co-r\u00e9alis\u00e9 deux courts m\u00e9trages, on planche actuellement sur un long m\u00e9trage.<\/p>\n<figure id=\"attachment_258409\" aria-describedby=\"caption-attachment-258409\" style=\"width: 618px\" class=\"wp-caption alignnone\"><img loading=\"lazy\" decoding=\"async\" class=\"size-large wp-image-258409\" src=\"https:\/\/welovecinema.be\/wp-content\/uploads\/sites\/2\/2024\/04\/Laure-Camille-800x600.jpg\" alt=\"Laura S\u00e9pul &amp; Camille Sansterre\" width=\"618\" height=\"464\" srcset=\"https:\/\/welovecinema.be\/wp-content\/uploads\/sites\/2\/2024\/04\/Laure-Camille-800x600.jpg 800w, https:\/\/welovecinema.be\/wp-content\/uploads\/sites\/2\/2024\/04\/Laure-Camille-360x270.jpg 360w, https:\/\/welovecinema.be\/wp-content\/uploads\/sites\/2\/2024\/04\/Laure-Camille-768x576.jpg 768w, https:\/\/welovecinema.be\/wp-content\/uploads\/sites\/2\/2024\/04\/Laure-Camille-1536x1152.jpg 1536w, https:\/\/welovecinema.be\/wp-content\/uploads\/sites\/2\/2024\/04\/Laure-Camille-2048x1536.jpg 2048w\" sizes=\"auto, (max-width: 618px) 100vw, 618px\" \/><figcaption id=\"caption-attachment-258409\" class=\"wp-caption-text\">Laura S\u00e9pul &amp; Camille Sansterre<\/figcaption><\/figure>\n<p><strong>Laura S\u00e9pul:<\/strong> \u00ab\u00a0Lea, c&rsquo;est une th\u00e9rapeute de 42 ans, qui m\u00e8ne une vie rang\u00e9e avec son \u00e9pouse. Elle ne comprend absolument ce qu&rsquo;elle fait l\u00e0. Elle est assez maternante, et un peu mystique, en mode chakras et \u00e9nergies. Elle va faire en sorte que le groupe tienne, en se montrant rassurante et englobante. En tous cas au d\u00e9but. Elle cherche la collectivit\u00e9 plut\u00f4t que d&rsquo;agir seule. J&rsquo;aimais bien l&rsquo;id\u00e9e de participer \u00e0 un film de genre. J&rsquo;adore les films d&rsquo;horreur, les slashers en particulier. Le 360\u00b0, c&rsquo;est s\u00fbr que c&rsquo;est une contrainte, m\u00eame si Samuel veille \u00e0 nous laisser trouver le temps et l&rsquo;espace pour le jeu. Mais j&rsquo;ai l&rsquo;impression que cette difficult\u00e9 technique ajoute au cadre. M\u00eame si je dois pas mal faire gaffe! Ce qui est plut\u00f4t perturbant, c&rsquo;est que d&rsquo;habitude, on se concentre par rapport au cadre, \u00e0 la cam\u00e9ra. L\u00e0, on n&rsquo;a ni retour, ni recul. On doit faire une confiance aveugle. Je crois que ce film va \u00eatre un v\u00e9ritable ovni.<\/p>\n<p><em>Les projets de Laura:<\/em> je suis dans un long m\u00e9trage <em>El Correo<\/em> de Daniel Calparsoro, tourn\u00e9 \u00e0 Madrid qui est d\u00e9j\u00e0 sorti en Espagne, et qui sera sur Netflix dans deux mois.<\/p>\n<p><strong>Camille Sansterre:<\/strong> \u00ab\u00a0Rose, c&rsquo;est une jeune femme qui, sans trop en dire, a des soucis personnels, et doit trouver des solutions \u00e0 l&rsquo;\u00e9thique discutable. Quand le kidnapping a lieu, sa fille est sur le point de subir une op\u00e9ration des poumons, et il est urgent pour Rose de retrouver le chemin de sa famille. Elle est tr\u00e8s premier degr\u00e9, avec un temp\u00e9rament assez vif, elle ne m\u00e2che pas ses mots. C&rsquo;est la premi\u00e8re \u00e0 se rendre compte que ce n&rsquo;est pas un jeu, et que la menace est r\u00e9elle. Elle est anxieuse, et asthmatique, alors elle r\u00e9agit sans beaucoup de sang froid, au d\u00e9but en tous cas. J&rsquo;aimais beaucoup l&rsquo;id\u00e9e de ce huis clos, d&rsquo;autant que le film repose essentiellement sur ses interpr\u00e8tes, c&rsquo;est un vrai challenge. J&rsquo;ai eu un tr\u00e8s bon feeling avec Samuel lors du casting, et j&rsquo;avais tr\u00e8s envie de jouer avec mes camarades. Jusqu&rsquo;ici, j&rsquo;avais toujours tourn\u00e9 dans des films tr\u00e8s r\u00e9alistes. Ici, il y a beaucoup d&rsquo;humour, de punchlines, en tous cas dans la premi\u00e8re partie. Ensuite, on bascule dans quelque chose de beaucoup plus noir, limite de l&rsquo;horreur. Il y a une vraie courbe dans le jeu, c&rsquo;est un d\u00e9fi de rester cr\u00e9dible, sinc\u00e8re, avec un maximum de justesse, dans un genre qui n&rsquo;est pas naturaliste, et dans un cadre extr\u00eame, c&rsquo;est passionnant. Et le dispositif est g\u00e9nial. On ne sait jamais o\u00f9 \u00e7a filme, \u00e0 quoi \u00e7a ressemble. Il y a un l\u00e2cher-prise total. Et puis il n&rsquo;y a pas de hors champ, il faut tout le temps \u00eatre \u00e0 100% de nos capacit\u00e9s. Ca f\u00e9d\u00e8re, et \u00e7a cr\u00e9e une vraie solidarit\u00e9. Ca oblige \u00e0 une rigueur de tous les instants.<\/p>\n<p><em>Les projets de Camille:<\/em> je viens de tourner dans une mini-s\u00e9rie de C\u00e9line Ribard, <em>Universelles<\/em>. J&rsquo;enchaine sur le tournage d&rsquo;un court m\u00e9trage en juin. Je fais aussi beaucoup de th\u00e9\u00e2tre, et je viens d&rsquo;achever une mise-en-sc\u00e8ne sur la th\u00e9matique des jeunes plac\u00e9s par la justice, une recherche documentaire sur le sujet. Et j&rsquo;entame une collaboration th\u00e9\u00e2tre avec une grande part film\u00e9e avec le Qu\u00e9bec. Je sens que petit \u00e0 petit, je me dirige vers la r\u00e9alisation.<\/p>\n","protected":false},"excerpt":{"rendered":"<p>Visite sur le plateau du nouveau projet de Samuel Tilman, Mode avion, film de genre au casting all\u00e9chant: Karim Barras, Camille Sansterre, Laura S\u00e9pul et F\u00e9lix Vannoorenberghe. Mars 2024, on arrive au bout d&rsquo;un chemin bois\u00e9 devant une maison familiale un peu d\u00e9fra\u00eechie, o\u00f9 s&rsquo;active depuis deux semaines l&rsquo;\u00e9quipe de Mode avion, le nouveau film &hellip;<\/p>\n","protected":false},"author":343,"featured_media":258404,"comment_status":"closed","ping_status":"closed","sticky":false,"template":"","format":"standard","meta":{"ngg_post_thumbnail":0,"footnotes":""},"categories":[7134,53,12,11],"tags":[],"class_list":["post-258403","post","type-post","status-publish","format-standard","has-post-thumbnail","","category-we-love-belgian-cinema","category-coming-soon","category-awards","category-tournages"],"yoast_head":"<!-- This site is optimized with the Yoast SEO plugin v20.4 - https:\/\/yoast.com\/wordpress\/plugins\/seo\/ -->\n<title>Sur le tournage de... &quot;Mode avion&quot; - We Love Cinema<\/title>\n<meta name=\"robots\" content=\"index, follow, max-snippet:-1, max-image-preview:large, max-video-preview:-1\" \/>\n<link rel=\"canonical\" href=\"https:\/\/welovecinema.be\/fr\/sur-le-tournage-de-mode-avion\/\" \/>\n<meta property=\"og:locale\" content=\"fr_FR\" \/>\n<meta property=\"og:type\" content=\"article\" \/>\n<meta property=\"og:title\" content=\"Sur le tournage de... &quot;Mode avion&quot; - We Love Cinema\" \/>\n<meta property=\"og:description\" content=\"Visite sur le plateau du nouveau projet de Samuel Tilman, Mode avion, film de genre au casting all\u00e9chant: Karim Barras, Camille Sansterre, Laura S\u00e9pul et F\u00e9lix Vannoorenberghe. Mars 2024, on arrive au bout d&rsquo;un chemin bois\u00e9 devant une maison familiale un peu d\u00e9fra\u00eechie, o\u00f9 s&rsquo;active depuis deux semaines l&rsquo;\u00e9quipe de Mode avion, le nouveau film &hellip;\" \/>\n<meta property=\"og:url\" content=\"https:\/\/welovecinema.be\/fr\/sur-le-tournage-de-mode-avion\/\" \/>\n<meta property=\"og:site_name\" content=\"We Love Cinema\" \/>\n<meta property=\"article:publisher\" content=\"https:\/\/www.facebook.com\/welovecinema.be\" \/>\n<meta property=\"article:published_time\" content=\"2024-04-02T15:29:43+00:00\" \/>\n<meta property=\"article:modified_time\" content=\"2024-04-04T10:12:10+00:00\" \/>\n<meta property=\"og:image\" content=\"https:\/\/welovecinema.be\/wp-content\/uploads\/sites\/2\/2024\/04\/MODE-AVION-6-scaled.jpg\" \/>\n\t<meta property=\"og:image:width\" content=\"2560\" \/>\n\t<meta property=\"og:image:height\" content=\"1707\" \/>\n\t<meta property=\"og:image:type\" content=\"image\/jpeg\" \/>\n<meta name=\"author\" content=\"Aurore Engelen\" \/>\n<meta name=\"twitter:card\" content=\"summary_large_image\" \/>\n<meta name=\"twitter:label1\" content=\"\u00c9crit par\" \/>\n\t<meta name=\"twitter:data1\" content=\"Aurore Engelen\" \/>\n\t<meta name=\"twitter:label2\" content=\"Dur\u00e9e de lecture estim\u00e9e\" \/>\n\t<meta name=\"twitter:data2\" content=\"11 minutes\" \/>\n<script type=\"application\/ld+json\" class=\"yoast-schema-graph\">{\"@context\":\"https:\/\/schema.org\",\"@graph\":[{\"@type\":\"Article\",\"@id\":\"https:\/\/welovecinema.be\/fr\/sur-le-tournage-de-mode-avion\/#article\",\"isPartOf\":{\"@id\":\"https:\/\/welovecinema.be\/fr\/sur-le-tournage-de-mode-avion\/\"},\"author\":{\"name\":\"Aurore Engelen\",\"@id\":\"https:\/\/welovecinema.be\/nl\/#\/schema\/person\/8084b68c6b176142d073695c654dc7cf\"},\"headline\":\"Sur le tournage de&#8230; \u00ab\u00a0Mode avion\u00a0\u00bb\",\"datePublished\":\"2024-04-02T15:29:43+00:00\",\"dateModified\":\"2024-04-04T10:12:10+00:00\",\"mainEntityOfPage\":{\"@id\":\"https:\/\/welovecinema.be\/fr\/sur-le-tournage-de-mode-avion\/\"},\"wordCount\":2255,\"publisher\":{\"@id\":\"https:\/\/welovecinema.be\/nl\/#organization\"},\"articleSection\":[\"\u00a0We Love Belgian Cinema\",\"Coming soon\",\"Evenements\",\"Tournages\"],\"inLanguage\":\"fr-FR\"},{\"@type\":\"WebPage\",\"@id\":\"https:\/\/welovecinema.be\/fr\/sur-le-tournage-de-mode-avion\/\",\"url\":\"https:\/\/welovecinema.be\/fr\/sur-le-tournage-de-mode-avion\/\",\"name\":\"Sur le tournage de... \\\"Mode avion\\\" - We Love Cinema\",\"isPartOf\":{\"@id\":\"https:\/\/welovecinema.be\/nl\/#website\"},\"datePublished\":\"2024-04-02T15:29:43+00:00\",\"dateModified\":\"2024-04-04T10:12:10+00:00\",\"breadcrumb\":{\"@id\":\"https:\/\/welovecinema.be\/fr\/sur-le-tournage-de-mode-avion\/#breadcrumb\"},\"inLanguage\":\"fr-FR\",\"potentialAction\":[{\"@type\":\"ReadAction\",\"target\":[\"https:\/\/welovecinema.be\/fr\/sur-le-tournage-de-mode-avion\/\"]}]},{\"@type\":\"BreadcrumbList\",\"@id\":\"https:\/\/welovecinema.be\/fr\/sur-le-tournage-de-mode-avion\/#breadcrumb\",\"itemListElement\":[{\"@type\":\"ListItem\",\"position\":1,\"name\":\"Accueil\",\"item\":\"https:\/\/welovecinema.be\/fr\/\"},{\"@type\":\"ListItem\",\"position\":2,\"name\":\"Sur le tournage de&#8230; \u00ab\u00a0Mode avion\u00a0\u00bb\"}]},{\"@type\":\"WebSite\",\"@id\":\"https:\/\/welovecinema.be\/nl\/#website\",\"url\":\"https:\/\/welovecinema.be\/nl\/\",\"name\":\"We Love Cinema\",\"description\":\"Toute l\u2019information du cin\u00e9ma en Belgique\",\"publisher\":{\"@id\":\"https:\/\/welovecinema.be\/nl\/#organization\"},\"potentialAction\":[{\"@type\":\"SearchAction\",\"target\":{\"@type\":\"EntryPoint\",\"urlTemplate\":\"https:\/\/welovecinema.be\/nl\/?s={search_term_string}\"},\"query-input\":\"required name=search_term_string\"}],\"inLanguage\":\"fr-FR\"},{\"@type\":\"Organization\",\"@id\":\"https:\/\/welovecinema.be\/nl\/#organization\",\"name\":\"We Love Cinema\",\"url\":\"https:\/\/welovecinema.be\/nl\/\",\"logo\":{\"@type\":\"ImageObject\",\"inLanguage\":\"fr-FR\",\"@id\":\"https:\/\/welovecinema.be\/nl\/#\/schema\/logo\/image\/\",\"url\":\"https:\/\/welovecinema.be\/wp-content\/uploads\/sites\/2\/2023\/03\/Logo-We-Love-Cinema305x128.jpg\",\"contentUrl\":\"https:\/\/welovecinema.be\/wp-content\/uploads\/sites\/2\/2023\/03\/Logo-We-Love-Cinema305x128.jpg\",\"width\":305,\"height\":128,\"caption\":\"We Love Cinema\"},\"image\":{\"@id\":\"https:\/\/welovecinema.be\/nl\/#\/schema\/logo\/image\/\"},\"sameAs\":[\"https:\/\/www.facebook.com\/welovecinema.be\",\"https:\/\/www.youtube.com\/channel\/UCX5LYGVhnKvYauW4Nta4HJA\",\"https:\/\/www.instagram.com\/welovecinema.be\/\"]},{\"@type\":\"Person\",\"@id\":\"https:\/\/welovecinema.be\/nl\/#\/schema\/person\/8084b68c6b176142d073695c654dc7cf\",\"name\":\"Aurore Engelen\",\"url\":\"https:\/\/welovecinema.be\/fr\/author\/aurore-engelen\/\"}]}<\/script>\n<!-- \/ Yoast SEO plugin. -->","yoast_head_json":{"title":"Sur le tournage de... \"Mode avion\" - We Love Cinema","robots":{"index":"index","follow":"follow","max-snippet":"max-snippet:-1","max-image-preview":"max-image-preview:large","max-video-preview":"max-video-preview:-1"},"canonical":"https:\/\/welovecinema.be\/fr\/sur-le-tournage-de-mode-avion\/","og_locale":"fr_FR","og_type":"article","og_title":"Sur le tournage de... \"Mode avion\" - We Love Cinema","og_description":"Visite sur le plateau du nouveau projet de Samuel Tilman, Mode avion, film de genre au casting all\u00e9chant: Karim Barras, Camille Sansterre, Laura S\u00e9pul et F\u00e9lix Vannoorenberghe. Mars 2024, on arrive au bout d&rsquo;un chemin bois\u00e9 devant une maison familiale un peu d\u00e9fra\u00eechie, o\u00f9 s&rsquo;active depuis deux semaines l&rsquo;\u00e9quipe de Mode avion, le nouveau film &hellip;","og_url":"https:\/\/welovecinema.be\/fr\/sur-le-tournage-de-mode-avion\/","og_site_name":"We Love Cinema","article_publisher":"https:\/\/www.facebook.com\/welovecinema.be","article_published_time":"2024-04-02T15:29:43+00:00","article_modified_time":"2024-04-04T10:12:10+00:00","og_image":[{"width":2560,"height":1707,"url":"https:\/\/welovecinema.be\/wp-content\/uploads\/sites\/2\/2024\/04\/MODE-AVION-6-scaled.jpg","type":"image\/jpeg"}],"author":"Aurore Engelen","twitter_card":"summary_large_image","twitter_misc":{"\u00c9crit par":"Aurore Engelen","Dur\u00e9e de lecture estim\u00e9e":"11 minutes"},"schema":{"@context":"https:\/\/schema.org","@graph":[{"@type":"Article","@id":"https:\/\/welovecinema.be\/fr\/sur-le-tournage-de-mode-avion\/#article","isPartOf":{"@id":"https:\/\/welovecinema.be\/fr\/sur-le-tournage-de-mode-avion\/"},"author":{"name":"Aurore Engelen","@id":"https:\/\/welovecinema.be\/nl\/#\/schema\/person\/8084b68c6b176142d073695c654dc7cf"},"headline":"Sur le tournage de&#8230; \u00ab\u00a0Mode avion\u00a0\u00bb","datePublished":"2024-04-02T15:29:43+00:00","dateModified":"2024-04-04T10:12:10+00:00","mainEntityOfPage":{"@id":"https:\/\/welovecinema.be\/fr\/sur-le-tournage-de-mode-avion\/"},"wordCount":2255,"publisher":{"@id":"https:\/\/welovecinema.be\/nl\/#organization"},"articleSection":["\u00a0We Love Belgian Cinema","Coming soon","Evenements","Tournages"],"inLanguage":"fr-FR"},{"@type":"WebPage","@id":"https:\/\/welovecinema.be\/fr\/sur-le-tournage-de-mode-avion\/","url":"https:\/\/welovecinema.be\/fr\/sur-le-tournage-de-mode-avion\/","name":"Sur le tournage de... \"Mode avion\" - We Love Cinema","isPartOf":{"@id":"https:\/\/welovecinema.be\/nl\/#website"},"datePublished":"2024-04-02T15:29:43+00:00","dateModified":"2024-04-04T10:12:10+00:00","breadcrumb":{"@id":"https:\/\/welovecinema.be\/fr\/sur-le-tournage-de-mode-avion\/#breadcrumb"},"inLanguage":"fr-FR","potentialAction":[{"@type":"ReadAction","target":["https:\/\/welovecinema.be\/fr\/sur-le-tournage-de-mode-avion\/"]}]},{"@type":"BreadcrumbList","@id":"https:\/\/welovecinema.be\/fr\/sur-le-tournage-de-mode-avion\/#breadcrumb","itemListElement":[{"@type":"ListItem","position":1,"name":"Accueil","item":"https:\/\/welovecinema.be\/fr\/"},{"@type":"ListItem","position":2,"name":"Sur le tournage de&#8230; \u00ab\u00a0Mode avion\u00a0\u00bb"}]},{"@type":"WebSite","@id":"https:\/\/welovecinema.be\/nl\/#website","url":"https:\/\/welovecinema.be\/nl\/","name":"We Love Cinema","description":"Toute l\u2019information du cin\u00e9ma en Belgique","publisher":{"@id":"https:\/\/welovecinema.be\/nl\/#organization"},"potentialAction":[{"@type":"SearchAction","target":{"@type":"EntryPoint","urlTemplate":"https:\/\/welovecinema.be\/nl\/?s={search_term_string}"},"query-input":"required name=search_term_string"}],"inLanguage":"fr-FR"},{"@type":"Organization","@id":"https:\/\/welovecinema.be\/nl\/#organization","name":"We Love Cinema","url":"https:\/\/welovecinema.be\/nl\/","logo":{"@type":"ImageObject","inLanguage":"fr-FR","@id":"https:\/\/welovecinema.be\/nl\/#\/schema\/logo\/image\/","url":"https:\/\/welovecinema.be\/wp-content\/uploads\/sites\/2\/2023\/03\/Logo-We-Love-Cinema305x128.jpg","contentUrl":"https:\/\/welovecinema.be\/wp-content\/uploads\/sites\/2\/2023\/03\/Logo-We-Love-Cinema305x128.jpg","width":305,"height":128,"caption":"We Love Cinema"},"image":{"@id":"https:\/\/welovecinema.be\/nl\/#\/schema\/logo\/image\/"},"sameAs":["https:\/\/www.facebook.com\/welovecinema.be","https:\/\/www.youtube.com\/channel\/UCX5LYGVhnKvYauW4Nta4HJA","https:\/\/www.instagram.com\/welovecinema.be\/"]},{"@type":"Person","@id":"https:\/\/welovecinema.be\/nl\/#\/schema\/person\/8084b68c6b176142d073695c654dc7cf","name":"Aurore Engelen","url":"https:\/\/welovecinema.be\/fr\/author\/aurore-engelen\/"}]}},"_links":{"self":[{"href":"https:\/\/welovecinema.be\/fr\/wp-json\/wp\/v2\/posts\/258403","targetHints":{"allow":["GET"]}}],"collection":[{"href":"https:\/\/welovecinema.be\/fr\/wp-json\/wp\/v2\/posts"}],"about":[{"href":"https:\/\/welovecinema.be\/fr\/wp-json\/wp\/v2\/types\/post"}],"author":[{"embeddable":true,"href":"https:\/\/welovecinema.be\/fr\/wp-json\/wp\/v2\/users\/343"}],"replies":[{"embeddable":true,"href":"https:\/\/welovecinema.be\/fr\/wp-json\/wp\/v2\/comments?post=258403"}],"version-history":[{"count":3,"href":"https:\/\/welovecinema.be\/fr\/wp-json\/wp\/v2\/posts\/258403\/revisions"}],"predecessor-version":[{"id":258446,"href":"https:\/\/welovecinema.be\/fr\/wp-json\/wp\/v2\/posts\/258403\/revisions\/258446"}],"wp:featuredmedia":[{"embeddable":true,"href":"https:\/\/welovecinema.be\/fr\/wp-json\/wp\/v2\/media\/258404"}],"wp:attachment":[{"href":"https:\/\/welovecinema.be\/fr\/wp-json\/wp\/v2\/media?parent=258403"}],"wp:term":[{"taxonomy":"category","embeddable":true,"href":"https:\/\/welovecinema.be\/fr\/wp-json\/wp\/v2\/categories?post=258403"},{"taxonomy":"post_tag","embeddable":true,"href":"https:\/\/welovecinema.be\/fr\/wp-json\/wp\/v2\/tags?post=258403"}],"curies":[{"name":"wp","href":"https:\/\/api.w.org\/{rel}","templated":true}]}}