{"id":2584,"date":"2011-06-09T08:00:57","date_gmt":"2011-06-09T08:00:57","guid":{"rendered":"http:\/\/www.cinevox.be\/?p=2584"},"modified":"2011-06-10T07:26:09","modified_gmt":"2011-06-10T07:26:09","slug":"mystere-au-moulin-rouge-belgian-cancan","status":"publish","type":"post","link":"https:\/\/welovecinema.be\/fr\/mystere-au-moulin-rouge-belgian-cancan\/","title":{"rendered":"Myst\u00e8re au Moulin Rouge<br> Belgian Cancan"},"content":{"rendered":"<p>Nos actrices et acteurs sont omnipr\u00e9sents sur le grand \u00e9cran\u2026 ce qui ne les emp\u00eache pas d&rsquo;\u00eatre \u00e9galement sur le petit. <strong>\u00c9milie Dequenne<\/strong>, immortelle <em>Rosetta<\/em> des fr\u00e8res <strong>Dardenne<\/strong>, prix d&rsquo;interpr\u00e9tation \u00e0 Cannes en 1999, est actuellement en train de tourner <em>Nos Enfants<\/em> sous la direction de <strong>Joachim Lafosse.<\/strong> Elle sera pourtant ce 10 juin \u00e0 20h35 sur France 2, \u00e0 l&rsquo;affiche de <em>Myst\u00e8re au Moulin Rouge<\/em>, un t\u00e9l\u00e9film policier et historique, totalement in\u00e9dit, sign\u00e9 par <strong>St\u00e9phane Kappes.\u00a0<!--more--><\/strong><\/p>\n<p>L&rsquo;action se d\u00e9roule \u00e0 Montmartre 1895&#8230; et rappelle \u00e9trangement le pr\u00e9texte de la magnifique s\u00e9rie <em>Pigalle La Nuit.<\/em> <strong>\u00c9milie<\/strong> y incarne Diane, \u00e0 la recherche de sa s\u0153ur, Marie, disparue six mois apr\u00e8s avoir \u00e9t\u00e9 engag\u00e9e comme danseuse au Moulin Rouge. Pour mener son enqu\u00eate dans les coulisses, Diane r\u00e9ussit \u00e0 se fait embaucher comme habilleuse dans le c\u00e9l\u00e8bre \u00e9tablissement. D\u00e9barquant de province avec une morale plut\u00f4t stricte, elle est \u00e0 la fois fascin\u00e9e par les chor\u00e9graphies, les lumi\u00e8res, la f\u00eate, la musique, mais aussi choqu\u00e9e par les m\u0153urs lib\u00e9r\u00e9es de l&rsquo;endroit. Sa curiosit\u00e9 opini\u00e2tre va rapidement lui permettre de d\u00e9couvrir que plusieurs artistes ont \u00e9t\u00e9 retrouv\u00e9es empoisonn\u00e9es.<\/p>\n<p>&nbsp;<\/p>\n<p>Ambitieux par sa volont\u00e9 de faire revivre une \u00e9poque r\u00e9volue, le projet de 90 minutes aura co\u00fbt\u00e9 la bagatelle de 3 millions d&rsquo;euros. La sc\u00e8ne du Moulin Rouge a \u00e9t\u00e9 reconstitu\u00e9e salle Wagram et l&rsquo;ext\u00e9rieur de du temple mythique a \u00e9t\u00e9 recr\u00e9 en 3D \u00e0 partir des archives. Comme il s&rsquo;agissait de donner au t\u00e9l\u00e9film un cachet contemporain, les morceaux d&rsquo;Offenbach qui rythment les spectacles de French Cancan ont \u00e9t\u00e9 r\u00e9orchestr\u00e9s pour devenir encore plus dynamiques. Car bien s\u00fbr, le faste est de rigueur avec 23 danseuses professionnelles qui interpr\u00e8tent trois tableaux de 2&rsquo;30. Plus de 100 figurants ont particip\u00e9 au film. Pour \u00eatre cr\u00e9dible, <strong>\u00c9milie Dequenne<\/strong> a suivi, elle aussi, un mois d&rsquo;entra\u00eenement intensif de danse.<\/p>\n<p>&nbsp;<\/p>\n<p>C&rsquo;est ce qu&rsquo;on appelle dans le jargon du m\u00e9tier un t\u00e9l\u00e9film de prestige.<\/p>\n<p>Qu&rsquo;\u00c9milie Dequenne ait \u00e9t\u00e9 choisie pour en \u00eatre la vedette est une vraie preuve de reconnaissance.<\/p>\n<p>&nbsp;<\/p>\n","protected":false},"excerpt":{"rendered":"<p>Nos actrices et acteurs sont omnipr\u00e9sents sur le grand \u00e9cran\u2026 ce qui ne les emp\u00eache pas d&rsquo;\u00eatre \u00e9galement sur le petit. \u00c9milie Dequenne, immortelle Rosetta des fr\u00e8res Dardenne, prix d&rsquo;interpr\u00e9tation \u00e0 Cannes en 1999, est actuellement en train de tourner Nos Enfants sous la direction de Joachim Lafosse. Elle sera pourtant ce 10 juin \u00e0 &hellip;<\/p>\n","protected":false},"author":7,"featured_media":2590,"comment_status":"closed","ping_status":"closed","sticky":false,"template":"","format":"standard","meta":{"ngg_post_thumbnail":0,"footnotes":""},"categories":[7,14],"tags":[],"class_list":["post-2584","post","type-post","status-publish","format-standard","has-post-thumbnail","","category-actualites","category-home-cinema"],"yoast_head":"<!-- This site is optimized with the Yoast SEO plugin v20.4 - https:\/\/yoast.com\/wordpress\/plugins\/seo\/ -->\n<title>Myst\u00e8re au Moulin Rouge Belgian Cancan - We Love Cinema<\/title>\n<meta name=\"robots\" content=\"index, follow, max-snippet:-1, max-image-preview:large, max-video-preview:-1\" \/>\n<link rel=\"canonical\" href=\"https:\/\/welovecinema.be\/fr\/mystere-au-moulin-rouge-belgian-cancan\/\" \/>\n<meta property=\"og:locale\" content=\"fr_FR\" \/>\n<meta property=\"og:type\" content=\"article\" \/>\n<meta property=\"og:title\" content=\"Myst\u00e8re au Moulin Rouge Belgian Cancan - We Love Cinema\" \/>\n<meta property=\"og:description\" content=\"Nos actrices et acteurs sont omnipr\u00e9sents sur le grand \u00e9cran\u2026 ce qui ne les emp\u00eache pas d&rsquo;\u00eatre \u00e9galement sur le petit. \u00c9milie Dequenne, immortelle Rosetta des fr\u00e8res Dardenne, prix d&rsquo;interpr\u00e9tation \u00e0 Cannes en 1999, est actuellement en train de tourner Nos Enfants sous la direction de Joachim Lafosse. Elle sera pourtant ce 10 juin \u00e0 &hellip;\" \/>\n<meta property=\"og:url\" content=\"https:\/\/welovecinema.be\/fr\/mystere-au-moulin-rouge-belgian-cancan\/\" \/>\n<meta property=\"og:site_name\" content=\"We Love Cinema\" \/>\n<meta property=\"article:publisher\" content=\"https:\/\/www.facebook.com\/welovecinema.be\" \/>\n<meta property=\"article:published_time\" content=\"2011-06-09T08:00:57+00:00\" \/>\n<meta property=\"article:modified_time\" content=\"2011-06-10T07:26:09+00:00\" \/>\n<meta property=\"og:image\" content=\"https:\/\/welovecinema.be\/wp-content\/uploads\/sites\/2\/2011\/06\/moulin-rouge.jpg\" \/>\n\t<meta property=\"og:image:width\" content=\"498\" \/>\n\t<meta property=\"og:image:height\" content=\"354\" \/>\n\t<meta property=\"og:image:type\" content=\"image\/jpeg\" \/>\n<meta name=\"author\" content=\"Philippe.Pierquin\" \/>\n<meta name=\"twitter:card\" content=\"summary_large_image\" \/>\n<meta name=\"twitter:label1\" content=\"\u00c9crit par\" \/>\n\t<meta name=\"twitter:data1\" content=\"Philippe.Pierquin\" \/>\n\t<meta name=\"twitter:label2\" content=\"Dur\u00e9e de lecture estim\u00e9e\" \/>\n\t<meta name=\"twitter:data2\" content=\"2 minutes\" \/>\n<script type=\"application\/ld+json\" class=\"yoast-schema-graph\">{\"@context\":\"https:\/\/schema.org\",\"@graph\":[{\"@type\":\"Article\",\"@id\":\"https:\/\/welovecinema.be\/fr\/mystere-au-moulin-rouge-belgian-cancan\/#article\",\"isPartOf\":{\"@id\":\"https:\/\/welovecinema.be\/fr\/mystere-au-moulin-rouge-belgian-cancan\/\"},\"author\":{\"name\":\"Philippe.Pierquin\",\"@id\":\"https:\/\/welovecinema.be\/nl\/#\/schema\/person\/4b9b1d857f0943453a38a7c2859ef756\"},\"headline\":\"Myst\u00e8re au Moulin Rouge Belgian Cancan\",\"datePublished\":\"2011-06-09T08:00:57+00:00\",\"dateModified\":\"2011-06-10T07:26:09+00:00\",\"mainEntityOfPage\":{\"@id\":\"https:\/\/welovecinema.be\/fr\/mystere-au-moulin-rouge-belgian-cancan\/\"},\"wordCount\":386,\"publisher\":{\"@id\":\"https:\/\/welovecinema.be\/nl\/#organization\"},\"articleSection\":[\"News\",\"Plateau t\u00e9l\u00e9\"],\"inLanguage\":\"fr-FR\"},{\"@type\":\"WebPage\",\"@id\":\"https:\/\/welovecinema.be\/fr\/mystere-au-moulin-rouge-belgian-cancan\/\",\"url\":\"https:\/\/welovecinema.be\/fr\/mystere-au-moulin-rouge-belgian-cancan\/\",\"name\":\"Myst\u00e8re au Moulin Rouge Belgian Cancan - We Love Cinema\",\"isPartOf\":{\"@id\":\"https:\/\/welovecinema.be\/nl\/#website\"},\"datePublished\":\"2011-06-09T08:00:57+00:00\",\"dateModified\":\"2011-06-10T07:26:09+00:00\",\"breadcrumb\":{\"@id\":\"https:\/\/welovecinema.be\/fr\/mystere-au-moulin-rouge-belgian-cancan\/#breadcrumb\"},\"inLanguage\":\"fr-FR\",\"potentialAction\":[{\"@type\":\"ReadAction\",\"target\":[\"https:\/\/welovecinema.be\/fr\/mystere-au-moulin-rouge-belgian-cancan\/\"]}]},{\"@type\":\"BreadcrumbList\",\"@id\":\"https:\/\/welovecinema.be\/fr\/mystere-au-moulin-rouge-belgian-cancan\/#breadcrumb\",\"itemListElement\":[{\"@type\":\"ListItem\",\"position\":1,\"name\":\"Accueil\",\"item\":\"https:\/\/welovecinema.be\/fr\/\"},{\"@type\":\"ListItem\",\"position\":2,\"name\":\"Myst\u00e8re au Moulin Rouge Belgian Cancan\"}]},{\"@type\":\"WebSite\",\"@id\":\"https:\/\/welovecinema.be\/nl\/#website\",\"url\":\"https:\/\/welovecinema.be\/nl\/\",\"name\":\"We Love Cinema\",\"description\":\"Toute l\u2019information du cin\u00e9ma en Belgique\",\"publisher\":{\"@id\":\"https:\/\/welovecinema.be\/nl\/#organization\"},\"potentialAction\":[{\"@type\":\"SearchAction\",\"target\":{\"@type\":\"EntryPoint\",\"urlTemplate\":\"https:\/\/welovecinema.be\/nl\/?s={search_term_string}\"},\"query-input\":\"required name=search_term_string\"}],\"inLanguage\":\"fr-FR\"},{\"@type\":\"Organization\",\"@id\":\"https:\/\/welovecinema.be\/nl\/#organization\",\"name\":\"We Love Cinema\",\"url\":\"https:\/\/welovecinema.be\/nl\/\",\"logo\":{\"@type\":\"ImageObject\",\"inLanguage\":\"fr-FR\",\"@id\":\"https:\/\/welovecinema.be\/nl\/#\/schema\/logo\/image\/\",\"url\":\"https:\/\/welovecinema.be\/wp-content\/uploads\/sites\/2\/2023\/03\/Logo-We-Love-Cinema305x128.jpg\",\"contentUrl\":\"https:\/\/welovecinema.be\/wp-content\/uploads\/sites\/2\/2023\/03\/Logo-We-Love-Cinema305x128.jpg\",\"width\":305,\"height\":128,\"caption\":\"We Love Cinema\"},\"image\":{\"@id\":\"https:\/\/welovecinema.be\/nl\/#\/schema\/logo\/image\/\"},\"sameAs\":[\"https:\/\/www.facebook.com\/welovecinema.be\",\"https:\/\/www.youtube.com\/channel\/UCX5LYGVhnKvYauW4Nta4HJA\",\"https:\/\/www.instagram.com\/welovecinema.be\/\"]},{\"@type\":\"Person\",\"@id\":\"https:\/\/welovecinema.be\/nl\/#\/schema\/person\/4b9b1d857f0943453a38a7c2859ef756\",\"name\":\"Philippe.Pierquin\",\"url\":\"https:\/\/welovecinema.be\/fr\/author\/philippe-pierquin\/\"}]}<\/script>\n<!-- \/ Yoast SEO plugin. -->","yoast_head_json":{"title":"Myst\u00e8re au Moulin Rouge Belgian Cancan - We Love Cinema","robots":{"index":"index","follow":"follow","max-snippet":"max-snippet:-1","max-image-preview":"max-image-preview:large","max-video-preview":"max-video-preview:-1"},"canonical":"https:\/\/welovecinema.be\/fr\/mystere-au-moulin-rouge-belgian-cancan\/","og_locale":"fr_FR","og_type":"article","og_title":"Myst\u00e8re au Moulin Rouge Belgian Cancan - We Love Cinema","og_description":"Nos actrices et acteurs sont omnipr\u00e9sents sur le grand \u00e9cran\u2026 ce qui ne les emp\u00eache pas d&rsquo;\u00eatre \u00e9galement sur le petit. \u00c9milie Dequenne, immortelle Rosetta des fr\u00e8res Dardenne, prix d&rsquo;interpr\u00e9tation \u00e0 Cannes en 1999, est actuellement en train de tourner Nos Enfants sous la direction de Joachim Lafosse. Elle sera pourtant ce 10 juin \u00e0 &hellip;","og_url":"https:\/\/welovecinema.be\/fr\/mystere-au-moulin-rouge-belgian-cancan\/","og_site_name":"We Love Cinema","article_publisher":"https:\/\/www.facebook.com\/welovecinema.be","article_published_time":"2011-06-09T08:00:57+00:00","article_modified_time":"2011-06-10T07:26:09+00:00","og_image":[{"width":"498","height":"354","url":"https:\/\/welovecinema.be\/wp-content\/uploads\/sites\/2\/2011\/06\/moulin-rouge.jpg","type":"image\/jpeg"}],"author":"Philippe.Pierquin","twitter_card":"summary_large_image","twitter_misc":{"\u00c9crit par":"Philippe.Pierquin","Dur\u00e9e de lecture estim\u00e9e":"2 minutes"},"schema":{"@context":"https:\/\/schema.org","@graph":[{"@type":"Article","@id":"https:\/\/welovecinema.be\/fr\/mystere-au-moulin-rouge-belgian-cancan\/#article","isPartOf":{"@id":"https:\/\/welovecinema.be\/fr\/mystere-au-moulin-rouge-belgian-cancan\/"},"author":{"name":"Philippe.Pierquin","@id":"https:\/\/welovecinema.be\/nl\/#\/schema\/person\/4b9b1d857f0943453a38a7c2859ef756"},"headline":"Myst\u00e8re au Moulin Rouge Belgian Cancan","datePublished":"2011-06-09T08:00:57+00:00","dateModified":"2011-06-10T07:26:09+00:00","mainEntityOfPage":{"@id":"https:\/\/welovecinema.be\/fr\/mystere-au-moulin-rouge-belgian-cancan\/"},"wordCount":386,"publisher":{"@id":"https:\/\/welovecinema.be\/nl\/#organization"},"articleSection":["News","Plateau t\u00e9l\u00e9"],"inLanguage":"fr-FR"},{"@type":"WebPage","@id":"https:\/\/welovecinema.be\/fr\/mystere-au-moulin-rouge-belgian-cancan\/","url":"https:\/\/welovecinema.be\/fr\/mystere-au-moulin-rouge-belgian-cancan\/","name":"Myst\u00e8re au Moulin Rouge Belgian Cancan - We Love Cinema","isPartOf":{"@id":"https:\/\/welovecinema.be\/nl\/#website"},"datePublished":"2011-06-09T08:00:57+00:00","dateModified":"2011-06-10T07:26:09+00:00","breadcrumb":{"@id":"https:\/\/welovecinema.be\/fr\/mystere-au-moulin-rouge-belgian-cancan\/#breadcrumb"},"inLanguage":"fr-FR","potentialAction":[{"@type":"ReadAction","target":["https:\/\/welovecinema.be\/fr\/mystere-au-moulin-rouge-belgian-cancan\/"]}]},{"@type":"BreadcrumbList","@id":"https:\/\/welovecinema.be\/fr\/mystere-au-moulin-rouge-belgian-cancan\/#breadcrumb","itemListElement":[{"@type":"ListItem","position":1,"name":"Accueil","item":"https:\/\/welovecinema.be\/fr\/"},{"@type":"ListItem","position":2,"name":"Myst\u00e8re au Moulin Rouge Belgian Cancan"}]},{"@type":"WebSite","@id":"https:\/\/welovecinema.be\/nl\/#website","url":"https:\/\/welovecinema.be\/nl\/","name":"We Love Cinema","description":"Toute l\u2019information du cin\u00e9ma en Belgique","publisher":{"@id":"https:\/\/welovecinema.be\/nl\/#organization"},"potentialAction":[{"@type":"SearchAction","target":{"@type":"EntryPoint","urlTemplate":"https:\/\/welovecinema.be\/nl\/?s={search_term_string}"},"query-input":"required name=search_term_string"}],"inLanguage":"fr-FR"},{"@type":"Organization","@id":"https:\/\/welovecinema.be\/nl\/#organization","name":"We Love Cinema","url":"https:\/\/welovecinema.be\/nl\/","logo":{"@type":"ImageObject","inLanguage":"fr-FR","@id":"https:\/\/welovecinema.be\/nl\/#\/schema\/logo\/image\/","url":"https:\/\/welovecinema.be\/wp-content\/uploads\/sites\/2\/2023\/03\/Logo-We-Love-Cinema305x128.jpg","contentUrl":"https:\/\/welovecinema.be\/wp-content\/uploads\/sites\/2\/2023\/03\/Logo-We-Love-Cinema305x128.jpg","width":305,"height":128,"caption":"We Love Cinema"},"image":{"@id":"https:\/\/welovecinema.be\/nl\/#\/schema\/logo\/image\/"},"sameAs":["https:\/\/www.facebook.com\/welovecinema.be","https:\/\/www.youtube.com\/channel\/UCX5LYGVhnKvYauW4Nta4HJA","https:\/\/www.instagram.com\/welovecinema.be\/"]},{"@type":"Person","@id":"https:\/\/welovecinema.be\/nl\/#\/schema\/person\/4b9b1d857f0943453a38a7c2859ef756","name":"Philippe.Pierquin","url":"https:\/\/welovecinema.be\/fr\/author\/philippe-pierquin\/"}]}},"_links":{"self":[{"href":"https:\/\/welovecinema.be\/fr\/wp-json\/wp\/v2\/posts\/2584","targetHints":{"allow":["GET"]}}],"collection":[{"href":"https:\/\/welovecinema.be\/fr\/wp-json\/wp\/v2\/posts"}],"about":[{"href":"https:\/\/welovecinema.be\/fr\/wp-json\/wp\/v2\/types\/post"}],"author":[{"embeddable":true,"href":"https:\/\/welovecinema.be\/fr\/wp-json\/wp\/v2\/users\/7"}],"replies":[{"embeddable":true,"href":"https:\/\/welovecinema.be\/fr\/wp-json\/wp\/v2\/comments?post=2584"}],"version-history":[{"count":0,"href":"https:\/\/welovecinema.be\/fr\/wp-json\/wp\/v2\/posts\/2584\/revisions"}],"wp:featuredmedia":[{"embeddable":true,"href":"https:\/\/welovecinema.be\/fr\/wp-json\/wp\/v2\/media\/2590"}],"wp:attachment":[{"href":"https:\/\/welovecinema.be\/fr\/wp-json\/wp\/v2\/media?parent=2584"}],"wp:term":[{"taxonomy":"category","embeddable":true,"href":"https:\/\/welovecinema.be\/fr\/wp-json\/wp\/v2\/categories?post=2584"},{"taxonomy":"post_tag","embeddable":true,"href":"https:\/\/welovecinema.be\/fr\/wp-json\/wp\/v2\/tags?post=2584"}],"curies":[{"name":"wp","href":"https:\/\/api.w.org\/{rel}","templated":true}]}}