{"id":258279,"date":"2024-03-26T09:56:11","date_gmt":"2024-03-26T08:56:11","guid":{"rendered":"https:\/\/welovecinema.be\/?p=258279"},"modified":"2024-03-28T09:43:45","modified_gmt":"2024-03-28T08:43:45","slug":"sur-le-tournage-de-cap-farewell","status":"publish","type":"post","link":"https:\/\/welovecinema.be\/fr\/sur-le-tournage-de-cap-farewell\/","title":{"rendered":"Sur le tournage de&#8230; \u00ab\u00a0Cap Farewell\u00a0\u00bb"},"content":{"rendered":"<p><strong>Visite sur le tournage du nouveau film de Vanja d&rsquo;Alcantara, <em>Cap Farewell<\/em>, avec No\u00e9e Abita, Matteo Simoni, et Olivier Gourmet.\u00a0<\/strong><\/p>\n<p>Mars 2024. Rendez-vous est donn\u00e9 au Brussels Royal Yacht Club. A l&rsquo;arriv\u00e9e sur le plateau, on croise deux cascadeurs. Deux cascadeurs? Voil\u00e0 qui ne cadre pas forc\u00e9ment avec ce que l&rsquo;on conna\u00eet du cin\u00e9ma de Vanja d&rsquo;Alcantara, un cin\u00e9ma intimiste et puissamment contemplatif, au plus pr\u00e8s des tourments \u00e9motionnels de ses personnages, comme dans <em>Beyond the Steppes<\/em> ou<em> Le Coeur R\u00e9gulier<\/em>. Pourtant, ce nouveau film, <em>Cap Farewell<\/em> vient tout droit de la racine de son cin\u00e9ma, son premier film, le documentaire <em>La Tercera Vida<\/em>. Elle y rencontrait une jeune femme de 29 ans sur le point de sortir de prison, apr\u00e8s y avoir \u00e9t\u00e9 incarc\u00e9r\u00e9e \u00e0 l&rsquo;\u00e2ge de 18 ans.<\/p>\n<p>Comment allait-elle aborder ce retour \u00e0 une vie mise en suspens, \u00e0 l&rsquo;\u00e2ge de tous les possibles? <em>\u00ab\u00a0L&rsquo;enjeu pour cette jeune femme,<\/em> nous explique Vanja d&rsquo;Alcantara, <em>\u00e9tait: comment retrouver sa place, alors qu\u2019elle avait une petite fille qui avait \u00e9t\u00e9 \u00e9lev\u00e9e par sa grand-m\u00e8re? On voulait suivre sa r\u00e9insertion, et mais elle est morte deux mois apr\u00e8s sa sortie. Je me suis toujours dit qu\u2019il y avait l\u00e0 le point de d\u00e9part d\u2019une histoire forte, et puis je pense qu&rsquo;il y avait aussi d&rsquo;une certaine fa\u00e7on chez moi une volont\u00e9 de r\u00e9parer une histoire qui n\u2019avait pas pu avoir lieu. Alors j&rsquo;ai commenc\u00e9 \u00e0 \u00e9crire une histoire, qui a mis tr\u00e8s, tr\u00e8s longtemps \u00e0 se concr\u00e9tiser. Elle est rest\u00e9e longtemps dans un tiroir. Et puis un jour je l\u2019ai ressortie, c&rsquo;\u00e9tait le bon moment. Tout \u00e7a a finalement beaucoup \u00e9t\u00e9 romanc\u00e9, j\u2019ai ajout\u00e9 une histoire criminelle, un c\u00f4t\u00e9 film noir. Mais le coeur du film vient de l\u00e0, cette relation triangulaire entre trois femmes de trois g\u00e9n\u00e9rations diff\u00e9rentes.\u00a0\u00bb<\/em><\/p>\n<p><img loading=\"lazy\" decoding=\"async\" class=\"alignnone size-large wp-image-258289\" src=\"https:\/\/welovecinema.be\/wp-content\/uploads\/sites\/2\/2024\/03\/IMG_5945-800x600.jpeg\" alt=\"tournage-Cap-Farewell\" width=\"618\" height=\"464\" srcset=\"https:\/\/welovecinema.be\/wp-content\/uploads\/sites\/2\/2024\/03\/IMG_5945-800x600.jpeg 800w, https:\/\/welovecinema.be\/wp-content\/uploads\/sites\/2\/2024\/03\/IMG_5945-360x270.jpeg 360w, https:\/\/welovecinema.be\/wp-content\/uploads\/sites\/2\/2024\/03\/IMG_5945-768x576.jpeg 768w, https:\/\/welovecinema.be\/wp-content\/uploads\/sites\/2\/2024\/03\/IMG_5945-1536x1152.jpeg 1536w, https:\/\/welovecinema.be\/wp-content\/uploads\/sites\/2\/2024\/03\/IMG_5945-2048x1536.jpeg 2048w\" sizes=\"auto, (max-width: 618px) 100vw, 618px\" \/><\/p>\n<p>Le coeur du film justement, c&rsquo;est Toni, incarn\u00e9e par la jeune com\u00e9dienne fran\u00e7aise No\u00e9e Abita, d\u00e9couverte dans <em>Ava<\/em> de Lea Mysius, vue notamment dans <em>Slalom<\/em> de Charl\u00e8ne Favier, aux c\u00f4t\u00e9s de J\u00e9r\u00e9mie Renier, ou dans <em>Les Passagers de la nuit<\/em> de Mikha\u00ebl Hers. <em>\u00ab\u00a0Ce film, c&rsquo;est comme le monologue int\u00e9rieur de Toni,<\/em> raconte le com\u00e9dien flamand Matteo Simoni, qui joue avec elle dans le film, <em>j\u2019esp\u00e8re qu\u2019on sera dans sa t\u00eate, qu\u2019on pourra ressentir toutes les nuances de la voie qu\u2019elle essaye de se tracer.\u00a0\u00bb \u00ab\u00a0Elle cherche une place de m\u00e8re, et de femme libre,<\/em> confirme la cin\u00e9aste. <em>Elle veut retrouver l\u2019\u00e9quilibre, mais elle tombe \u00e0 nouveau pour son amour de jeunesse, le p\u00e8re de sa fille,\u00a0 impliqu\u00e9 dans des trafics de la zone portuaire. Elle doit s\u2019affranchir de ce monde criminel et toxique. Trouver un chemin de vie honn\u00eate. C&rsquo;est un personnage encore jeune, qui fait un trajet vers une forme de maturit\u00e9. Elle va devoir apprivoiser sa file, et se laisser apprivoiser. Ce qui importait pour moi, c&rsquo;\u00e9tait aussi de montrer diff\u00e9rentes g\u00e9n\u00e9rations de femmes qui s\u2019entraident.\u00a0\u00bb <\/em>Ces femmes, ce sont sa m\u00e8re, interpr\u00e9t\u00e9e par l&rsquo;excellente com\u00e9dienne canadienne Pascale Bussi\u00e8res, et sa fille, jou\u00e9e par la jeune Belge A\u00e9lis Mottart.<\/p>\n<p>Mais revenons \u00e0 la sc\u00e8ne du jour&#8230; et aux cascadeurs! La s\u00e9quence film\u00e9e est un face-\u00e0-face entre Matteo Simoni, qui incarne Max, l&rsquo;ex-compagnon de l&rsquo;h\u00e9ro\u00efne, et p\u00e8re de sa petite fille, et Olivier Gourmet, son oncle. <em>\u00ab\u00a0C&rsquo;est un patron de restaurant,<\/em> nous explique le com\u00e9dien que l&rsquo;on ne pr\u00e9sente plus. <em>Il paye la caution de Toni pour qu&rsquo;elle sorte de prison, la prend sous son aile et lui donne un job. Le probl\u00e8me, c\u2019est qu\u2019il est aussi trafiquant de drogue, et emploie Max. Il va essayer de d\u00e9truire l\u2019emprise de Max sur Toni, mais les choses ne vont pas se passer comme il voudrait.\u00a0\u00bb<\/em> La tension est plus que palpable entre les deux hommes, \u00e0 tel point que le boss demande \u00e0 ses hommes de main de jeter Max dehors. Voil\u00e0 la cascade!<\/p>\n<p>On s&rsquo;amuse aupr\u00e8s de la r\u00e9alisatrice de ce changement de registre: <em>\u00ab\u00a0Mes deux premiers films \u00e9taient tr\u00e8s intimistes et tr\u00e8s contemplatifs. Et je dois dire que c&rsquo;est assez chouette de faire un film diff\u00e9rent de ce que j\u2019ai pu faire avant, plus narratif, avec plus de personnages, plus de sc\u00e8nes, plus de tension. Ce n\u2019est pas sp\u00e9cifiquement un film noir, mais on emprunte des codes du genre pour raconter une histoire intime et personnelle. J\u2019aime bien ce que dit James Gray \u00e0 ce sujet, que le genre permet de rendre universel une histoire tr\u00e8s personnelle. Utiliser des codes connus de tous permet aussi d&rsquo;imaginer un film tr\u00e8s intime avec des nuances dans les relations, des personnages complexes.\u00a0\u00bb<\/em><\/p>\n<p><img loading=\"lazy\" decoding=\"async\" class=\"alignnone size-large wp-image-258287\" src=\"https:\/\/welovecinema.be\/wp-content\/uploads\/sites\/2\/2024\/03\/IMG_5963-800x600.jpeg\" alt=\"tournage-Cap-Farewell\" width=\"618\" height=\"464\" srcset=\"https:\/\/welovecinema.be\/wp-content\/uploads\/sites\/2\/2024\/03\/IMG_5963-800x600.jpeg 800w, https:\/\/welovecinema.be\/wp-content\/uploads\/sites\/2\/2024\/03\/IMG_5963-360x270.jpeg 360w, https:\/\/welovecinema.be\/wp-content\/uploads\/sites\/2\/2024\/03\/IMG_5963-768x576.jpeg 768w, https:\/\/welovecinema.be\/wp-content\/uploads\/sites\/2\/2024\/03\/IMG_5963-1536x1152.jpeg 1536w, https:\/\/welovecinema.be\/wp-content\/uploads\/sites\/2\/2024\/03\/IMG_5963-2048x1536.jpeg 2048w\" sizes=\"auto, (max-width: 618px) 100vw, 618px\" \/><\/p>\n<p>Matteo Simoni lui n&rsquo;en est pas \u00e0 sa premi\u00e8re cascade, il a eu son lot dans <em>Patser<\/em> d&rsquo;Adil El Arbi et Bilall Fallah notamment, dont il s&rsquo;appr\u00eate d&rsquo;ailleurs \u00e0 tourner la suite. <em>\u00ab\u00a0C&rsquo;est toujours chouettede voir combin\u00e9s \u00e0 l&rsquo;\u00e9cran vuln\u00e9rabilit\u00e9 et action,<\/em> se confie-t-il. <em>Max est parfois \u00e0 la fronti\u00e8re de la l\u00e9galit\u00e9. Mais comment r\u00e9siste-t-on aux sir\u00e8nes de l&rsquo;argent facile quand nos amis nous tirent vers l\u00e0, quand cela nous permet aussi de camoufler nos erreurs?\u00a0\u00bb <\/em>Cela dit, la vraie cascade pour l&rsquo;acteur est plut\u00f4t&#8230; linguistique:<em> \u00ab\u00a0C&rsquo;est tr\u00e8s int\u00e9ressant \u00e0 jouer pour moi, car c\u2019est la premi\u00e8re fois que je joue en fran\u00e7ais. J\u2019ai d\u00e9j\u00e0 pas mal jou\u00e9 en dialectes, mais l\u00e0 c\u2019est encore autre chose, c\u2019est un nouveau monde qui s\u2019ouvre pour moi. De nouveaux partenaires de jeu aussi. C&rsquo;\u00e9tait un vrai challenge, de me sentir libre en jouant en fran\u00e7ais. J&rsquo;ai pris des cours pendant deux mois. Mais je cherche toujours des projets qui m\u2019ouvrent de nouveaux horizons, me permettent de progresser, l\u00e0, c&rsquo;\u00e9tait une occasion en or.\u00a0\u00bb<\/em><\/p>\n<p>De son c\u00f4t\u00e9, Olivier Gourmet se r\u00e9jouit de jouer dans un film belge, <em>\u00ab\u00a0je suis souvent expatri\u00e9 en France malheureusement! Et puis j&rsquo;ai \u00e9t\u00e9 s\u00e9duit par le cin\u00e9ma de Vanja, la justesse de son sc\u00e9nario, sa sensibilit\u00e9, et le regard tr\u00e8s fort qu&rsquo;elle pose sur la condition f\u00e9minine.\u00a0\u00bb<\/em> Quand on lui demande quel est le plus grand d\u00e9fi pour lui avec ce r\u00f4le, il r\u00e9pond en riant: <em>\u00ab\u00a0Ne pas me reposer sur mes lauriers juste parce que c\u2019est un petit r\u00f4le! Il faut toujours se remettre en question.\u00a0\u00bb<\/em> Ce que le com\u00e9dien semble faire film apr\u00e8s film, encha\u00eenant les projets, et variant les univers. D&rsquo;ici la fin de l&rsquo;ann\u00e9e, il doit encore <em>\u00ab\u00a0partir en Bulgarie pour un film de genre, plus gore cette fois, qui m\u00eale \u00e9cologie et politique, <\/em>Gibier<em>, d&rsquo;Abel Ferry, tourner une s\u00e9rie pour Netflix jusque fin octobre, o\u00f9 je joue un moine dans une qu\u00eate mystique moyen-\u00e2geuse, fin ao\u00fbt, je serai dans un film sur l\u2019histoire du Radeau de la m\u00e9duse, r\u00e9alis\u00e9 par Peter Webber vu par le prisme de Gu\u00e9ricault, et puis j&rsquo;ai deux jours\u00a0 de tournage sur le prochain Klapisch o\u00f9 je joue Claude Monet.\u00a0\u00bb <\/em>Entre temps, on le verra \u00e0 l&rsquo;affiche de<em> Colocs de choc (<\/em>ex-<em>Retro Therapy<\/em>) d&rsquo;Elodie Lelu qui sort le 1er mai et des<em> Tortues <\/em>de David Lambert qui sort le 15 mai.<\/p>\n<p>Pour finir, on demande \u00e0 Vanja d&rsquo;Alcantara ce qui lui tient le plus \u00e0 coeur avec ce projet qu&rsquo;elle porte depuis si longtemps: <em>\u00ab\u00a0Mettre en valeur des personnages f\u00e9minins complexes, forts, travers\u00e9s par des conflits int\u00e9rieurs. Surtout, mettre en sc\u00e8ne une constellation de femmes qui se cherchent, des relations pas toujours \u00e9videntes. Ce sont des histoires que l\u2019on raconte peu, qui me semblent importantes \u00e0 transmettre. Et puis c&rsquo;est excitant f\u00e9miniser un genre, de raconter une historie muscl\u00e9e du point de vue d\u2019une femme, \u00e7a me motive. Avant je me sentais vite mise dans une cat\u00e9gorie de films de femme, alors qu\u2019aujourd\u2019hui, j&rsquo;ai l&rsquo;impression d&rsquo;avoir trouv\u00e9 ma place. Je me dis qu\u2019il y a peut-\u00eatre une petite diff\u00e9rence \u00e0 faire, et enfin aujourd\u2019hui une ouverture pour \u00e7a.\u00a0\u00bb\u00a0<\/em><\/p>\n<p>&nbsp;<\/p>\n<p>&nbsp;<\/p>\n<p class=\"p1\">\n","protected":false},"excerpt":{"rendered":"<p>Visite sur le tournage du nouveau film de Vanja d&rsquo;Alcantara, Cap Farewell, avec No\u00e9e Abita, Matteo Simoni, et Olivier Gourmet.\u00a0 Mars 2024. Rendez-vous est donn\u00e9 au Brussels Royal Yacht Club. A l&rsquo;arriv\u00e9e sur le plateau, on croise deux cascadeurs. Deux cascadeurs? Voil\u00e0 qui ne cadre pas forc\u00e9ment avec ce que l&rsquo;on conna\u00eet du cin\u00e9ma de &hellip;<\/p>\n","protected":false},"author":343,"featured_media":258285,"comment_status":"closed","ping_status":"closed","sticky":false,"template":"","format":"standard","meta":{"ngg_post_thumbnail":0,"footnotes":""},"categories":[7134,12,11],"tags":[],"class_list":["post-258279","post","type-post","status-publish","format-standard","has-post-thumbnail","","category-we-love-belgian-cinema","category-awards","category-tournages"],"yoast_head":"<!-- This site is optimized with the Yoast SEO plugin v20.4 - https:\/\/yoast.com\/wordpress\/plugins\/seo\/ -->\n<title>Sur le tournage de... &quot;Cap Farewell&quot; - We Love Cinema<\/title>\n<meta name=\"robots\" content=\"index, follow, max-snippet:-1, max-image-preview:large, max-video-preview:-1\" \/>\n<link rel=\"canonical\" href=\"https:\/\/welovecinema.be\/fr\/sur-le-tournage-de-cap-farewell\/\" \/>\n<meta property=\"og:locale\" content=\"fr_FR\" \/>\n<meta property=\"og:type\" content=\"article\" \/>\n<meta property=\"og:title\" content=\"Sur le tournage de... &quot;Cap Farewell&quot; - We Love Cinema\" \/>\n<meta property=\"og:description\" content=\"Visite sur le tournage du nouveau film de Vanja d&rsquo;Alcantara, Cap Farewell, avec No\u00e9e Abita, Matteo Simoni, et Olivier Gourmet.\u00a0 Mars 2024. Rendez-vous est donn\u00e9 au Brussels Royal Yacht Club. A l&rsquo;arriv\u00e9e sur le plateau, on croise deux cascadeurs. Deux cascadeurs? Voil\u00e0 qui ne cadre pas forc\u00e9ment avec ce que l&rsquo;on conna\u00eet du cin\u00e9ma de &hellip;\" \/>\n<meta property=\"og:url\" content=\"https:\/\/welovecinema.be\/fr\/sur-le-tournage-de-cap-farewell\/\" \/>\n<meta property=\"og:site_name\" content=\"We Love Cinema\" \/>\n<meta property=\"article:publisher\" content=\"https:\/\/www.facebook.com\/welovecinema.be\" \/>\n<meta property=\"article:published_time\" content=\"2024-03-26T08:56:11+00:00\" \/>\n<meta property=\"article:modified_time\" content=\"2024-03-28T08:43:45+00:00\" \/>\n<meta property=\"og:image\" content=\"https:\/\/welovecinema.be\/wp-content\/uploads\/sites\/2\/2024\/03\/IMG_5968-scaled.jpeg\" \/>\n\t<meta property=\"og:image:width\" content=\"2560\" \/>\n\t<meta property=\"og:image:height\" content=\"1920\" \/>\n\t<meta property=\"og:image:type\" content=\"image\/jpeg\" \/>\n<meta name=\"author\" content=\"Aurore Engelen\" \/>\n<meta name=\"twitter:card\" content=\"summary_large_image\" \/>\n<meta name=\"twitter:label1\" content=\"\u00c9crit par\" \/>\n\t<meta name=\"twitter:data1\" content=\"Aurore Engelen\" \/>\n\t<meta name=\"twitter:label2\" content=\"Dur\u00e9e de lecture estim\u00e9e\" \/>\n\t<meta name=\"twitter:data2\" content=\"7 minutes\" \/>\n<script type=\"application\/ld+json\" class=\"yoast-schema-graph\">{\"@context\":\"https:\/\/schema.org\",\"@graph\":[{\"@type\":\"Article\",\"@id\":\"https:\/\/welovecinema.be\/fr\/sur-le-tournage-de-cap-farewell\/#article\",\"isPartOf\":{\"@id\":\"https:\/\/welovecinema.be\/fr\/sur-le-tournage-de-cap-farewell\/\"},\"author\":{\"name\":\"Aurore Engelen\",\"@id\":\"https:\/\/welovecinema.be\/nl\/#\/schema\/person\/8084b68c6b176142d073695c654dc7cf\"},\"headline\":\"Sur le tournage de&#8230; \u00ab\u00a0Cap Farewell\u00a0\u00bb\",\"datePublished\":\"2024-03-26T08:56:11+00:00\",\"dateModified\":\"2024-03-28T08:43:45+00:00\",\"mainEntityOfPage\":{\"@id\":\"https:\/\/welovecinema.be\/fr\/sur-le-tournage-de-cap-farewell\/\"},\"wordCount\":1460,\"publisher\":{\"@id\":\"https:\/\/welovecinema.be\/nl\/#organization\"},\"articleSection\":[\"\u00a0We Love Belgian Cinema\",\"Evenements\",\"Tournages\"],\"inLanguage\":\"fr-FR\"},{\"@type\":\"WebPage\",\"@id\":\"https:\/\/welovecinema.be\/fr\/sur-le-tournage-de-cap-farewell\/\",\"url\":\"https:\/\/welovecinema.be\/fr\/sur-le-tournage-de-cap-farewell\/\",\"name\":\"Sur le tournage de... \\\"Cap Farewell\\\" - We Love Cinema\",\"isPartOf\":{\"@id\":\"https:\/\/welovecinema.be\/nl\/#website\"},\"datePublished\":\"2024-03-26T08:56:11+00:00\",\"dateModified\":\"2024-03-28T08:43:45+00:00\",\"breadcrumb\":{\"@id\":\"https:\/\/welovecinema.be\/fr\/sur-le-tournage-de-cap-farewell\/#breadcrumb\"},\"inLanguage\":\"fr-FR\",\"potentialAction\":[{\"@type\":\"ReadAction\",\"target\":[\"https:\/\/welovecinema.be\/fr\/sur-le-tournage-de-cap-farewell\/\"]}]},{\"@type\":\"BreadcrumbList\",\"@id\":\"https:\/\/welovecinema.be\/fr\/sur-le-tournage-de-cap-farewell\/#breadcrumb\",\"itemListElement\":[{\"@type\":\"ListItem\",\"position\":1,\"name\":\"Accueil\",\"item\":\"https:\/\/welovecinema.be\/fr\/\"},{\"@type\":\"ListItem\",\"position\":2,\"name\":\"Sur le tournage de&#8230; \u00ab\u00a0Cap Farewell\u00a0\u00bb\"}]},{\"@type\":\"WebSite\",\"@id\":\"https:\/\/welovecinema.be\/nl\/#website\",\"url\":\"https:\/\/welovecinema.be\/nl\/\",\"name\":\"We Love Cinema\",\"description\":\"Toute l\u2019information du cin\u00e9ma en Belgique\",\"publisher\":{\"@id\":\"https:\/\/welovecinema.be\/nl\/#organization\"},\"potentialAction\":[{\"@type\":\"SearchAction\",\"target\":{\"@type\":\"EntryPoint\",\"urlTemplate\":\"https:\/\/welovecinema.be\/nl\/?s={search_term_string}\"},\"query-input\":\"required name=search_term_string\"}],\"inLanguage\":\"fr-FR\"},{\"@type\":\"Organization\",\"@id\":\"https:\/\/welovecinema.be\/nl\/#organization\",\"name\":\"We Love Cinema\",\"url\":\"https:\/\/welovecinema.be\/nl\/\",\"logo\":{\"@type\":\"ImageObject\",\"inLanguage\":\"fr-FR\",\"@id\":\"https:\/\/welovecinema.be\/nl\/#\/schema\/logo\/image\/\",\"url\":\"https:\/\/welovecinema.be\/wp-content\/uploads\/sites\/2\/2023\/03\/Logo-We-Love-Cinema305x128.jpg\",\"contentUrl\":\"https:\/\/welovecinema.be\/wp-content\/uploads\/sites\/2\/2023\/03\/Logo-We-Love-Cinema305x128.jpg\",\"width\":305,\"height\":128,\"caption\":\"We Love Cinema\"},\"image\":{\"@id\":\"https:\/\/welovecinema.be\/nl\/#\/schema\/logo\/image\/\"},\"sameAs\":[\"https:\/\/www.facebook.com\/welovecinema.be\",\"https:\/\/www.youtube.com\/channel\/UCX5LYGVhnKvYauW4Nta4HJA\",\"https:\/\/www.instagram.com\/welovecinema.be\/\"]},{\"@type\":\"Person\",\"@id\":\"https:\/\/welovecinema.be\/nl\/#\/schema\/person\/8084b68c6b176142d073695c654dc7cf\",\"name\":\"Aurore Engelen\",\"url\":\"https:\/\/welovecinema.be\/fr\/author\/aurore-engelen\/\"}]}<\/script>\n<!-- \/ Yoast SEO plugin. -->","yoast_head_json":{"title":"Sur le tournage de... \"Cap Farewell\" - We Love Cinema","robots":{"index":"index","follow":"follow","max-snippet":"max-snippet:-1","max-image-preview":"max-image-preview:large","max-video-preview":"max-video-preview:-1"},"canonical":"https:\/\/welovecinema.be\/fr\/sur-le-tournage-de-cap-farewell\/","og_locale":"fr_FR","og_type":"article","og_title":"Sur le tournage de... \"Cap Farewell\" - We Love Cinema","og_description":"Visite sur le tournage du nouveau film de Vanja d&rsquo;Alcantara, Cap Farewell, avec No\u00e9e Abita, Matteo Simoni, et Olivier Gourmet.\u00a0 Mars 2024. Rendez-vous est donn\u00e9 au Brussels Royal Yacht Club. A l&rsquo;arriv\u00e9e sur le plateau, on croise deux cascadeurs. Deux cascadeurs? Voil\u00e0 qui ne cadre pas forc\u00e9ment avec ce que l&rsquo;on conna\u00eet du cin\u00e9ma de &hellip;","og_url":"https:\/\/welovecinema.be\/fr\/sur-le-tournage-de-cap-farewell\/","og_site_name":"We Love Cinema","article_publisher":"https:\/\/www.facebook.com\/welovecinema.be","article_published_time":"2024-03-26T08:56:11+00:00","article_modified_time":"2024-03-28T08:43:45+00:00","og_image":[{"width":2560,"height":1920,"url":"https:\/\/welovecinema.be\/wp-content\/uploads\/sites\/2\/2024\/03\/IMG_5968-scaled.jpeg","type":"image\/jpeg"}],"author":"Aurore Engelen","twitter_card":"summary_large_image","twitter_misc":{"\u00c9crit par":"Aurore Engelen","Dur\u00e9e de lecture estim\u00e9e":"7 minutes"},"schema":{"@context":"https:\/\/schema.org","@graph":[{"@type":"Article","@id":"https:\/\/welovecinema.be\/fr\/sur-le-tournage-de-cap-farewell\/#article","isPartOf":{"@id":"https:\/\/welovecinema.be\/fr\/sur-le-tournage-de-cap-farewell\/"},"author":{"name":"Aurore Engelen","@id":"https:\/\/welovecinema.be\/nl\/#\/schema\/person\/8084b68c6b176142d073695c654dc7cf"},"headline":"Sur le tournage de&#8230; \u00ab\u00a0Cap Farewell\u00a0\u00bb","datePublished":"2024-03-26T08:56:11+00:00","dateModified":"2024-03-28T08:43:45+00:00","mainEntityOfPage":{"@id":"https:\/\/welovecinema.be\/fr\/sur-le-tournage-de-cap-farewell\/"},"wordCount":1460,"publisher":{"@id":"https:\/\/welovecinema.be\/nl\/#organization"},"articleSection":["\u00a0We Love Belgian Cinema","Evenements","Tournages"],"inLanguage":"fr-FR"},{"@type":"WebPage","@id":"https:\/\/welovecinema.be\/fr\/sur-le-tournage-de-cap-farewell\/","url":"https:\/\/welovecinema.be\/fr\/sur-le-tournage-de-cap-farewell\/","name":"Sur le tournage de... \"Cap Farewell\" - We Love Cinema","isPartOf":{"@id":"https:\/\/welovecinema.be\/nl\/#website"},"datePublished":"2024-03-26T08:56:11+00:00","dateModified":"2024-03-28T08:43:45+00:00","breadcrumb":{"@id":"https:\/\/welovecinema.be\/fr\/sur-le-tournage-de-cap-farewell\/#breadcrumb"},"inLanguage":"fr-FR","potentialAction":[{"@type":"ReadAction","target":["https:\/\/welovecinema.be\/fr\/sur-le-tournage-de-cap-farewell\/"]}]},{"@type":"BreadcrumbList","@id":"https:\/\/welovecinema.be\/fr\/sur-le-tournage-de-cap-farewell\/#breadcrumb","itemListElement":[{"@type":"ListItem","position":1,"name":"Accueil","item":"https:\/\/welovecinema.be\/fr\/"},{"@type":"ListItem","position":2,"name":"Sur le tournage de&#8230; \u00ab\u00a0Cap Farewell\u00a0\u00bb"}]},{"@type":"WebSite","@id":"https:\/\/welovecinema.be\/nl\/#website","url":"https:\/\/welovecinema.be\/nl\/","name":"We Love Cinema","description":"Toute l\u2019information du cin\u00e9ma en Belgique","publisher":{"@id":"https:\/\/welovecinema.be\/nl\/#organization"},"potentialAction":[{"@type":"SearchAction","target":{"@type":"EntryPoint","urlTemplate":"https:\/\/welovecinema.be\/nl\/?s={search_term_string}"},"query-input":"required name=search_term_string"}],"inLanguage":"fr-FR"},{"@type":"Organization","@id":"https:\/\/welovecinema.be\/nl\/#organization","name":"We Love Cinema","url":"https:\/\/welovecinema.be\/nl\/","logo":{"@type":"ImageObject","inLanguage":"fr-FR","@id":"https:\/\/welovecinema.be\/nl\/#\/schema\/logo\/image\/","url":"https:\/\/welovecinema.be\/wp-content\/uploads\/sites\/2\/2023\/03\/Logo-We-Love-Cinema305x128.jpg","contentUrl":"https:\/\/welovecinema.be\/wp-content\/uploads\/sites\/2\/2023\/03\/Logo-We-Love-Cinema305x128.jpg","width":305,"height":128,"caption":"We Love Cinema"},"image":{"@id":"https:\/\/welovecinema.be\/nl\/#\/schema\/logo\/image\/"},"sameAs":["https:\/\/www.facebook.com\/welovecinema.be","https:\/\/www.youtube.com\/channel\/UCX5LYGVhnKvYauW4Nta4HJA","https:\/\/www.instagram.com\/welovecinema.be\/"]},{"@type":"Person","@id":"https:\/\/welovecinema.be\/nl\/#\/schema\/person\/8084b68c6b176142d073695c654dc7cf","name":"Aurore Engelen","url":"https:\/\/welovecinema.be\/fr\/author\/aurore-engelen\/"}]}},"_links":{"self":[{"href":"https:\/\/welovecinema.be\/fr\/wp-json\/wp\/v2\/posts\/258279","targetHints":{"allow":["GET"]}}],"collection":[{"href":"https:\/\/welovecinema.be\/fr\/wp-json\/wp\/v2\/posts"}],"about":[{"href":"https:\/\/welovecinema.be\/fr\/wp-json\/wp\/v2\/types\/post"}],"author":[{"embeddable":true,"href":"https:\/\/welovecinema.be\/fr\/wp-json\/wp\/v2\/users\/343"}],"replies":[{"embeddable":true,"href":"https:\/\/welovecinema.be\/fr\/wp-json\/wp\/v2\/comments?post=258279"}],"version-history":[{"count":2,"href":"https:\/\/welovecinema.be\/fr\/wp-json\/wp\/v2\/posts\/258279\/revisions"}],"predecessor-version":[{"id":258292,"href":"https:\/\/welovecinema.be\/fr\/wp-json\/wp\/v2\/posts\/258279\/revisions\/258292"}],"wp:featuredmedia":[{"embeddable":true,"href":"https:\/\/welovecinema.be\/fr\/wp-json\/wp\/v2\/media\/258285"}],"wp:attachment":[{"href":"https:\/\/welovecinema.be\/fr\/wp-json\/wp\/v2\/media?parent=258279"}],"wp:term":[{"taxonomy":"category","embeddable":true,"href":"https:\/\/welovecinema.be\/fr\/wp-json\/wp\/v2\/categories?post=258279"},{"taxonomy":"post_tag","embeddable":true,"href":"https:\/\/welovecinema.be\/fr\/wp-json\/wp\/v2\/tags?post=258279"}],"curies":[{"name":"wp","href":"https:\/\/api.w.org\/{rel}","templated":true}]}}