{"id":257758,"date":"2024-02-29T08:29:57","date_gmt":"2024-02-29T07:29:57","guid":{"rendered":"https:\/\/welovecinema.be\/?p=257758"},"modified":"2024-02-29T08:29:57","modified_gmt":"2024-02-29T07:29:57","slug":"8-nouveaux-noms-pour-le-biopic-sur-michael-jackson","status":"publish","type":"post","link":"https:\/\/welovecinema.be\/fr\/8-nouveaux-noms-pour-le-biopic-sur-michael-jackson\/","title":{"rendered":"8 nouveaux noms pour le biopic sur Michael Jackson\u00a0!"},"content":{"rendered":"<p><strong>Si on savait d\u00e9j\u00e0 qui allait camper Michael Jackson, d\u2019autres noms viennent de tomber. Et on sait maintenant enfin qui campera quel frangin Jackson enfant et adulte. Sortie du film au printemps 2025 !<\/strong><\/p>\n<p>Ainsi, Jermaine, Marlon, Tito et Jackie Jackson seront chaque fois camp\u00e9s par deux acteurs diff\u00e9rents en version enfant et adulte. En d\u00e9tail, le jeune Jermaine sera jou\u00e9 par Jayden Harville, tandis que sa version adulte sera tenue par Jamal R. Henderson. Quant \u00e0 lui, Jaylen Lyndon Hunter assumera le r\u00f4le du jeune Marlon, tandis que le Marlon plus \u00e2g\u00e9 sera jou\u00e9 par Tre Horton. Le jeune Tito sera incarn\u00e9 par Judah Edwards et Rhyan Hill fera sa version \u00e2g\u00e9e. Enfin, le jeune Jackie sera interpr\u00e9t\u00e9 par Nathaniel Logan McIntyre et par Joseph David-Jones dans ses derni\u00e8res ann\u00e9es.<\/p>\n<p><em>\u00ab\u00a0La nature v\u00e9ritablement \u00e9pique de ce film n\u00e9cessitait un total de dix acteurs ayant le talent pour incarner les Jackson Five au fil des ans. Je suis ravi de pr\u00e9senter ce groupe extraordinaire d\u2019acteurs et d\u2019interpr\u00e8tes au public mondial dans ce film<\/em>\u00a0\u00bb, s\u2019est enthousiasm\u00e9 Graham King, producteur de ce long-m\u00e9trage.<\/p>\n<p>Jafaar Jackson, le vrai neveu du <em>King of Pop<\/em>, campera Michael \u00e0 l\u2019\u00e2ge adulte (Et Juliano Valdi le sera du temps des Jackson Five.), Miles Teller sera son agent, et Colman Domingo jouera papa Joe.<\/p>\n<p>Sortie du film le 18 avril 2025 aux Etats-Unis, et l\u2019Europe devrait suivre rapidement apr\u00e8s.<\/p>\n","protected":false},"excerpt":{"rendered":"<p>Si on savait d\u00e9j\u00e0 qui allait camper Michael Jackson, d\u2019autres noms viennent de tomber. Et on sait maintenant enfin qui campera quel frangin Jackson enfant et adulte. Sortie du film au printemps 2025 ! Ainsi, Jermaine, Marlon, Tito et Jackie Jackson seront chaque fois camp\u00e9s par deux acteurs diff\u00e9rents en version enfant et adulte. En &hellip;<\/p>\n","protected":false},"author":358,"featured_media":257746,"comment_status":"closed","ping_status":"closed","sticky":false,"template":"","format":"standard","meta":{"ngg_post_thumbnail":0,"footnotes":""},"categories":[7135,7],"tags":[],"class_list":["post-257758","post","type-post","status-publish","format-standard","has-post-thumbnail","","category-we-love-worldwide","category-actualites"],"yoast_head":"<!-- This site is optimized with the Yoast SEO plugin v20.4 - https:\/\/yoast.com\/wordpress\/plugins\/seo\/ -->\n<title>8 nouveaux noms pour le biopic sur Michael Jackson\u00a0! - We Love Cinema<\/title>\n<meta name=\"robots\" content=\"index, follow, max-snippet:-1, max-image-preview:large, max-video-preview:-1\" \/>\n<link rel=\"canonical\" href=\"https:\/\/welovecinema.be\/fr\/8-nouveaux-noms-pour-le-biopic-sur-michael-jackson\/\" \/>\n<meta property=\"og:locale\" content=\"fr_FR\" \/>\n<meta property=\"og:type\" content=\"article\" \/>\n<meta property=\"og:title\" content=\"8 nouveaux noms pour le biopic sur Michael Jackson\u00a0! - We Love Cinema\" \/>\n<meta property=\"og:description\" content=\"Si on savait d\u00e9j\u00e0 qui allait camper Michael Jackson, d\u2019autres noms viennent de tomber. Et on sait maintenant enfin qui campera quel frangin Jackson enfant et adulte. Sortie du film au printemps 2025 ! Ainsi, Jermaine, Marlon, Tito et Jackie Jackson seront chaque fois camp\u00e9s par deux acteurs diff\u00e9rents en version enfant et adulte. En &hellip;\" \/>\n<meta property=\"og:url\" content=\"https:\/\/welovecinema.be\/fr\/8-nouveaux-noms-pour-le-biopic-sur-michael-jackson\/\" \/>\n<meta property=\"og:site_name\" content=\"We Love Cinema\" \/>\n<meta property=\"article:publisher\" content=\"https:\/\/www.facebook.com\/welovecinema.be\" \/>\n<meta property=\"article:published_time\" content=\"2024-02-29T07:29:57+00:00\" \/>\n<meta property=\"og:image\" content=\"https:\/\/welovecinema.be\/wp-content\/uploads\/sites\/2\/2024\/02\/jackson.jpg\" \/>\n\t<meta property=\"og:image:width\" content=\"750\" \/>\n\t<meta property=\"og:image:height\" content=\"400\" \/>\n\t<meta property=\"og:image:type\" content=\"image\/jpeg\" \/>\n<meta name=\"author\" content=\"fred\" \/>\n<meta name=\"twitter:card\" content=\"summary_large_image\" \/>\n<meta name=\"twitter:label1\" content=\"\u00c9crit par\" \/>\n\t<meta name=\"twitter:data1\" content=\"fred\" \/>\n\t<meta name=\"twitter:label2\" content=\"Dur\u00e9e de lecture estim\u00e9e\" \/>\n\t<meta name=\"twitter:data2\" content=\"2 minutes\" \/>\n<script type=\"application\/ld+json\" class=\"yoast-schema-graph\">{\"@context\":\"https:\/\/schema.org\",\"@graph\":[{\"@type\":\"Article\",\"@id\":\"https:\/\/welovecinema.be\/fr\/8-nouveaux-noms-pour-le-biopic-sur-michael-jackson\/#article\",\"isPartOf\":{\"@id\":\"https:\/\/welovecinema.be\/fr\/8-nouveaux-noms-pour-le-biopic-sur-michael-jackson\/\"},\"author\":{\"name\":\"fred\",\"@id\":\"https:\/\/welovecinema.be\/nl\/#\/schema\/person\/7620619142b6dd3c9aa19e9210ad5bd5\"},\"headline\":\"8 nouveaux noms pour le biopic sur Michael Jackson\u00a0!\",\"datePublished\":\"2024-02-29T07:29:57+00:00\",\"dateModified\":\"2024-02-29T07:29:57+00:00\",\"mainEntityOfPage\":{\"@id\":\"https:\/\/welovecinema.be\/fr\/8-nouveaux-noms-pour-le-biopic-sur-michael-jackson\/\"},\"wordCount\":254,\"publisher\":{\"@id\":\"https:\/\/welovecinema.be\/nl\/#organization\"},\"articleSection\":[\"\u00a0We Love Worldwide Cinema\",\"News\"],\"inLanguage\":\"fr-FR\"},{\"@type\":\"WebPage\",\"@id\":\"https:\/\/welovecinema.be\/fr\/8-nouveaux-noms-pour-le-biopic-sur-michael-jackson\/\",\"url\":\"https:\/\/welovecinema.be\/fr\/8-nouveaux-noms-pour-le-biopic-sur-michael-jackson\/\",\"name\":\"8 nouveaux noms pour le biopic sur Michael Jackson\u00a0! - We Love Cinema\",\"isPartOf\":{\"@id\":\"https:\/\/welovecinema.be\/nl\/#website\"},\"datePublished\":\"2024-02-29T07:29:57+00:00\",\"dateModified\":\"2024-02-29T07:29:57+00:00\",\"breadcrumb\":{\"@id\":\"https:\/\/welovecinema.be\/fr\/8-nouveaux-noms-pour-le-biopic-sur-michael-jackson\/#breadcrumb\"},\"inLanguage\":\"fr-FR\",\"potentialAction\":[{\"@type\":\"ReadAction\",\"target\":[\"https:\/\/welovecinema.be\/fr\/8-nouveaux-noms-pour-le-biopic-sur-michael-jackson\/\"]}]},{\"@type\":\"BreadcrumbList\",\"@id\":\"https:\/\/welovecinema.be\/fr\/8-nouveaux-noms-pour-le-biopic-sur-michael-jackson\/#breadcrumb\",\"itemListElement\":[{\"@type\":\"ListItem\",\"position\":1,\"name\":\"Accueil\",\"item\":\"https:\/\/welovecinema.be\/fr\/\"},{\"@type\":\"ListItem\",\"position\":2,\"name\":\"8 nouveaux noms pour le biopic sur Michael Jackson\u00a0!\"}]},{\"@type\":\"WebSite\",\"@id\":\"https:\/\/welovecinema.be\/nl\/#website\",\"url\":\"https:\/\/welovecinema.be\/nl\/\",\"name\":\"We Love Cinema\",\"description\":\"Toute l\u2019information du cin\u00e9ma en Belgique\",\"publisher\":{\"@id\":\"https:\/\/welovecinema.be\/nl\/#organization\"},\"potentialAction\":[{\"@type\":\"SearchAction\",\"target\":{\"@type\":\"EntryPoint\",\"urlTemplate\":\"https:\/\/welovecinema.be\/nl\/?s={search_term_string}\"},\"query-input\":\"required name=search_term_string\"}],\"inLanguage\":\"fr-FR\"},{\"@type\":\"Organization\",\"@id\":\"https:\/\/welovecinema.be\/nl\/#organization\",\"name\":\"We Love Cinema\",\"url\":\"https:\/\/welovecinema.be\/nl\/\",\"logo\":{\"@type\":\"ImageObject\",\"inLanguage\":\"fr-FR\",\"@id\":\"https:\/\/welovecinema.be\/nl\/#\/schema\/logo\/image\/\",\"url\":\"https:\/\/welovecinema.be\/wp-content\/uploads\/sites\/2\/2023\/03\/Logo-We-Love-Cinema305x128.jpg\",\"contentUrl\":\"https:\/\/welovecinema.be\/wp-content\/uploads\/sites\/2\/2023\/03\/Logo-We-Love-Cinema305x128.jpg\",\"width\":305,\"height\":128,\"caption\":\"We Love Cinema\"},\"image\":{\"@id\":\"https:\/\/welovecinema.be\/nl\/#\/schema\/logo\/image\/\"},\"sameAs\":[\"https:\/\/www.facebook.com\/welovecinema.be\",\"https:\/\/www.youtube.com\/channel\/UCX5LYGVhnKvYauW4Nta4HJA\",\"https:\/\/www.instagram.com\/welovecinema.be\/\"]},{\"@type\":\"Person\",\"@id\":\"https:\/\/welovecinema.be\/nl\/#\/schema\/person\/7620619142b6dd3c9aa19e9210ad5bd5\",\"name\":\"fred\",\"url\":\"https:\/\/welovecinema.be\/fr\/author\/fred\/\"}]}<\/script>\n<!-- \/ Yoast SEO plugin. -->","yoast_head_json":{"title":"8 nouveaux noms pour le biopic sur Michael Jackson\u00a0! - We Love Cinema","robots":{"index":"index","follow":"follow","max-snippet":"max-snippet:-1","max-image-preview":"max-image-preview:large","max-video-preview":"max-video-preview:-1"},"canonical":"https:\/\/welovecinema.be\/fr\/8-nouveaux-noms-pour-le-biopic-sur-michael-jackson\/","og_locale":"fr_FR","og_type":"article","og_title":"8 nouveaux noms pour le biopic sur Michael Jackson\u00a0! - We Love Cinema","og_description":"Si on savait d\u00e9j\u00e0 qui allait camper Michael Jackson, d\u2019autres noms viennent de tomber. Et on sait maintenant enfin qui campera quel frangin Jackson enfant et adulte. Sortie du film au printemps 2025 ! Ainsi, Jermaine, Marlon, Tito et Jackie Jackson seront chaque fois camp\u00e9s par deux acteurs diff\u00e9rents en version enfant et adulte. En &hellip;","og_url":"https:\/\/welovecinema.be\/fr\/8-nouveaux-noms-pour-le-biopic-sur-michael-jackson\/","og_site_name":"We Love Cinema","article_publisher":"https:\/\/www.facebook.com\/welovecinema.be","article_published_time":"2024-02-29T07:29:57+00:00","og_image":[{"width":750,"height":400,"url":"https:\/\/welovecinema.be\/wp-content\/uploads\/sites\/2\/2024\/02\/jackson.jpg","type":"image\/jpeg"}],"author":"fred","twitter_card":"summary_large_image","twitter_misc":{"\u00c9crit par":"fred","Dur\u00e9e de lecture estim\u00e9e":"2 minutes"},"schema":{"@context":"https:\/\/schema.org","@graph":[{"@type":"Article","@id":"https:\/\/welovecinema.be\/fr\/8-nouveaux-noms-pour-le-biopic-sur-michael-jackson\/#article","isPartOf":{"@id":"https:\/\/welovecinema.be\/fr\/8-nouveaux-noms-pour-le-biopic-sur-michael-jackson\/"},"author":{"name":"fred","@id":"https:\/\/welovecinema.be\/nl\/#\/schema\/person\/7620619142b6dd3c9aa19e9210ad5bd5"},"headline":"8 nouveaux noms pour le biopic sur Michael Jackson\u00a0!","datePublished":"2024-02-29T07:29:57+00:00","dateModified":"2024-02-29T07:29:57+00:00","mainEntityOfPage":{"@id":"https:\/\/welovecinema.be\/fr\/8-nouveaux-noms-pour-le-biopic-sur-michael-jackson\/"},"wordCount":254,"publisher":{"@id":"https:\/\/welovecinema.be\/nl\/#organization"},"articleSection":["\u00a0We Love Worldwide Cinema","News"],"inLanguage":"fr-FR"},{"@type":"WebPage","@id":"https:\/\/welovecinema.be\/fr\/8-nouveaux-noms-pour-le-biopic-sur-michael-jackson\/","url":"https:\/\/welovecinema.be\/fr\/8-nouveaux-noms-pour-le-biopic-sur-michael-jackson\/","name":"8 nouveaux noms pour le biopic sur Michael Jackson\u00a0! - We Love Cinema","isPartOf":{"@id":"https:\/\/welovecinema.be\/nl\/#website"},"datePublished":"2024-02-29T07:29:57+00:00","dateModified":"2024-02-29T07:29:57+00:00","breadcrumb":{"@id":"https:\/\/welovecinema.be\/fr\/8-nouveaux-noms-pour-le-biopic-sur-michael-jackson\/#breadcrumb"},"inLanguage":"fr-FR","potentialAction":[{"@type":"ReadAction","target":["https:\/\/welovecinema.be\/fr\/8-nouveaux-noms-pour-le-biopic-sur-michael-jackson\/"]}]},{"@type":"BreadcrumbList","@id":"https:\/\/welovecinema.be\/fr\/8-nouveaux-noms-pour-le-biopic-sur-michael-jackson\/#breadcrumb","itemListElement":[{"@type":"ListItem","position":1,"name":"Accueil","item":"https:\/\/welovecinema.be\/fr\/"},{"@type":"ListItem","position":2,"name":"8 nouveaux noms pour le biopic sur Michael Jackson\u00a0!"}]},{"@type":"WebSite","@id":"https:\/\/welovecinema.be\/nl\/#website","url":"https:\/\/welovecinema.be\/nl\/","name":"We Love Cinema","description":"Toute l\u2019information du cin\u00e9ma en Belgique","publisher":{"@id":"https:\/\/welovecinema.be\/nl\/#organization"},"potentialAction":[{"@type":"SearchAction","target":{"@type":"EntryPoint","urlTemplate":"https:\/\/welovecinema.be\/nl\/?s={search_term_string}"},"query-input":"required name=search_term_string"}],"inLanguage":"fr-FR"},{"@type":"Organization","@id":"https:\/\/welovecinema.be\/nl\/#organization","name":"We Love Cinema","url":"https:\/\/welovecinema.be\/nl\/","logo":{"@type":"ImageObject","inLanguage":"fr-FR","@id":"https:\/\/welovecinema.be\/nl\/#\/schema\/logo\/image\/","url":"https:\/\/welovecinema.be\/wp-content\/uploads\/sites\/2\/2023\/03\/Logo-We-Love-Cinema305x128.jpg","contentUrl":"https:\/\/welovecinema.be\/wp-content\/uploads\/sites\/2\/2023\/03\/Logo-We-Love-Cinema305x128.jpg","width":305,"height":128,"caption":"We Love Cinema"},"image":{"@id":"https:\/\/welovecinema.be\/nl\/#\/schema\/logo\/image\/"},"sameAs":["https:\/\/www.facebook.com\/welovecinema.be","https:\/\/www.youtube.com\/channel\/UCX5LYGVhnKvYauW4Nta4HJA","https:\/\/www.instagram.com\/welovecinema.be\/"]},{"@type":"Person","@id":"https:\/\/welovecinema.be\/nl\/#\/schema\/person\/7620619142b6dd3c9aa19e9210ad5bd5","name":"fred","url":"https:\/\/welovecinema.be\/fr\/author\/fred\/"}]}},"_links":{"self":[{"href":"https:\/\/welovecinema.be\/fr\/wp-json\/wp\/v2\/posts\/257758","targetHints":{"allow":["GET"]}}],"collection":[{"href":"https:\/\/welovecinema.be\/fr\/wp-json\/wp\/v2\/posts"}],"about":[{"href":"https:\/\/welovecinema.be\/fr\/wp-json\/wp\/v2\/types\/post"}],"author":[{"embeddable":true,"href":"https:\/\/welovecinema.be\/fr\/wp-json\/wp\/v2\/users\/358"}],"replies":[{"embeddable":true,"href":"https:\/\/welovecinema.be\/fr\/wp-json\/wp\/v2\/comments?post=257758"}],"version-history":[{"count":1,"href":"https:\/\/welovecinema.be\/fr\/wp-json\/wp\/v2\/posts\/257758\/revisions"}],"predecessor-version":[{"id":257759,"href":"https:\/\/welovecinema.be\/fr\/wp-json\/wp\/v2\/posts\/257758\/revisions\/257759"}],"wp:featuredmedia":[{"embeddable":true,"href":"https:\/\/welovecinema.be\/fr\/wp-json\/wp\/v2\/media\/257746"}],"wp:attachment":[{"href":"https:\/\/welovecinema.be\/fr\/wp-json\/wp\/v2\/media?parent=257758"}],"wp:term":[{"taxonomy":"category","embeddable":true,"href":"https:\/\/welovecinema.be\/fr\/wp-json\/wp\/v2\/categories?post=257758"},{"taxonomy":"post_tag","embeddable":true,"href":"https:\/\/welovecinema.be\/fr\/wp-json\/wp\/v2\/tags?post=257758"}],"curies":[{"name":"wp","href":"https:\/\/api.w.org\/{rel}","templated":true}]}}