{"id":257633,"date":"2024-02-21T07:48:23","date_gmt":"2024-02-21T06:48:23","guid":{"rendered":"https:\/\/welovecinema.be\/?p=257633"},"modified":"2024-02-21T07:48:23","modified_gmt":"2024-02-21T06:48:23","slug":"christian-bale-dans-frankenstein","status":"publish","type":"post","link":"https:\/\/welovecinema.be\/fr\/christian-bale-dans-frankenstein\/","title":{"rendered":"Christian Bale dans Frankenstein\u00a0!"},"content":{"rendered":"<p><strong>Le film sera r\u00e9alis\u00e9 par Magie Gyllenhall, qui s\u2019est inspir\u00e9e du roman de Mary Shelley: <\/strong><strong><em>Frankenstein ou le Prom\u00e9th\u00e9e moderne.<\/em><\/strong><strong> Sortie pr\u00e9vue fin 2025\u2026<\/strong><\/p>\n<p>Si, \u00e0 l\u2019heure actuelle, on ne sait pas encore si Bale sera le Docteur Frankenstein, la cr\u00e9ature, ou les deux \u00e0 la fois, l\u2019acteur a bel et bien confirm\u00e9 avoir rejoint le projet, d\u00e9clarant: \u00ab\u00a0<em>Je travaillerai avec la merveilleuse Maggie Gyllenhaal, et beaucoup d\u2019autres acteurs tr\u00e8s talentueux<\/em>.\u00a0\u00bb De fait, le casting s\u2019annonce bien. Car outre Bale, ce long-m\u00e9trage accueillera aussi Jessie Buckley, Annette Bening, Penelope Cruz et Peter Sarsgaard.<\/p>\n<p>Christian et Maggie avaient d\u00e9j\u00e0 collabor\u00e9 (Maggie \u00e9tant \u00ab juste\u00a0\u00bb actrice cette fois-l\u00e0\u00a0!) dans <em>The Dark Knight<\/em> (2009 &#8211; photo), o\u00f9 ils campaient le couple Bruce Wayne &#8211; Rachel Dawes.<\/p>\n<p>Sortie normalement fin 2025\u00a0!<\/p>\n","protected":false},"excerpt":{"rendered":"<p>Le film sera r\u00e9alis\u00e9 par Magie Gyllenhall, qui s\u2019est inspir\u00e9e du roman de Mary Shelley: Frankenstein ou le Prom\u00e9th\u00e9e moderne. Sortie pr\u00e9vue fin 2025\u2026 Si, \u00e0 l\u2019heure actuelle, on ne sait pas encore si Bale sera le Docteur Frankenstein, la cr\u00e9ature, ou les deux \u00e0 la fois, l\u2019acteur a bel et bien confirm\u00e9 avoir rejoint &hellip;<\/p>\n","protected":false},"author":358,"featured_media":257586,"comment_status":"closed","ping_status":"closed","sticky":false,"template":"","format":"standard","meta":{"ngg_post_thumbnail":0,"footnotes":""},"categories":[7135,7],"tags":[],"class_list":["post-257633","post","type-post","status-publish","format-standard","has-post-thumbnail","","category-we-love-worldwide","category-actualites"],"yoast_head":"<!-- This site is optimized with the Yoast SEO plugin v20.4 - https:\/\/yoast.com\/wordpress\/plugins\/seo\/ -->\n<title>Christian Bale dans Frankenstein\u00a0! - We Love Cinema<\/title>\n<meta name=\"robots\" content=\"index, follow, max-snippet:-1, max-image-preview:large, max-video-preview:-1\" \/>\n<link rel=\"canonical\" href=\"https:\/\/welovecinema.be\/fr\/christian-bale-dans-frankenstein\/\" \/>\n<meta property=\"og:locale\" content=\"fr_FR\" \/>\n<meta property=\"og:type\" content=\"article\" \/>\n<meta property=\"og:title\" content=\"Christian Bale dans Frankenstein\u00a0! - We Love Cinema\" \/>\n<meta property=\"og:description\" content=\"Le film sera r\u00e9alis\u00e9 par Magie Gyllenhall, qui s\u2019est inspir\u00e9e du roman de Mary Shelley: Frankenstein ou le Prom\u00e9th\u00e9e moderne. Sortie pr\u00e9vue fin 2025\u2026 Si, \u00e0 l\u2019heure actuelle, on ne sait pas encore si Bale sera le Docteur Frankenstein, la cr\u00e9ature, ou les deux \u00e0 la fois, l\u2019acteur a bel et bien confirm\u00e9 avoir rejoint &hellip;\" \/>\n<meta property=\"og:url\" content=\"https:\/\/welovecinema.be\/fr\/christian-bale-dans-frankenstein\/\" \/>\n<meta property=\"og:site_name\" content=\"We Love Cinema\" \/>\n<meta property=\"article:publisher\" content=\"https:\/\/www.facebook.com\/welovecinema.be\" \/>\n<meta property=\"article:published_time\" content=\"2024-02-21T06:48:23+00:00\" \/>\n<meta property=\"og:image\" content=\"https:\/\/welovecinema.be\/wp-content\/uploads\/sites\/2\/2024\/02\/bale.jpg\" \/>\n\t<meta property=\"og:image:width\" content=\"1024\" \/>\n\t<meta property=\"og:image:height\" content=\"683\" \/>\n\t<meta property=\"og:image:type\" content=\"image\/jpeg\" \/>\n<meta name=\"author\" content=\"fred\" \/>\n<meta name=\"twitter:card\" content=\"summary_large_image\" \/>\n<meta name=\"twitter:label1\" content=\"\u00c9crit par\" \/>\n\t<meta name=\"twitter:data1\" content=\"fred\" \/>\n\t<meta name=\"twitter:label2\" content=\"Dur\u00e9e de lecture estim\u00e9e\" \/>\n\t<meta name=\"twitter:data2\" content=\"1 minute\" \/>\n<script type=\"application\/ld+json\" class=\"yoast-schema-graph\">{\"@context\":\"https:\/\/schema.org\",\"@graph\":[{\"@type\":\"Article\",\"@id\":\"https:\/\/welovecinema.be\/fr\/christian-bale-dans-frankenstein\/#article\",\"isPartOf\":{\"@id\":\"https:\/\/welovecinema.be\/fr\/christian-bale-dans-frankenstein\/\"},\"author\":{\"name\":\"fred\",\"@id\":\"https:\/\/welovecinema.be\/nl\/#\/schema\/person\/7620619142b6dd3c9aa19e9210ad5bd5\"},\"headline\":\"Christian Bale dans Frankenstein\u00a0!\",\"datePublished\":\"2024-02-21T06:48:23+00:00\",\"dateModified\":\"2024-02-21T06:48:23+00:00\",\"mainEntityOfPage\":{\"@id\":\"https:\/\/welovecinema.be\/fr\/christian-bale-dans-frankenstein\/\"},\"wordCount\":140,\"publisher\":{\"@id\":\"https:\/\/welovecinema.be\/nl\/#organization\"},\"articleSection\":[\"\u00a0We Love Worldwide Cinema\",\"News\"],\"inLanguage\":\"fr-FR\"},{\"@type\":\"WebPage\",\"@id\":\"https:\/\/welovecinema.be\/fr\/christian-bale-dans-frankenstein\/\",\"url\":\"https:\/\/welovecinema.be\/fr\/christian-bale-dans-frankenstein\/\",\"name\":\"Christian Bale dans Frankenstein\u00a0! - We Love Cinema\",\"isPartOf\":{\"@id\":\"https:\/\/welovecinema.be\/nl\/#website\"},\"datePublished\":\"2024-02-21T06:48:23+00:00\",\"dateModified\":\"2024-02-21T06:48:23+00:00\",\"breadcrumb\":{\"@id\":\"https:\/\/welovecinema.be\/fr\/christian-bale-dans-frankenstein\/#breadcrumb\"},\"inLanguage\":\"fr-FR\",\"potentialAction\":[{\"@type\":\"ReadAction\",\"target\":[\"https:\/\/welovecinema.be\/fr\/christian-bale-dans-frankenstein\/\"]}]},{\"@type\":\"BreadcrumbList\",\"@id\":\"https:\/\/welovecinema.be\/fr\/christian-bale-dans-frankenstein\/#breadcrumb\",\"itemListElement\":[{\"@type\":\"ListItem\",\"position\":1,\"name\":\"Accueil\",\"item\":\"https:\/\/welovecinema.be\/fr\/\"},{\"@type\":\"ListItem\",\"position\":2,\"name\":\"Christian Bale dans Frankenstein\u00a0!\"}]},{\"@type\":\"WebSite\",\"@id\":\"https:\/\/welovecinema.be\/nl\/#website\",\"url\":\"https:\/\/welovecinema.be\/nl\/\",\"name\":\"We Love Cinema\",\"description\":\"Toute l\u2019information du cin\u00e9ma en Belgique\",\"publisher\":{\"@id\":\"https:\/\/welovecinema.be\/nl\/#organization\"},\"potentialAction\":[{\"@type\":\"SearchAction\",\"target\":{\"@type\":\"EntryPoint\",\"urlTemplate\":\"https:\/\/welovecinema.be\/nl\/?s={search_term_string}\"},\"query-input\":\"required name=search_term_string\"}],\"inLanguage\":\"fr-FR\"},{\"@type\":\"Organization\",\"@id\":\"https:\/\/welovecinema.be\/nl\/#organization\",\"name\":\"We Love Cinema\",\"url\":\"https:\/\/welovecinema.be\/nl\/\",\"logo\":{\"@type\":\"ImageObject\",\"inLanguage\":\"fr-FR\",\"@id\":\"https:\/\/welovecinema.be\/nl\/#\/schema\/logo\/image\/\",\"url\":\"https:\/\/welovecinema.be\/wp-content\/uploads\/sites\/2\/2023\/03\/Logo-We-Love-Cinema305x128.jpg\",\"contentUrl\":\"https:\/\/welovecinema.be\/wp-content\/uploads\/sites\/2\/2023\/03\/Logo-We-Love-Cinema305x128.jpg\",\"width\":305,\"height\":128,\"caption\":\"We Love Cinema\"},\"image\":{\"@id\":\"https:\/\/welovecinema.be\/nl\/#\/schema\/logo\/image\/\"},\"sameAs\":[\"https:\/\/www.facebook.com\/welovecinema.be\",\"https:\/\/www.youtube.com\/channel\/UCX5LYGVhnKvYauW4Nta4HJA\",\"https:\/\/www.instagram.com\/welovecinema.be\/\"]},{\"@type\":\"Person\",\"@id\":\"https:\/\/welovecinema.be\/nl\/#\/schema\/person\/7620619142b6dd3c9aa19e9210ad5bd5\",\"name\":\"fred\",\"url\":\"https:\/\/welovecinema.be\/fr\/author\/fred\/\"}]}<\/script>\n<!-- \/ Yoast SEO plugin. -->","yoast_head_json":{"title":"Christian Bale dans Frankenstein\u00a0! - We Love Cinema","robots":{"index":"index","follow":"follow","max-snippet":"max-snippet:-1","max-image-preview":"max-image-preview:large","max-video-preview":"max-video-preview:-1"},"canonical":"https:\/\/welovecinema.be\/fr\/christian-bale-dans-frankenstein\/","og_locale":"fr_FR","og_type":"article","og_title":"Christian Bale dans Frankenstein\u00a0! - We Love Cinema","og_description":"Le film sera r\u00e9alis\u00e9 par Magie Gyllenhall, qui s\u2019est inspir\u00e9e du roman de Mary Shelley: Frankenstein ou le Prom\u00e9th\u00e9e moderne. Sortie pr\u00e9vue fin 2025\u2026 Si, \u00e0 l\u2019heure actuelle, on ne sait pas encore si Bale sera le Docteur Frankenstein, la cr\u00e9ature, ou les deux \u00e0 la fois, l\u2019acteur a bel et bien confirm\u00e9 avoir rejoint &hellip;","og_url":"https:\/\/welovecinema.be\/fr\/christian-bale-dans-frankenstein\/","og_site_name":"We Love Cinema","article_publisher":"https:\/\/www.facebook.com\/welovecinema.be","article_published_time":"2024-02-21T06:48:23+00:00","og_image":[{"width":1024,"height":683,"url":"https:\/\/welovecinema.be\/wp-content\/uploads\/sites\/2\/2024\/02\/bale.jpg","type":"image\/jpeg"}],"author":"fred","twitter_card":"summary_large_image","twitter_misc":{"\u00c9crit par":"fred","Dur\u00e9e de lecture estim\u00e9e":"1 minute"},"schema":{"@context":"https:\/\/schema.org","@graph":[{"@type":"Article","@id":"https:\/\/welovecinema.be\/fr\/christian-bale-dans-frankenstein\/#article","isPartOf":{"@id":"https:\/\/welovecinema.be\/fr\/christian-bale-dans-frankenstein\/"},"author":{"name":"fred","@id":"https:\/\/welovecinema.be\/nl\/#\/schema\/person\/7620619142b6dd3c9aa19e9210ad5bd5"},"headline":"Christian Bale dans Frankenstein\u00a0!","datePublished":"2024-02-21T06:48:23+00:00","dateModified":"2024-02-21T06:48:23+00:00","mainEntityOfPage":{"@id":"https:\/\/welovecinema.be\/fr\/christian-bale-dans-frankenstein\/"},"wordCount":140,"publisher":{"@id":"https:\/\/welovecinema.be\/nl\/#organization"},"articleSection":["\u00a0We Love Worldwide Cinema","News"],"inLanguage":"fr-FR"},{"@type":"WebPage","@id":"https:\/\/welovecinema.be\/fr\/christian-bale-dans-frankenstein\/","url":"https:\/\/welovecinema.be\/fr\/christian-bale-dans-frankenstein\/","name":"Christian Bale dans Frankenstein\u00a0! - We Love Cinema","isPartOf":{"@id":"https:\/\/welovecinema.be\/nl\/#website"},"datePublished":"2024-02-21T06:48:23+00:00","dateModified":"2024-02-21T06:48:23+00:00","breadcrumb":{"@id":"https:\/\/welovecinema.be\/fr\/christian-bale-dans-frankenstein\/#breadcrumb"},"inLanguage":"fr-FR","potentialAction":[{"@type":"ReadAction","target":["https:\/\/welovecinema.be\/fr\/christian-bale-dans-frankenstein\/"]}]},{"@type":"BreadcrumbList","@id":"https:\/\/welovecinema.be\/fr\/christian-bale-dans-frankenstein\/#breadcrumb","itemListElement":[{"@type":"ListItem","position":1,"name":"Accueil","item":"https:\/\/welovecinema.be\/fr\/"},{"@type":"ListItem","position":2,"name":"Christian Bale dans Frankenstein\u00a0!"}]},{"@type":"WebSite","@id":"https:\/\/welovecinema.be\/nl\/#website","url":"https:\/\/welovecinema.be\/nl\/","name":"We Love Cinema","description":"Toute l\u2019information du cin\u00e9ma en Belgique","publisher":{"@id":"https:\/\/welovecinema.be\/nl\/#organization"},"potentialAction":[{"@type":"SearchAction","target":{"@type":"EntryPoint","urlTemplate":"https:\/\/welovecinema.be\/nl\/?s={search_term_string}"},"query-input":"required name=search_term_string"}],"inLanguage":"fr-FR"},{"@type":"Organization","@id":"https:\/\/welovecinema.be\/nl\/#organization","name":"We Love Cinema","url":"https:\/\/welovecinema.be\/nl\/","logo":{"@type":"ImageObject","inLanguage":"fr-FR","@id":"https:\/\/welovecinema.be\/nl\/#\/schema\/logo\/image\/","url":"https:\/\/welovecinema.be\/wp-content\/uploads\/sites\/2\/2023\/03\/Logo-We-Love-Cinema305x128.jpg","contentUrl":"https:\/\/welovecinema.be\/wp-content\/uploads\/sites\/2\/2023\/03\/Logo-We-Love-Cinema305x128.jpg","width":305,"height":128,"caption":"We Love Cinema"},"image":{"@id":"https:\/\/welovecinema.be\/nl\/#\/schema\/logo\/image\/"},"sameAs":["https:\/\/www.facebook.com\/welovecinema.be","https:\/\/www.youtube.com\/channel\/UCX5LYGVhnKvYauW4Nta4HJA","https:\/\/www.instagram.com\/welovecinema.be\/"]},{"@type":"Person","@id":"https:\/\/welovecinema.be\/nl\/#\/schema\/person\/7620619142b6dd3c9aa19e9210ad5bd5","name":"fred","url":"https:\/\/welovecinema.be\/fr\/author\/fred\/"}]}},"_links":{"self":[{"href":"https:\/\/welovecinema.be\/fr\/wp-json\/wp\/v2\/posts\/257633","targetHints":{"allow":["GET"]}}],"collection":[{"href":"https:\/\/welovecinema.be\/fr\/wp-json\/wp\/v2\/posts"}],"about":[{"href":"https:\/\/welovecinema.be\/fr\/wp-json\/wp\/v2\/types\/post"}],"author":[{"embeddable":true,"href":"https:\/\/welovecinema.be\/fr\/wp-json\/wp\/v2\/users\/358"}],"replies":[{"embeddable":true,"href":"https:\/\/welovecinema.be\/fr\/wp-json\/wp\/v2\/comments?post=257633"}],"version-history":[{"count":1,"href":"https:\/\/welovecinema.be\/fr\/wp-json\/wp\/v2\/posts\/257633\/revisions"}],"predecessor-version":[{"id":257634,"href":"https:\/\/welovecinema.be\/fr\/wp-json\/wp\/v2\/posts\/257633\/revisions\/257634"}],"wp:featuredmedia":[{"embeddable":true,"href":"https:\/\/welovecinema.be\/fr\/wp-json\/wp\/v2\/media\/257586"}],"wp:attachment":[{"href":"https:\/\/welovecinema.be\/fr\/wp-json\/wp\/v2\/media?parent=257633"}],"wp:term":[{"taxonomy":"category","embeddable":true,"href":"https:\/\/welovecinema.be\/fr\/wp-json\/wp\/v2\/categories?post=257633"},{"taxonomy":"post_tag","embeddable":true,"href":"https:\/\/welovecinema.be\/fr\/wp-json\/wp\/v2\/tags?post=257633"}],"curies":[{"name":"wp","href":"https:\/\/api.w.org\/{rel}","templated":true}]}}